{"id":18296,"date":"2015-12-11T22:45:37","date_gmt":"2015-12-12T01:45:37","guid":{"rendered":"http:\/\/blogdafeira.com.br\/home\/?p=18296"},"modified":"2016-06-21T19:12:18","modified_gmt":"2016-06-21T22:12:18","slug":"namoradeira-do-casarao-de-eduardo-froes-da-mota-em-feira","status":"publish","type":"post","link":"https:\/\/blogdafeira.com.br\/home\/2015\/12\/11\/namoradeira-do-casarao-de-eduardo-froes-da-mota-em-feira\/","title":{"rendered":"&#8216;Namoradeira&#8217; do casar\u00e3o de Eduardo Fr\u00f3es da Mota em Feira"},"content":{"rendered":"<div id=\"attachment_18297\" style=\"width: 510px\" class=\"wp-caption aligncenter\"><img loading=\"lazy\" decoding=\"async\" aria-describedby=\"caption-attachment-18297\" class=\"wp-image-18297 size-full\" src=\"http:\/\/blogdafeira.com.br\/home\/wp-content\/uploads\/2015\/12\/casar\u00e3o-fores-da-mota-2.jpg\" alt=\"casar\u00e3o fores da mota 2\" width=\"500\" height=\"375\" srcset=\"https:\/\/blogdafeira.com.br\/home\/wp-content\/uploads\/2015\/12\/casar\u00e3o-fores-da-mota-2.jpg 500w, https:\/\/blogdafeira.com.br\/home\/wp-content\/uploads\/2015\/12\/casar\u00e3o-fores-da-mota-2-170x128.jpg 170w, https:\/\/blogdafeira.com.br\/home\/wp-content\/uploads\/2015\/12\/casar\u00e3o-fores-da-mota-2-346x260.jpg 346w\" sizes=\"auto, (max-width: 500px) 100vw, 500px\" \/><p id=\"caption-attachment-18297\" class=\"wp-caption-text\">Varanda principal da entrada do Casar\u00e3o Fr\u00f3es da Mota que hoje \u00e9 gerido pela Funda\u00e7\u00e3o Senhor dos Passos.<\/p><\/div>\n<div id=\"blogd-1282164468\" class=\"blogd-fim-do-post-mobile blogd-entity-placement\" style=\"margin-left: auto;margin-right: auto;text-align: center;\"><a href=\"https:\/\/www.sefaz.feiradesantana.ba.gov.br\/\" target=\"_blank\" aria-label=\"728&#215;90 (6)\"><img loading=\"lazy\" decoding=\"async\" src=\"https:\/\/blogdafeira.com.br\/home\/wp-content\/uploads\/2026\/03\/728x90-6.gif\" alt=\"\"  class=\"no-lazyload\" width=\"728\" height=\"90\"  style=\"display: inline-block;\" \/><\/a><\/div><p>&#8220;Namoradeira&#8221; \u00e9 o nome de um m\u00f3vel usado no in\u00edcio do s\u00e9culo passado. Conheci um exemplar dessa pe\u00e7a de madeira na luxuosa resid\u00eancia de Eduardo Froes da Mota, na d\u00e9cada de 80, em Feira de Sant&#8217;Anna.<\/p><div id=\"blogd-883486977\" class=\"blogd-conteudo-2-mobile blogd-entity-placement\"><a href=\"https:\/\/feirenses.com.br\/\" target=\"_blank\" aria-label=\"feirenses\"><img loading=\"lazy\" decoding=\"async\" src=\"https:\/\/blogdafeira.com.br\/home\/wp-content\/uploads\/2026\/04\/feirenses.png\" alt=\"\"  srcset=\"https:\/\/blogdafeira.com.br\/home\/wp-content\/uploads\/2026\/04\/feirenses.png 300w, https:\/\/blogdafeira.com.br\/home\/wp-content\/uploads\/2026\/04\/feirenses-170x45.png 170w, https:\/\/blogdafeira.com.br\/home\/wp-content\/uploads\/2026\/04\/feirenses-280x74.png 280w\" sizes=\"(max-width: 300px) 100vw, 300px\" class=\"no-lazyload\" width=\"300\" height=\"79\"  style=\"display: inline-block;\" \/><\/a><\/div>\n<div id=\"attachment_18301\" style=\"width: 180px\" class=\"wp-caption alignleft\"><img loading=\"lazy\" decoding=\"async\" aria-describedby=\"caption-attachment-18301\" class=\"wp-image-18301 size-thumbnail\" src=\"http:\/\/blogdafeira.com.br\/home\/wp-content\/uploads\/2015\/12\/Z\u00c9-COI\u00d3-170x107.jpg\" alt=\"Z\u00c9 COI\u00d3\" width=\"170\" height=\"107\" srcset=\"https:\/\/blogdafeira.com.br\/home\/wp-content\/uploads\/2015\/12\/Z\u00c9-COI\u00d3-170x107.jpg 170w, https:\/\/blogdafeira.com.br\/home\/wp-content\/uploads\/2015\/12\/Z\u00c9-COI\u00d3-346x218.jpg 346w, https:\/\/blogdafeira.com.br\/home\/wp-content\/uploads\/2015\/12\/Z\u00c9-COI\u00d3.jpg 368w\" sizes=\"auto, (max-width: 170px) 100vw, 170px\" \/><p id=\"caption-attachment-18301\" class=\"wp-caption-text\">Jornalista Z\u00e9 Coi\u00f3<\/p><\/div>\n<p>Naquele dia dos anos 80 eu acompanhava os jornalistas Z\u00e9 Coi\u00f3 e\u00a0<a class=\"profileLink\" href=\"https:\/\/www.facebook.com\/profile.php?id=100003465421266\" data-hovercard=\"\/ajax\/hovercard\/user.php?id=100003465421266\"><strong>Reginaldo Pereira<\/strong> (que n\u00e3o era ainda Tracaj\u00e1..)<\/a>, para uma longa entrevista com o veterano\u00a0l\u00edder pol\u00edtico e empresarial da Feira de Sant&#8217;Anna.\u00a0Ele nos recebeu no topo da escadaria principal e nos levou, c\u00f4modo por c\u00f4modo, do enorme casar\u00e3o onde \u00e0quela \u00e9poca vivia com poucas pessoas mas ainda senhorial.<\/p>\n<div id=\"attachment_18298\" style=\"width: 114px\" class=\"wp-caption alignright\"><img loading=\"lazy\" decoding=\"async\" aria-describedby=\"caption-attachment-18298\" class=\"wp-image-18298 size-thumbnail\" src=\"http:\/\/blogdafeira.com.br\/home\/wp-content\/uploads\/2015\/12\/zzzzzzzzzzzzzzzzzzzz-traca-104x150.jpg\" alt=\"zzzzzzzzzzzzzzzzzzzz traca\" width=\"104\" height=\"150\" srcset=\"https:\/\/blogdafeira.com.br\/home\/wp-content\/uploads\/2015\/12\/zzzzzzzzzzzzzzzzzzzz-traca-104x150.jpg 104w, https:\/\/blogdafeira.com.br\/home\/wp-content\/uploads\/2015\/12\/zzzzzzzzzzzzzzzzzzzz-traca-208x300.jpg 208w, https:\/\/blogdafeira.com.br\/home\/wp-content\/uploads\/2015\/12\/zzzzzzzzzzzzzzzzzzzz-traca.jpg 400w\" sizes=\"auto, (max-width: 104px) 100vw, 104px\" \/><p id=\"caption-attachment-18298\" class=\"wp-caption-text\">Reginaldo Tracaj\u00e1<\/p><\/div>\n<p>As fotos e o texto com a parte da conversa gravada foram publicados no suplemento dominical do jornal Feira Hoje que deu origem ao que \u00e9 hoje o seman\u00e1rio impresso Feira Noite&amp;Dia, de Z\u00e9 Coi\u00f3.<\/p>\n<p>O pr\u00f3prio Eduardo sentou-se na namoradeira, nos explicando a fun\u00e7\u00e3o pr\u00e1tica do m\u00f3vel colocado exatamente no meio da sala principal (ou na sala de m\u00fasica?). Nos sentamos com ele, pois \u00e9 um m\u00f3vel destinado a duas pessoas.<\/p>\n<div id=\"blogd-2901708687\" class=\"blogd-final-post blogd-entity-placement\"><a href=\"https:\/\/www.feiradesantana.ba.leg.br\/\" target=\"_blank\" aria-label=\"BANNER-SITE-ENTREGADECHEQUE-CAMARADEFEIRA\"><img loading=\"lazy\" decoding=\"async\" src=\"https:\/\/blogdafeira.com.br\/home\/wp-content\/uploads\/2026\/03\/BANNER-SITE-ENTREGADECHEQUE-CAMARADEFEIRA.gif\" alt=\"\"  class=\"no-lazyload\" width=\"728\" height=\"90\"   \/><\/a><\/div><p>Deve haver fotos daquele dia no arquivo implac\u00e1vel de <a class=\"profileLink\" href=\"https:\/\/www.facebook.com\/profile.php?id=100003465421266\" data-hovercard=\"\/ajax\/hovercard\/user.php?id=100003465421266\">Tracaj\u00e1<\/a>&#8230;..ou n\u00e3o?.<\/p>\n","protected":false},"excerpt":{"rendered":"<p>&#8220;Namoradeira&#8221; \u00e9 o nome de um m\u00f3vel usado no in\u00edcio do s\u00e9culo passado. Conheci um exemplar dessa pe\u00e7a de madeira na luxuosa resid\u00eancia de Eduardo Froes da Mota, na d\u00e9cada de 80, em Feira de Sant&#8217;Anna. Naquele dia dos anos 80 eu acompanhava os jornalistas Z\u00e9 Coi\u00f3 e\u00a0Reginaldo Pereira (que n\u00e3o era ainda Tracaj\u00e1..), para<\/p>\n","protected":false},"author":1,"featured_media":0,"comment_status":"closed","ping_status":"closed","sticky":false,"template":"","format":"standard","meta":{"jetpack_post_was_ever_published":false,"cybocfi_hide_featured_image":"","_jetpack_newsletter_access":"","_jetpack_dont_email_post_to_subs":false,"_jetpack_newsletter_tier_id":0,"_jetpack_memberships_contains_paywalled_content":false,"_jetpack_memberships_contains_paid_content":false,"footnotes":"","jetpack_publicize_message":"","jetpack_publicize_feature_enabled":true,"jetpack_social_post_already_shared":true,"jetpack_social_options":{"image_generator_settings":{"template":"highway","default_image_id":0,"font":"","enabled":false},"version":2}},"categories":[1],"tags":[],"class_list":["post-18296","post","type-post","status-publish","format-standard","hentry","category-raiz"],"jetpack_publicize_connections":[],"jetpack_featured_media_url":"","jetpack_shortlink":"https:\/\/wp.me\/p3niVf-4L6","jetpack_sharing_enabled":true,"jetpack-related-posts":[{"id":66538,"url":"https:\/\/blogdafeira.com.br\/home\/2025\/04\/04\/nova-escola-eduardo-froes-da-mota-na-serraria-brasil-tera-dois-pavimentos\/","url_meta":{"origin":18296,"position":0},"title":"Nova Escola Eduardo Fr\u00f3es da Mota, na Serraria Brasil, ter\u00e1 dois pavimentos","author":"Blog da Feira","date":"04\/04\/2025","format":false,"excerpt":"A Escola Eduardo Fr\u00f3es da Mota foi fundada em 1950, quando a Serraria Brasil ainda fazia parte da zona rural de Feira de Santana. Eduardo era filho do Coronel Agostinho e como o pai foi l\u00edder pol\u00edtico e influente comerciante em Feira de Santana at\u00e9 o final do s\u00e9culo passado.\u2026","rel":"","context":"Em &quot;Cidade&quot;","block_context":{"text":"Cidade","link":"https:\/\/blogdafeira.com.br\/home\/categoria\/cidade\/"},"img":{"alt_text":"","src":"https:\/\/i0.wp.com\/blogdafeira.com.br\/home\/wp-content\/uploads\/2025\/04\/Screenshot_20250404-110249-1.png?resize=350%2C200&ssl=1","width":350,"height":200,"srcset":"https:\/\/i0.wp.com\/blogdafeira.com.br\/home\/wp-content\/uploads\/2025\/04\/Screenshot_20250404-110249-1.png?resize=350%2C200&ssl=1 1x, https:\/\/i0.wp.com\/blogdafeira.com.br\/home\/wp-content\/uploads\/2025\/04\/Screenshot_20250404-110249-1.png?resize=525%2C300&ssl=1 1.5x, https:\/\/i0.wp.com\/blogdafeira.com.br\/home\/wp-content\/uploads\/2025\/04\/Screenshot_20250404-110249-1.png?resize=700%2C400&ssl=1 2x"},"classes":[]},{"id":69466,"url":"https:\/\/blogdafeira.com.br\/home\/2025\/09\/09\/breve-em-exibicao-documentario-sobre-o-casarao-froes-da-motta\/","url_meta":{"origin":18296,"position":1},"title":"Breve, em exibi\u00e7\u00e3o: document\u00e1rio sobre o Casar\u00e3o Fr\u00f3es da Motta","author":"Blog da Feira","date":"09\/09\/2025","format":false,"excerpt":"J\u00e1 foram conclu\u00eddas as fases de filmagens e entrevistas do document\u00e1rio \u201cO Casar\u00e3o Fr\u00f3es da Mota\u201d, realizado pela Linear Filmes. A pesquisa e o roteiro s\u00e3o do jornalista Edson Felloni Borges e a dire\u00e7\u00e3o geral \u00e9 de Reinaldo Bacelar, propriet\u00e1rio da produtora. O filme retrata a hist\u00f3ria do casar\u00e3o, que\u2026","rel":"","context":"Em &quot;Cultura&quot;","block_context":{"text":"Cultura","link":"https:\/\/blogdafeira.com.br\/home\/categoria\/cultura\/"},"img":{"alt_text":"","src":"https:\/\/i0.wp.com\/blogdafeira.com.br\/home\/wp-content\/uploads\/2025\/09\/IMG-20250909-WA00132.jpg?resize=350%2C200&ssl=1","width":350,"height":200,"srcset":"https:\/\/i0.wp.com\/blogdafeira.com.br\/home\/wp-content\/uploads\/2025\/09\/IMG-20250909-WA00132.jpg?resize=350%2C200&ssl=1 1x, https:\/\/i0.wp.com\/blogdafeira.com.br\/home\/wp-content\/uploads\/2025\/09\/IMG-20250909-WA00132.jpg?resize=525%2C300&ssl=1 1.5x, https:\/\/i0.wp.com\/blogdafeira.com.br\/home\/wp-content\/uploads\/2025\/09\/IMG-20250909-WA00132.jpg?resize=700%2C400&ssl=1 2x, https:\/\/i0.wp.com\/blogdafeira.com.br\/home\/wp-content\/uploads\/2025\/09\/IMG-20250909-WA00132.jpg?resize=1050%2C600&ssl=1 3x, https:\/\/i0.wp.com\/blogdafeira.com.br\/home\/wp-content\/uploads\/2025\/09\/IMG-20250909-WA00132.jpg?resize=1400%2C800&ssl=1 4x"},"classes":[]},{"id":68396,"url":"https:\/\/blogdafeira.com.br\/home\/2025\/07\/16\/desenho-de-estudante-da-escola-eduardo-froes-da-motta-escolhido-para-ser-o-edu-de-feira\/","url_meta":{"origin":18296,"position":2},"title":"Desenho de estudante da Escola Eduardo Fr\u00f3es da Motta escolhido para ser o EDU de Feira","author":"Blog da Feira","date":"16\/07\/2025","format":false,"excerpt":"A estudante Maria Cec\u00edlia, 13 anos, da Escola Municipal Eduardo Fr\u00f3es da Mota, venceu o concurso de desenho para cria\u00e7\u00e3o do EDU, o mascote da Educa\u00e7\u00e3o 2025 da rede municipal de ensino de Feira de Santana. A cria\u00e7\u00e3o dela foi escolhida por um corpo de jurados na tarde da quarta-feira\u2026","rel":"","context":"Em &quot;Cidade&quot;","block_context":{"text":"Cidade","link":"https:\/\/blogdafeira.com.br\/home\/categoria\/cidade\/"},"img":{"alt_text":"","src":"https:\/\/i0.wp.com\/blogdafeira.com.br\/home\/wp-content\/uploads\/2025\/07\/Screenshot_20250716-201555.png?resize=350%2C200&ssl=1","width":350,"height":200,"srcset":"https:\/\/i0.wp.com\/blogdafeira.com.br\/home\/wp-content\/uploads\/2025\/07\/Screenshot_20250716-201555.png?resize=350%2C200&ssl=1 1x, https:\/\/i0.wp.com\/blogdafeira.com.br\/home\/wp-content\/uploads\/2025\/07\/Screenshot_20250716-201555.png?resize=525%2C300&ssl=1 1.5x, https:\/\/i0.wp.com\/blogdafeira.com.br\/home\/wp-content\/uploads\/2025\/07\/Screenshot_20250716-201555.png?resize=700%2C400&ssl=1 2x"},"classes":[]},{"id":61780,"url":"https:\/\/blogdafeira.com.br\/home\/2024\/03\/25\/faz-cultura-aprova-projeto-audio-visual-sobre-100-anos-do-casarao-froes-da-mota\/","url_meta":{"origin":18296,"position":3},"title":"Faz Cultura aprova projeto \u00e1udio visual sobre 100 anos do Casar\u00e3o Fr\u00f3es da Mota","author":"Blog da Feira","date":"25\/03\/2024","format":false,"excerpt":"O Programa Estadual de Incentivo ao Patroc\u00ednio Cultural (Faz Cultura ) aprovou um projeto \u00e1udio visual que vai marcar os 100 anos do Casar\u00e3o Fr\u00f3es da Mota, em Feira de Santana. A decis\u00e3o, ocorrida em dezembro do ano passado, foi publicada na \u00faltima edi\u00e7\u00e3o (23\/3) do Di\u00e1rio Oficial da Bahia.\u2026","rel":"","context":"Em &quot;Cultura&quot;","block_context":{"text":"Cultura","link":"https:\/\/blogdafeira.com.br\/home\/categoria\/cultura\/"},"img":{"alt_text":"","src":"https:\/\/i0.wp.com\/blogdafeira.com.br\/home\/wp-content\/uploads\/2024\/03\/FB_IMG_1711355743106.jpg?resize=350%2C200&ssl=1","width":350,"height":200,"srcset":"https:\/\/i0.wp.com\/blogdafeira.com.br\/home\/wp-content\/uploads\/2024\/03\/FB_IMG_1711355743106.jpg?resize=350%2C200&ssl=1 1x, https:\/\/i0.wp.com\/blogdafeira.com.br\/home\/wp-content\/uploads\/2024\/03\/FB_IMG_1711355743106.jpg?resize=525%2C300&ssl=1 1.5x"},"classes":[]},{"id":4900,"url":"https:\/\/blogdafeira.com.br\/home\/2013\/09\/09\/casarao-froes-da-mota-pode-ser-sede-da-caixa-cultural-em-feira\/","url_meta":{"origin":18296,"position":4},"title":"Casar\u00e3o Fr\u00f3es da Mota pode ser sede da Caixa Cultural em Feira","author":"Blog da Feira","date":"09\/09\/2013","format":false,"excerpt":"A Caixa Econ\u00f4mica Federal e a Funda\u00e7\u00e3o Senhor dos Passos iniciaram negocia\u00e7\u00f5es com vistas a destinar o Casar\u00e3o Fr\u00f3es da Motta, administrado pela Funda\u00e7\u00e3o, para funcionar como mais uma sede da Caixa Cultural na Bahia. O 'Casar\u00e3o Fr\u00f3es da Mota' foi restaurado pela Funda\u00e7\u00e3o Senhor dos Passos que encontra dificuldades\u2026","rel":"","context":"Em &quot;Home&quot;","block_context":{"text":"Home","link":"https:\/\/blogdafeira.com.br\/home\/categoria\/raiz\/"},"img":{"alt_text":"DSC06518","src":"https:\/\/i0.wp.com\/blogdafeira.com.br\/home\/wp-content\/uploads\/2013\/09\/DSC06518.jpg?resize=350%2C200","width":350,"height":200,"srcset":"https:\/\/i0.wp.com\/blogdafeira.com.br\/home\/wp-content\/uploads\/2013\/09\/DSC06518.jpg?resize=350%2C200 1x, https:\/\/i0.wp.com\/blogdafeira.com.br\/home\/wp-content\/uploads\/2013\/09\/DSC06518.jpg?resize=525%2C300 1.5x"},"classes":[]},{"id":63600,"url":"https:\/\/blogdafeira.com.br\/home\/2024\/09\/03\/sexta-no-casarao-froes-da-mota-tem-vivaldo-lima-e-as-maquetes-da-feira-antiga\/","url_meta":{"origin":18296,"position":5},"title":"Sexta no Casar\u00e3o Fr\u00f3es da Mota tem Vivaldo Lima e as maquetes da Feira antiga","author":"Blog da Feira","date":"03\/09\/2024","format":false,"excerpt":"Artista pl\u00e1stico que fez trabalhos de restaura\u00e7\u00e3o no Paco Municipal e no Casar\u00e3o Fr\u00f3es da Mota, Vivaldo Lima exp\u00f5e, nesta sexta-feira, 6, no Casar\u00e3o, as maquetes de im\u00f3veis e lugares da Feita de Antigamente, resultado de trabalhos com alunos seus do curso de Arquitetura da UNEF.\u00a0 A abertura acontece \u00e0s\u2026","rel":"","context":"Em &quot;Cultura&quot;","block_context":{"text":"Cultura","link":"https:\/\/blogdafeira.com.br\/home\/categoria\/cultura\/"},"img":{"alt_text":"","src":"https:\/\/i0.wp.com\/blogdafeira.com.br\/home\/wp-content\/uploads\/2024\/09\/images-472.jpeg?resize=350%2C200&ssl=1","width":350,"height":200,"srcset":"https:\/\/i0.wp.com\/blogdafeira.com.br\/home\/wp-content\/uploads\/2024\/09\/images-472.jpeg?resize=350%2C200&ssl=1 1x, https:\/\/i0.wp.com\/blogdafeira.com.br\/home\/wp-content\/uploads\/2024\/09\/images-472.jpeg?resize=525%2C300&ssl=1 1.5x, https:\/\/i0.wp.com\/blogdafeira.com.br\/home\/wp-content\/uploads\/2024\/09\/images-472.jpeg?resize=700%2C400&ssl=1 2x"},"classes":[]}],"_links":{"self":[{"href":"https:\/\/blogdafeira.com.br\/home\/wp-json\/wp\/v2\/posts\/18296","targetHints":{"allow":["GET"]}}],"collection":[{"href":"https:\/\/blogdafeira.com.br\/home\/wp-json\/wp\/v2\/posts"}],"about":[{"href":"https:\/\/blogdafeira.com.br\/home\/wp-json\/wp\/v2\/types\/post"}],"author":[{"embeddable":true,"href":"https:\/\/blogdafeira.com.br\/home\/wp-json\/wp\/v2\/users\/1"}],"replies":[{"embeddable":true,"href":"https:\/\/blogdafeira.com.br\/home\/wp-json\/wp\/v2\/comments?post=18296"}],"version-history":[{"count":4,"href":"https:\/\/blogdafeira.com.br\/home\/wp-json\/wp\/v2\/posts\/18296\/revisions"}],"predecessor-version":[{"id":22133,"href":"https:\/\/blogdafeira.com.br\/home\/wp-json\/wp\/v2\/posts\/18296\/revisions\/22133"}],"wp:attachment":[{"href":"https:\/\/blogdafeira.com.br\/home\/wp-json\/wp\/v2\/media?parent=18296"}],"wp:term":[{"taxonomy":"category","embeddable":true,"href":"https:\/\/blogdafeira.com.br\/home\/wp-json\/wp\/v2\/categories?post=18296"},{"taxonomy":"post_tag","embeddable":true,"href":"https:\/\/blogdafeira.com.br\/home\/wp-json\/wp\/v2\/tags?post=18296"}],"curies":[{"name":"wp","href":"https:\/\/api.w.org\/{rel}","templated":true}]}}