{"id":18407,"date":"2015-12-16T19:07:23","date_gmt":"2015-12-16T22:07:23","guid":{"rendered":"http:\/\/blogdafeira.com.br\/home\/?p=18407"},"modified":"2015-12-16T19:07:23","modified_gmt":"2015-12-16T22:07:23","slug":"justica-da-bahia-muda-a-cor-do-selo-de-autenticacao-de-documentos","status":"publish","type":"post","link":"https:\/\/blogdafeira.com.br\/home\/2015\/12\/16\/justica-da-bahia-muda-a-cor-do-selo-de-autenticacao-de-documentos\/","title":{"rendered":"Justi\u00e7a da Bahia muda a cor do selo de autentica\u00e7\u00e3o de documentos"},"content":{"rendered":"<div id=\"blogd-949731290\" class=\"blogd-fim-do-post-mobile blogd-entity-placement\" style=\"margin-left: auto;margin-right: auto;text-align: center;\"><a href=\"https:\/\/www.sefaz.feiradesantana.ba.gov.br\/\" target=\"_blank\" aria-label=\"728&#215;90 (6)\"><img loading=\"lazy\" decoding=\"async\" src=\"https:\/\/blogdafeira.com.br\/home\/wp-content\/uploads\/2026\/03\/728x90-6.gif\" alt=\"\"  class=\"no-lazyload\" width=\"728\" height=\"90\"  style=\"display: inline-block;\" \/><\/a><\/div><p>A partir do dia 4 de janeiro, um novo selo, de cor predominantemente azul, dever\u00e1 ser usado nas autentica\u00e7\u00f5es de fotoc\u00f3pias de documentos nos cart\u00f3rios do Estado da Bahia.<\/p><div id=\"blogd-4169423526\" class=\"blogd-conteudo-2-mobile blogd-entity-placement\"><a href=\"https:\/\/feirenses.com.br\/\" target=\"_blank\" aria-label=\"feirenses\"><img loading=\"lazy\" decoding=\"async\" src=\"https:\/\/blogdafeira.com.br\/home\/wp-content\/uploads\/2026\/04\/feirenses.png\" alt=\"\"  srcset=\"https:\/\/blogdafeira.com.br\/home\/wp-content\/uploads\/2026\/04\/feirenses.png 300w, https:\/\/blogdafeira.com.br\/home\/wp-content\/uploads\/2026\/04\/feirenses-170x45.png 170w, https:\/\/blogdafeira.com.br\/home\/wp-content\/uploads\/2026\/04\/feirenses-280x74.png 280w\" sizes=\"(max-width: 300px) 100vw, 300px\" class=\"no-lazyload\" width=\"300\" height=\"79\"  style=\"display: inline-block;\" \/><\/a><\/div>\n<p>A mudan\u00e7a, prevista no Decreto Judici\u00e1rio n\u00ba 1.102\/2015,abrange\u00a0os jurisdicionados que utilizam os 650 cart\u00f3rios tabelionatos e Registro Civil com Fun\u00e7\u00f5es Notariais do estado.<\/p>\n<p>Atualmente, \u00e9 utilizado um selo na cor vermelha para todos os atos.O selo de cor vermelha ser\u00e1 destinado aos atos de reconhecimento de firma ou sinal p\u00fablico e confec\u00e7\u00e3o e guarda do primeiro cart\u00e3o de assinatura.<\/p>\n<p>Excepcionalmente, o selo vermelho poder\u00e1 ser utilizado nos atos notariais e registrais, praticados por cart\u00f3rios que comprovadamente ainda n\u00e3o disponham de infraestrutura de inform\u00e1tica e\/ou acesso \u00e0 internet, em substitui\u00e7\u00e3o ao selo de autenticidade digital.<\/p>\n<div id=\"blogd-224568733\" class=\"blogd-final-post blogd-entity-placement\"><a href=\"https:\/\/www.feiradesantana.ba.leg.br\/\" target=\"_blank\" aria-label=\"BANNER-SITE-ENTREGADECHEQUE-CAMARADEFEIRA\"><img loading=\"lazy\" decoding=\"async\" src=\"https:\/\/blogdafeira.com.br\/home\/wp-content\/uploads\/2026\/03\/BANNER-SITE-ENTREGADECHEQUE-CAMARADEFEIRA.gif\" alt=\"\"  class=\"no-lazyload\" width=\"728\" height=\"90\"   \/><\/a><\/div><p>D\u00favidas ou esclarecimentos: Coordena\u00e7\u00e3o de Arrecada\u00e7\u00e3o ou Diretoria de Finan\u00e7as do TJBA pelos telefones (71) 3372-1613 \/ 1323 \/ 1890 \/ 1889 \/ 1888 ou pelo email\u00a0<a href=\"mailto:pedidoselo@tjba.jus.br\">pedidoselo@tjba.jus.br<\/a>.<\/p>\n","protected":false},"excerpt":{"rendered":"<p>A partir do dia 4 de janeiro, um novo selo, de cor predominantemente azul, dever\u00e1 ser usado nas autentica\u00e7\u00f5es de fotoc\u00f3pias de documentos nos cart\u00f3rios do Estado da Bahia. A mudan\u00e7a, prevista no Decreto Judici\u00e1rio n\u00ba 1.102\/2015,abrange\u00a0os jurisdicionados que utilizam os 650 cart\u00f3rios tabelionatos e Registro Civil com Fun\u00e7\u00f5es Notariais do estado. Atualmente, \u00e9 utilizado<\/p>\n","protected":false},"author":1,"featured_media":0,"comment_status":"closed","ping_status":"closed","sticky":false,"template":"","format":"standard","meta":{"jetpack_post_was_ever_published":false,"cybocfi_hide_featured_image":"","_jetpack_newsletter_access":"","_jetpack_dont_email_post_to_subs":false,"_jetpack_newsletter_tier_id":0,"_jetpack_memberships_contains_paywalled_content":false,"_jetpack_memberships_contains_paid_content":false,"footnotes":"","jetpack_publicize_message":"","jetpack_publicize_feature_enabled":true,"jetpack_social_post_already_shared":true,"jetpack_social_options":{"image_generator_settings":{"template":"highway","default_image_id":0,"font":"","enabled":false},"version":2}},"categories":[1],"tags":[],"class_list":["post-18407","post","type-post","status-publish","format-standard","hentry","category-raiz"],"jetpack_publicize_connections":[],"jetpack_featured_media_url":"","jetpack_shortlink":"https:\/\/wp.me\/p3niVf-4MT","jetpack_sharing_enabled":true,"jetpack-related-posts":[{"id":51812,"url":"https:\/\/blogdafeira.com.br\/home\/2022\/04\/14\/pix-dos-cartorios-mp-institui-sistema-eletronico-de-registros-publicos\/","url_meta":{"origin":18407,"position":0},"title":"&#8220;Pix dos Cart\u00f3rios&#8221;: MP institui Sistema Eletr\u00f4nico de Registros P\u00fablicos","author":"Blog da Feira","date":"14\/04\/2022","format":false,"excerpt":"O Sistema Eletr\u00f4nico de Registros P\u00fablicos (Serp), institu\u00eddo pela Medida Provis\u00f3ria 1.085\/2021, vai permitir que diversos processos sejam realizados de forma totalmente on-line, como registro de im\u00f3veis e entrada em casamento. Por sua efic\u00e1cia e agilidade, o Serp \u00e9 considerado o \"Pix dos cart\u00f3rios\". O Congresso Nacional tem at\u00e9 1\u00b0\u2026","rel":"","context":"Em &quot;Geral&quot;","block_context":{"text":"Geral","link":"https:\/\/blogdafeira.com.br\/home\/categoria\/geral\/"},"img":{"alt_text":"","src":"https:\/\/i0.wp.com\/blogdafeira.com.br\/home\/wp-content\/uploads\/2022\/04\/Cartorios.jpg?resize=350%2C200&ssl=1","width":350,"height":200,"srcset":"https:\/\/i0.wp.com\/blogdafeira.com.br\/home\/wp-content\/uploads\/2022\/04\/Cartorios.jpg?resize=350%2C200&ssl=1 1x, https:\/\/i0.wp.com\/blogdafeira.com.br\/home\/wp-content\/uploads\/2022\/04\/Cartorios.jpg?resize=525%2C300&ssl=1 1.5x, https:\/\/i0.wp.com\/blogdafeira.com.br\/home\/wp-content\/uploads\/2022\/04\/Cartorios.jpg?resize=700%2C400&ssl=1 2x"},"classes":[]},{"id":49818,"url":"https:\/\/blogdafeira.com.br\/home\/2022\/01\/04\/nova-colecao-de-selos-dos-correios-ressalta-importancia-dos-insetos-beneficos\/","url_meta":{"origin":18407,"position":1},"title":"Nova cole\u00e7\u00e3o de selos dos Correios ressalta import\u00e2ncia dos &#8220;Insetos Ben\u00e9ficos&#8221;","author":"Blog da Feira","date":"04\/01\/2022","format":false,"excerpt":"Com o t\u00edtulo\u00a0\"Insetos\u00a0ben\u00e9ficos\", j\u00e1 est\u00e1 dispon\u00edvel a cole\u00e7\u00e3o de\u00a0selos\u00a0que \u00e9 resultado\u00a0da parceria entre a Embrapa Meio-Norte e os Correios e Tel\u00e9grafos. Os\u00a0selos, que come\u00e7aram a circular no mercado este m\u00eas, ter\u00e3o lan\u00e7amento oficial para o p\u00fablico infanto-juvenil e ambientalistas em fevereiro. O t\u00edtulo \u00a0na parte direita da pe\u00e7a, e, no\u2026","rel":"","context":"Em &quot;Distritos&quot;","block_context":{"text":"Distritos","link":"https:\/\/blogdafeira.com.br\/home\/categoria\/distritos\/"},"img":{"alt_text":"","src":"https:\/\/i0.wp.com\/blogdafeira.com.br\/home\/wp-content\/uploads\/2022\/01\/unnamed-3.jpg?resize=350%2C200&ssl=1","width":350,"height":200,"srcset":"https:\/\/i0.wp.com\/blogdafeira.com.br\/home\/wp-content\/uploads\/2022\/01\/unnamed-3.jpg?resize=350%2C200&ssl=1 1x, https:\/\/i0.wp.com\/blogdafeira.com.br\/home\/wp-content\/uploads\/2022\/01\/unnamed-3.jpg?resize=525%2C300&ssl=1 1.5x"},"classes":[]},{"id":5474,"url":"https:\/\/blogdafeira.com.br\/home\/2013\/10\/08\/camara-aprova-lei-e-cartorios-voltarao-a-pagar-impostos-em-feira\/","url_meta":{"origin":18407,"position":2},"title":"C\u00e2mara aprova lei e Cart\u00f3rios voltar\u00e3o a pagar impostos em Feira","author":"Blog da Feira","date":"08\/10\/2013","format":false,"excerpt":"A C\u00e2mara de Vereadores de Feira aprovou hoje pela manh\u00e3 uma Lei Complementar enviada pelo Executivo que vai permitir a Prefeitura Municipal a voltar a cobrar imposto dos cart\u00f3rios de Feira de Santana. Com a Lei Complementar aprovada na C\u00e2mara os cart\u00f3rios v\u00e3o pagar 2,5% sobre o pre\u00e7o bruto do\u2026","rel":"","context":"Em &quot;Home&quot;","block_context":{"text":"Home","link":"https:\/\/blogdafeira.com.br\/home\/categoria\/raiz\/"},"img":{"alt_text":"","src":"","width":0,"height":0},"classes":[]},{"id":45276,"url":"https:\/\/blogdafeira.com.br\/home\/2021\/05\/04\/selo-comemorativo-dos-correios-e-uma-referencia-a-tecnologia-5g\/","url_meta":{"origin":18407,"position":3},"title":"Selo comemorativo dos Correios \u00e9 uma refer\u00eancia \u00e0 tecnologia 5G","author":"Blog da Feira","date":"04\/05\/2021","format":false,"excerpt":"O Minist\u00e9rio das Comunica\u00e7\u00f5es (MCOM) e os Correios lan\u00e7aram,\u00a0 segunda-feira (3), um selo personalizado e um carimbo comemorativo alusivos \u00e0 Semana Nacional das Comunica\u00e7\u00f5es. O evento ocorreu no edif\u00edcio-sede dos Correios, em Bras\u00edlia\/DF, teve as presen\u00e7as do Ministro das Comunica\u00e7\u00f5es, F\u00e1bio Faria, do presidente dos Correios, Floriano Peixoto, entre outros\u2026","rel":"","context":"Em &quot;Geral&quot;","block_context":{"text":"Geral","link":"https:\/\/blogdafeira.com.br\/home\/categoria\/geral\/"},"img":{"alt_text":"","src":"https:\/\/i0.wp.com\/blogdafeira.com.br\/home\/wp-content\/uploads\/2021\/05\/unnamed-3.jpg?resize=350%2C200&ssl=1","width":350,"height":200},"classes":[]},{"id":72111,"url":"https:\/\/blogdafeira.com.br\/home\/2026\/04\/23\/mais-de-450-mil-eleitores-na-bahia-com-titulos-cancelados-tem-ate-maio-para-regularizar\/","url_meta":{"origin":18407,"position":4},"title":"Mais de 450 mil eleitores na Bahia com t\u00edtulos cancelados t\u00eam at\u00e9 maio para regularizar","author":"Blog da Feira","date":"23\/04\/2026","format":false,"excerpt":"453.414 eleitoras e eleitores est\u00e3o com o t\u00edtulo cancelado na Bahia, segundo dados do Portal de BI do Tribunal Regional Eleitoral (TRE-BA). A regulariza\u00e7\u00e3o do documento pode ser feita de forma presencial, comparecendo a qualquer cart\u00f3rio eleitoral ou unidade de atendimento da Justi\u00e7a Eleitoral no estado baiano at\u00e9 6 de\u2026","rel":"","context":"Em &quot;Destaques&quot;","block_context":{"text":"Destaques","link":"https:\/\/blogdafeira.com.br\/home\/categoria\/destaques\/"},"img":{"alt_text":"","src":"https:\/\/i0.wp.com\/blogdafeira.com.br\/home\/wp-content\/uploads\/2026\/04\/37e37a08-f261-407d-9b46-42c47d5c447a.jpeg?resize=350%2C200&ssl=1","width":350,"height":200,"srcset":"https:\/\/i0.wp.com\/blogdafeira.com.br\/home\/wp-content\/uploads\/2026\/04\/37e37a08-f261-407d-9b46-42c47d5c447a.jpeg?resize=350%2C200&ssl=1 1x, https:\/\/i0.wp.com\/blogdafeira.com.br\/home\/wp-content\/uploads\/2026\/04\/37e37a08-f261-407d-9b46-42c47d5c447a.jpeg?resize=525%2C300&ssl=1 1.5x"},"classes":[]},{"id":19120,"url":"https:\/\/blogdafeira.com.br\/home\/2016\/01\/12\/curso-de-direito-da-uefs-recebe-selo-de-qualidade-da-oab-em-brasilia\/","url_meta":{"origin":18407,"position":5},"title":"Curso de Direito da UEFS recebe selo de qualidade da OAB em Bras\u00edlia","author":"Blog da Feira","date":"12\/01\/2016","format":false,"excerpt":"A Universidade Estadual de Feira de Santana \u00e9 uma das 139 Institui\u00e7\u00f5es de Ensino Superior (IES) do pa\u00eds contempladas com o Selo de Qualidade OAB Recomenda, em refer\u00eancia \u00e0 excel\u00eancia do curso de Bacharelado em Direito. A Institui\u00e7\u00e3o\u00a0recebe o pr\u00eamio pela segunda vez, consecutiva, em\u00a0solenidade \u00a0na sede do Conselho Federal\u2026","rel":"","context":"Em &quot;Home&quot;","block_context":{"text":"Home","link":"https:\/\/blogdafeira.com.br\/home\/categoria\/raiz\/"},"img":{"alt_text":"","src":"","width":0,"height":0},"classes":[]}],"_links":{"self":[{"href":"https:\/\/blogdafeira.com.br\/home\/wp-json\/wp\/v2\/posts\/18407","targetHints":{"allow":["GET"]}}],"collection":[{"href":"https:\/\/blogdafeira.com.br\/home\/wp-json\/wp\/v2\/posts"}],"about":[{"href":"https:\/\/blogdafeira.com.br\/home\/wp-json\/wp\/v2\/types\/post"}],"author":[{"embeddable":true,"href":"https:\/\/blogdafeira.com.br\/home\/wp-json\/wp\/v2\/users\/1"}],"replies":[{"embeddable":true,"href":"https:\/\/blogdafeira.com.br\/home\/wp-json\/wp\/v2\/comments?post=18407"}],"version-history":[{"count":1,"href":"https:\/\/blogdafeira.com.br\/home\/wp-json\/wp\/v2\/posts\/18407\/revisions"}],"predecessor-version":[{"id":18408,"href":"https:\/\/blogdafeira.com.br\/home\/wp-json\/wp\/v2\/posts\/18407\/revisions\/18408"}],"wp:attachment":[{"href":"https:\/\/blogdafeira.com.br\/home\/wp-json\/wp\/v2\/media?parent=18407"}],"wp:term":[{"taxonomy":"category","embeddable":true,"href":"https:\/\/blogdafeira.com.br\/home\/wp-json\/wp\/v2\/categories?post=18407"},{"taxonomy":"post_tag","embeddable":true,"href":"https:\/\/blogdafeira.com.br\/home\/wp-json\/wp\/v2\/tags?post=18407"}],"curies":[{"name":"wp","href":"https:\/\/api.w.org\/{rel}","templated":true}]}}