{"id":1846,"date":"2013-05-22T20:41:41","date_gmt":"2013-05-22T23:41:41","guid":{"rendered":"http:\/\/blogdafeira.com.br\/home\/?p=1846"},"modified":"2013-05-22T20:41:41","modified_gmt":"2013-05-22T23:41:41","slug":"somos-ainda-as-irmas-de-shakespeare","status":"publish","type":"post","link":"https:\/\/blogdafeira.com.br\/home\/2013\/05\/22\/somos-ainda-as-irmas-de-shakespeare\/","title":{"rendered":"Somos ainda as irm\u00e3s de Shakespeare"},"content":{"rendered":"<div id=\"blogd-1612851167\" class=\"blogd-fim-do-post-mobile blogd-entity-placement\" style=\"margin-left: auto;margin-right: auto;text-align: center;\"><a href=\"https:\/\/expofeira.ba.gov.br\/\" target=_blank><picture>\r\n  <source media=\"(min-width: 768px)\" srcset=\"https:\/\/blogdafeira.com.br\/home\/wp-content\/uploads\/2026\/08\/980x1503.gif\">\r\n  \r\n  <img decoding=\"async\" src=\"https:\/\/blogdafeira.com.br\/home\/wp-content\/uploads\/2026\/08\/350x2005.gif\" alt=\"Publicidade\" style=\"width: 100%; max-width: 100%; height: auto; display: block; margin: 0 auto;\">\r\n\t<\/picture><\/a><\/div><p>Eu, mulher branca, h\u00e9tero, classe m\u00e9dia.<\/p>\n<p>A negra sofre mais que eu. A pobre sofre mais que eu. A oriental sofre mais que eu.<\/p>\n<p>Mas todas n\u00f3s sofremos do mesmo mal:\u00a0<a title=\"Gender Gap\" href=\"http:\/\/en.wikipedia.org\/wiki\/Global_Gender_Gap_Report\" target=\"_blank\">nenhum pa\u00eds do mundo trata suas mulheres t\u00e3o bem quanto seus homens<\/a>. Nenhum. Nem a Su\u00e9cia, nem a Holanda, nem a Isl\u00e2ndia!<\/p>\n<p>Em todo o mundo \u201ccivilizado\u201d sofremos viol\u00eancia, temos menos acesso \u00e0 educa\u00e7\u00e3o, ao trabalho ou \u00e0 pol\u00edtica.<\/p>\n<p>Em todo o mundo, somos ainda as irm\u00e3s de Shakespeare<\/p>\n<p><a href=\"http:\/\/papodehomem.com.br\/como-se-sente-uma-mulher\/\" target=\"_blank\"><strong>Claudia Regina<\/strong><\/a><\/p>\n<div id=\"blogd-3140069820\" class=\"blogd-final-post blogd-entity-placement\"><a href=\"https:\/\/www.feiradesantana.ba.leg.br\/\" target=\"_blank\" aria-label=\"BANNER-SITE_CA\u0302MARA_AGOSTO_728x90px\"><img loading=\"lazy\" decoding=\"async\" src=\"https:\/\/blogdafeira.com.br\/home\/wp-content\/uploads\/2026\/03\/BANNER-SITE_CAMARA_AGOSTO_728x90px.gif\" alt=\"\"  class=\"no-lazyload\" width=\"728\" height=\"90\"   \/><\/a><\/div><p>Leia o texto completo:acesse o site <strong><a href=\"http:\/\/papodehomem.com.br\/como-se-sente-uma-mulher\/\" target=\"_blank\">Papo de Homem<\/a>.<\/strong><\/p>\n","protected":false},"excerpt":{"rendered":"<p>Eu, mulher branca, h\u00e9tero, classe m\u00e9dia. A negra sofre mais que eu. A pobre sofre mais que eu. A oriental sofre mais que eu. Mas todas n\u00f3s sofremos do mesmo mal:\u00a0nenhum pa\u00eds do mundo trata suas mulheres t\u00e3o bem quanto seus homens. Nenhum. Nem a Su\u00e9cia, nem a Holanda, nem a Isl\u00e2ndia! Em todo o<\/p>\n","protected":false},"author":1,"featured_media":0,"comment_status":"closed","ping_status":"closed","sticky":false,"template":"","format":"standard","meta":{"cybocfi_hide_featured_image":"","_jetpack_newsletter_access":"","_jetpack_dont_email_post_to_subs":false,"_jetpack_newsletter_tier_id":0,"_jetpack_memberships_contains_paywalled_content":false,"_jetpack_memberships_contains_paid_content":false,"footnotes":"","jetpack_publicize_message":"","jetpack_publicize_feature_enabled":true,"jetpack_social_post_already_shared":true,"jetpack_social_options":{"image_generator_settings":{"template":"highway","default_image_id":0,"font":"","enabled":false},"version":2},"jetpack_post_was_ever_published":false},"categories":[1],"tags":[],"class_list":["post-1846","post","type-post","status-publish","format-standard","hentry","category-raiz"],"jetpack_publicize_connections":[],"jetpack_featured_media_url":"","jetpack_shortlink":"https:\/\/wp.me\/p3niVf-tM","jetpack_sharing_enabled":true,"jetpack-related-posts":[{"id":29165,"url":"https:\/\/blogdafeira.com.br\/home\/2018\/03\/06\/frente-nenhum-direito-a-menos-vai-fazer-manifestacao-na-praca-do-nordestino-em-feira-no-dia-8\/","url_meta":{"origin":1846,"position":0},"title":"Frente Nenhum Direito a Menos vai fazer manifesta\u00e7\u00e3o na Pra\u00e7a do Nordestino em Feira dia 8","author":"Blog da Feira","date":"06\/03\/2018","format":false,"excerpt":"A \"Frente Nenhum Direito a Menos\" estar\u00e1 nas ruas de Feira de Santana nesta quinta-feira (08 de Mar\u00e7o), Dia Internacional da Mulher,\u00a0 \u00a0\"exigindo o fim do feminic\u00eddio, da viol\u00eancia contra a mulher, a legaliza\u00e7\u00e3o e descriminaliza\u00e7\u00e3o do aborto (N\u00e3o \u00e0 PEC 181!), dir\u00e1 n\u00e3o \u00e0 Reforma da Previd\u00eancia #ForaTemer\" \"A\u2026","rel":"","context":"Em &quot;Home&quot;","block_context":{"text":"Home","link":"https:\/\/blogdafeira.com.br\/home\/categoria\/raiz\/"},"img":{"alt_text":"","src":"https:\/\/i0.wp.com\/blogdafeira.com.br\/home\/wp-content\/uploads\/2018\/03\/IMG-20180306-WA0026-1024x1024.jpg?resize=350%2C200","width":350,"height":200,"srcset":"https:\/\/i0.wp.com\/blogdafeira.com.br\/home\/wp-content\/uploads\/2018\/03\/IMG-20180306-WA0026-1024x1024.jpg?resize=350%2C200 1x, https:\/\/i0.wp.com\/blogdafeira.com.br\/home\/wp-content\/uploads\/2018\/03\/IMG-20180306-WA0026-1024x1024.jpg?resize=525%2C300 1.5x, https:\/\/i0.wp.com\/blogdafeira.com.br\/home\/wp-content\/uploads\/2018\/03\/IMG-20180306-WA0026-1024x1024.jpg?resize=700%2C400 2x"},"classes":[]},{"id":33171,"url":"https:\/\/blogdafeira.com.br\/home\/2019\/10\/08\/a-miseria-da-vaquejada-e-os-abeculas-por-jolivaldo-freitas\/","url_meta":{"origin":1846,"position":1},"title":"&#8220;A mis\u00e9ria da vaquejada e os ab\u00e9culas&#8221;, por Jolivaldo Freitas","author":"Jolivaldo Freitas","date":"08\/10\/2019","format":false,"excerpt":"Foi sancionada, sem que ningu\u00e9m atentasse para o sofrimento que causa e vai causar para as v\u00edtimas preferenciais daqueles que ainda insistem em se manter na linha da Idade M\u00e9dia, em termos intelectuais e de civilidade \u2013 digamos sem nenhuma civilidade ou intelig\u00eancia \u2013, a lei que unge a vaquejada\u2026","rel":"","context":"Em &quot;Colunistas&quot;","block_context":{"text":"Colunistas","link":"https:\/\/blogdafeira.com.br\/home\/categoria\/colunistas\/"},"img":{"alt_text":"","src":"https:\/\/i0.wp.com\/blogdafeira.com.br\/home\/wp-content\/uploads\/2019\/06\/Foto-Jolivaldo-coluna-222x300.jpg?resize=350%2C200","width":350,"height":200},"classes":[]},{"id":42858,"url":"https:\/\/blogdafeira.com.br\/home\/2020\/12\/31\/nos-mulheres-saimos-fortalecidas-desse-ano\/","url_meta":{"origin":1846,"position":2},"title":"N\u00f3s mulheres sa\u00edmos fortalecidas desse ano","author":"Kareen Mendes","date":"31\/12\/2020","format":false,"excerpt":"Hoje quero falar com todas as pessoas, mas quero atingir diretamente o cora\u00e7\u00e3o das mulheres. Veja bem, por mais que pare\u00e7a o contr\u00e1rio, n\u00f3s mulheres sa\u00edmos fortalecidas desse ano. Enquanto a outra metade sofreu com o famigerado \"home office\", n\u00f3s apenas adaptamos metade do nosso trabalho. As viol\u00eancias (que sempre\u2026","rel":"","context":"Em &quot;Colunistas&quot;","block_context":{"text":"Colunistas","link":"https:\/\/blogdafeira.com.br\/home\/categoria\/colunistas\/"},"img":{"alt_text":"","src":"https:\/\/i0.wp.com\/blogdafeira.com.br\/home\/wp-content\/uploads\/2020\/12\/Cachoeira_do_Ferro_Doido.jpg?resize=350%2C200&ssl=1","width":350,"height":200,"srcset":"https:\/\/i0.wp.com\/blogdafeira.com.br\/home\/wp-content\/uploads\/2020\/12\/Cachoeira_do_Ferro_Doido.jpg?resize=350%2C200&ssl=1 1x, https:\/\/i0.wp.com\/blogdafeira.com.br\/home\/wp-content\/uploads\/2020\/12\/Cachoeira_do_Ferro_Doido.jpg?resize=525%2C300&ssl=1 1.5x, https:\/\/i0.wp.com\/blogdafeira.com.br\/home\/wp-content\/uploads\/2020\/12\/Cachoeira_do_Ferro_Doido.jpg?resize=700%2C400&ssl=1 2x"},"classes":[]},{"id":13958,"url":"https:\/\/blogdafeira.com.br\/home\/2014\/12\/11\/bairro-do-viveiros-resiste-a-via-bahia-e-sofre-pressao-policial-em-feira\/","url_meta":{"origin":1846,"position":3},"title":"Bairro do Viveiros &#8216;resiste&#8217; \u00e0 Via Bahia e sofre press\u00e3o policial em Feira","author":"Blog da Feira","date":"11\/12\/2014","format":false,"excerpt":"As chuvas de hoje \u00e0 tarde impediram uma nova manifesta\u00e7\u00e3o organizada pelos moradores do bairro do Viveiros, em Feira de Santana, que resistem a todo custo \u00e0 duplica\u00e7\u00e3o do Anel do Contorno feita pela Via Bahia e que modificou h\u00e1bitos e caminhos de acesso ao bairro que fica al\u00e9m do\u2026","rel":"","context":"Em &quot;Home&quot;","block_context":{"text":"Home","link":"https:\/\/blogdafeira.com.br\/home\/categoria\/raiz\/"},"img":{"alt_text":"FOGO GOFOGOGOGO","src":"https:\/\/i0.wp.com\/blogdafeira.com.br\/home\/wp-content\/uploads\/2014\/12\/FOGO-GOFOGOGOGO.jpg?resize=350%2C200","width":350,"height":200,"srcset":"https:\/\/i0.wp.com\/blogdafeira.com.br\/home\/wp-content\/uploads\/2014\/12\/FOGO-GOFOGOGOGO.jpg?resize=350%2C200 1x, https:\/\/i0.wp.com\/blogdafeira.com.br\/home\/wp-content\/uploads\/2014\/12\/FOGO-GOFOGOGOGO.jpg?resize=525%2C300 1.5x"},"classes":[]},{"id":73185,"url":"https:\/\/blogdafeira.com.br\/home\/2026\/07\/09\/mulheres-com-deficiencia-sofrem-mais-exclusao\/","url_meta":{"origin":1846,"position":4},"title":"Mulheres com defici\u00eancia sofrem mais exclus\u00e3o","author":"Andr\u00e9 Pomponet","date":"09\/07\/2026","format":false,"excerpt":"Em texto anterior tratou-se, neste espa\u00e7o, da situa\u00e7\u00e3o da mulher no mercado de trabalho na Feira de Santana. As informa\u00e7\u00f5es apresentadas foram do Censo 2022 do Instituto Brasileiro de Geografia e Estat\u00edstica, o IBGE. Retoma-se o tema, abordando novas informa\u00e7\u00f5es do rico acervo levantado pela institui\u00e7\u00e3o, que est\u00e1 acess\u00edvel \u00e0\u2026","rel":"","context":"Em &quot;Colunistas&quot;","block_context":{"text":"Colunistas","link":"https:\/\/blogdafeira.com.br\/home\/categoria\/colunistas\/"},"img":{"alt_text":"","src":"https:\/\/i0.wp.com\/blogdafeira.com.br\/home\/wp-content\/uploads\/2026\/07\/images-80-9.jpeg?resize=350%2C200&ssl=1","width":350,"height":200},"classes":[]},{"id":57973,"url":"https:\/\/blogdafeira.com.br\/home\/2023\/06\/06\/feira-repudia-agressao-sofrida-pela-estilista-flavia-sacramento\/","url_meta":{"origin":1846,"position":5},"title":"Feira repudia agress\u00e3o sofrida pela estilista Fl\u00e1via Sacramento","author":"Blog da Feira","date":"06\/06\/2023","format":false,"excerpt":"A agress\u00e3o sofrida pela estilista Fl\u00e1via Sacramento desencadeou uma rede de solidariedade\u00a0 \u00e0 v\u00edtima e consequente\u00a0 apoio aos direitos humanos e da mulher. Entre as emiss\u00f5es de solidariedade est\u00e1 a OAB Subse\u00e7\u00e3o de\u00a0 Feira de Santana, que emitiu uma nota de rep\u00fadio por interm\u00e9dio das Comiss\u00f5es de Direitos Humanos, da\u2026","rel":"","context":"Em &quot;Home&quot;","block_context":{"text":"Home","link":"https:\/\/blogdafeira.com.br\/home\/categoria\/raiz\/"},"img":{"alt_text":"","src":"https:\/\/i0.wp.com\/blogdafeira.com.br\/home\/wp-content\/uploads\/2023\/06\/Screenshot_20230606-131430.png?resize=350%2C200&ssl=1","width":350,"height":200,"srcset":"https:\/\/i0.wp.com\/blogdafeira.com.br\/home\/wp-content\/uploads\/2023\/06\/Screenshot_20230606-131430.png?resize=350%2C200&ssl=1 1x, https:\/\/i0.wp.com\/blogdafeira.com.br\/home\/wp-content\/uploads\/2023\/06\/Screenshot_20230606-131430.png?resize=525%2C300&ssl=1 1.5x, https:\/\/i0.wp.com\/blogdafeira.com.br\/home\/wp-content\/uploads\/2023\/06\/Screenshot_20230606-131430.png?resize=700%2C400&ssl=1 2x"},"classes":[]}],"_links":{"self":[{"href":"https:\/\/blogdafeira.com.br\/home\/wp-json\/wp\/v2\/posts\/1846","targetHints":{"allow":["GET"]}}],"collection":[{"href":"https:\/\/blogdafeira.com.br\/home\/wp-json\/wp\/v2\/posts"}],"about":[{"href":"https:\/\/blogdafeira.com.br\/home\/wp-json\/wp\/v2\/types\/post"}],"author":[{"embeddable":true,"href":"https:\/\/blogdafeira.com.br\/home\/wp-json\/wp\/v2\/users\/1"}],"replies":[{"embeddable":true,"href":"https:\/\/blogdafeira.com.br\/home\/wp-json\/wp\/v2\/comments?post=1846"}],"version-history":[{"count":2,"href":"https:\/\/blogdafeira.com.br\/home\/wp-json\/wp\/v2\/posts\/1846\/revisions"}],"predecessor-version":[{"id":1848,"href":"https:\/\/blogdafeira.com.br\/home\/wp-json\/wp\/v2\/posts\/1846\/revisions\/1848"}],"wp:attachment":[{"href":"https:\/\/blogdafeira.com.br\/home\/wp-json\/wp\/v2\/media?parent=1846"}],"wp:term":[{"taxonomy":"category","embeddable":true,"href":"https:\/\/blogdafeira.com.br\/home\/wp-json\/wp\/v2\/categories?post=1846"},{"taxonomy":"post_tag","embeddable":true,"href":"https:\/\/blogdafeira.com.br\/home\/wp-json\/wp\/v2\/tags?post=1846"}],"curies":[{"name":"wp","href":"https:\/\/api.w.org\/{rel}","templated":true}]}}