{"id":1971,"date":"2013-05-27T12:25:33","date_gmt":"2013-05-27T15:25:33","guid":{"rendered":"http:\/\/blogdafeira.com.br\/home\/?p=1971"},"modified":"2013-05-27T16:29:49","modified_gmt":"2013-05-27T19:29:49","slug":"galpao-abandonado-foi-escondido-durante-inauguracao-da-car","status":"publish","type":"post","link":"https:\/\/blogdafeira.com.br\/home\/2013\/05\/27\/galpao-abandonado-foi-escondido-durante-inauguracao-da-car\/","title":{"rendered":"Galp\u00e3o abandonado foi &#8216;escondido&#8217; durante inaugura\u00e7\u00e3o da CAR"},"content":{"rendered":"<div id=\"blogd-4037420724\" class=\"blogd-fim-do-post-mobile blogd-entity-placement\" style=\"margin-left: auto;margin-right: auto;text-align: center;\"><a href=\"https:\/\/expofeira.ba.gov.br\/\" target=_blank><picture>\r\n  <source media=\"(min-width: 768px)\" srcset=\"https:\/\/blogdafeira.com.br\/home\/wp-content\/uploads\/2026\/08\/980x1503.gif\">\r\n  \r\n  <img decoding=\"async\" src=\"https:\/\/blogdafeira.com.br\/home\/wp-content\/uploads\/2026\/08\/350x2005.gif\" alt=\"Publicidade\" style=\"width: 100%; max-width: 100%; height: auto; display: block; margin: 0 auto;\">\r\n\t<\/picture><\/a><\/div><p><img loading=\"lazy\" decoding=\"async\" class=\"aligncenter size-full wp-image-1973\" alt=\"CAR1\" src=\"http:\/\/blogdafeira.com.br\/home\/wp-content\/uploads\/2013\/05\/CAR1.jpg\" width=\"640\" height=\"480\" srcset=\"https:\/\/blogdafeira.com.br\/home\/wp-content\/uploads\/2013\/05\/CAR1.jpg 640w, https:\/\/blogdafeira.com.br\/home\/wp-content\/uploads\/2013\/05\/CAR1-170x127.jpg 170w, https:\/\/blogdafeira.com.br\/home\/wp-content\/uploads\/2013\/05\/CAR1-346x259.jpg 346w\" sizes=\"auto, (max-width: 640px) 100vw, 640px\" \/>Um galp\u00e3o abandonado h\u00e1 muitos anos pela EBDA (Empresa Baiana de Desenvolvimento Agr\u00edcola), na rua senador Quintino, em Feira de Santana, foi &#8216;escondido&#8217; por um painel \u00a0durante a inaugura\u00e7\u00e3o do escrit\u00f3rio da CAR (Companhia de Desenvolvimento e A\u00e7\u00e3o Regional) em Feira de Santana.<\/p>\n<p>A coloca\u00e7\u00e3o estrat\u00e9gica do painel impediu que as pessoas vissem o estado de abandono do galp\u00e3o, ocioso h\u00e1 muitos anos. N\u00e3o tiveram nem o cuidado de &#8216;capinar o mato&#8217; em volta do pr\u00e9dio, a solu\u00e7\u00e3o foi esconder.<img loading=\"lazy\" decoding=\"async\" class=\"alignright size-medium wp-image-1972\" alt=\"CAR\" src=\"http:\/\/blogdafeira.com.br\/home\/wp-content\/uploads\/2013\/05\/CAR-346x259.jpg\" width=\"346\" height=\"259\" srcset=\"https:\/\/blogdafeira.com.br\/home\/wp-content\/uploads\/2013\/05\/CAR-346x259.jpg 346w, https:\/\/blogdafeira.com.br\/home\/wp-content\/uploads\/2013\/05\/CAR-170x127.jpg 170w, https:\/\/blogdafeira.com.br\/home\/wp-content\/uploads\/2013\/05\/CAR.jpg 640w\" sizes=\"auto, (max-width: 346px) 100vw, 346px\" \/><\/p>\n<p>Diversas sugest\u00f5es p\u00fablicas j\u00e1 foram feitas para uso do im\u00f3vel do governo do estado. Uma delas \u00e9 de que ele seja cedido \u00e0 Conab (\u00f3rg\u00e3o federal) para a instala\u00e7\u00e3o de um armaz\u00e9m de sementes e gr\u00e3os.<\/p>\n<p>Leia tamb\u00e9m:<\/p>\n<div id=\"blogd-707281530\" class=\"blogd-final-post blogd-entity-placement\"><a href=\"https:\/\/www.feiradesantana.ba.leg.br\/\" target=\"_blank\" aria-label=\"BANNER-SITE_CA\u0302MARA_AGOSTO_728x90px\"><img loading=\"lazy\" decoding=\"async\" src=\"https:\/\/blogdafeira.com.br\/home\/wp-content\/uploads\/2026\/03\/BANNER-SITE_CAMARA_AGOSTO_728x90px.gif\" alt=\"\"  class=\"no-lazyload\" width=\"728\" height=\"90\"   \/><\/a><\/div><h1><a title=\"Permalink to Wagner entrega m\u00e1quinas no Derba mas suspende visita \u00e0 CAR\" href=\"http:\/\/blogdafeira.com.br\/home\/?p=1969\" rel=\"bookmark\">Wagner entrega m\u00e1quinas no Derba mas suspende visita \u00e0 CAR<\/a><\/h1>\n","protected":false},"excerpt":{"rendered":"<p>Um galp\u00e3o abandonado h\u00e1 muitos anos pela EBDA (Empresa Baiana de Desenvolvimento Agr\u00edcola), na rua senador Quintino, em Feira de Santana, foi &#8216;escondido&#8217; por um painel \u00a0durante a inaugura\u00e7\u00e3o do escrit\u00f3rio da CAR (Companhia de Desenvolvimento e A\u00e7\u00e3o Regional) em Feira de Santana. A coloca\u00e7\u00e3o estrat\u00e9gica do painel impediu que as pessoas vissem o estado<\/p>\n","protected":false},"author":1,"featured_media":0,"comment_status":"closed","ping_status":"closed","sticky":false,"template":"","format":"standard","meta":{"cybocfi_hide_featured_image":"","_jetpack_newsletter_access":"","_jetpack_dont_email_post_to_subs":false,"_jetpack_newsletter_tier_id":0,"_jetpack_memberships_contains_paywalled_content":false,"_jetpack_memberships_contains_paid_content":false,"footnotes":"","jetpack_publicize_message":"","jetpack_publicize_feature_enabled":true,"jetpack_social_post_already_shared":true,"jetpack_social_options":{"image_generator_settings":{"template":"highway","default_image_id":0,"font":"","enabled":false},"version":2},"jetpack_post_was_ever_published":false},"categories":[3],"tags":[18,211,49,10,8,16],"class_list":["post-1971","post","type-post","status-publish","format-standard","hentry","category-cidade","tag-bahia","tag-desenvolvimento","tag-economia","tag-feira","tag-feira-de-santana","tag-sertao"],"jetpack_publicize_connections":[],"jetpack_featured_media_url":"","jetpack_shortlink":"https:\/\/wp.me\/p3niVf-vN","jetpack_sharing_enabled":true,"jetpack-related-posts":[{"id":1969,"url":"https:\/\/blogdafeira.com.br\/home\/2013\/05\/27\/wagner-entrega-maquinas-no-derba-mas-suspende-visita-a-car\/","url_meta":{"origin":1971,"position":0},"title":"Wagner entrega m\u00e1quinas no Derba mas suspende visita \u00e0 CAR","author":"Blog da Feira","date":"27\/05\/2013","format":false,"excerpt":"O governador Jacques Wagner cumpriu pela metade a agenda programada para sua visita hoje a Feira de Santana. Wagner entregou m\u00e1quinas e equipamentos na sede do Derba, na avenida Transnordestina (BR-116 Norte) mas n\u00e3o foi \u00e0 inaugura\u00e7\u00e3o do novo escrit\u00f3rio da Companhia de Desenvolvimento e A\u00e7\u00e3o Regional, a CAR. A\u2026","rel":"","context":"Em &quot;Cidade&quot;","block_context":{"text":"Cidade","link":"https:\/\/blogdafeira.com.br\/home\/categoria\/cidade\/"},"img":{"alt_text":"","src":"","width":0,"height":0},"classes":[]},{"id":18085,"url":"https:\/\/blogdafeira.com.br\/home\/2015\/12\/03\/painel-de-azulejos-da-rodoviaria-de-feira-esta-abandonado-pela-sinart\/","url_meta":{"origin":1971,"position":1},"title":"Painel de azulejos da Rodovi\u00e1ria de Feira est\u00e1 abandonado pela Sinart","author":"Blog da Feira","date":"03\/12\/2015","format":false,"excerpt":"H\u00e1 seis meses, depois que o poeta Franklin Maxado deu o alarme nas redes sociais e \u00a0a rep\u00f3rter Juliana Vital publicou no jornal Tribuna Feirense uma reportagem mostrando o estado do painel de azulejos da Esta\u00e7\u00e3o Rodovi\u00e1ria de Feira de Santana, a empresa respons\u00e1vel pelo terminal, Sinart, divulgou uma nota\u2026","rel":"","context":"Em &quot;Home&quot;","block_context":{"text":"Home","link":"https:\/\/blogdafeira.com.br\/home\/categoria\/raiz\/"},"img":{"alt_text":"PAINEL LENIO BRAGA FEIRA","src":"https:\/\/i0.wp.com\/blogdafeira.com.br\/home\/wp-content\/uploads\/2015\/12\/PAINEL-LENIO-BRAGA-FEIRA.jpg?resize=350%2C200","width":350,"height":200,"srcset":"https:\/\/i0.wp.com\/blogdafeira.com.br\/home\/wp-content\/uploads\/2015\/12\/PAINEL-LENIO-BRAGA-FEIRA.jpg?resize=350%2C200 1x, https:\/\/i0.wp.com\/blogdafeira.com.br\/home\/wp-content\/uploads\/2015\/12\/PAINEL-LENIO-BRAGA-FEIRA.jpg?resize=525%2C300 1.5x, https:\/\/i0.wp.com\/blogdafeira.com.br\/home\/wp-content\/uploads\/2015\/12\/PAINEL-LENIO-BRAGA-FEIRA.jpg?resize=700%2C400 2x"},"classes":[]},{"id":25185,"url":"https:\/\/blogdafeira.com.br\/home\/2017\/01\/01\/galpao-da-carne-na-feirinha-da-estacao-em-feira-falta-apenas-inaugurar\/","url_meta":{"origin":1971,"position":2},"title":"Galp\u00e3o da carne na Feirinha da Esta\u00e7\u00e3o em Feira &#8216;falta apenas inaugurar&#8217;","author":"Blog da Feira","date":"01\/01\/2017","format":false,"excerpt":"Est\u00e1 praticamente pronto o 'Galp\u00e3o das Carnes' da Feirinha da Esta\u00e7\u00e3o Nova. O galp\u00e3o come\u00e7ou a ser feito em 2015, ap\u00f3s uma s\u00e9rie de reclama\u00e7\u00f5es dos feirantes e frequentadores do entreposto. A Feirinha da Esta\u00e7\u00e3o \u00e9 uma das mais importantes da cidade e acontece no domingo. No local a Prefeitura\u2026","rel":"","context":"Em &quot;Home&quot;","block_context":{"text":"Home","link":"https:\/\/blogdafeira.com.br\/home\/categoria\/raiz\/"},"img":{"alt_text":"img_20170101_103511116","src":"https:\/\/i0.wp.com\/blogdafeira.com.br\/home\/wp-content\/uploads\/2017\/01\/IMG_20170101_103511116-1024x576.jpg?resize=350%2C200","width":350,"height":200,"srcset":"https:\/\/i0.wp.com\/blogdafeira.com.br\/home\/wp-content\/uploads\/2017\/01\/IMG_20170101_103511116-1024x576.jpg?resize=350%2C200 1x, https:\/\/i0.wp.com\/blogdafeira.com.br\/home\/wp-content\/uploads\/2017\/01\/IMG_20170101_103511116-1024x576.jpg?resize=525%2C300 1.5x, https:\/\/i0.wp.com\/blogdafeira.com.br\/home\/wp-content\/uploads\/2017\/01\/IMG_20170101_103511116-1024x576.jpg?resize=700%2C400 2x"},"classes":[]},{"id":73854,"url":"https:\/\/blogdafeira.com.br\/home\/2026\/09\/03\/expofeira-tera-um-galpao-somente-com-gado-nelore-coloridonelores-coloridos-ficarao-num-galpao-especifico-na-expofeira\/","url_meta":{"origin":1971,"position":3},"title":"Expofeira ter\u00e1 um galp\u00e3o somente com gado nelore colorido","author":"Blog da Feira","date":"03\/09\/2026","format":false,"excerpt":"O galp\u00e3o onde ficar\u00e3o os nelores coloridos dever\u00e1 ser um dos mais visitados. Belos, os animais com este tipo de pelagem v\u00e3o participar da Exposi\u00e7\u00e3o Agropecu\u00e1ria de Feira de Santana pela primeira vez em maior n\u00famero. A beleza dos nelores tradicionais desperta a aten\u00e7\u00e3o dos visitantes h\u00e1 d\u00e9cadas, pelo tamanho.\u2026","rel":"","context":"Em &quot;Cidade&quot;","block_context":{"text":"Cidade","link":"https:\/\/blogdafeira.com.br\/home\/categoria\/cidade\/"},"img":{"alt_text":"","src":"https:\/\/i0.wp.com\/blogdafeira.com.br\/home\/wp-content\/uploads\/2026\/09\/02092026162433.jpg?resize=350%2C200&ssl=1","width":350,"height":200,"srcset":"https:\/\/i0.wp.com\/blogdafeira.com.br\/home\/wp-content\/uploads\/2026\/09\/02092026162433.jpg?resize=350%2C200&ssl=1 1x, https:\/\/i0.wp.com\/blogdafeira.com.br\/home\/wp-content\/uploads\/2026\/09\/02092026162433.jpg?resize=525%2C300&ssl=1 1.5x, https:\/\/i0.wp.com\/blogdafeira.com.br\/home\/wp-content\/uploads\/2026\/09\/02092026162433.jpg?resize=700%2C400&ssl=1 2x, https:\/\/i0.wp.com\/blogdafeira.com.br\/home\/wp-content\/uploads\/2026\/09\/02092026162433.jpg?resize=1050%2C600&ssl=1 3x"},"classes":[]},{"id":22592,"url":"https:\/\/blogdafeira.com.br\/home\/2016\/07\/19\/luto-de-bie-pela-morte-da-esposa-suspende-o-samba-no-galpao\/","url_meta":{"origin":1971,"position":4},"title":"Luto de BI\u00c9 pela morte da esposa suspende o Samba no Galp\u00e3o","author":"Blog da Feira","date":"19\/07\/2016","format":false,"excerpt":"Na qualidade de incentivador, \u00a0este blog tem o dever de informar aos leitores que o sanfoneiro Francisco de Sena, o BI\u00c9, est\u00e1 ainda em luto pela morte da esposa e em fun\u00e7\u00e3o disso n\u00e3o h\u00e1 previs\u00e3o para o retorno do 'Samba de BI\u00c9\" que acontece TODAS AS SEGUNDAS-FEIRAS no Centro\u2026","rel":"","context":"Em &quot;Home&quot;","block_context":{"text":"Home","link":"https:\/\/blogdafeira.com.br\/home\/categoria\/raiz\/"},"img":{"alt_text":"IMG_20160619_232941","src":"https:\/\/i0.wp.com\/blogdafeira.com.br\/home\/wp-content\/uploads\/2016\/06\/IMG_20160619_232941.jpg?resize=350%2C200","width":350,"height":200,"srcset":"https:\/\/i0.wp.com\/blogdafeira.com.br\/home\/wp-content\/uploads\/2016\/06\/IMG_20160619_232941.jpg?resize=350%2C200 1x, https:\/\/i0.wp.com\/blogdafeira.com.br\/home\/wp-content\/uploads\/2016\/06\/IMG_20160619_232941.jpg?resize=525%2C300 1.5x"},"classes":[]},{"id":27256,"url":"https:\/\/blogdafeira.com.br\/home\/2017\/06\/30\/galpao-de-carne-interditado-no-centro-de-abastecimento-foi-reaberto-ha-dois-anos\/","url_meta":{"origin":1971,"position":5},"title":"Galp\u00e3o de Carne interditado no Centro de Abastecimento foi reaberto h\u00e1 dois anos","author":"Blog da Feira","date":"30\/06\/2017","format":false,"excerpt":"As carnes expostas em balc\u00f5es frigor\u00edficos recebem refrigera\u00e7\u00e3o e atraem os olhares do consumidor. A comercializa\u00e7\u00e3o dos produtos de origem animal neste setor do Centro de Abastecimento agora est\u00e1 dentro das normas. Toda a estrutura, que passou por reforma, foi reentregue aos comerciantes e a\u00e7ougueiros na manh\u00e3 desta segunda-feira, 9,\u2026","rel":"","context":"Em &quot;Home&quot;","block_context":{"text":"Home","link":"https:\/\/blogdafeira.com.br\/home\/categoria\/raiz\/"},"img":{"alt_text":"img_20170628_1400125284","src":"https:\/\/i0.wp.com\/blogdafeira.com.br\/home\/wp-content\/uploads\/2017\/06\/IMG_20170628_1400125284-1024x576.jpg?resize=350%2C200","width":350,"height":200,"srcset":"https:\/\/i0.wp.com\/blogdafeira.com.br\/home\/wp-content\/uploads\/2017\/06\/IMG_20170628_1400125284-1024x576.jpg?resize=350%2C200 1x, https:\/\/i0.wp.com\/blogdafeira.com.br\/home\/wp-content\/uploads\/2017\/06\/IMG_20170628_1400125284-1024x576.jpg?resize=525%2C300 1.5x, https:\/\/i0.wp.com\/blogdafeira.com.br\/home\/wp-content\/uploads\/2017\/06\/IMG_20170628_1400125284-1024x576.jpg?resize=700%2C400 2x"},"classes":[]}],"_links":{"self":[{"href":"https:\/\/blogdafeira.com.br\/home\/wp-json\/wp\/v2\/posts\/1971","targetHints":{"allow":["GET"]}}],"collection":[{"href":"https:\/\/blogdafeira.com.br\/home\/wp-json\/wp\/v2\/posts"}],"about":[{"href":"https:\/\/blogdafeira.com.br\/home\/wp-json\/wp\/v2\/types\/post"}],"author":[{"embeddable":true,"href":"https:\/\/blogdafeira.com.br\/home\/wp-json\/wp\/v2\/users\/1"}],"replies":[{"embeddable":true,"href":"https:\/\/blogdafeira.com.br\/home\/wp-json\/wp\/v2\/comments?post=1971"}],"version-history":[{"count":4,"href":"https:\/\/blogdafeira.com.br\/home\/wp-json\/wp\/v2\/posts\/1971\/revisions"}],"predecessor-version":[{"id":1978,"href":"https:\/\/blogdafeira.com.br\/home\/wp-json\/wp\/v2\/posts\/1971\/revisions\/1978"}],"wp:attachment":[{"href":"https:\/\/blogdafeira.com.br\/home\/wp-json\/wp\/v2\/media?parent=1971"}],"wp:term":[{"taxonomy":"category","embeddable":true,"href":"https:\/\/blogdafeira.com.br\/home\/wp-json\/wp\/v2\/categories?post=1971"},{"taxonomy":"post_tag","embeddable":true,"href":"https:\/\/blogdafeira.com.br\/home\/wp-json\/wp\/v2\/tags?post=1971"}],"curies":[{"name":"wp","href":"https:\/\/api.w.org\/{rel}","templated":true}]}}