{"id":20136,"date":"2016-03-18T13:08:14","date_gmt":"2016-03-18T16:08:14","guid":{"rendered":"http:\/\/blogdafeira.com.br\/home\/?p=20136"},"modified":"2016-03-18T13:08:15","modified_gmt":"2016-03-18T16:08:15","slug":"ronaldo-coloca-um-agronomo-na-secretaria-de-agricultura-de-feira","status":"publish","type":"post","link":"https:\/\/blogdafeira.com.br\/home\/2016\/03\/18\/ronaldo-coloca-um-agronomo-na-secretaria-de-agricultura-de-feira\/","title":{"rendered":"Ronaldo coloca um agr\u00f4nomo na Secretaria de Agricultura de Feira"},"content":{"rendered":"<div id=\"blogd-1898722064\" class=\"blogd-fim-do-post-mobile blogd-entity-placement\" style=\"margin-left: auto;margin-right: auto;text-align: center;\"><a href=\"https:\/\/www.sefaz.feiradesantana.ba.gov.br\/\" target=\"_blank\" aria-label=\"728&#215;90 (6)\"><img loading=\"lazy\" decoding=\"async\" src=\"https:\/\/blogdafeira.com.br\/home\/wp-content\/uploads\/2026\/03\/728x90-6.gif\" alt=\"\"  class=\"no-lazyload\" width=\"728\" height=\"90\"  style=\"display: inline-block;\" \/><\/a><\/div><p><img loading=\"lazy\" decoding=\"async\" class=\"aligncenter size-full wp-image-20138\" src=\"http:\/\/blogdafeira.com.br\/home\/wp-content\/uploads\/2016\/03\/JOE.jpg\" alt=\"JOE\" width=\"640\" height=\"426\" srcset=\"https:\/\/blogdafeira.com.br\/home\/wp-content\/uploads\/2016\/03\/JOE.jpg 640w, https:\/\/blogdafeira.com.br\/home\/wp-content\/uploads\/2016\/03\/JOE-170x113.jpg 170w, https:\/\/blogdafeira.com.br\/home\/wp-content\/uploads\/2016\/03\/JOE-346x230.jpg 346w\" sizes=\"auto, (max-width: 640px) 100vw, 640px\" \/>Faltando nove meses para o final do governo, o \u00a0prefeito de Feira, Jos\u00e9 Ronaldo (DEM) nomeou o agr\u00f4nomo Joeldilson Machado,<strong><a href=\"http:\/\/www.bahianapolitica.com.br\/noticias\/45225\/wellington-andrade-deixa-a-agricultura-e-assume-joedilson-freitas.html\" target=\"_blank\"> &#8220;<em>um t\u00e9cnico\u00a0\u00a0apartid\u00e1rio, \u00a0voltado especialmente para o homem do campo&#8221;<\/em><\/a><\/strong>, como titular da Secretaria Municipal de Agricultura.<\/p><div id=\"blogd-2577714567\" class=\"blogd-conteudo-2-mobile blogd-entity-placement\"><a href=\"https:\/\/feirenses.com.br\/\" target=\"_blank\" aria-label=\"feirenses\"><img loading=\"lazy\" decoding=\"async\" src=\"https:\/\/blogdafeira.com.br\/home\/wp-content\/uploads\/2026\/04\/feirenses.png\" alt=\"\"  srcset=\"https:\/\/blogdafeira.com.br\/home\/wp-content\/uploads\/2026\/04\/feirenses.png 300w, https:\/\/blogdafeira.com.br\/home\/wp-content\/uploads\/2026\/04\/feirenses-170x45.png 170w, https:\/\/blogdafeira.com.br\/home\/wp-content\/uploads\/2026\/04\/feirenses-280x74.png 280w\" sizes=\"(max-width: 300px) 100vw, 300px\" class=\"no-lazyload\" width=\"300\" height=\"79\"  style=\"display: inline-block;\" \/><\/a><\/div>\n<p>Nos governos ronaldistas, ao longo desses 16 anos, \u00a0essa Secretaria j\u00e1 foi assumida por pelo menos dois agr\u00f4nomos &#8211; Ozeny Moraes e Mauro Borges.<\/p>\n<p>Joedilson ocupa o lugar deixado pelo\u00a0\u00a0vereador \u00a0Wellington Andrade (PSDB), que por um ano e tr\u00eas meses ficou \u00e0 frente da Secretaria.<\/p>\n<p>O novo Secret\u00e1rio, ao contr\u00e1rio dos que foram citados acima, \u00e9 servidor p\u00fablico municipal de carreira <em>com quase 30 anos de Prefeitura, tendo inclusive sido diretor na pasta em v\u00e1rias oportunidades,.<\/em><\/p>\n<div id=\"blogd-1657699697\" class=\"blogd-final-post blogd-entity-placement\"><a href=\"https:\/\/www.feiradesantana.ba.leg.br\/\" target=\"_blank\" aria-label=\"BANNER-SITE-ENTREGADECHEQUE-CAMARADEFEIRA\"><img loading=\"lazy\" decoding=\"async\" src=\"https:\/\/blogdafeira.com.br\/home\/wp-content\/uploads\/2026\/03\/BANNER-SITE-ENTREGADECHEQUE-CAMARADEFEIRA.gif\" alt=\"\"  class=\"no-lazyload\" width=\"728\" height=\"90\"   \/><\/a><\/div><p>Ainda segundo a fonte desta nota, o jornalista <strong><a href=\"https:\/\/www.facebook.com\/jair.onofre?fref=ts\" target=\"_blank\">Jair Onofre<\/a> <\/strong>no <a href=\"http:\/\/www.bahianapolitica.com.br\/noticias\/45225\/wellington-andrade-deixa-a-agricultura-e-assume-joedilson-freitas.html\" target=\"_blank\">Bahia na Pol\u00edtica<\/a>, &#8220;<em>tem um bom tr\u00e2nsito com os dirigentes do setor e organizou dezenas de exposi\u00e7\u00f5es agropecu\u00e1rias&#8221;.<\/em><\/p>\n","protected":false},"excerpt":{"rendered":"<p>Faltando nove meses para o final do governo, o \u00a0prefeito de Feira, Jos\u00e9 Ronaldo (DEM) nomeou o agr\u00f4nomo Joeldilson Machado, &#8220;um t\u00e9cnico\u00a0\u00a0apartid\u00e1rio, \u00a0voltado especialmente para o homem do campo&#8221;, como titular da Secretaria Municipal de Agricultura. Nos governos ronaldistas, ao longo desses 16 anos, \u00a0essa Secretaria j\u00e1 foi assumida por pelo menos dois agr\u00f4nomos &#8211;<\/p>\n","protected":false},"author":1,"featured_media":0,"comment_status":"closed","ping_status":"closed","sticky":false,"template":"","format":"standard","meta":{"jetpack_post_was_ever_published":false,"cybocfi_hide_featured_image":"","_jetpack_newsletter_access":"","_jetpack_dont_email_post_to_subs":false,"_jetpack_newsletter_tier_id":0,"_jetpack_memberships_contains_paywalled_content":false,"_jetpack_memberships_contains_paid_content":false,"footnotes":"","jetpack_publicize_message":"","jetpack_publicize_feature_enabled":true,"jetpack_social_post_already_shared":true,"jetpack_social_options":{"image_generator_settings":{"template":"highway","default_image_id":0,"font":"","enabled":false},"version":2}},"categories":[1],"tags":[],"class_list":["post-20136","post","type-post","status-publish","format-standard","hentry","category-raiz"],"jetpack_publicize_connections":[],"jetpack_featured_media_url":"","jetpack_shortlink":"https:\/\/wp.me\/p3niVf-5eM","jetpack_sharing_enabled":true,"jetpack-related-posts":[{"id":34877,"url":"https:\/\/blogdafeira.com.br\/home\/2020\/01\/16\/agronomo-joao-falcao-e-o-novo-diretor-de-areas-verdes-de-feira-de-santana\/","url_meta":{"origin":20136,"position":0},"title":"Agr\u00f4nomo Jo\u00e3o Falc\u00e3o \u00e9 o novo diretor de \u00c1reas Verdes de Feira de Santana","author":"J\u00e2nio R\u00eago","date":"16\/01\/2020","format":false,"excerpt":"O prefeito Colbert Martins Filho nomeou nesta quinta-feira, 16, o novo diretor do Departamento de Manuten\u00e7\u00e3o de \u00c1reas Verdes, da Secretaria Municipal de Servi\u00e7os P\u00fablicos de .Feira de Santana, Jo\u00e3o Evangelista Basto Falc\u00e3o. O decreto foi divulgado na edi\u00e7\u00e3o desta quinta-feira, 16, do Di\u00e1rio Oficial Eletr\u00f4nico do Munic\u00edpio. Jo\u00e3o Falc\u00e3o\u2026","rel":"","context":"Em &quot;Home&quot;","block_context":{"text":"Home","link":"https:\/\/blogdafeira.com.br\/home\/categoria\/raiz\/"},"img":{"alt_text":"","src":"https:\/\/i0.wp.com\/blogdafeira.com.br\/home\/wp-content\/uploads\/2020\/01\/IMG-20200116-WA00232-346x290.jpg?resize=350%2C200","width":350,"height":200},"classes":[]},{"id":65874,"url":"https:\/\/blogdafeira.com.br\/home\/2025\/02\/24\/geronimo-sugere-a-jeronimo-a-criacao-de-uma-secretaria-do-carnaval-e-sorteio-para-a-saida-dos-blocos-no-circuito-de-salvador\/","url_meta":{"origin":20136,"position":1},"title":"Ger\u00f4nimo sugere a Jer\u00f4nimo criar a Secretaria do Carnaval e sorteio para a sa\u00edda dos blocos","author":"Blog da Feira","date":"24\/02\/2025","format":false,"excerpt":"Na podcast 'Fala, Jero',\u00a0 nesta segunda-feira, 24, o cantor e compositor Ger\u00f4nimo fez duas sugest\u00f5es ao governador Jer\u00f4nimo Rodrigues: que ele pense na possibilidade de criar uma Secretaria do Carnaval e implante a modalidade de sorteio para regular a sa\u00edda dos blocos no circuito do Carnaval de Salvador. \"Ser\u00e1 mais\u2026","rel":"","context":"Em &quot;Cultura&quot;","block_context":{"text":"Cultura","link":"https:\/\/blogdafeira.com.br\/home\/categoria\/cultura\/"},"img":{"alt_text":"","src":"https:\/\/i0.wp.com\/blogdafeira.com.br\/home\/wp-content\/uploads\/2025\/02\/20250224_203721.jpg?resize=350%2C200&ssl=1","width":350,"height":200,"srcset":"https:\/\/i0.wp.com\/blogdafeira.com.br\/home\/wp-content\/uploads\/2025\/02\/20250224_203721.jpg?resize=350%2C200&ssl=1 1x, https:\/\/i0.wp.com\/blogdafeira.com.br\/home\/wp-content\/uploads\/2025\/02\/20250224_203721.jpg?resize=525%2C300&ssl=1 1.5x, https:\/\/i0.wp.com\/blogdafeira.com.br\/home\/wp-content\/uploads\/2025\/02\/20250224_203721.jpg?resize=700%2C400&ssl=1 2x"},"classes":[]},{"id":61842,"url":"https:\/\/blogdafeira.com.br\/home\/2024\/04\/04\/bahia-tem-lei-que-certifica-alimentos-da-agricultura-familiar\/","url_meta":{"origin":20136,"position":2},"title":"Bahia tem lei que certifica alimentos da agricultura familiar","author":"Blog da Feira","date":"04\/04\/2024","format":false,"excerpt":"A regula\u00e7\u00e3o e certifica\u00e7\u00e3o estadual de produtos de origem animal da agricultura familiar baiana foi o tema do Semin\u00e1rio Estadual SIM\/Susaf. O evento aconteceu nesta quinta-feira (4), no audit\u00f3rio da Secretaria Estadual de Educa\u00e7\u00e3o (SEC), no Centro Administrativo da Bahia (CAB), em Salvador, e reuniu cerca de 220 pequenos produtores,\u2026","rel":"","context":"Em &quot;Home&quot;","block_context":{"text":"Home","link":"https:\/\/blogdafeira.com.br\/home\/categoria\/raiz\/"},"img":{"alt_text":"","src":"https:\/\/i0.wp.com\/blogdafeira.com.br\/home\/wp-content\/uploads\/2024\/04\/Foto-Marcilio-Cerqueira-5.jpeg?resize=350%2C200&ssl=1","width":350,"height":200,"srcset":"https:\/\/i0.wp.com\/blogdafeira.com.br\/home\/wp-content\/uploads\/2024\/04\/Foto-Marcilio-Cerqueira-5.jpeg?resize=350%2C200&ssl=1 1x, https:\/\/i0.wp.com\/blogdafeira.com.br\/home\/wp-content\/uploads\/2024\/04\/Foto-Marcilio-Cerqueira-5.jpeg?resize=525%2C300&ssl=1 1.5x, https:\/\/i0.wp.com\/blogdafeira.com.br\/home\/wp-content\/uploads\/2024\/04\/Foto-Marcilio-Cerqueira-5.jpeg?resize=700%2C400&ssl=1 2x, https:\/\/i0.wp.com\/blogdafeira.com.br\/home\/wp-content\/uploads\/2024\/04\/Foto-Marcilio-Cerqueira-5.jpeg?resize=1050%2C600&ssl=1 3x, https:\/\/i0.wp.com\/blogdafeira.com.br\/home\/wp-content\/uploads\/2024\/04\/Foto-Marcilio-Cerqueira-5.jpeg?resize=1400%2C800&ssl=1 4x"},"classes":[]},{"id":65001,"url":"https:\/\/blogdafeira.com.br\/home\/2024\/12\/27\/seis-secretarios-do-governo-colbert-continuam-com-ze-ronaldo\/","url_meta":{"origin":20136,"position":3},"title":"Seis secret\u00e1rios do governo Colbert continuam com Z\u00e9 Ronaldo","author":"Blog da Feira","date":"27\/12\/2024","format":false,"excerpt":"O prefeito eleito de Feira de Santana, Z\u00e9 Ronaldo (UB), anunciou hoje os secret\u00e1rios que ir\u00e3o compor o governo dele a partir do pr\u00f3ximo dia 1\u00b0 de janeiro. Dos nomes anunciados, seis j\u00e1 s\u00e3o secret\u00e1rios e v\u00e3o permanecer nas respectivas pastas que ocupam. \u00c9 um governo de continuidade. Alguns, como\u2026","rel":"","context":"Em &quot;Elei\u00e7\u00f5es 2024&quot;","block_context":{"text":"Elei\u00e7\u00f5es 2024","link":"https:\/\/blogdafeira.com.br\/home\/categoria\/politica\/eleicoes-2024\/"},"img":{"alt_text":"","src":"https:\/\/i0.wp.com\/blogdafeira.com.br\/home\/wp-content\/uploads\/2024\/12\/IMG_20241227_101058818_HDR2-scaled.jpg?resize=350%2C200&ssl=1","width":350,"height":200,"srcset":"https:\/\/i0.wp.com\/blogdafeira.com.br\/home\/wp-content\/uploads\/2024\/12\/IMG_20241227_101058818_HDR2-scaled.jpg?resize=350%2C200&ssl=1 1x, https:\/\/i0.wp.com\/blogdafeira.com.br\/home\/wp-content\/uploads\/2024\/12\/IMG_20241227_101058818_HDR2-scaled.jpg?resize=525%2C300&ssl=1 1.5x, https:\/\/i0.wp.com\/blogdafeira.com.br\/home\/wp-content\/uploads\/2024\/12\/IMG_20241227_101058818_HDR2-scaled.jpg?resize=700%2C400&ssl=1 2x, https:\/\/i0.wp.com\/blogdafeira.com.br\/home\/wp-content\/uploads\/2024\/12\/IMG_20241227_101058818_HDR2-scaled.jpg?resize=1050%2C600&ssl=1 3x, https:\/\/i0.wp.com\/blogdafeira.com.br\/home\/wp-content\/uploads\/2024\/12\/IMG_20241227_101058818_HDR2-scaled.jpg?resize=1400%2C800&ssl=1 4x"},"classes":[]},{"id":64153,"url":"https:\/\/blogdafeira.com.br\/home\/2024\/10\/08\/agronomo-ideval-martins-o-apicultor-e-um-guardiao-da-naturezao-agronomo-guardiao-da-natureza-que-fez-da-feira-uma-grande-produtora-de-mel\/","url_meta":{"origin":20136,"position":4},"title":"Agr\u00f4nomo Ideval Martins: &#8220;o apicultor \u00e9 um guardi\u00e3o da natureza&#8221;","author":"Blog da Feira","date":"08\/10\/2024","format":false,"excerpt":"\"Se acabarem as abelhas em 4 meses, o mundo passar\u00e1 fome\". A frase do f\u00edsico alem\u00e3o Albert Einstein, que pode parecer excessivamente forte, na opini\u00e3o do experiente apicultor feirense Ideval Martins, representa a pura verdade. Ele observa que, embora comercialmente a abelha seja valorizada pela produ\u00e7\u00e3o de mel, pr\u00f3polis e\u2026","rel":"","context":"Em &quot;Geral&quot;","block_context":{"text":"Geral","link":"https:\/\/blogdafeira.com.br\/home\/categoria\/geral\/"},"img":{"alt_text":"","src":"https:\/\/i0.wp.com\/blogdafeira.com.br\/home\/wp-content\/uploads\/2024\/10\/abelhas.jpg?resize=350%2C200&ssl=1","width":350,"height":200,"srcset":"https:\/\/i0.wp.com\/blogdafeira.com.br\/home\/wp-content\/uploads\/2024\/10\/abelhas.jpg?resize=350%2C200&ssl=1 1x, https:\/\/i0.wp.com\/blogdafeira.com.br\/home\/wp-content\/uploads\/2024\/10\/abelhas.jpg?resize=525%2C300&ssl=1 1.5x"},"classes":[]},{"id":23956,"url":"https:\/\/blogdafeira.com.br\/home\/2016\/10\/22\/palestra-em-faculdade-privada-trouxe-secretaria-do-governo-temer-a-feira-de-santana\/","url_meta":{"origin":20136,"position":5},"title":"Palestra em faculdade privada trouxe Secret\u00e1ria do Governo Temer a Feira de Santana","author":"Blog da Feira","date":"22\/10\/2016","format":false,"excerpt":"O convite para uma palestra em uma faculdade de Direito trouxe a Feira de Santana, pela primeira vez, um \u00a0representante do primeiro escal\u00e3o do Governo de Michael Temer. A secret\u00e1ria especial de Promo\u00e7\u00e3o da Igualdade Racial, Luislinda Valois, chegou \u00e0 cidade no in\u00edcio da tarde de ontem e cumpriu dois\u2026","rel":"","context":"Em &quot;Home&quot;","block_context":{"text":"Home","link":"https:\/\/blogdafeira.com.br\/home\/categoria\/raiz\/"},"img":{"alt_text":"secretaria-temer","src":"https:\/\/i0.wp.com\/blogdafeira.com.br\/home\/wp-content\/uploads\/2016\/10\/SECRET%C3%81RIA-TEMER-346x230.jpg?resize=350%2C200","width":350,"height":200},"classes":[]}],"_links":{"self":[{"href":"https:\/\/blogdafeira.com.br\/home\/wp-json\/wp\/v2\/posts\/20136","targetHints":{"allow":["GET"]}}],"collection":[{"href":"https:\/\/blogdafeira.com.br\/home\/wp-json\/wp\/v2\/posts"}],"about":[{"href":"https:\/\/blogdafeira.com.br\/home\/wp-json\/wp\/v2\/types\/post"}],"author":[{"embeddable":true,"href":"https:\/\/blogdafeira.com.br\/home\/wp-json\/wp\/v2\/users\/1"}],"replies":[{"embeddable":true,"href":"https:\/\/blogdafeira.com.br\/home\/wp-json\/wp\/v2\/comments?post=20136"}],"version-history":[{"count":2,"href":"https:\/\/blogdafeira.com.br\/home\/wp-json\/wp\/v2\/posts\/20136\/revisions"}],"predecessor-version":[{"id":20139,"href":"https:\/\/blogdafeira.com.br\/home\/wp-json\/wp\/v2\/posts\/20136\/revisions\/20139"}],"wp:attachment":[{"href":"https:\/\/blogdafeira.com.br\/home\/wp-json\/wp\/v2\/media?parent=20136"}],"wp:term":[{"taxonomy":"category","embeddable":true,"href":"https:\/\/blogdafeira.com.br\/home\/wp-json\/wp\/v2\/categories?post=20136"},{"taxonomy":"post_tag","embeddable":true,"href":"https:\/\/blogdafeira.com.br\/home\/wp-json\/wp\/v2\/tags?post=20136"}],"curies":[{"name":"wp","href":"https:\/\/api.w.org\/{rel}","templated":true}]}}