{"id":20496,"date":"2016-03-31T06:43:36","date_gmt":"2016-03-31T09:43:36","guid":{"rendered":"http:\/\/blogdafeira.com.br\/home\/?p=20496"},"modified":"2016-03-31T06:43:36","modified_gmt":"2016-03-31T09:43:36","slug":"manifestacao-contra-golpe-hoje-a-tarde-na-praca-do-nordestino-em-feira","status":"publish","type":"post","link":"https:\/\/blogdafeira.com.br\/home\/2016\/03\/31\/manifestacao-contra-golpe-hoje-a-tarde-na-praca-do-nordestino-em-feira\/","title":{"rendered":"Manifesta\u00e7\u00e3o contra golpe hoje \u00e0 tarde na Pra\u00e7a do Nordestino em Feira"},"content":{"rendered":"<p><img loading=\"lazy\" decoding=\"async\" class=\"aligncenter size-full wp-image-20383\" src=\"http:\/\/blogdafeira.com.br\/home\/wp-content\/uploads\/2016\/03\/manifesta\u00e7\u00f5es-feita.jpg\" alt=\"manifesta\u00e7\u00f5es feita\" width=\"619\" height=\"767\" srcset=\"https:\/\/blogdafeira.com.br\/home\/wp-content\/uploads\/2016\/03\/manifesta\u00e7\u00f5es-feita.jpg 619w, https:\/\/blogdafeira.com.br\/home\/wp-content\/uploads\/2016\/03\/manifesta\u00e7\u00f5es-feita-121x150.jpg 121w, https:\/\/blogdafeira.com.br\/home\/wp-content\/uploads\/2016\/03\/manifesta\u00e7\u00f5es-feita-242x300.jpg 242w\" sizes=\"auto, (max-width: 619px) 100vw, 619px\" \/><\/p>\n","protected":false},"excerpt":{"rendered":"","protected":false},"author":1,"featured_media":0,"comment_status":"closed","ping_status":"closed","sticky":false,"template":"","format":"standard","meta":{"jetpack_post_was_ever_published":false,"cybocfi_hide_featured_image":"","_jetpack_newsletter_access":"","_jetpack_dont_email_post_to_subs":false,"_jetpack_newsletter_tier_id":0,"_jetpack_memberships_contains_paywalled_content":false,"_jetpack_memberships_contains_paid_content":false,"footnotes":"","jetpack_publicize_message":"","jetpack_publicize_feature_enabled":true,"jetpack_social_post_already_shared":true,"jetpack_social_options":{"image_generator_settings":{"template":"highway","default_image_id":0,"font":"","enabled":false},"version":2}},"categories":[1],"tags":[],"class_list":["post-20496","post","type-post","status-publish","format-standard","hentry","category-raiz"],"jetpack_publicize_connections":[],"jetpack_featured_media_url":"","jetpack_shortlink":"https:\/\/wp.me\/p3niVf-5kA","jetpack_sharing_enabled":true,"jetpack-related-posts":[{"id":20382,"url":"https:\/\/blogdafeira.com.br\/home\/2016\/03\/28\/em-feira-a-manifestacao-contra-golpe-vai-ser-na-praca-do-nordestino\/","url_meta":{"origin":20496,"position":0},"title":"Em Feira a manifesta\u00e7\u00e3o contra golpe vai ser na pra\u00e7a do Nordestino","author":"Blog da Feira","date":"28\/03\/2016","format":false,"excerpt":"Em Feira de Santana a manifesta\u00e7\u00e3o contra a tentativa golpista no pa\u00eds ser\u00e1 na tradicional Pra\u00e7a do Nordestino, \u00a0o centro da cidade, no dia 31 a partir das 15 horas. Contra o retrocesso.","rel":"","context":"Em &quot;Home&quot;","block_context":{"text":"Home","link":"https:\/\/blogdafeira.com.br\/home\/categoria\/raiz\/"},"img":{"alt_text":"manifesta\u00e7\u00f5es feita","src":"https:\/\/i0.wp.com\/blogdafeira.com.br\/home\/wp-content\/uploads\/2016\/03\/manifesta%C3%A7%C3%B5es-feita.jpg?resize=350%2C200","width":350,"height":200,"srcset":"https:\/\/i0.wp.com\/blogdafeira.com.br\/home\/wp-content\/uploads\/2016\/03\/manifesta%C3%A7%C3%B5es-feita.jpg?resize=350%2C200 1x, https:\/\/i0.wp.com\/blogdafeira.com.br\/home\/wp-content\/uploads\/2016\/03\/manifesta%C3%A7%C3%B5es-feita.jpg?resize=525%2C300 1.5x"},"classes":[]},{"id":29165,"url":"https:\/\/blogdafeira.com.br\/home\/2018\/03\/06\/frente-nenhum-direito-a-menos-vai-fazer-manifestacao-na-praca-do-nordestino-em-feira-no-dia-8\/","url_meta":{"origin":20496,"position":1},"title":"Frente Nenhum Direito a Menos vai fazer manifesta\u00e7\u00e3o na Pra\u00e7a do Nordestino em Feira dia 8","author":"Blog da Feira","date":"06\/03\/2018","format":false,"excerpt":"A \"Frente Nenhum Direito a Menos\" estar\u00e1 nas ruas de Feira de Santana nesta quinta-feira (08 de Mar\u00e7o), Dia Internacional da Mulher,\u00a0 \u00a0\"exigindo o fim do feminic\u00eddio, da viol\u00eancia contra a mulher, a legaliza\u00e7\u00e3o e descriminaliza\u00e7\u00e3o do aborto (N\u00e3o \u00e0 PEC 181!), dir\u00e1 n\u00e3o \u00e0 Reforma da Previd\u00eancia #ForaTemer\" \"A\u2026","rel":"","context":"Em &quot;Home&quot;","block_context":{"text":"Home","link":"https:\/\/blogdafeira.com.br\/home\/categoria\/raiz\/"},"img":{"alt_text":"","src":"https:\/\/i0.wp.com\/blogdafeira.com.br\/home\/wp-content\/uploads\/2018\/03\/IMG-20180306-WA0026-1024x1024.jpg?resize=350%2C200","width":350,"height":200,"srcset":"https:\/\/i0.wp.com\/blogdafeira.com.br\/home\/wp-content\/uploads\/2018\/03\/IMG-20180306-WA0026-1024x1024.jpg?resize=350%2C200 1x, https:\/\/i0.wp.com\/blogdafeira.com.br\/home\/wp-content\/uploads\/2018\/03\/IMG-20180306-WA0026-1024x1024.jpg?resize=525%2C300 1.5x, https:\/\/i0.wp.com\/blogdafeira.com.br\/home\/wp-content\/uploads\/2018\/03\/IMG-20180306-WA0026-1024x1024.jpg?resize=700%2C400 2x"},"classes":[]},{"id":20515,"url":"https:\/\/blogdafeira.com.br\/home\/2016\/04\/01\/manifestacao-em-feira-de-santana-contra-golpe-foi-filmada-por-drone\/","url_meta":{"origin":20496,"position":2},"title":"Manifesta\u00e7\u00e3o em Feira de Santana contra golpe foi filmada por drone","author":"Blog da Feira","date":"01\/04\/2016","format":false,"excerpt":"","rel":"","context":"Em &quot;Home&quot;","block_context":{"text":"Home","link":"https:\/\/blogdafeira.com.br\/home\/categoria\/raiz\/"},"img":{"alt_text":"","src":"","width":0,"height":0},"classes":[]},{"id":33608,"url":"https:\/\/blogdafeira.com.br\/home\/2019\/10\/29\/portal-da-memoria-de-feira-exibe-video-raro-com-a-feira-do-gado-no-lugar-onde-hoje-e-o-nordestinomostrando-o-comercio-do-gado-funcionando-onde-hoje-%c3%b7\/","url_meta":{"origin":20496,"position":3},"title":"&#8216;Portal Memorial da Feira&#8217; exibe v\u00eddeo raro com a feira do gado no lugar onde hoje \u00e9 a pra\u00e7a do Nordestino","author":"J\u00e2nio R\u00eago","date":"29\/10\/2019","format":false,"excerpt":"Um v\u00eddeo rar\u00edssimo, mostrando o antigo Campo do Gado de Feira de Santana, quando ainda funcionava na atual Pra\u00e7a do Nordestino, \u00e9 a mais recente postagem no portal Memorial da Feira, mantido pela Prefeitura, atrav\u00e9s da Secretaria de Comunica\u00e7\u00e3o Social. O v\u00eddeo mostra imagens de vaqueiros tangendo bois, e a\u2026","rel":"","context":"Em &quot;Home&quot;","block_context":{"text":"Home","link":"https:\/\/blogdafeira.com.br\/home\/categoria\/raiz\/"},"img":{"alt_text":"","src":"https:\/\/i0.wp.com\/blogdafeira.com.br\/home\/wp-content\/uploads\/2019\/10\/Screenshot_2019-10-29-21-11-052-317x300.png?resize=350%2C200","width":350,"height":200},"classes":[]},{"id":21637,"url":"https:\/\/blogdafeira.com.br\/home\/2016\/05\/19\/manifestacao-em-feira-hoje-contra-o-governo-interino-de-temer\/","url_meta":{"origin":20496,"position":4},"title":"Manifesta\u00e7\u00e3o em Feira hoje contra o governo interino de Temer","author":"Blog da Feira","date":"19\/05\/2016","format":false,"excerpt":"Est\u00e1 marcada para as 17 horas hoje na pra\u00e7a da Alimenta\u00e7\u00e3o no centro da cidade de Feira de Santana uma manifesta\u00e7\u00e3o contra o governo provis\u00f3rio do vice-presidente MIchael Temer.","rel":"","context":"Em &quot;Home&quot;","block_context":{"text":"Home","link":"https:\/\/blogdafeira.com.br\/home\/categoria\/raiz\/"},"img":{"alt_text":"Temer fora","src":"https:\/\/i0.wp.com\/blogdafeira.com.br\/home\/wp-content\/uploads\/2016\/05\/Temer-fora.jpg?resize=350%2C200","width":350,"height":200},"classes":[]},{"id":13805,"url":"https:\/\/blogdafeira.com.br\/home\/2014\/12\/01\/praca-do-nordestino-e-um-dos-locais-para-a-estatua-de-lucas-da-feira\/","url_meta":{"origin":20496,"position":5},"title":"Pra\u00e7a do Nordestino, onde foi enforcado Lucas da Feira","author":"Blog da Feira","date":"01\/12\/2014","format":false,"excerpt":"A \u00e1rea da pra\u00e7a do Nordestino em Feira de Santana, onde provavelmente foi enforcado e depois esquartejado o famoso\u00a0Lucas da Feira, \u00e9 apontada como um dos locais mais leg\u00edtimos para se erigir uma est\u00e1tua do escravo fugido que faz parte da hist\u00f3ria da cidade. Al\u00e9m do \u00a0local do enforcamento de\u2026","rel":"","context":"Em &quot;Home&quot;","block_context":{"text":"Home","link":"https:\/\/blogdafeira.com.br\/home\/categoria\/raiz\/"},"img":{"alt_text":"nordestino (1)","src":"https:\/\/i0.wp.com\/blogdafeira.com.br\/home\/wp-content\/uploads\/2014\/12\/nordestino-1.jpg?resize=350%2C200","width":350,"height":200,"srcset":"https:\/\/i0.wp.com\/blogdafeira.com.br\/home\/wp-content\/uploads\/2014\/12\/nordestino-1.jpg?resize=350%2C200 1x, https:\/\/i0.wp.com\/blogdafeira.com.br\/home\/wp-content\/uploads\/2014\/12\/nordestino-1.jpg?resize=525%2C300 1.5x, https:\/\/i0.wp.com\/blogdafeira.com.br\/home\/wp-content\/uploads\/2014\/12\/nordestino-1.jpg?resize=700%2C400 2x"},"classes":[]}],"_links":{"self":[{"href":"https:\/\/blogdafeira.com.br\/home\/wp-json\/wp\/v2\/posts\/20496","targetHints":{"allow":["GET"]}}],"collection":[{"href":"https:\/\/blogdafeira.com.br\/home\/wp-json\/wp\/v2\/posts"}],"about":[{"href":"https:\/\/blogdafeira.com.br\/home\/wp-json\/wp\/v2\/types\/post"}],"author":[{"embeddable":true,"href":"https:\/\/blogdafeira.com.br\/home\/wp-json\/wp\/v2\/users\/1"}],"replies":[{"embeddable":true,"href":"https:\/\/blogdafeira.com.br\/home\/wp-json\/wp\/v2\/comments?post=20496"}],"version-history":[{"count":1,"href":"https:\/\/blogdafeira.com.br\/home\/wp-json\/wp\/v2\/posts\/20496\/revisions"}],"predecessor-version":[{"id":20497,"href":"https:\/\/blogdafeira.com.br\/home\/wp-json\/wp\/v2\/posts\/20496\/revisions\/20497"}],"wp:attachment":[{"href":"https:\/\/blogdafeira.com.br\/home\/wp-json\/wp\/v2\/media?parent=20496"}],"wp:term":[{"taxonomy":"category","embeddable":true,"href":"https:\/\/blogdafeira.com.br\/home\/wp-json\/wp\/v2\/categories?post=20496"},{"taxonomy":"post_tag","embeddable":true,"href":"https:\/\/blogdafeira.com.br\/home\/wp-json\/wp\/v2\/tags?post=20496"}],"curies":[{"name":"wp","href":"https:\/\/api.w.org\/{rel}","templated":true}]}}