{"id":20530,"date":"2016-04-01T22:55:12","date_gmt":"2016-04-02T01:55:12","guid":{"rendered":"http:\/\/blogdafeira.com.br\/home\/?p=20530"},"modified":"2016-04-01T22:55:12","modified_gmt":"2016-04-02T01:55:12","slug":"nivaldo-cruz-espalha-cultura-popular-com-oxe-oxente-na-radio-em-feira","status":"publish","type":"post","link":"https:\/\/blogdafeira.com.br\/home\/2016\/04\/01\/nivaldo-cruz-espalha-cultura-popular-com-oxe-oxente-na-radio-em-feira\/","title":{"rendered":"Nivaldo Cruz espalha cultura popular com &#8220;Oxe, Oxente!&#8221; na r\u00e1dio em Feira"},"content":{"rendered":"<div id=\"blogd-2597492185\" class=\"blogd-fim-do-post-mobile blogd-entity-placement\" style=\"margin-left: auto;margin-right: auto;text-align: center;\"><a href=\"https:\/\/www.sefaz.feiradesantana.ba.gov.br\/\" target=\"_blank\" aria-label=\"728&#215;90 (6)\"><img loading=\"lazy\" decoding=\"async\" src=\"https:\/\/blogdafeira.com.br\/home\/wp-content\/uploads\/2026\/03\/728x90-6.gif\" alt=\"\"  class=\"no-lazyload\" width=\"728\" height=\"90\"  style=\"display: inline-block;\" \/><\/a><\/div><p><img loading=\"lazy\" decoding=\"async\" class=\"aligncenter size-full wp-image-20534\" src=\"http:\/\/blogdafeira.com.br\/home\/wp-content\/uploads\/2016\/04\/NIVALDO-CRUZ-2.jpg\" alt=\"NIVALDO CRUZ 2\" width=\"960\" height=\"720\" srcset=\"https:\/\/blogdafeira.com.br\/home\/wp-content\/uploads\/2016\/04\/NIVALDO-CRUZ-2.jpg 960w, https:\/\/blogdafeira.com.br\/home\/wp-content\/uploads\/2016\/04\/NIVALDO-CRUZ-2-170x128.jpg 170w, https:\/\/blogdafeira.com.br\/home\/wp-content\/uploads\/2016\/04\/NIVALDO-CRUZ-2-346x260.jpg 346w, https:\/\/blogdafeira.com.br\/home\/wp-content\/uploads\/2016\/04\/NIVALDO-CRUZ-2-768x576.jpg 768w\" sizes=\"auto, (max-width: 960px) 100vw, 960px\" \/> O poeta\u00a0<a href=\"https:\/\/www.facebook.com\/nivaldo.cruz.71?fref=nf\" target=\"_blank\">Nivaldo Cruz <\/a>ou Nivaldo <em>CruzCredo<\/em> \u00e9 aquele sujeito que fala com voc\u00ea j\u00e1 abrindo um largo sorriso no rosto.<\/p><div id=\"blogd-977819756\" class=\"blogd-conteudo-2-mobile blogd-entity-placement\"><a href=\"https:\/\/feirenses.com.br\/\" target=\"_blank\" aria-label=\"feirenses\"><img loading=\"lazy\" decoding=\"async\" src=\"https:\/\/blogdafeira.com.br\/home\/wp-content\/uploads\/2026\/04\/feirenses.png\" alt=\"\"  srcset=\"https:\/\/blogdafeira.com.br\/home\/wp-content\/uploads\/2026\/04\/feirenses.png 300w, https:\/\/blogdafeira.com.br\/home\/wp-content\/uploads\/2026\/04\/feirenses-170x45.png 170w, https:\/\/blogdafeira.com.br\/home\/wp-content\/uploads\/2026\/04\/feirenses-280x74.png 280w\" sizes=\"(max-width: 300px) 100vw, 300px\" class=\"no-lazyload\" width=\"300\" height=\"79\"  style=\"display: inline-block;\" \/><\/a><\/div>\n<p>Professor, radialista, escritor, poeta e \u00a0cordelista e um incans\u00e1vel divulgador da poesia\u00a0popular, dele e dos outros, \u00a0em Feira de Santana e regi\u00e3o, atrav\u00e9s de todos os meios, e principalmente pelas ondas da r\u00e1dio Suba\u00e9 AM, uma das mais tradicionais emissoras do interior da Bahia.<\/p>\n<p>O programa <a href=\"https:\/\/www.facebook.com\/oxeoxentenivaldocruz\/\" target=\"_blank\">&#8220;Oxe, Oxente&#8221;<\/a>, que ele apresenta, \u00a0vai ao ar todos os dias &#8211; de segunda a sexta-feira, <em>a partir das\u00a0cinco\u00a0horas da tarde.<\/em><\/p>\n<p><img loading=\"lazy\" decoding=\"async\" class=\"alignleft size-full wp-image-20535\" src=\"http:\/\/blogdafeira.com.br\/home\/wp-content\/uploads\/2016\/04\/NIVALDO-CRUZ.jpg\" alt=\"NIVALDO CRUZ\" width=\"309\" height=\"395\" srcset=\"https:\/\/blogdafeira.com.br\/home\/wp-content\/uploads\/2016\/04\/NIVALDO-CRUZ.jpg 309w, https:\/\/blogdafeira.com.br\/home\/wp-content\/uploads\/2016\/04\/NIVALDO-CRUZ-117x150.jpg 117w, https:\/\/blogdafeira.com.br\/home\/wp-content\/uploads\/2016\/04\/NIVALDO-CRUZ-235x300.jpg 235w\" sizes=\"auto, (max-width: 309px) 100vw, 309px\" \/>Na nas redes sociais o poeta publica glosas de motes feitos pelos mais variados parceiros. Foi de l\u00e1 que tiramos esse que serve como aperitivo de um bom fim-de-semana nordestino.<br \/>\nMote de <strong><em>Gilberto Cavalcante:<\/em><\/strong><\/p>\n<p><strong><em>N\u00e3o sou poeta e nem canto,<\/em><\/strong><br \/>\n<strong><em>Se eu cantasse encantaria.<\/em><\/strong><\/p>\n<p>Glosas de <strong>Nivaldo CruzCredo:<\/strong><\/p>\n<div id=\"blogd-3618737289\" class=\"blogd-final-post blogd-entity-placement\"><a href=\"https:\/\/www.feiradesantana.ba.leg.br\/\" target=\"_blank\" aria-label=\"BANNER-SITE-ENTREGADECHEQUE-CAMARADEFEIRA\"><img loading=\"lazy\" decoding=\"async\" src=\"https:\/\/blogdafeira.com.br\/home\/wp-content\/uploads\/2026\/03\/BANNER-SITE-ENTREGADECHEQUE-CAMARADEFEIRA.gif\" alt=\"\"  class=\"no-lazyload\" width=\"728\" height=\"90\"   \/><\/a><\/div><div class=\"text_exposed_show\">\n<p><em>Quer ver cabra desafinar,<\/em><br \/>\n<em>N\u00e3o acertar nem um tom,<\/em><br \/>\n<em>Completamente sem dom,<\/em><br \/>\n<em>Me coloque para cantar,<\/em><br \/>\n<em>\u00c9 at\u00e9 de envergonhar<\/em><br \/>\n<em>Quem ouve a disenteria,<\/em><br \/>\n<em>\u00c9 motivo de arrelia,<\/em><br \/>\n<em>Parece mais um pranto,<\/em><br \/>\n<em>\u201cN\u00e3o sou poeta e nem canto,<\/em><br \/>\n<em>Se eu cantasse encantaria.\u201d<\/em><\/p>\n<p><em>Sou brincador de palavras,<\/em><br \/>\n<em>Somente um escrevinhador,<\/em><br \/>\n<em>Brinco sem nem um pudor,<\/em><br \/>\n<em>Com as amenas e as bravas,<\/em><br \/>\n<em>Dou elogio e mando as favas,<\/em><br \/>\n<em>N\u00e3o quero qualquer honraria,<\/em><br \/>\n<em>Escrevo s\u00f3 por alegria,<\/em><br \/>\n<em>Divertimento e encanto<\/em><br \/>\n<strong><em>\u201cN\u00e3o sou poeta e nem canto,<\/em><\/strong><br \/>\n<strong><em>Se eu cantasse encantaria.\u201d<\/em><\/strong><\/p>\n<p><em>O Nordeste \u00e9 meu lugar,<\/em><br \/>\n<em>Muito mais \u00e9 o sert\u00e3o,<\/em><br \/>\n<em>Onde o corpo e cora\u00e7\u00e3o<\/em><br \/>\n<em>Vivem mesmo a se encantar,<\/em><br \/>\n<em>Onde viver \u00e9 sonhar<\/em><br \/>\n<em>E sonhar \u00e9 alegria,<\/em><br \/>\n<em>Por isso fa\u00e7o poesia<\/em><br \/>\n<em>Sem ambi\u00e7\u00e3o no entanto,<\/em><br \/>\n<em>\u201cN\u00e3o sou poeta e nem canto,<\/em><br \/>\n<em>Se eu cantasse encantaria.\u201d<\/em><\/p>\n<p>Xilogravura &#8220;N\u00e3o sou poeta vos digo\u201d de Jo\u00e3o Pedro Neto. Dispon\u00edvel em:<a href=\"http:\/\/br.pinterest.com\/\" target=\"_blank\" data-lynx-uri=\"http:\/\/l.facebook.com\/?u=http%3A%2F%2Fbr.pinterest.com%2F&amp;e=ATNJx-3xg_RfvzHJ3_CgGtDX4A4YDe8iROx1BOzUVD3K_6D82NqD18QNMsxd7rDg\">br.pinterest.com<\/a><\/p>\n<\/div>\n","protected":false},"excerpt":{"rendered":"<p>O poeta\u00a0Nivaldo Cruz ou Nivaldo CruzCredo \u00e9 aquele sujeito que fala com voc\u00ea j\u00e1 abrindo um largo sorriso no rosto. Professor, radialista, escritor, poeta e \u00a0cordelista e um incans\u00e1vel divulgador da poesia\u00a0popular, dele e dos outros, \u00a0em Feira de Santana e regi\u00e3o, atrav\u00e9s de todos os meios, e principalmente pelas ondas da r\u00e1dio Suba\u00e9 AM,<\/p>\n","protected":false},"author":1,"featured_media":0,"comment_status":"closed","ping_status":"closed","sticky":false,"template":"","format":"standard","meta":{"jetpack_post_was_ever_published":false,"cybocfi_hide_featured_image":"","_jetpack_newsletter_access":"","_jetpack_dont_email_post_to_subs":false,"_jetpack_newsletter_tier_id":0,"_jetpack_memberships_contains_paywalled_content":false,"_jetpack_memberships_contains_paid_content":false,"footnotes":"","jetpack_publicize_message":"","jetpack_publicize_feature_enabled":true,"jetpack_social_post_already_shared":true,"jetpack_social_options":{"image_generator_settings":{"template":"highway","default_image_id":0,"font":"","enabled":false},"version":2}},"categories":[1],"tags":[],"class_list":["post-20530","post","type-post","status-publish","format-standard","hentry","category-raiz"],"jetpack_publicize_connections":[],"jetpack_featured_media_url":"","jetpack_shortlink":"https:\/\/wp.me\/p3niVf-5l8","jetpack_sharing_enabled":true,"jetpack-related-posts":[{"id":50943,"url":"https:\/\/blogdafeira.com.br\/home\/2022\/02\/24\/videos-do-oxe-oxente-divulgam-o-legitimo-repente-nordestino\/","url_meta":{"origin":20530,"position":0},"title":"V\u00eddeos do Oxe Oxente divulgam o leg\u00edtimo repente nordestino","author":"Blog da Feira","date":"24\/02\/2022","format":false,"excerpt":"Meu cumpadi, minha cumadi, Nivaldo Cruz come\u00e7a com essa sauda\u00e7\u00e3o os v\u00eddeos atrav\u00e9s dos quais ele lhe leva a um mundo especial, singular e irresist\u00edvel do Nordeste: o da poesia popular, da rima, dos cantadores de viola, dos violeiros e\u00a0 repentistas. \"Um Repente dos Mestres do Repente\". \u00e9 o nome\u2026","rel":"","context":"Em &quot;Cultura&quot;","block_context":{"text":"Cultura","link":"https:\/\/blogdafeira.com.br\/home\/categoria\/cultura\/"},"img":{"alt_text":"","src":"https:\/\/i0.wp.com\/blogdafeira.com.br\/home\/wp-content\/uploads\/2022\/02\/nivaldo-cruz.jpg?resize=350%2C200&ssl=1","width":350,"height":200},"classes":[]},{"id":20864,"url":"https:\/\/blogdafeira.com.br\/home\/2016\/04\/18\/poeta-nivaldo-cruzcredo-se-reta-com-votacao-na-camara-dos-deputados\/","url_meta":{"origin":20530,"position":1},"title":"Poeta Nivaldo CruzCredo &#8216;se reta&#8217; com vota\u00e7\u00e3o na C\u00e2mara dos Deputados","author":"Blog da Feira","date":"18\/04\/2016","format":false,"excerpt":"\u00c9 muita Palha\u00e7ada E muito mais vergonha, Um rebanho de pamonha, Gente desqualificada, Deixa a na\u00e7\u00e3o bestificada Com tanto firifimfim, Argumentos chinfrim, Muita cara de cimento, Esse rebanho de jumento, V\u00e3o falando bem assim... \u201cPela pichilinga da galinha, Pela tabaca da cachorra, Pelo caralho, pela porra, Pela ca\u00e7ola de mainha,\u2026","rel":"","context":"Em &quot;Home&quot;","block_context":{"text":"Home","link":"https:\/\/blogdafeira.com.br\/home\/categoria\/raiz\/"},"img":{"alt_text":"nivaldo cruz credo","src":"https:\/\/i0.wp.com\/blogdafeira.com.br\/home\/wp-content\/uploads\/2016\/04\/nivaldo-cruz-credo-150x150.jpg?resize=350%2C200","width":350,"height":200},"classes":[]},{"id":31604,"url":"https:\/\/blogdafeira.com.br\/home\/2019\/06\/07\/nivaldo-cruz-de-volta-ao-radio-de-feira-com-palco-96-a-arte-do-meu-povo-na-princesa-fm\/","url_meta":{"origin":20530,"position":2},"title":"Nivaldo Cruz de volta ao r\u00e1dio de Feira com &#8216;Palco 96, A Arte Do Meu Povo&#8217;, na Princesa FM","author":"J\u00e2nio R\u00eago","date":"07\/06\/2019","format":false,"excerpt":"O poeta Nivaldo Cruz\u00a0ou Nivaldo CruzCredo est\u00e1 de volta ao r\u00e1dio feirense. Professor, radialista, escritor, poeta e \u00a0cordelista e um incans\u00e1vel divulgador da poesia popular,arte\u00a0 dele e dos outros, \u00a0em Feira de Santana e regi\u00e3o, atrav\u00e9s de todos os meios e plataformas de comunica\u00e7\u00e3o, Nivaldo estr\u00e9ia hoje o Palco 96,\u2026","rel":"","context":"Em &quot;Home&quot;","block_context":{"text":"Home","link":"https:\/\/blogdafeira.com.br\/home\/categoria\/raiz\/"},"img":{"alt_text":"","src":"","width":0,"height":0},"classes":[]},{"id":67915,"url":"https:\/\/blogdafeira.com.br\/home\/2025\/06\/21\/nivaldo-cruz-e-a-forca-da-palavra-nordestina\/","url_meta":{"origin":20530,"position":3},"title":"Nivaldo Cruz e a for\u00e7a da palavra nordestina","author":"Blog da Feira","date":"21\/06\/2025","format":false,"excerpt":"Tem gente que j\u00e1 nasce com o cora\u00e7\u00e3o em forma de tamborete de feira. Gente que fala cantando, escreve sorrindo, e vive espalhando beleza por onde passa. Nivaldo Cruz Credo \u00e9 desses. Um matuto bom de prosa, que acordou um dia no sert\u00e3o e nunca mais parou de mostrar o\u2026","rel":"","context":"Em &quot;Cultura&quot;","block_context":{"text":"Cultura","link":"https:\/\/blogdafeira.com.br\/home\/categoria\/cultura\/"},"img":{"alt_text":"","src":"https:\/\/i0.wp.com\/blogdafeira.com.br\/home\/wp-content\/uploads\/2025\/06\/Screenshot_20250620-1644492.png?resize=350%2C200&ssl=1","width":350,"height":200,"srcset":"https:\/\/i0.wp.com\/blogdafeira.com.br\/home\/wp-content\/uploads\/2025\/06\/Screenshot_20250620-1644492.png?resize=350%2C200&ssl=1 1x, https:\/\/i0.wp.com\/blogdafeira.com.br\/home\/wp-content\/uploads\/2025\/06\/Screenshot_20250620-1644492.png?resize=525%2C300&ssl=1 1.5x, https:\/\/i0.wp.com\/blogdafeira.com.br\/home\/wp-content\/uploads\/2025\/06\/Screenshot_20250620-1644492.png?resize=700%2C400&ssl=1 2x"},"classes":[]},{"id":27078,"url":"https:\/\/blogdafeira.com.br\/home\/2017\/06\/11\/nivaldo-cruz-promoveu-o-forro-poetico-do-mac-de-feira\/","url_meta":{"origin":20530,"position":4},"title":"Nivaldo Cruz promoveu o Forr\u00f3 Po\u00e9tico do MAC de Feira","author":"Blog da Feira","date":"11\/06\/2017","format":false,"excerpt":"O poeta e radialista divulgador da cultura popular nordestina, Nivaldo Cruz, foi o 'maestro' do Forr\u00f3 Po\u00e9tico que aconteceu no Museu de Arte Contempor\u00e2nea de Feira de Santana na tarde\/noite do s\u00e1bado passado Livros, folhetos de cordel, artesanato e muita m\u00fasica e poesia em um dos espa\u00e7os ao ar livre\u2026","rel":"","context":"Em &quot;Home&quot;","block_context":{"text":"Home","link":"https:\/\/blogdafeira.com.br\/home\/categoria\/raiz\/"},"img":{"alt_text":"fb_img_1497233317637","src":"https:\/\/i0.wp.com\/blogdafeira.com.br\/home\/wp-content\/uploads\/2017\/06\/FB_IMG_1497233317637-1024x768.jpg?resize=350%2C200","width":350,"height":200,"srcset":"https:\/\/i0.wp.com\/blogdafeira.com.br\/home\/wp-content\/uploads\/2017\/06\/FB_IMG_1497233317637-1024x768.jpg?resize=350%2C200 1x, https:\/\/i0.wp.com\/blogdafeira.com.br\/home\/wp-content\/uploads\/2017\/06\/FB_IMG_1497233317637-1024x768.jpg?resize=525%2C300 1.5x, https:\/\/i0.wp.com\/blogdafeira.com.br\/home\/wp-content\/uploads\/2017\/06\/FB_IMG_1497233317637-1024x768.jpg?resize=700%2C400 2x"},"classes":[]},{"id":51689,"url":"https:\/\/blogdafeira.com.br\/home\/2022\/04\/09\/uma-nova-visao-da-uefs-e-os-finalmentes-na-marechal\/","url_meta":{"origin":20530,"position":5},"title":"Nova vis\u00e3o da Uefs, Dandara&#038;Gil e o prefeito Dilton","author":"J\u00e2nio R\u00eago","date":"09\/04\/2022","format":false,"excerpt":"O trabalho \u00e9 constante nas obras do viaduto da BR116 defronte \u00e0 UEFS. As bases est\u00e3o prontas. Quem passa por ali com frequ\u00eancia percebe que h\u00e1 mais m\u00e1quinas e mais gente trabalhando. Pelo entorno ro\u00e7ado e limpo do Museu Casa do Sert\u00e3o, vitrine do campus, v\u00ea-se que a Universidade Estadual\u2026","rel":"","context":"Em &quot;Colunistas&quot;","block_context":{"text":"Colunistas","link":"https:\/\/blogdafeira.com.br\/home\/categoria\/colunistas\/"},"img":{"alt_text":"","src":"https:\/\/i0.wp.com\/blogdafeira.com.br\/home\/wp-content\/uploads\/2022\/04\/IMG_20220408_134248_768-1-scaled.jpg?resize=350%2C200&ssl=1","width":350,"height":200,"srcset":"https:\/\/i0.wp.com\/blogdafeira.com.br\/home\/wp-content\/uploads\/2022\/04\/IMG_20220408_134248_768-1-scaled.jpg?resize=350%2C200&ssl=1 1x, https:\/\/i0.wp.com\/blogdafeira.com.br\/home\/wp-content\/uploads\/2022\/04\/IMG_20220408_134248_768-1-scaled.jpg?resize=525%2C300&ssl=1 1.5x, https:\/\/i0.wp.com\/blogdafeira.com.br\/home\/wp-content\/uploads\/2022\/04\/IMG_20220408_134248_768-1-scaled.jpg?resize=700%2C400&ssl=1 2x, https:\/\/i0.wp.com\/blogdafeira.com.br\/home\/wp-content\/uploads\/2022\/04\/IMG_20220408_134248_768-1-scaled.jpg?resize=1050%2C600&ssl=1 3x, https:\/\/i0.wp.com\/blogdafeira.com.br\/home\/wp-content\/uploads\/2022\/04\/IMG_20220408_134248_768-1-scaled.jpg?resize=1400%2C800&ssl=1 4x"},"classes":[]}],"_links":{"self":[{"href":"https:\/\/blogdafeira.com.br\/home\/wp-json\/wp\/v2\/posts\/20530","targetHints":{"allow":["GET"]}}],"collection":[{"href":"https:\/\/blogdafeira.com.br\/home\/wp-json\/wp\/v2\/posts"}],"about":[{"href":"https:\/\/blogdafeira.com.br\/home\/wp-json\/wp\/v2\/types\/post"}],"author":[{"embeddable":true,"href":"https:\/\/blogdafeira.com.br\/home\/wp-json\/wp\/v2\/users\/1"}],"replies":[{"embeddable":true,"href":"https:\/\/blogdafeira.com.br\/home\/wp-json\/wp\/v2\/comments?post=20530"}],"version-history":[{"count":2,"href":"https:\/\/blogdafeira.com.br\/home\/wp-json\/wp\/v2\/posts\/20530\/revisions"}],"predecessor-version":[{"id":20536,"href":"https:\/\/blogdafeira.com.br\/home\/wp-json\/wp\/v2\/posts\/20530\/revisions\/20536"}],"wp:attachment":[{"href":"https:\/\/blogdafeira.com.br\/home\/wp-json\/wp\/v2\/media?parent=20530"}],"wp:term":[{"taxonomy":"category","embeddable":true,"href":"https:\/\/blogdafeira.com.br\/home\/wp-json\/wp\/v2\/categories?post=20530"},{"taxonomy":"post_tag","embeddable":true,"href":"https:\/\/blogdafeira.com.br\/home\/wp-json\/wp\/v2\/tags?post=20530"}],"curies":[{"name":"wp","href":"https:\/\/api.w.org\/{rel}","templated":true}]}}