{"id":20612,"date":"2016-04-05T05:53:26","date_gmt":"2016-04-05T08:53:26","guid":{"rendered":"http:\/\/blogdafeira.com.br\/home\/?p=20612"},"modified":"2016-04-05T05:54:29","modified_gmt":"2016-04-05T08:54:29","slug":"rei-e-rainha-da-micareta-de-feira-serao-escolhidos-no-dia-do-esquenta","status":"publish","type":"post","link":"https:\/\/blogdafeira.com.br\/home\/2016\/04\/05\/rei-e-rainha-da-micareta-de-feira-serao-escolhidos-no-dia-do-esquenta\/","title":{"rendered":"Rei e Rainha da Micareta de Feira ser\u00e3o escolhidos no dia do &#8216;Esquenta&#8217;"},"content":{"rendered":"<div id=\"blogd-2579931756\" class=\"blogd-fim-do-post-mobile blogd-entity-placement\" style=\"margin-left: auto;margin-right: auto;text-align: center;\"><a href=\"https:\/\/www.sefaz.feiradesantana.ba.gov.br\/\" target=\"_blank\" aria-label=\"728&#215;90 (6)\"><img loading=\"lazy\" decoding=\"async\" src=\"https:\/\/blogdafeira.com.br\/home\/wp-content\/uploads\/2026\/03\/728x90-6.gif\" alt=\"\"  class=\"no-lazyload\" width=\"728\" height=\"90\"  style=\"display: inline-block;\" \/><\/a><\/div><p><img loading=\"lazy\" decoding=\"async\" class=\"alignleft size-medium wp-image-20617\" src=\"http:\/\/blogdafeira.com.br\/home\/wp-content\/uploads\/2016\/04\/mica-323x300.jpg\" alt=\"mica\" width=\"323\" height=\"300\" srcset=\"https:\/\/blogdafeira.com.br\/home\/wp-content\/uploads\/2016\/04\/mica-323x300.jpg 323w, https:\/\/blogdafeira.com.br\/home\/wp-content\/uploads\/2016\/04\/mica-161x150.jpg 161w, https:\/\/blogdafeira.com.br\/home\/wp-content\/uploads\/2016\/04\/mica.jpg 470w\" sizes=\"auto, (max-width: 323px) 100vw, 323px\" \/>Principal evento p\u00fablico pr\u00e9-micaretesco, o Esquenta, que acontece h\u00e1\u00a0cinco\u00a0anos, vai ser realizado no dia 17, na rua S\u00e3o Domingos, nos Capuchinhos e nesse\u00a0\u00a0dia ser\u00e3o escolhidos o rei momo e a rainha e princesas da Micareta, que acontece de 28 de abril a 1\u00ba de maio.<\/p><div id=\"blogd-1493699642\" class=\"blogd-conteudo-2-mobile blogd-entity-placement\"><a href=\"https:\/\/feirenses.com.br\/\" target=\"_blank\" aria-label=\"feirenses\"><img loading=\"lazy\" decoding=\"async\" src=\"https:\/\/blogdafeira.com.br\/home\/wp-content\/uploads\/2026\/04\/feirenses.png\" alt=\"\"  srcset=\"https:\/\/blogdafeira.com.br\/home\/wp-content\/uploads\/2026\/04\/feirenses.png 300w, https:\/\/blogdafeira.com.br\/home\/wp-content\/uploads\/2026\/04\/feirenses-170x45.png 170w, https:\/\/blogdafeira.com.br\/home\/wp-content\/uploads\/2026\/04\/feirenses-280x74.png 280w\" sizes=\"(max-width: 300px) 100vw, 300px\" class=\"no-lazyload\" width=\"300\" height=\"79\"  style=\"display: inline-block;\" \/><\/a><\/div>\n<p>O evento, que vai ser animado por bandinhas e fanfarras, vai ser iniciado \u00e0s 10h e o palco ser\u00e1 montado na rua Venezuela.<\/p>\n<p>O cetro e a coroa de rei momo ser\u00e3o disputados por dois candidatos e 16 jovens se inscreveram para concorrer \u00e0 faixa e coroa de rainha da festa.<\/p>\n<p>Antes, no dia 8 de abril, as candidatas participar\u00e3o da pr\u00e9-sele\u00e7\u00e3o, quando dez passar\u00e3o \u00e0 final.\u00a0A premia\u00e7\u00e3o ser\u00e1 de R$ 2 mil para a rainha e rei momo, e de R$ 1,5 mil para as princesas. Todos tamb\u00e9m receber\u00e3o brindes ofertados pelo Governo Municipal.<\/p>\n<div id=\"blogd-4216114626\" class=\"blogd-final-post blogd-entity-placement\"><a href=\"https:\/\/www.feiradesantana.ba.leg.br\/\" target=\"_blank\" aria-label=\"BANNER-SITE-ENTREGADECHEQUE-CAMARADEFEIRA\"><img loading=\"lazy\" decoding=\"async\" src=\"https:\/\/blogdafeira.com.br\/home\/wp-content\/uploads\/2026\/03\/BANNER-SITE-ENTREGADECHEQUE-CAMARADEFEIRA.gif\" alt=\"\"  class=\"no-lazyload\" width=\"728\" height=\"90\"   \/><\/a><\/div><p><em>Fonte: Secom<\/em><\/p>\n","protected":false},"excerpt":{"rendered":"<p>Principal evento p\u00fablico pr\u00e9-micaretesco, o Esquenta, que acontece h\u00e1\u00a0cinco\u00a0anos, vai ser realizado no dia 17, na rua S\u00e3o Domingos, nos Capuchinhos e nesse\u00a0\u00a0dia ser\u00e3o escolhidos o rei momo e a rainha e princesas da Micareta, que acontece de 28 de abril a 1\u00ba de maio. O evento, que vai ser animado por bandinhas e fanfarras,<\/p>\n","protected":false},"author":1,"featured_media":0,"comment_status":"closed","ping_status":"closed","sticky":false,"template":"","format":"standard","meta":{"jetpack_post_was_ever_published":false,"cybocfi_hide_featured_image":"","_jetpack_newsletter_access":"","_jetpack_dont_email_post_to_subs":false,"_jetpack_newsletter_tier_id":0,"_jetpack_memberships_contains_paywalled_content":false,"_jetpack_memberships_contains_paid_content":false,"footnotes":"","jetpack_publicize_message":"","jetpack_publicize_feature_enabled":true,"jetpack_social_post_already_shared":true,"jetpack_social_options":{"image_generator_settings":{"template":"highway","default_image_id":0,"font":"","enabled":false},"version":2}},"categories":[1],"tags":[],"class_list":["post-20612","post","type-post","status-publish","format-standard","hentry","category-raiz"],"jetpack_publicize_connections":[],"jetpack_featured_media_url":"","jetpack_shortlink":"https:\/\/wp.me\/p3niVf-5ms","jetpack_sharing_enabled":true,"jetpack-related-posts":[{"id":10360,"url":"https:\/\/blogdafeira.com.br\/home\/2014\/04\/22\/micareta-de-feira-rainha-e-princesas-serao-coroadas-nesta-quinta\/","url_meta":{"origin":20612,"position":0},"title":"Micareta de Feira &#8211; Rainha e Princesas ser\u00e3o coroadas nesta quinta","author":"Blog da Feira","date":"22\/04\/2014","format":false,"excerpt":"A Micareta de Feira de Santana ser\u00e1 aberta oficialmente \u00e0s 20h, nesta quinta-feira, 24, no circuito Maneca Ferreira (avenida Presidente Dutra), com a entrega simb\u00f3lica da chave da cidade ao Rei Momo Dilson Chagas, pelo prefeito Jos\u00e9 Ronaldo de Carvalho. Na mesma cerim\u00f4nia, a Rainha Jicilene \u00a0de Oliveira ser\u00e1 coroada\u2026","rel":"","context":"Em &quot;Home&quot;","block_context":{"text":"Home","link":"https:\/\/blogdafeira.com.br\/home\/categoria\/raiz\/"},"img":{"alt_text":"rainhas","src":"https:\/\/i0.wp.com\/blogdafeira.com.br\/home\/wp-content\/uploads\/2014\/04\/rainhas1.jpg?resize=350%2C200","width":350,"height":200},"classes":[]},{"id":26760,"url":"https:\/\/blogdafeira.com.br\/home\/2017\/05\/02\/vote-agora-no-rei-momo-e-rainha-da-micareta-de-feira-de-santana\/","url_meta":{"origin":20612,"position":1},"title":"Vote agora no Rei Momo e Rainha da Micareta de Feira de Santana","author":"Blog da Feira","date":"02\/05\/2017","format":false,"excerpt":"Vote aqui (clique aqui) na Rainha e Rei Momo da Micareta de Feira de Santana deste ano. \u00a0O site para a vota\u00e7\u00e3o \u00a0est\u00e1 no ar, desde as primeiras horas desta ter\u00e7a-feira, 2.\u00a0Na quinta-feira, 5, a vota\u00e7\u00e3o ser\u00e1 encerrada A vota\u00e7\u00e3o \u00e9 simples: o internauta vai escolher os seus candidatos preferidos\u2026","rel":"","context":"Em &quot;Home&quot;","block_context":{"text":"Home","link":"https:\/\/blogdafeira.com.br\/home\/categoria\/raiz\/"},"img":{"alt_text":"micarats","src":"https:\/\/i0.wp.com\/blogdafeira.com.br\/home\/wp-content\/uploads\/2017\/05\/MICARATS.jpg?resize=350%2C200","width":350,"height":200,"srcset":"https:\/\/i0.wp.com\/blogdafeira.com.br\/home\/wp-content\/uploads\/2017\/05\/MICARATS.jpg?resize=350%2C200 1x, https:\/\/i0.wp.com\/blogdafeira.com.br\/home\/wp-content\/uploads\/2017\/05\/MICARATS.jpg?resize=525%2C300 1.5x"},"classes":[]},{"id":61845,"url":"https:\/\/blogdafeira.com.br\/home\/2024\/04\/04\/transexual-concorre-ao-titulo-de-rainha-da-micareta-de-feira-2024\/","url_meta":{"origin":20612,"position":2},"title":"Transexual concorre ao t\u00edtulo de Rainha da Micareta de Feira 2024","author":"Blog da Feira","date":"04\/04\/2024","format":false,"excerpt":"Dez mulheres - sendo uma transexual - concorrem ao t\u00edtulo de rainha e princesas da Micareta de Feira 2024, que acontece entre os dias 18 e 21 deste m\u00eas. A escolha ocorrer\u00e1 nesta sexta-feira (5), \u00e0s 16h, no Teatro Municipal Margarida Ribeiro. Operadora de temarketing e bailarina, a transexual Ariele\u2026","rel":"","context":"Em &quot;Cultura&quot;","block_context":{"text":"Cultura","link":"https:\/\/blogdafeira.com.br\/home\/categoria\/cultura\/"},"img":{"alt_text":"","src":"https:\/\/i0.wp.com\/blogdafeira.com.br\/home\/wp-content\/uploads\/2024\/04\/DSC_41001-1-scaled.jpg?resize=350%2C200&ssl=1","width":350,"height":200,"srcset":"https:\/\/i0.wp.com\/blogdafeira.com.br\/home\/wp-content\/uploads\/2024\/04\/DSC_41001-1-scaled.jpg?resize=350%2C200&ssl=1 1x, https:\/\/i0.wp.com\/blogdafeira.com.br\/home\/wp-content\/uploads\/2024\/04\/DSC_41001-1-scaled.jpg?resize=525%2C300&ssl=1 1.5x, https:\/\/i0.wp.com\/blogdafeira.com.br\/home\/wp-content\/uploads\/2024\/04\/DSC_41001-1-scaled.jpg?resize=700%2C400&ssl=1 2x, https:\/\/i0.wp.com\/blogdafeira.com.br\/home\/wp-content\/uploads\/2024\/04\/DSC_41001-1-scaled.jpg?resize=1050%2C600&ssl=1 3x, https:\/\/i0.wp.com\/blogdafeira.com.br\/home\/wp-content\/uploads\/2024\/04\/DSC_41001-1-scaled.jpg?resize=1400%2C800&ssl=1 4x"},"classes":[]},{"id":14419,"url":"https:\/\/blogdafeira.com.br\/home\/2015\/04\/02\/micareta-de-feira-escolha-da-rainha-e-princesas-sera-na-proxima-semana\/","url_meta":{"origin":20612,"position":3},"title":"MICARETA DE FEIRA &#8211; escolha da Rainha e Princesas ser\u00e1 na pr\u00f3xima semana","author":"Blog da Feira","date":"02\/04\/2015","format":false,"excerpt":"","rel":"","context":"Em &quot;Home&quot;","block_context":{"text":"Home","link":"https:\/\/blogdafeira.com.br\/home\/categoria\/raiz\/"},"img":{"alt_text":"CONVITE CONCURSO REI MOMO-01","src":"https:\/\/i0.wp.com\/blogdafeira.com.br\/home\/wp-content\/uploads\/2015\/04\/CONVITE-CONCURSO-REI-MOMO-01-724x1024.jpg?resize=350%2C200","width":350,"height":200,"srcset":"https:\/\/i0.wp.com\/blogdafeira.com.br\/home\/wp-content\/uploads\/2015\/04\/CONVITE-CONCURSO-REI-MOMO-01-724x1024.jpg?resize=350%2C200 1x, https:\/\/i0.wp.com\/blogdafeira.com.br\/home\/wp-content\/uploads\/2015\/04\/CONVITE-CONCURSO-REI-MOMO-01-724x1024.jpg?resize=525%2C300 1.5x"},"classes":[]},{"id":9994,"url":"https:\/\/blogdafeira.com.br\/home\/2014\/04\/01\/vote-pela-internet-no-rei-e-na-rainha-da-micareta-de-feira-de-santana\/","url_meta":{"origin":20612,"position":4},"title":"Vote  pela internet no Rei e na Rainha da Micareta de Feira de Santana","author":"Blog da Feira","date":"01\/04\/2014","format":false,"excerpt":"A escolha da Rainha e do Rei Momo da Micareta 2014 acontecer\u00e1 nesta quarta-feira (2), \u00e0s 19h, no Centro Universit\u00e1rio de Cultura e Arte (Cuca). Est\u00e3o participando do concurso 10 candidatas. Mas o internauta pode votar pela internet at\u00e9 as 23h59 de hoje (1\u00ba): clique aqui e vote. A vota\u00e7\u00e3o\u2026","rel":"","context":"Em &quot;Home&quot;","block_context":{"text":"Home","link":"https:\/\/blogdafeira.com.br\/home\/categoria\/raiz\/"},"img":{"alt_text":"","src":"","width":0,"height":0},"classes":[]},{"id":30921,"url":"https:\/\/blogdafeira.com.br\/home\/2019\/03\/10\/edson-borges-acaba-com-reeleicao-para-rei-momo-e-rainha-da-micareta-de-feira-de-santana\/","url_meta":{"origin":20612,"position":5},"title":"Edson Borges acaba com reelei\u00e7\u00e3o para Rei Momo e Rainha da Micareta de Feira de Santana","author":"J\u00e2nio R\u00eago","date":"10\/03\/2019","format":false,"excerpt":"O jornalista e secret\u00e1rio de Cultura de Feira de Santana, Edson Borges, acabou com a reelei\u00e7\u00e3o para Rei Momo e Rainha da Micareta. A medida atinge pelo menos um ex-Rei Momo de Feira: o 'Rei Dilsinho' que foi Rei pela primeira vez h\u00e1 quase uma d\u00e9cada e desde ent\u00e3o incorporou\u2026","rel":"","context":"Em &quot;Home&quot;","block_context":{"text":"Home","link":"https:\/\/blogdafeira.com.br\/home\/categoria\/raiz\/"},"img":{"alt_text":"","src":"https:\/\/i0.wp.com\/blogdafeira.com.br\/home\/wp-content\/uploads\/2019\/03\/70905-3.jpg?resize=350%2C200&ssl=1","width":350,"height":200,"srcset":"https:\/\/i0.wp.com\/blogdafeira.com.br\/home\/wp-content\/uploads\/2019\/03\/70905-3.jpg?resize=350%2C200&ssl=1 1x, https:\/\/i0.wp.com\/blogdafeira.com.br\/home\/wp-content\/uploads\/2019\/03\/70905-3.jpg?resize=525%2C300&ssl=1 1.5x"},"classes":[]}],"_links":{"self":[{"href":"https:\/\/blogdafeira.com.br\/home\/wp-json\/wp\/v2\/posts\/20612","targetHints":{"allow":["GET"]}}],"collection":[{"href":"https:\/\/blogdafeira.com.br\/home\/wp-json\/wp\/v2\/posts"}],"about":[{"href":"https:\/\/blogdafeira.com.br\/home\/wp-json\/wp\/v2\/types\/post"}],"author":[{"embeddable":true,"href":"https:\/\/blogdafeira.com.br\/home\/wp-json\/wp\/v2\/users\/1"}],"replies":[{"embeddable":true,"href":"https:\/\/blogdafeira.com.br\/home\/wp-json\/wp\/v2\/comments?post=20612"}],"version-history":[{"count":2,"href":"https:\/\/blogdafeira.com.br\/home\/wp-json\/wp\/v2\/posts\/20612\/revisions"}],"predecessor-version":[{"id":20620,"href":"https:\/\/blogdafeira.com.br\/home\/wp-json\/wp\/v2\/posts\/20612\/revisions\/20620"}],"wp:attachment":[{"href":"https:\/\/blogdafeira.com.br\/home\/wp-json\/wp\/v2\/media?parent=20612"}],"wp:term":[{"taxonomy":"category","embeddable":true,"href":"https:\/\/blogdafeira.com.br\/home\/wp-json\/wp\/v2\/categories?post=20612"},{"taxonomy":"post_tag","embeddable":true,"href":"https:\/\/blogdafeira.com.br\/home\/wp-json\/wp\/v2\/tags?post=20612"}],"curies":[{"name":"wp","href":"https:\/\/api.w.org\/{rel}","templated":true}]}}