{"id":20699,"date":"2016-04-07T08:12:40","date_gmt":"2016-04-07T11:12:40","guid":{"rendered":"http:\/\/blogdafeira.com.br\/home\/?p=20699"},"modified":"2016-04-07T08:12:40","modified_gmt":"2016-04-07T11:12:40","slug":"notas-fiscais-eletronicas-ja-sao-mais-de-5-milhoes-emitidas-na-bahia","status":"publish","type":"post","link":"https:\/\/blogdafeira.com.br\/home\/2016\/04\/07\/notas-fiscais-eletronicas-ja-sao-mais-de-5-milhoes-emitidas-na-bahia\/","title":{"rendered":"Notas fiscais eletr\u00f4nicas: j\u00e1 s\u00e3o mais de 5 milh\u00f5es emitidas na Bahia"},"content":{"rendered":"<div id=\"blogd-3960938102\" class=\"blogd-fim-do-post-mobile blogd-entity-placement\" style=\"margin-left: auto;margin-right: auto;text-align: center;\"><a href=\"https:\/\/www.sefaz.feiradesantana.ba.gov.br\/\" target=\"_blank\" aria-label=\"728&#215;90 (6)\"><img loading=\"lazy\" decoding=\"async\" src=\"https:\/\/blogdafeira.com.br\/home\/wp-content\/uploads\/2026\/03\/728x90-6.gif\" alt=\"\"  class=\"no-lazyload\" width=\"728\" height=\"90\"  style=\"display: inline-block;\" \/><\/a><\/div><p>A Bahia ultrapassou a marca de cinco milh\u00f5es de NFC-e emitidas. A\u00a0Nota Fiscal do\u00a0Consumidor Eletr\u00f4nica oferece ao consumidor acesso on-line \u00e0s suas notas fiscais e a possibilidade de aferir, tamb\u00e9m on-line, a autenticidade das notas recebidas.<\/p><div id=\"blogd-1908133251\" class=\"blogd-conteudo-2-mobile blogd-entity-placement\"><a href=\"https:\/\/feirenses.com.br\/\" target=\"_blank\" aria-label=\"feirenses\"><img loading=\"lazy\" decoding=\"async\" src=\"https:\/\/blogdafeira.com.br\/home\/wp-content\/uploads\/2026\/04\/feirenses.png\" alt=\"\"  srcset=\"https:\/\/blogdafeira.com.br\/home\/wp-content\/uploads\/2026\/04\/feirenses.png 300w, https:\/\/blogdafeira.com.br\/home\/wp-content\/uploads\/2026\/04\/feirenses-170x45.png 170w, https:\/\/blogdafeira.com.br\/home\/wp-content\/uploads\/2026\/04\/feirenses-280x74.png 280w\" sizes=\"(max-width: 300px) 100vw, 300px\" class=\"no-lazyload\" width=\"300\" height=\"79\"  style=\"display: inline-block;\" \/><\/a><\/div>\n<p>De acordo com a\u00a0Secretaria da Fazenda do Estado (Sefaz-Ba), os contribuintes devem ficar atentos ao calend\u00e1rio de obrigatoriedade: as empresas com faturamento acima de R$ 3,6 milh\u00f5es t\u00eam at\u00e9\u00a01\u00ba de julho\u00a0para se cadastrarem na\u00a0NFC-e<\/p>\n<p>At\u00e9 agora, 3.070 estabelecimentos est\u00e3o credenciados, dos quais 1.342 j\u00e1 est\u00e3o emitindo a NFC-e.\u00a0 Entre os contribuintes emissores est\u00e3o grandes empresas como Adidas e Walmart. A experi\u00eancia na fase de ades\u00e3o espont\u00e2nea tem sido avaliada positivamente pelas empresas participantes.<\/p>\n<p>A partir de janeiro de 2017, a obrigatoriedade valer\u00e1 para todos os novos estabelecimentos inscritos no cadastro do ICMS no Estado, com exce\u00e7\u00e3o das microempresas, que ter\u00e3o at\u00e9 o final de 2019 para se cadastrarem.<\/p>\n<div id=\"blogd-4047866916\" class=\"blogd-final-post blogd-entity-placement\"><a href=\"https:\/\/www.feiradesantana.ba.leg.br\/\" target=\"_blank\" aria-label=\"BANNER-SITE-ENTREGADECHEQUE-CAMARADEFEIRA\"><img loading=\"lazy\" decoding=\"async\" src=\"https:\/\/blogdafeira.com.br\/home\/wp-content\/uploads\/2026\/03\/BANNER-SITE-ENTREGADECHEQUE-CAMARADEFEIRA.gif\" alt=\"\"  class=\"no-lazyload\" width=\"728\" height=\"90\"   \/><\/a><\/div><p>Enquanto isso, qualquer estabelecimento pode se cadastrar espontaneamente e come\u00e7ar a operar com o documento. Entre os emissores da NFC-e na Bahia est\u00e3o grandes empresas, como Adidas e Wal-mart. Para aderir, basta fazer a configura\u00e7\u00e3o on-line: o link\u00a0<a href=\"http:\/\/www.sefaz.ba.gov.br\/especiais\/como_se_tornar_emissor_nfce.html\">http:\/\/www.sefaz.ba.gov.br\/especiais\/como_se_tornar_emissor_nfce.html<\/a>traz o passo-a-passo do processo.<\/p>\n","protected":false},"excerpt":{"rendered":"<p>A Bahia ultrapassou a marca de cinco milh\u00f5es de NFC-e emitidas. A\u00a0Nota Fiscal do\u00a0Consumidor Eletr\u00f4nica oferece ao consumidor acesso on-line \u00e0s suas notas fiscais e a possibilidade de aferir, tamb\u00e9m on-line, a autenticidade das notas recebidas. De acordo com a\u00a0Secretaria da Fazenda do Estado (Sefaz-Ba), os contribuintes devem ficar atentos ao calend\u00e1rio de obrigatoriedade: as<\/p>\n","protected":false},"author":1,"featured_media":0,"comment_status":"closed","ping_status":"closed","sticky":false,"template":"","format":"standard","meta":{"jetpack_post_was_ever_published":false,"cybocfi_hide_featured_image":"","_jetpack_newsletter_access":"","_jetpack_dont_email_post_to_subs":false,"_jetpack_newsletter_tier_id":0,"_jetpack_memberships_contains_paywalled_content":false,"_jetpack_memberships_contains_paid_content":false,"footnotes":"","jetpack_publicize_message":"","jetpack_publicize_feature_enabled":true,"jetpack_social_post_already_shared":true,"jetpack_social_options":{"image_generator_settings":{"template":"highway","default_image_id":0,"font":"","enabled":false},"version":2}},"categories":[1],"tags":[],"class_list":["post-20699","post","type-post","status-publish","format-standard","hentry","category-raiz"],"jetpack_publicize_connections":[],"jetpack_featured_media_url":"","jetpack_shortlink":"https:\/\/wp.me\/p3niVf-5nR","jetpack_sharing_enabled":true,"jetpack-related-posts":[{"id":64213,"url":"https:\/\/blogdafeira.com.br\/home\/2024\/10\/11\/secretaria-da-fazenda-fiscaliza-maquinas-de-cartoes-de-credito-no-comercio-baiano\/","url_meta":{"origin":20699,"position":0},"title":"Secretaria da Fazenda  fiscaliza m\u00e1quinas de cart\u00f5es de cr\u00e9dito no com\u00e9rcio baiano","author":"Blog da Feira","date":"11\/10\/2024","format":false,"excerpt":"Com o objetivo de fiscalizar a regularidade fiscal no uso das m\u00e1quinas de cart\u00f5es de cr\u00e9dito e d\u00e9bito em estabelecimentos comerciais de todas as regi\u00f5es da Bahia, a Secretaria da Fazenda do Estado (Sefaz-BA) acaba de dar in\u00edcio \u00e0 opera\u00e7\u00e3o Ponto de Venda, com atua\u00e7\u00e3o em toda a Bahia. Tamb\u00e9m\u2026","rel":"","context":"Em &quot;Economia&quot;","block_context":{"text":"Economia","link":"https:\/\/blogdafeira.com.br\/home\/categoria\/economia\/"},"img":{"alt_text":"","src":"https:\/\/i0.wp.com\/blogdafeira.com.br\/home\/wp-content\/uploads\/2024\/10\/Foto-Divulgacao-Ascom-Sefaz-Ba-1068x712-1.jpg?resize=350%2C200&ssl=1","width":350,"height":200,"srcset":"https:\/\/i0.wp.com\/blogdafeira.com.br\/home\/wp-content\/uploads\/2024\/10\/Foto-Divulgacao-Ascom-Sefaz-Ba-1068x712-1.jpg?resize=350%2C200&ssl=1 1x, https:\/\/i0.wp.com\/blogdafeira.com.br\/home\/wp-content\/uploads\/2024\/10\/Foto-Divulgacao-Ascom-Sefaz-Ba-1068x712-1.jpg?resize=525%2C300&ssl=1 1.5x, https:\/\/i0.wp.com\/blogdafeira.com.br\/home\/wp-content\/uploads\/2024\/10\/Foto-Divulgacao-Ascom-Sefaz-Ba-1068x712-1.jpg?resize=700%2C400&ssl=1 2x, https:\/\/i0.wp.com\/blogdafeira.com.br\/home\/wp-content\/uploads\/2024\/10\/Foto-Divulgacao-Ascom-Sefaz-Ba-1068x712-1.jpg?resize=1050%2C600&ssl=1 3x"},"classes":[]},{"id":28959,"url":"https:\/\/blogdafeira.com.br\/home\/2018\/01\/16\/em-feira-de-santana-35-instituicoes-participam-do-sua-nota-e-um-show-de-solidariedade\/","url_meta":{"origin":20699,"position":1},"title":"Em Feira de Santana 35 institui\u00e7\u00f5es participam do &#8216;Sua Nota \u00e9 um Show de Solidariedade&#8217;","author":"Blog da Feira","date":"16\/01\/2018","format":false,"excerpt":"Os cidad\u00e3os de Feira de Santana que aderirem \u00e0 Nota Premiada Bahia concorrer\u00e3o a pr\u00eamios de at\u00e9 R$ 1 milh\u00e3o e ainda ir\u00e3o compartilhar suas notas fiscais eletr\u00f4nicas com institui\u00e7\u00f5es locais participantes do programa Sua Nota \u00e9 um Show de Solidariedade. O primeiro passo \u00e9 fazer o cadastro no sitewww.notapremiadabahia.ba.gov.br,escolhendo\u2026","rel":"","context":"Em &quot;Home&quot;","block_context":{"text":"Home","link":"https:\/\/blogdafeira.com.br\/home\/categoria\/raiz\/"},"img":{"alt_text":"images-20","src":"https:\/\/i0.wp.com\/blogdafeira.com.br\/home\/wp-content\/uploads\/2018\/01\/images-20.jpeg?resize=350%2C200","width":350,"height":200,"srcset":"https:\/\/i0.wp.com\/blogdafeira.com.br\/home\/wp-content\/uploads\/2018\/01\/images-20.jpeg?resize=350%2C200 1x, https:\/\/i0.wp.com\/blogdafeira.com.br\/home\/wp-content\/uploads\/2018\/01\/images-20.jpeg?resize=525%2C300 1.5x"},"classes":[]},{"id":52112,"url":"https:\/\/blogdafeira.com.br\/home\/2022\/05\/05\/aplicativo-escolhe-melhor-preco-pelas-notas-fiscais-da-sefaz\/","url_meta":{"origin":20699,"position":2},"title":"Aplicativo escolhe melhor pre\u00e7o pelas notas fiscais da Sefaz","author":"Blog da Feira","date":"05\/05\/2022","format":false,"excerpt":"Os consumidores baianos n\u00e3o precisam sair de casa para economizar neste Dia das M\u00e3es. Com o aplicativo Pre\u00e7o da Hora Bahia, que toma por base as informa\u00e7\u00f5es extra\u00eddas das notas fiscais eletr\u00f4nicas armazenadas na Secretaria da Fazenda (Sefaz-Ba), \u00e9 poss\u00edvel pesquisar os melhores pre\u00e7os de mais de 500 mil produtos\u2026","rel":"","context":"Em &quot;Geral&quot;","block_context":{"text":"Geral","link":"https:\/\/blogdafeira.com.br\/home\/categoria\/geral\/"},"img":{"alt_text":"","src":"https:\/\/i0.wp.com\/blogdafeira.com.br\/home\/wp-content\/uploads\/2022\/05\/Screenshot_20220505-1801492.png?resize=350%2C200&ssl=1","width":350,"height":200,"srcset":"https:\/\/i0.wp.com\/blogdafeira.com.br\/home\/wp-content\/uploads\/2022\/05\/Screenshot_20220505-1801492.png?resize=350%2C200&ssl=1 1x, https:\/\/i0.wp.com\/blogdafeira.com.br\/home\/wp-content\/uploads\/2022\/05\/Screenshot_20220505-1801492.png?resize=525%2C300&ssl=1 1.5x, https:\/\/i0.wp.com\/blogdafeira.com.br\/home\/wp-content\/uploads\/2022\/05\/Screenshot_20220505-1801492.png?resize=700%2C400&ssl=1 2x"},"classes":[]},{"id":46493,"url":"https:\/\/blogdafeira.com.br\/home\/2021\/07\/17\/sac-digital-emite-titulo-de-eleitor-e-faz-alistamento-militar\/","url_meta":{"origin":20699,"position":3},"title":"SAC Digital emite t\u00edtulo de eleitor e faz alistamento militar","author":"Blog da Feira","date":"17\/07\/2021","format":false,"excerpt":"Os cidad\u00e3os baianos j\u00e1 podem usar o SAC Digital para solicitar primeira\u00a0 via do t\u00edtulo de eleitor, justificar aus\u00eancia a elei\u00e7\u00f5es e realizar alistamento militar on-line. As facilidades oferecidas pela Justi\u00e7a Eleitoral e pela Diretoria do Servi\u00e7o Militar acabam de ser incorporadas \u00e0 cartela de servi\u00e7os da plataforma eletr\u00f4nica do\u2026","rel":"","context":"Em &quot;Bahia&quot;","block_context":{"text":"Bahia","link":"https:\/\/blogdafeira.com.br\/home\/categoria\/bahia\/"},"img":{"alt_text":"","src":"https:\/\/i0.wp.com\/blogdafeira.com.br\/home\/wp-content\/uploads\/2021\/07\/Digitalizacao_DetranBA-696x464-1.jpeg?resize=350%2C200&ssl=1","width":350,"height":200,"srcset":"https:\/\/i0.wp.com\/blogdafeira.com.br\/home\/wp-content\/uploads\/2021\/07\/Digitalizacao_DetranBA-696x464-1.jpeg?resize=350%2C200&ssl=1 1x, https:\/\/i0.wp.com\/blogdafeira.com.br\/home\/wp-content\/uploads\/2021\/07\/Digitalizacao_DetranBA-696x464-1.jpeg?resize=525%2C300&ssl=1 1.5x"},"classes":[]},{"id":41346,"url":"https:\/\/blogdafeira.com.br\/home\/2020\/10\/23\/dois-moradores-de-feira-ganham-10-mil-na-nota-premiada\/","url_meta":{"origin":20699,"position":4},"title":"Dois moradores de Feira ganham 10 mil na &#8220;Nota Premiada&#8221;","author":"Blog da Feira","date":"23\/10\/2020","format":false,"excerpt":"Dois moradores da cidade de Feira de Santana foram contemplados no sorteio de outubro da Nota Premiada Bahia, com R$ 10 mil cada. O resultado foi publicado nesta quinta-feira (22) no site www.notapremiadabahia.ba.gov.br\u00a0e tamb\u00e9m nas redes sociais @notapremiadabahia e @sefazbahia (Instagram), @sefaz.govba (Facebook) e @sefazba (Twitter). Al\u00e9m dos dois ganhadores\u2026","rel":"","context":"Em &quot;Bahia&quot;","block_context":{"text":"Bahia","link":"https:\/\/blogdafeira.com.br\/home\/categoria\/bahia\/"},"img":{"alt_text":"","src":"https:\/\/i0.wp.com\/blogdafeira.com.br\/home\/wp-content\/uploads\/2020\/10\/nota-premiada-sfsdf.jpg?resize=350%2C200&ssl=1","width":350,"height":200,"srcset":"https:\/\/i0.wp.com\/blogdafeira.com.br\/home\/wp-content\/uploads\/2020\/10\/nota-premiada-sfsdf.jpg?resize=350%2C200&ssl=1 1x, https:\/\/i0.wp.com\/blogdafeira.com.br\/home\/wp-content\/uploads\/2020\/10\/nota-premiada-sfsdf.jpg?resize=525%2C300&ssl=1 1.5x, https:\/\/i0.wp.com\/blogdafeira.com.br\/home\/wp-content\/uploads\/2020\/10\/nota-premiada-sfsdf.jpg?resize=700%2C400&ssl=1 2x, https:\/\/i0.wp.com\/blogdafeira.com.br\/home\/wp-content\/uploads\/2020\/10\/nota-premiada-sfsdf.jpg?resize=1050%2C600&ssl=1 3x"},"classes":[]},{"id":41934,"url":"https:\/\/blogdafeira.com.br\/home\/2020\/11\/19\/mais-cinco-moradores-de-feira-ganham-nota-premiada-r10-mil\/","url_meta":{"origin":20699,"position":5},"title":"Mais cinco moradores de Feira ganham Nota Premiada: R$10 mil","author":"Blog da Feira","date":"19\/11\/2020","format":false,"excerpt":"Cinco moradores de Feira de Santana foram contemplados, com R$ 10 mil cada, no sorteio de novembro da Nota Premiada Bahia, que teve resultado divulgado ontem, quinta-feira (19). At\u00e9 hoje, 53 cidad\u00e3os feirenses j\u00e1 foram sorteados desde o in\u00edcio da campanha, em fevereiro de 2018. Ao todo, foram 91 pr\u00eamios\u2026","rel":"","context":"Em &quot;Cidade&quot;","block_context":{"text":"Cidade","link":"https:\/\/blogdafeira.com.br\/home\/categoria\/cidade\/"},"img":{"alt_text":"","src":"https:\/\/i0.wp.com\/blogdafeira.com.br\/home\/wp-content\/uploads\/2020\/11\/Sua-Nota.jpg?resize=350%2C200&ssl=1","width":350,"height":200},"classes":[]}],"_links":{"self":[{"href":"https:\/\/blogdafeira.com.br\/home\/wp-json\/wp\/v2\/posts\/20699","targetHints":{"allow":["GET"]}}],"collection":[{"href":"https:\/\/blogdafeira.com.br\/home\/wp-json\/wp\/v2\/posts"}],"about":[{"href":"https:\/\/blogdafeira.com.br\/home\/wp-json\/wp\/v2\/types\/post"}],"author":[{"embeddable":true,"href":"https:\/\/blogdafeira.com.br\/home\/wp-json\/wp\/v2\/users\/1"}],"replies":[{"embeddable":true,"href":"https:\/\/blogdafeira.com.br\/home\/wp-json\/wp\/v2\/comments?post=20699"}],"version-history":[{"count":1,"href":"https:\/\/blogdafeira.com.br\/home\/wp-json\/wp\/v2\/posts\/20699\/revisions"}],"predecessor-version":[{"id":20700,"href":"https:\/\/blogdafeira.com.br\/home\/wp-json\/wp\/v2\/posts\/20699\/revisions\/20700"}],"wp:attachment":[{"href":"https:\/\/blogdafeira.com.br\/home\/wp-json\/wp\/v2\/media?parent=20699"}],"wp:term":[{"taxonomy":"category","embeddable":true,"href":"https:\/\/blogdafeira.com.br\/home\/wp-json\/wp\/v2\/categories?post=20699"},{"taxonomy":"post_tag","embeddable":true,"href":"https:\/\/blogdafeira.com.br\/home\/wp-json\/wp\/v2\/tags?post=20699"}],"curies":[{"name":"wp","href":"https:\/\/api.w.org\/{rel}","templated":true}]}}