{"id":20966,"date":"2016-04-22T09:53:13","date_gmt":"2016-04-22T12:53:13","guid":{"rendered":"http:\/\/blogdafeira.com.br\/home\/?p=20966"},"modified":"2016-04-22T12:37:49","modified_gmt":"2016-04-22T15:37:49","slug":"andre-galdinho-nome-artistico-baio-do-acordeon-por-jota-sobrinho","status":"publish","type":"post","link":"https:\/\/blogdafeira.com.br\/home\/2016\/04\/22\/andre-galdinho-nome-artistico-baio-do-acordeon-por-jota-sobrinho\/","title":{"rendered":"Andr\u00e9 Galdino, nome art\u00edstico: &#8216;Baio do Acordeon&#8217;, por Jota Sobrinho"},"content":{"rendered":"<div id=\"blogd-902518339\" class=\"blogd-fim-do-post-mobile blogd-entity-placement\" style=\"margin-left: auto;margin-right: auto;text-align: center;\"><a href=\"https:\/\/www.sefaz.feiradesantana.ba.gov.br\/\" target=\"_blank\" aria-label=\"728&#215;90 (6)\"><img loading=\"lazy\" decoding=\"async\" src=\"https:\/\/blogdafeira.com.br\/home\/wp-content\/uploads\/2026\/03\/728x90-6.gif\" alt=\"\"  class=\"no-lazyload\" width=\"728\" height=\"90\"  style=\"display: inline-block;\" \/><\/a><\/div><p><img loading=\"lazy\" decoding=\"async\" class=\"aligncenter size-full wp-image-20967\" src=\"http:\/\/blogdafeira.com.br\/home\/wp-content\/uploads\/2016\/04\/BAIO-SANFONEIRO.jpg\" alt=\"BAIO SANFONEIRO\" width=\"800\" height=\"600\" srcset=\"https:\/\/blogdafeira.com.br\/home\/wp-content\/uploads\/2016\/04\/BAIO-SANFONEIRO.jpg 800w, https:\/\/blogdafeira.com.br\/home\/wp-content\/uploads\/2016\/04\/BAIO-SANFONEIRO-170x128.jpg 170w, https:\/\/blogdafeira.com.br\/home\/wp-content\/uploads\/2016\/04\/BAIO-SANFONEIRO-346x260.jpg 346w, https:\/\/blogdafeira.com.br\/home\/wp-content\/uploads\/2016\/04\/BAIO-SANFONEIRO-768x576.jpg 768w\" sizes=\"auto, (max-width: 800px) 100vw, 800px\" \/>Andr\u00e9 Galdino dos Santos Nome art\u00edstico: Baio do Acordeon.<\/p><div id=\"blogd-3165198435\" class=\"blogd-conteudo-2-mobile blogd-entity-placement\"><a href=\"https:\/\/feirenses.com.br\/\" target=\"_blank\" aria-label=\"feirenses\"><img loading=\"lazy\" decoding=\"async\" src=\"https:\/\/blogdafeira.com.br\/home\/wp-content\/uploads\/2026\/04\/feirenses.png\" alt=\"\"  srcset=\"https:\/\/blogdafeira.com.br\/home\/wp-content\/uploads\/2026\/04\/feirenses.png 300w, https:\/\/blogdafeira.com.br\/home\/wp-content\/uploads\/2026\/04\/feirenses-170x45.png 170w, https:\/\/blogdafeira.com.br\/home\/wp-content\/uploads\/2026\/04\/feirenses-280x74.png 280w\" sizes=\"(max-width: 300px) 100vw, 300px\" class=\"no-lazyload\" width=\"300\" height=\"79\"  style=\"display: inline-block;\" \/><\/a><\/div>\n<p>Nasceu no dia 28 de Fevereiro de 1944, em \u00c1gua Branca, Alagoas, foi batizado na cidade de Miguel Calmon, na Bahia e veio para &nbsp;Feira de Santana com 7 anos de idade. Saiu de Feira para Jacobina, &nbsp;retornando com 9 anos.<\/p>\n<p>Seu pai era funcion\u00e1rio da Leste Brasileira e tocava sanfona de 8 baixos, com quem aprendeu e ambos ficaram, juntos, tocando fole de 8 baixos nas feiras livres da redondeza, acompanhados por Djalma (no pandeiro) e Pedro (no tambor), irm\u00e3os de Baio.<\/p>\n<p>Depois, resolveu experimentar outras sanfonas, acima de 8 baixos, inicialmente, de 24, em seguida, de 48, e depois, de 80 e 120, usando predominantemente, a de 80 baixos.<\/p>\n<p><iframe loading=\"lazy\" width=\"480\" height=\"360\" src=\"https:\/\/www.youtube.com\/embed\/CH1fvsmqIsk\" frameborder=\"0\" allowfullscreen><\/iframe><\/p>\n<p>Em 1974, no antigo Campo do gado, foi ouvido e visto por Luiz Gonzaga, o Rei do Bai\u00e3o, executando \u201cAsa Branca\u201d, composi\u00e7\u00e3o de Luiz Gonzaga e Humberto Teixeira. Gonzag\u00e3o ouvindo aquilo, ficou impressionado e muito alegre, a ponto de prometer para Baio uma sanfona branca de presente.<\/p>\n<p>N\u00e3o demorou muito e Luiz enviou o presente prometido para a casa de Beto (a quem o Rei do bai\u00e3o confiava os consertos dos seus instrumentos), na Rua J. J. Seabra, para que o mesmo repassasse \u00e0s m\u00e3os de Baio.<\/p>\n<p>No momento em que a sanfona branca chegou \u00e0 casa de Beto, ele n\u00e3o estava presente e quem a recebeu foi o nosso amigo e m\u00fasico Erud\u00edlio, que com muita alegria a entregou ao ilustre destinat\u00e1rio: Andr\u00e9 Galdino dos Santos, o Baio do acordeon.<\/p>\n<p>A hist\u00f3ria art\u00edstica de Baio \u00e9 muito rica e bonita. \u00c9 o mais tradicional sanfoneiro de Feira de Santana e Regi\u00e3o. Muito conhecido e reconhecido na Bahia, em todo o restante do Nordeste e em grande parte do restante do Brasil.<\/p>\n<p>Fez muitas amizades por onde passou. Conheceu e conviveu com muitos artistas da m\u00fasica nordestina da \u00e9poca, principalmente, no final da d\u00e9cada de 60, e nas d\u00e9cadas de 70 e 80.<\/p>\n<p>Com o pr\u00f3prio Luiz Gonzaga, Jackson do Pandeiro, Abdias dos 8 baixos, Marin\u00eas, Elias Alves, Jacinto Silva, Osvaldo Oliveira, Elino Juli\u00e3o, Negr\u00e3o dos 8 baixos, Messias Holanda, Lindu, Cobrinha, Coron\u00e9, Coronel Ludugero, Waldik Soriano, Lilico, al\u00e9m de muitos outros.<\/p>\n<p>Mas &nbsp;muito especialmente, Jacinto Limeira, pois o acompanhou em parte da Caravana CBS com o grupo \u201cOs Bambas do Nordeste\u201d, formado por ele (Baio, no Acordeon), Jorge, no zabumba (in memoriam) e Binha, no tri\u00e2ngulo.<\/p>\n<p>Tem participado de muitos eventos, juninos ou n\u00e3o, sempre que o Forr\u00f3 p\u00e9-de-serra \u00e9 solicitado. J\u00e1 participou de muitos trabalhos de grava\u00e7\u00f5es de discos, desde a \u00e9poca do LP, fitas e, agora, CDs.<\/p>\n<p>Foi o grande vencedor do 1\u00ba Festival de Sanfoneiros de Feira de Santana\/BA, em 2008, realizado no audit\u00f3rio do CUCA. Recebeu um lindo trof\u00e9u que guarda com muito carinho.<\/p>\n<div id=\"blogd-2388996130\" class=\"blogd-final-post blogd-entity-placement\"><a href=\"https:\/\/www.feiradesantana.ba.leg.br\/\" target=\"_blank\" aria-label=\"BANNER-SITE-ENTREGADECHEQUE-CAMARADEFEIRA\"><img loading=\"lazy\" decoding=\"async\" src=\"https:\/\/blogdafeira.com.br\/home\/wp-content\/uploads\/2026\/03\/BANNER-SITE-ENTREGADECHEQUE-CAMARADEFEIRA.gif\" alt=\"\"  class=\"no-lazyload\" width=\"728\" height=\"90\"   \/><\/a><\/div><p><strong><img loading=\"lazy\" decoding=\"async\" class=\"alignleft size-thumbnail wp-image-20968\" src=\"http:\/\/blogdafeira.com.br\/home\/wp-content\/uploads\/2016\/04\/JOTA-SOBRINHO-170x128.jpg\" alt=\"JOTA SOBRINHO\" width=\"170\" height=\"128\" srcset=\"https:\/\/blogdafeira.com.br\/home\/wp-content\/uploads\/2016\/04\/JOTA-SOBRINHO-170x128.jpg 170w, https:\/\/blogdafeira.com.br\/home\/wp-content\/uploads\/2016\/04\/JOTA-SOBRINHO-346x260.jpg 346w, https:\/\/blogdafeira.com.br\/home\/wp-content\/uploads\/2016\/04\/JOTA-SOBRINHO-768x576.jpg 768w, https:\/\/blogdafeira.com.br\/home\/wp-content\/uploads\/2016\/04\/JOTA-SOBRINHO.jpg 800w\" sizes=\"auto, (max-width: 170px) 100vw, 170px\" \/><a href=\"https:\/\/www.facebook.com\/photo.php?fbid=10205402979546541&amp;set=a.1357637273585.2045887.1611105432&amp;type=3&amp;theater\" target=\"_blank\">Jota Sobrinho<\/a><\/strong><\/p>\n","protected":false},"excerpt":{"rendered":"<p>Andr\u00e9 Galdino dos Santos Nome art\u00edstico: Baio do Acordeon. Nasceu no dia 28 de Fevereiro de 1944, em \u00c1gua Branca, Alagoas, foi batizado na cidade de Miguel Calmon, na Bahia e veio para &nbsp;Feira de Santana com 7 anos de idade. Saiu de Feira para Jacobina, &nbsp;retornando com 9 anos. Seu pai era funcion\u00e1rio da<\/p>\n","protected":false},"author":1,"featured_media":0,"comment_status":"closed","ping_status":"closed","sticky":false,"template":"","format":"standard","meta":{"jetpack_post_was_ever_published":false,"cybocfi_hide_featured_image":"","_jetpack_newsletter_access":"","_jetpack_dont_email_post_to_subs":false,"_jetpack_newsletter_tier_id":0,"_jetpack_memberships_contains_paywalled_content":false,"_jetpack_memberships_contains_paid_content":false,"footnotes":"","jetpack_publicize_message":"","jetpack_publicize_feature_enabled":true,"jetpack_social_post_already_shared":true,"jetpack_social_options":{"image_generator_settings":{"template":"highway","default_image_id":0,"font":"","enabled":false},"version":2}},"categories":[1],"tags":[],"class_list":["post-20966","post","type-post","status-publish","format-standard","hentry","category-raiz"],"jetpack_publicize_connections":[],"jetpack_featured_media_url":"","jetpack_shortlink":"https:\/\/wp.me\/p3niVf-5sa","jetpack_sharing_enabled":true,"jetpack-related-posts":[{"id":58073,"url":"https:\/\/blogdafeira.com.br\/home\/2023\/06\/10\/baio-do-acordeon-vai-representar-tv-subae-em-competicao-do-jornal-da-manha\/","url_meta":{"origin":20966,"position":0},"title":"Baio do Acordeon vai representar TV Suba\u00e9 em competi\u00e7\u00e3o do Jornal da Manh\u00e3","author":"Blog da Feira","date":"10\/06\/2023","format":false,"excerpt":"O conhecido sanfoneiro Baio do Acordeon (Andr\u00e9 Galdino), vai representar a TV Suba\u00e9 em uma competi\u00e7\u00e3o do Jornal da Manh\u00e3, programa nacional de telejornalismo e cultura. A informa\u00e7\u00e3o foi\u00a0 confirmada pela\u00a0 emissora\u00a0 afiliada da Rede Globo em Feira de Santana. Baio nasceu em 1944,\u00a0 natural de \u00c1gua Branca, em Alagoas,\u2026","rel":"","context":"Em &quot;Cultura&quot;","block_context":{"text":"Cultura","link":"https:\/\/blogdafeira.com.br\/home\/categoria\/cultura\/"},"img":{"alt_text":"","src":"https:\/\/i0.wp.com\/blogdafeira.com.br\/home\/wp-content\/uploads\/2023\/06\/IMG_20150222_1549328682.jpg?resize=350%2C200&ssl=1","width":350,"height":200,"srcset":"https:\/\/i0.wp.com\/blogdafeira.com.br\/home\/wp-content\/uploads\/2023\/06\/IMG_20150222_1549328682.jpg?resize=350%2C200&ssl=1 1x, https:\/\/i0.wp.com\/blogdafeira.com.br\/home\/wp-content\/uploads\/2023\/06\/IMG_20150222_1549328682.jpg?resize=525%2C300&ssl=1 1.5x, https:\/\/i0.wp.com\/blogdafeira.com.br\/home\/wp-content\/uploads\/2023\/06\/IMG_20150222_1549328682.jpg?resize=700%2C400&ssl=1 2x, https:\/\/i0.wp.com\/blogdafeira.com.br\/home\/wp-content\/uploads\/2023\/06\/IMG_20150222_1549328682.jpg?resize=1050%2C600&ssl=1 3x"},"classes":[]},{"id":22142,"url":"https:\/\/blogdafeira.com.br\/home\/2016\/06\/22\/andre-galdino-o-feirense-que-ganhou-a-sanfona-branca-do-rei-do-baiao\/","url_meta":{"origin":20966,"position":1},"title":"Andr\u00e9 Galdino, o feirense que ganhou a &#8216;sanfona branca&#8217; do &#8216;Rei do Bai\u00e3o&#8217;","author":"Blog da Feira","date":"22\/06\/2016","format":false,"excerpt":"Em 1974, no antigo Campo do Gado, em Feira de Santana foi ouvido e visto por Luiz Gonzaga, o Rei do Bai\u00e3o, executando \u201cAsa Branca\u201d, composi\u00e7\u00e3o de Luiz Gonzaga e Humberto Teixeira. Gonzag\u00e3o ouvindo aquilo, ficou impressionado e muito alegre, a ponto de prometer para Baio uma sanfona branca de\u2026","rel":"","context":"Em &quot;Home&quot;","block_context":{"text":"Home","link":"https:\/\/blogdafeira.com.br\/home\/categoria\/raiz\/"},"img":{"alt_text":"IMG_20160622_145134","src":"https:\/\/i0.wp.com\/blogdafeira.com.br\/home\/wp-content\/uploads\/2016\/06\/IMG_20160622_145134-766x1024.jpg?resize=350%2C200","width":350,"height":200,"srcset":"https:\/\/i0.wp.com\/blogdafeira.com.br\/home\/wp-content\/uploads\/2016\/06\/IMG_20160622_145134-766x1024.jpg?resize=350%2C200 1x, https:\/\/i0.wp.com\/blogdafeira.com.br\/home\/wp-content\/uploads\/2016\/06\/IMG_20160622_145134-766x1024.jpg?resize=525%2C300 1.5x"},"classes":[]},{"id":25446,"url":"https:\/\/blogdafeira.com.br\/home\/2017\/01\/18\/andre-galdino-baio-faz-73-anos-em-fevereiro-e-ganha-pagina-no-facebook\/","url_meta":{"origin":20966,"position":2},"title":"Andr\u00e9 Galdino Baio faz 73 anos em fevereiro e  ganha p\u00e1gina no facebook","author":"Blog da Feira","date":"18\/01\/2017","format":false,"excerpt":"O texto do forrozeiro Jota Sobrinho \u00e9 definitivo e come\u00e7a assim: \"Nasceu no dia 28 de Fevereiro de 1944, em \u00c1gua Branca, Alagoas, foi batizado na cidade de Miguel Calmon, na Bahia e veio para Feira de Santana com 7 anos de idade....\" (clique aqui) Andr\u00e9 Galdino, 'Baio do Acordeon',\u2026","rel":"","context":"Em &quot;Home&quot;","block_context":{"text":"Home","link":"https:\/\/blogdafeira.com.br\/home\/categoria\/raiz\/"},"img":{"alt_text":"baio2","src":"https:\/\/i0.wp.com\/blogdafeira.com.br\/home\/wp-content\/uploads\/2017\/01\/baio2.jpg?resize=350%2C200","width":350,"height":200,"srcset":"https:\/\/i0.wp.com\/blogdafeira.com.br\/home\/wp-content\/uploads\/2017\/01\/baio2.jpg?resize=350%2C200 1x, https:\/\/i0.wp.com\/blogdafeira.com.br\/home\/wp-content\/uploads\/2017\/01\/baio2.jpg?resize=525%2C300 1.5x"},"classes":[]},{"id":61241,"url":"https:\/\/blogdafeira.com.br\/home\/2024\/02\/24\/baio-do-acordeon-chega-aos-80-com-talento-e-simplicidade\/","url_meta":{"origin":20966,"position":3},"title":"Baio do Acordeon chega aos 80 anos com talento e simplicidade","author":"Blog da Feira","date":"24\/02\/2024","format":false,"excerpt":"Ele nasceu Andr\u00e9 Galdino dos Santos e ficou popularmente conhecido como Baio do Acordeon. Baio tornou-se uma lenda ap\u00f3s ser descoberto por Luiz Gonzaga e ser presenteado com uma sanfona branca. Alagoano de \u00c1gua Branca, passou a morar em Miguel Calmon BA com 03 anos idade e aos 10 migrou\u2026","rel":"","context":"Em &quot;Cultura&quot;","block_context":{"text":"Cultura","link":"https:\/\/blogdafeira.com.br\/home\/categoria\/cultura\/"},"img":{"alt_text":"","src":"https:\/\/i0.wp.com\/blogdafeira.com.br\/home\/wp-content\/uploads\/2024\/02\/IMG-20240224-WA00032.jpg?resize=350%2C200&ssl=1","width":350,"height":200},"classes":[]},{"id":17869,"url":"https:\/\/blogdafeira.com.br\/home\/2015\/11\/21\/sanfoneiro-baio-neste-domingo-no-encontro-de-nordestinos-em-feira-2\/","url_meta":{"origin":20966,"position":4},"title":"Baio do Acordeon no &#8216;Encontro de Nordestinos&#8217; em Feira","author":"Blog da Feira","date":"21\/11\/2015","format":false,"excerpt":"Com 72 anos e ainda atuante, o sanfoneiro Andr\u00e9 Galdino dos Santos, conhecido como Baio, vai ser alvo de homenagens neste domingo, Dia do M\u00fasico, no Bar \u2018Encontro de Nordestinos\u2019, que tornou-se um point de \u00a0sanfoneiros e amantes do forr\u00f3 na regi\u00e3o. Segundo o pesquisador e forrozeiro Jota Sobrinho:\u00a0Baio nasceu\u2026","rel":"","context":"Em &quot;Home&quot;","block_context":{"text":"Home","link":"https:\/\/blogdafeira.com.br\/home\/categoria\/raiz\/"},"img":{"alt_text":"baio2","src":"https:\/\/i0.wp.com\/blogdafeira.com.br\/home\/wp-content\/uploads\/2015\/11\/baio2.jpg?resize=350%2C200","width":350,"height":200,"srcset":"https:\/\/i0.wp.com\/blogdafeira.com.br\/home\/wp-content\/uploads\/2015\/11\/baio2.jpg?resize=350%2C200 1x, https:\/\/i0.wp.com\/blogdafeira.com.br\/home\/wp-content\/uploads\/2015\/11\/baio2.jpg?resize=525%2C300 1.5x"},"classes":[]},{"id":46712,"url":"https:\/\/blogdafeira.com.br\/home\/2021\/07\/28\/baio-bie-sanfoneiros-e-forro-na-feira\/","url_meta":{"origin":20966,"position":5},"title":"Baio, Bi\u00e9, sanfoneiros e forr\u00f3 na Feira","author":"J\u00e2nio R\u00eago","date":"28\/07\/2021","format":false,"excerpt":"Baio do Acordeon, Andr\u00e9 Galdino, \u00e9 uma refer\u00eancia pra todo o mundo do forr\u00f3 e da sanfona em \u00a0Feira de Santana. Muita gente fora desse mundo s\u00f3 'descobriu' Baio no Primeiro Festival de Sanfoneiros da Universidade Estadual de Feira de Santana. Mas Baio \u00e9 patrim\u00f4nio setent\u00e3o desse 'esp\u00edrito do forr\u00f3'\u2026","rel":"","context":"Em &quot;Cidade&quot;","block_context":{"text":"Cidade","link":"https:\/\/blogdafeira.com.br\/home\/categoria\/cidade\/"},"img":{"alt_text":"","src":"https:\/\/i0.wp.com\/blogdafeira.com.br\/home\/wp-content\/uploads\/2021\/07\/IMG_20210717_165130_306-scaled.jpg?resize=350%2C200&ssl=1","width":350,"height":200,"srcset":"https:\/\/i0.wp.com\/blogdafeira.com.br\/home\/wp-content\/uploads\/2021\/07\/IMG_20210717_165130_306-scaled.jpg?resize=350%2C200&ssl=1 1x, https:\/\/i0.wp.com\/blogdafeira.com.br\/home\/wp-content\/uploads\/2021\/07\/IMG_20210717_165130_306-scaled.jpg?resize=525%2C300&ssl=1 1.5x, https:\/\/i0.wp.com\/blogdafeira.com.br\/home\/wp-content\/uploads\/2021\/07\/IMG_20210717_165130_306-scaled.jpg?resize=700%2C400&ssl=1 2x, https:\/\/i0.wp.com\/blogdafeira.com.br\/home\/wp-content\/uploads\/2021\/07\/IMG_20210717_165130_306-scaled.jpg?resize=1050%2C600&ssl=1 3x, https:\/\/i0.wp.com\/blogdafeira.com.br\/home\/wp-content\/uploads\/2021\/07\/IMG_20210717_165130_306-scaled.jpg?resize=1400%2C800&ssl=1 4x"},"classes":[]}],"_links":{"self":[{"href":"https:\/\/blogdafeira.com.br\/home\/wp-json\/wp\/v2\/posts\/20966","targetHints":{"allow":["GET"]}}],"collection":[{"href":"https:\/\/blogdafeira.com.br\/home\/wp-json\/wp\/v2\/posts"}],"about":[{"href":"https:\/\/blogdafeira.com.br\/home\/wp-json\/wp\/v2\/types\/post"}],"author":[{"embeddable":true,"href":"https:\/\/blogdafeira.com.br\/home\/wp-json\/wp\/v2\/users\/1"}],"replies":[{"embeddable":true,"href":"https:\/\/blogdafeira.com.br\/home\/wp-json\/wp\/v2\/comments?post=20966"}],"version-history":[{"count":2,"href":"https:\/\/blogdafeira.com.br\/home\/wp-json\/wp\/v2\/posts\/20966\/revisions"}],"predecessor-version":[{"id":20972,"href":"https:\/\/blogdafeira.com.br\/home\/wp-json\/wp\/v2\/posts\/20966\/revisions\/20972"}],"wp:attachment":[{"href":"https:\/\/blogdafeira.com.br\/home\/wp-json\/wp\/v2\/media?parent=20966"}],"wp:term":[{"taxonomy":"category","embeddable":true,"href":"https:\/\/blogdafeira.com.br\/home\/wp-json\/wp\/v2\/categories?post=20966"},{"taxonomy":"post_tag","embeddable":true,"href":"https:\/\/blogdafeira.com.br\/home\/wp-json\/wp\/v2\/tags?post=20966"}],"curies":[{"name":"wp","href":"https:\/\/api.w.org\/{rel}","templated":true}]}}