{"id":20974,"date":"2016-04-22T16:17:29","date_gmt":"2016-04-22T19:17:29","guid":{"rendered":"http:\/\/blogdafeira.com.br\/home\/?p=20974"},"modified":"2016-04-22T16:18:22","modified_gmt":"2016-04-22T19:18:22","slug":"ronaldo-nao-opina-sobre-impeachment-de-dilma-para-nao-prejudicar-a-cidade","status":"publish","type":"post","link":"https:\/\/blogdafeira.com.br\/home\/2016\/04\/22\/ronaldo-nao-opina-sobre-impeachment-de-dilma-para-nao-prejudicar-a-cidade\/","title":{"rendered":"Ronaldo n\u00e3o opina sobre impeachment de Dilma &#8216;para n\u00e3o prejudicar a cidade&#8217;"},"content":{"rendered":"<div id=\"blogd-3537707267\" class=\"blogd-fim-do-post-mobile blogd-entity-placement\" style=\"margin-left: auto;margin-right: auto;text-align: center;\"><a href=\"https:\/\/www.sefaz.feiradesantana.ba.gov.br\/\" target=\"_blank\" aria-label=\"728&#215;90 (6)\"><img loading=\"lazy\" decoding=\"async\" src=\"https:\/\/blogdafeira.com.br\/home\/wp-content\/uploads\/2026\/03\/728x90-6.gif\" alt=\"\"  class=\"no-lazyload\" width=\"728\" height=\"90\"  style=\"display: inline-block;\" \/><\/a><\/div><p><img loading=\"lazy\" decoding=\"async\" class=\"alignleft size-medium wp-image-20606\" src=\"http:\/\/blogdafeira.com.br\/home\/wp-content\/uploads\/2016\/04\/brt-de-feira-346x231.jpg\" alt=\"brt de feira\" width=\"346\" height=\"231\" srcset=\"https:\/\/blogdafeira.com.br\/home\/wp-content\/uploads\/2016\/04\/brt-de-feira-346x231.jpg 346w, https:\/\/blogdafeira.com.br\/home\/wp-content\/uploads\/2016\/04\/brt-de-feira-170x113.jpg 170w, https:\/\/blogdafeira.com.br\/home\/wp-content\/uploads\/2016\/04\/brt-de-feira-768x512.jpg 768w, https:\/\/blogdafeira.com.br\/home\/wp-content\/uploads\/2016\/04\/brt-de-feira.jpg 886w\" sizes=\"auto, (max-width: 346px) 100vw, 346px\" \/>Com um BRT aprovado pelo Minist\u00e9rio das Cidades e em andamento, fruto de um empr\u00e9stimo \u00e0 Caixa Econ\u00f4mica de cerca de 100 milh\u00f5es de reais, e um \u00a0n\u00famero campe\u00e3o de constru\u00e7\u00f5es para moradias populares atrav\u00e9s do programa federal &#8220;Minha Casa, Minha Vida&#8221; al\u00e9m de outros benef\u00edcios, o Munic\u00edpio de Feira de Santana n\u00e3o tem do que reclamar do governo Dilma.<\/p><div id=\"blogd-1038671110\" class=\"blogd-conteudo-2-mobile blogd-entity-placement\"><a href=\"https:\/\/feirenses.com.br\/\" target=\"_blank\" aria-label=\"feirenses\"><img loading=\"lazy\" decoding=\"async\" src=\"https:\/\/blogdafeira.com.br\/home\/wp-content\/uploads\/2026\/04\/feirenses.png\" alt=\"\"  srcset=\"https:\/\/blogdafeira.com.br\/home\/wp-content\/uploads\/2026\/04\/feirenses.png 300w, https:\/\/blogdafeira.com.br\/home\/wp-content\/uploads\/2026\/04\/feirenses-170x45.png 170w, https:\/\/blogdafeira.com.br\/home\/wp-content\/uploads\/2026\/04\/feirenses-280x74.png 280w\" sizes=\"(max-width: 300px) 100vw, 300px\" class=\"no-lazyload\" width=\"300\" height=\"79\"  style=\"display: inline-block;\" \/><\/a><\/div>\n<p>E quem melhor sabe disso \u00e9 o prefeito Jos\u00e9 Ronaldo, um dos caciques do DEM na Bahia e dono de um eleitorado fiel que j\u00e1 o al\u00e7ou tr\u00eas vezes \u00e0 Prefeitura de Feira.<\/p>\n<p>Em palestra para estudantes universit\u00e1rios, esta semana, o Prefeito disse o que j\u00e1 havia dito quando foi questionado t\u00e3o logo explodiu a crise pol\u00edtica em torno da Presidenta Dilma Roussef:<\/p>\n<div id=\"blogd-303666681\" class=\"blogd-final-post blogd-entity-placement\"><a href=\"https:\/\/www.feiradesantana.ba.leg.br\/\" target=\"_blank\" aria-label=\"BANNER-SITE-ENTREGADECHEQUE-CAMARADEFEIRA\"><img loading=\"lazy\" decoding=\"async\" src=\"https:\/\/blogdafeira.com.br\/home\/wp-content\/uploads\/2026\/03\/BANNER-SITE-ENTREGADECHEQUE-CAMARADEFEIRA.gif\" alt=\"\"  class=\"no-lazyload\" width=\"728\" height=\"90\"   \/><\/a><\/div><p><em>&#8220;Este \u00e9 um papel do Legislativo. Fazer esse debate cria arestas e prejudica a cidade&#8221;,<\/em> confessou o Prefeito, evitando qualquer coment\u00e1rio sobre o assunto.<\/p>\n","protected":false},"excerpt":{"rendered":"<p>Com um BRT aprovado pelo Minist\u00e9rio das Cidades e em andamento, fruto de um empr\u00e9stimo \u00e0 Caixa Econ\u00f4mica de cerca de 100 milh\u00f5es de reais, e um \u00a0n\u00famero campe\u00e3o de constru\u00e7\u00f5es para moradias populares atrav\u00e9s do programa federal &#8220;Minha Casa, Minha Vida&#8221; al\u00e9m de outros benef\u00edcios, o Munic\u00edpio de Feira de Santana n\u00e3o tem do<\/p>\n","protected":false},"author":1,"featured_media":0,"comment_status":"closed","ping_status":"closed","sticky":false,"template":"","format":"standard","meta":{"jetpack_post_was_ever_published":false,"cybocfi_hide_featured_image":"","_jetpack_newsletter_access":"","_jetpack_dont_email_post_to_subs":false,"_jetpack_newsletter_tier_id":0,"_jetpack_memberships_contains_paywalled_content":false,"_jetpack_memberships_contains_paid_content":false,"footnotes":"","jetpack_publicize_message":"","jetpack_publicize_feature_enabled":true,"jetpack_social_post_already_shared":true,"jetpack_social_options":{"image_generator_settings":{"template":"highway","default_image_id":0,"font":"","enabled":false},"version":2}},"categories":[1],"tags":[],"class_list":["post-20974","post","type-post","status-publish","format-standard","hentry","category-raiz"],"jetpack_publicize_connections":[],"jetpack_featured_media_url":"","jetpack_shortlink":"https:\/\/wp.me\/p3niVf-5si","jetpack_sharing_enabled":true,"jetpack-related-posts":[{"id":13144,"url":"https:\/\/blogdafeira.com.br\/home\/2014\/10\/27\/brt-e-a-porta-de-aproximacao-do-prefeito-de-feira-com-dilma\/","url_meta":{"origin":20974,"position":0},"title":"BRT \u00e9 a &#8216;porta de aproxima\u00e7\u00e3o&#8217; do Prefeito de Feira com Dilma","author":"Blog da Feira","date":"27\/10\/2014","format":false,"excerpt":"O projeto do Bus Rapid Transit (BRT) de Feira de Santana \u00e9 a mais importante 'porta de contato' do Governo Municipal com o Governo Federal, ou seja, o prefeito de Feira de Santana, Jos\u00e9 Ronaldo (DEM) e a presidenta reeleita Dilma Roussef. S\u00e3o\u00a0cerca de\u00a0100 milh\u00f5es de reais financiados por um\u2026","rel":"","context":"Em &quot;Home&quot;","block_context":{"text":"Home","link":"https:\/\/blogdafeira.com.br\/home\/categoria\/raiz\/"},"img":{"alt_text":"Entrega de m_quinas - foto ACM (9)","src":"https:\/\/i0.wp.com\/blogdafeira.com.br\/home\/wp-content\/uploads\/2014\/10\/Entrega-de-m_quinas-foto-ACM-9.jpg?resize=350%2C200","width":350,"height":200,"srcset":"https:\/\/i0.wp.com\/blogdafeira.com.br\/home\/wp-content\/uploads\/2014\/10\/Entrega-de-m_quinas-foto-ACM-9.jpg?resize=350%2C200 1x, https:\/\/i0.wp.com\/blogdafeira.com.br\/home\/wp-content\/uploads\/2014\/10\/Entrega-de-m_quinas-foto-ACM-9.jpg?resize=525%2C300 1.5x, https:\/\/i0.wp.com\/blogdafeira.com.br\/home\/wp-content\/uploads\/2014\/10\/Entrega-de-m_quinas-foto-ACM-9.jpg?resize=700%2C400 2x"},"classes":[]},{"id":14091,"url":"https:\/\/blogdafeira.com.br\/home\/2015\/03\/11\/jose-ronaldo-nega-apoio-a-eventro-contra-dilma-em-feira\/","url_meta":{"origin":20974,"position":1},"title":"Jos\u00e9 Ronaldo nega apoio a evento contra Dilma em Feira","author":"Blog da Feira","date":"11\/03\/2015","format":false,"excerpt":"O Prefeito de Feira de Santana negou apoio a evento pr\u00f3 militarismo e impeachment da Presidenta, marcado para domingo no estacionamento \u00a0defronte \u00e0 Prefeitura. Na foto: Jos\u00e9 Ronaldo (DEM) na zona sul da cidade inaugurando pavimenta\u00e7\u00e3o de 34 ruas.","rel":"","context":"Em &quot;Home&quot;","block_context":{"text":"Home","link":"https:\/\/blogdafeira.com.br\/home\/categoria\/raiz\/"},"img":{"alt_text":"Inaugura__o de Asfaltamento de 30 Ruas-fotos Jorge Magalh_es (14)","src":"https:\/\/i0.wp.com\/blogdafeira.com.br\/home\/wp-content\/uploads\/2015\/03\/Inaugura__o-de-Asfaltamento-de-30-Ruas-fotos-Jorge-Magalh_es-14.jpg?resize=350%2C200","width":350,"height":200,"srcset":"https:\/\/i0.wp.com\/blogdafeira.com.br\/home\/wp-content\/uploads\/2015\/03\/Inaugura__o-de-Asfaltamento-de-30-Ruas-fotos-Jorge-Magalh_es-14.jpg?resize=350%2C200 1x, https:\/\/i0.wp.com\/blogdafeira.com.br\/home\/wp-content\/uploads\/2015\/03\/Inaugura__o-de-Asfaltamento-de-30-Ruas-fotos-Jorge-Magalh_es-14.jpg?resize=525%2C300 1.5x, https:\/\/i0.wp.com\/blogdafeira.com.br\/home\/wp-content\/uploads\/2015\/03\/Inaugura__o-de-Asfaltamento-de-30-Ruas-fotos-Jorge-Magalh_es-14.jpg?resize=700%2C400 2x"},"classes":[]},{"id":22044,"url":"https:\/\/blogdafeira.com.br\/home\/2016\/06\/16\/prefeito-de-feira-foi-a-brasilia-cobrar-11-milhoes-do-ministerio-da-saude\/","url_meta":{"origin":20974,"position":2},"title":"Prefeito de Feira foi a Bras\u00edlia cobrar 11 milh\u00f5es do Minist\u00e9rio da Sa\u00fade","author":"Blog da Feira","date":"16\/06\/2016","format":false,"excerpt":"O prefeito de Feira de Santana, Jos\u00e9 Ronaldo (DEM)\u00a0acusa um d\u00e9ficit de R$ 11 milh\u00f5es no repasse federal para oncologia em Feira. Esta semana ele foi a Bras\u00edlia principalmente para cobrar essa d\u00edvida ao novo ministro da Sa\u00fade, Ricardo Barros. Ronaldo voltou do Planalto falando em dificuldades que encontrou quando\u2026","rel":"","context":"Em &quot;Home&quot;","block_context":{"text":"Home","link":"https:\/\/blogdafeira.com.br\/home\/categoria\/raiz\/"},"img":{"alt_text":"Ronaldo Brasilia","src":"https:\/\/i0.wp.com\/blogdafeira.com.br\/home\/wp-content\/uploads\/2016\/06\/Ronaldo-Brasilia.jpg?resize=350%2C200","width":350,"height":200,"srcset":"https:\/\/i0.wp.com\/blogdafeira.com.br\/home\/wp-content\/uploads\/2016\/06\/Ronaldo-Brasilia.jpg?resize=350%2C200 1x, https:\/\/i0.wp.com\/blogdafeira.com.br\/home\/wp-content\/uploads\/2016\/06\/Ronaldo-Brasilia.jpg?resize=525%2C300 1.5x"},"classes":[]},{"id":13119,"url":"https:\/\/blogdafeira.com.br\/home\/2014\/10\/27\/ronaldo-comenta-derrota-em-feira-e-deseja-governo-proficuo-a-dilma\/","url_meta":{"origin":20974,"position":3},"title":"Ronaldo comenta derrota em Feira e deseja &#8216;governo prof\u00edcuo&#8217; a Dilma","author":"Blog da Feira","date":"27\/10\/2014","format":false,"excerpt":"\"Derrota faz parte da democracia. Nosso papel foi cumprido, tentando-se o caminho da mudan\u00e7a com\u00a0A\u00e9cio Neves.\u00a0\u00a0Desejamos um governo prof\u00edcuo da presidente reeleita,\u00a0Dilma Rousseff.\". A sucinta mensagem do prefeito de Feira de Santana, Jos\u00e9 Ronaldo (DEM), \u00a0foi postada no facebook horas depois de anunciada oficialmente a reelei\u00e7\u00e3o da presidenta Dilma Roussef\u2026","rel":"","context":"Em &quot;Home&quot;","block_context":{"text":"Home","link":"https:\/\/blogdafeira.com.br\/home\/categoria\/raiz\/"},"img":{"alt_text":"","src":"","width":0,"height":0},"classes":[]},{"id":20089,"url":"https:\/\/blogdafeira.com.br\/home\/2016\/03\/15\/prefeito-de-feira-mira-se-em-exemplo-alemao-25-anos-ininterruptos-no-poder\/","url_meta":{"origin":20974,"position":4},"title":"Prefeito de Feira mira-se em exemplo alem\u00e3o: 25 anos ininterruptos no poder","author":"Blog da Feira","date":"15\/03\/2016","format":false,"excerpt":"\"Estive em uma cidade na Alemanha e visitei a prefeitura da cidade de aproximadamente 120 mil habitantes e perguntei h\u00e1 quantos mandatos o prefeito estava na administra\u00e7\u00e3o, ele respondeu que estava h\u00e1 25 anos no poder ininterruptos\". O par\u00e1grafo acima \u00e9 um argumento usado pelo prefeito de Feira de Santana,\u2026","rel":"","context":"Em &quot;Home&quot;","block_context":{"text":"Home","link":"https:\/\/blogdafeira.com.br\/home\/categoria\/raiz\/"},"img":{"alt_text":"DILMA ROUSSEF MINHA CASA","src":"https:\/\/i0.wp.com\/blogdafeira.com.br\/home\/wp-content\/uploads\/2016\/01\/DILMA-ROUSSEF-MINHA-CASA.jpg?resize=350%2C200","width":350,"height":200,"srcset":"https:\/\/i0.wp.com\/blogdafeira.com.br\/home\/wp-content\/uploads\/2016\/01\/DILMA-ROUSSEF-MINHA-CASA.jpg?resize=350%2C200 1x, https:\/\/i0.wp.com\/blogdafeira.com.br\/home\/wp-content\/uploads\/2016\/01\/DILMA-ROUSSEF-MINHA-CASA.jpg?resize=525%2C300 1.5x, https:\/\/i0.wp.com\/blogdafeira.com.br\/home\/wp-content\/uploads\/2016\/01\/DILMA-ROUSSEF-MINHA-CASA.jpg?resize=700%2C400 2x"},"classes":[]},{"id":12580,"url":"https:\/\/blogdafeira.com.br\/home\/2014\/09\/26\/otto-foi-quem-sugeriu-a-presidenta-dilma-falar-no-brt-de-feira\/","url_meta":{"origin":20974,"position":5},"title":"Otto foi quem sugeriu a presidenta Dilma falar no BRT de Feira","author":"Blog da Feira","date":"26\/09\/2014","format":false,"excerpt":"O candidato ao Senado pela Bahia, o veterano Otto Alencar foi quem 'deu as coordenadas' para a\u00a0presidenta Dilma Roussef \u00a0'levantar a bola' \u00a0do BRT \u00a0em Feira de Sant'Anna, no discurso que fez no palanque armado para a chapa majorit\u00e1ria federal e estadual.(clique aqui) Quando Dilma titubeou na refer\u00eancia, durante a\u2026","rel":"","context":"Em &quot;Home&quot;","block_context":{"text":"Home","link":"https:\/\/blogdafeira.com.br\/home\/categoria\/raiz\/"},"img":{"alt_text":"otto alencar","src":"https:\/\/i0.wp.com\/blogdafeira.com.br\/home\/wp-content\/uploads\/2014\/09\/otto-alencar.jpg?resize=350%2C200","width":350,"height":200,"srcset":"https:\/\/i0.wp.com\/blogdafeira.com.br\/home\/wp-content\/uploads\/2014\/09\/otto-alencar.jpg?resize=350%2C200 1x, https:\/\/i0.wp.com\/blogdafeira.com.br\/home\/wp-content\/uploads\/2014\/09\/otto-alencar.jpg?resize=525%2C300 1.5x"},"classes":[]}],"_links":{"self":[{"href":"https:\/\/blogdafeira.com.br\/home\/wp-json\/wp\/v2\/posts\/20974","targetHints":{"allow":["GET"]}}],"collection":[{"href":"https:\/\/blogdafeira.com.br\/home\/wp-json\/wp\/v2\/posts"}],"about":[{"href":"https:\/\/blogdafeira.com.br\/home\/wp-json\/wp\/v2\/types\/post"}],"author":[{"embeddable":true,"href":"https:\/\/blogdafeira.com.br\/home\/wp-json\/wp\/v2\/users\/1"}],"replies":[{"embeddable":true,"href":"https:\/\/blogdafeira.com.br\/home\/wp-json\/wp\/v2\/comments?post=20974"}],"version-history":[{"count":3,"href":"https:\/\/blogdafeira.com.br\/home\/wp-json\/wp\/v2\/posts\/20974\/revisions"}],"predecessor-version":[{"id":20980,"href":"https:\/\/blogdafeira.com.br\/home\/wp-json\/wp\/v2\/posts\/20974\/revisions\/20980"}],"wp:attachment":[{"href":"https:\/\/blogdafeira.com.br\/home\/wp-json\/wp\/v2\/media?parent=20974"}],"wp:term":[{"taxonomy":"category","embeddable":true,"href":"https:\/\/blogdafeira.com.br\/home\/wp-json\/wp\/v2\/categories?post=20974"},{"taxonomy":"post_tag","embeddable":true,"href":"https:\/\/blogdafeira.com.br\/home\/wp-json\/wp\/v2\/tags?post=20974"}],"curies":[{"name":"wp","href":"https:\/\/api.w.org\/{rel}","templated":true}]}}