{"id":21835,"date":"2016-05-31T10:51:12","date_gmt":"2016-05-31T13:51:12","guid":{"rendered":"http:\/\/blogdafeira.com.br\/home\/?p=21835"},"modified":"2016-05-31T10:51:12","modified_gmt":"2016-05-31T13:51:12","slug":"sexta-black-desta-temporada-em-feira-marca-o-retorno-as-pistas-de-danca","status":"publish","type":"post","link":"https:\/\/blogdafeira.com.br\/home\/2016\/05\/31\/sexta-black-desta-temporada-em-feira-marca-o-retorno-as-pistas-de-danca\/","title":{"rendered":"Sexta Black desta temporada em Feira marca o retorno \u00e0s pistas de dan\u00e7a"},"content":{"rendered":"<div id=\"blogd-3751891510\" class=\"blogd-fim-do-post-mobile blogd-entity-placement\" style=\"margin-left: auto;margin-right: auto;text-align: center;\"><a href=\"https:\/\/www.sefaz.feiradesantana.ba.gov.br\/\" target=\"_blank\" aria-label=\"728&#215;90 (6)\"><img loading=\"lazy\" decoding=\"async\" src=\"https:\/\/blogdafeira.com.br\/home\/wp-content\/uploads\/2026\/03\/728x90-6.gif\" alt=\"\"  class=\"no-lazyload\" width=\"728\" height=\"90\"  style=\"display: inline-block;\" \/><\/a><\/div><p><img loading=\"lazy\" decoding=\"async\" class=\"alignleft size-medium wp-image-21836\" src=\"http:\/\/blogdafeira.com.br\/home\/wp-content\/uploads\/2016\/05\/Sexta-Black-212x300.jpg\" alt=\"Sexta Black\" width=\"212\" height=\"300\" srcset=\"https:\/\/blogdafeira.com.br\/home\/wp-content\/uploads\/2016\/05\/Sexta-Black-212x300.jpg 212w, https:\/\/blogdafeira.com.br\/home\/wp-content\/uploads\/2016\/05\/Sexta-Black-106x150.jpg 106w, https:\/\/blogdafeira.com.br\/home\/wp-content\/uploads\/2016\/05\/Sexta-Black.jpg 679w\" sizes=\"auto, (max-width: 212px) 100vw, 212px\" \/>Uma ideia diferente foi proposta pelo Feira Coletivo em 2014.\u00a0Nesse projeto, havia a chance de evidenciar e abrir espa\u00e7o para g\u00eaneros que estavam efervescendo na cidade e necessitavam de ambientes para fomentar suas express\u00f5es.\u00a0O rap falado, cantado e vertentes como o hip hop, ritmos como o ragga, o dub, o dance hall e o sound system, e, ainda, g\u00eaneros como o afrobeat, o soul, o neosoul e o acid jazz, atualmente formam um cen\u00e1rio que j\u00e1 pode ser considerado consolidado em Feira de Santana. Se n\u00e3o ainda consolidado, com um enorme potencial.<\/p><div id=\"blogd-582872042\" class=\"blogd-conteudo-2-mobile blogd-entity-placement\"><a href=\"https:\/\/feirenses.com.br\/\" target=\"_blank\" aria-label=\"feirenses\"><img loading=\"lazy\" decoding=\"async\" src=\"https:\/\/blogdafeira.com.br\/home\/wp-content\/uploads\/2026\/04\/feirenses.png\" alt=\"\"  srcset=\"https:\/\/blogdafeira.com.br\/home\/wp-content\/uploads\/2026\/04\/feirenses.png 300w, https:\/\/blogdafeira.com.br\/home\/wp-content\/uploads\/2026\/04\/feirenses-170x45.png 170w, https:\/\/blogdafeira.com.br\/home\/wp-content\/uploads\/2026\/04\/feirenses-280x74.png 280w\" sizes=\"(max-width: 300px) 100vw, 300px\" class=\"no-lazyload\" width=\"300\" height=\"79\"  style=\"display: inline-block;\" \/><\/a><\/div>\n<p>Com a ascens\u00e3o de grupos e jovens artistas que passaram a patentear e experimentar a pulsa\u00e7\u00e3o dos elementos do som da periferia, a m\u00fasica negra que exalta temas sociais, pol\u00edticos e urbanos passava a ter um ponto fixo para impulsionar seus versos e suas concep\u00e7\u00f5es. Assim nascia a Sexta Black.<\/p>\n<p>O evento, agora na vers\u00e3o 2016, volta a marcar presen\u00e7a na agenda cultural da Terra de Lucas. A primeira Sexta Black dessa nova temporada marca o retorno \u00e0s pistas de dan\u00e7a com o maior alcance dos ritmos da m\u00fasica preta em ess\u00eancia. A noite marcar\u00e1 o regresso onde essa mistura de ritmos e express\u00f5es dos guetos mostra cada vez mais a sua for\u00e7a e seu poder art\u00edstico-cultural, com talentos que contam facetas e particularidades da nossa cidade de uma forma singular e pr\u00f3pria de fazer arte.<\/p>\n<p>Um grande n\u00famero de rappers, MC\u2019s, grupos de dan\u00e7a e adjac\u00eancias que utilizam esses elementos das pick-ups para fazer o som da periferia est\u00e3o surgindo. \u00c9 um nicho que necessita cada vez mais de ambientes para promover e prosperar suas inquieta\u00e7\u00f5es, suas frases, seus temas sociais a sua cultura de rua, um estilo de vida onde os versos falados ou cantados e as batidas impulsionam valores em que toda uma coletividade se mistura.<\/p>\n<p>As quatro atra\u00e7\u00f5es confirmadas para esse retorno da Sexta Black trar\u00e3o uma noite imperd\u00edvel para os seguidores dos g\u00eaneros da m\u00fasica negra e dan\u00e7ante que embala a proposta dessa a\u00e7\u00e3o. O grupo\u00a0<strong>Ro\u00e7a Sound<\/strong>\u00a0mistura o seu sound system (sistema de som) com letras cantadas e j\u00e1 se mostra com um p\u00fablico fiel na cidade.<\/p>\n<p><strong>O Quadro<\/strong>, grupo que vem de Ilh\u00e9us, Sul da Bahia, existe desde 1996 e de l\u00e1 at\u00e9 aqui vem verbalizando rimas cadenciadas e executadas harmonicamente, com instrumentos digitais e artesanais, fazendo uma mistura de rap, soul e dub.<\/p>\n<div id=\"blogd-1455208306\" class=\"blogd-final-post blogd-entity-placement\"><a href=\"https:\/\/www.feiradesantana.ba.leg.br\/\" target=\"_blank\" aria-label=\"BANNER-SITE-ENTREGADECHEQUE-CAMARADEFEIRA\"><img loading=\"lazy\" decoding=\"async\" src=\"https:\/\/blogdafeira.com.br\/home\/wp-content\/uploads\/2026\/03\/BANNER-SITE-ENTREGADECHEQUE-CAMARADEFEIRA.gif\" alt=\"\"  class=\"no-lazyload\" width=\"728\" height=\"90\"   \/><\/a><\/div><p>E os expoentes do rap feirense\u00a0<strong>Doutrina MC<\/strong>\u00a0e\u00a0<strong>Macgyver MC<\/strong>\u00a0completam a line-up do evento, com suas rimas marcantes e precisas, explorando o contexto social urbano da cidade. A a\u00e7\u00e3o promovida pelo Feira Coletivo Cultural, que marca a volta da Sexta Black, ser\u00e1 realizada no Offisina Music Lounge, na pr\u00f3xima sexta-feira (3 de junho). Esperamos todos e todas por l\u00e1.<strong><a href=\"https:\/\/www.facebook.com\/feiracoletivo\/?fref=ts\" target=\"_blank\"> (Elsimar Pond\u00e9\/Feira Coletivo)<\/a><\/strong><\/p>\n","protected":false},"excerpt":{"rendered":"<p>Uma ideia diferente foi proposta pelo Feira Coletivo em 2014.\u00a0Nesse projeto, havia a chance de evidenciar e abrir espa\u00e7o para g\u00eaneros que estavam efervescendo na cidade e necessitavam de ambientes para fomentar suas express\u00f5es.\u00a0O rap falado, cantado e vertentes como o hip hop, ritmos como o ragga, o dub, o dance hall e o sound<\/p>\n","protected":false},"author":1,"featured_media":0,"comment_status":"closed","ping_status":"closed","sticky":false,"template":"","format":"standard","meta":{"jetpack_post_was_ever_published":false,"cybocfi_hide_featured_image":"","_jetpack_newsletter_access":"","_jetpack_dont_email_post_to_subs":false,"_jetpack_newsletter_tier_id":0,"_jetpack_memberships_contains_paywalled_content":false,"_jetpack_memberships_contains_paid_content":false,"footnotes":"","jetpack_publicize_message":"","jetpack_publicize_feature_enabled":true,"jetpack_social_post_already_shared":true,"jetpack_social_options":{"image_generator_settings":{"template":"highway","default_image_id":0,"font":"","enabled":false},"version":2}},"categories":[1],"tags":[],"class_list":["post-21835","post","type-post","status-publish","format-standard","hentry","category-raiz"],"jetpack_publicize_connections":[],"jetpack_featured_media_url":"","jetpack_shortlink":"https:\/\/wp.me\/p3niVf-5Gb","jetpack_sharing_enabled":true,"jetpack-related-posts":[{"id":29918,"url":"https:\/\/blogdafeira.com.br\/home\/2018\/07\/09\/filarmorica-vitoria-vira-point-da-juventude-no-bando-anunciador-em-feira\/","url_meta":{"origin":21835,"position":0},"title":"Filarm\u00f4nica Vit\u00f3ria vira &#8216;point&#8217; da juventude no Bando Anunciador em Feira","author":"J\u00e2nio R\u00eago","date":"09\/07\/2018","format":false,"excerpt":"A Filarm\u00f4nica Vit\u00f3ria \u00e9 pop. O pr\u00e9dio secular da Filarm\u00f4nica, na rua Conselheiro Franco, virou um ponto de encontro, principalmente da juventude\u00a0 que\u00a0 participou do Bando Anunciador na manha de ontem em Feira de Santana. Da sacada do im\u00f3vel\u00a0 um dos mais antigos da cidade, o grupo Ro\u00e7a Sound tocou\u2026","rel":"","context":"Em &quot;Home&quot;","block_context":{"text":"Home","link":"https:\/\/blogdafeira.com.br\/home\/categoria\/raiz\/"},"img":{"alt_text":"","src":"https:\/\/i0.wp.com\/blogdafeira.com.br\/home\/wp-content\/uploads\/2018\/07\/20180708_104609_HDR.jpg?resize=350%2C200","width":350,"height":200,"srcset":"https:\/\/i0.wp.com\/blogdafeira.com.br\/home\/wp-content\/uploads\/2018\/07\/20180708_104609_HDR.jpg?resize=350%2C200 1x, https:\/\/i0.wp.com\/blogdafeira.com.br\/home\/wp-content\/uploads\/2018\/07\/20180708_104609_HDR.jpg?resize=525%2C300 1.5x, https:\/\/i0.wp.com\/blogdafeira.com.br\/home\/wp-content\/uploads\/2018\/07\/20180708_104609_HDR.jpg?resize=700%2C400 2x, https:\/\/i0.wp.com\/blogdafeira.com.br\/home\/wp-content\/uploads\/2018\/07\/20180708_104609_HDR.jpg?resize=1050%2C600 3x, https:\/\/i0.wp.com\/blogdafeira.com.br\/home\/wp-content\/uploads\/2018\/07\/20180708_104609_HDR.jpg?resize=1400%2C800 4x"},"classes":[]},{"id":66992,"url":"https:\/\/blogdafeira.com.br\/home\/2025\/04\/30\/saiba-quais-sao-os-conheca-os-pontos-que-dao-vida-a-micareta-de-feira\/","url_meta":{"origin":21835,"position":1},"title":"Saiba quais s\u00e3o os pontos que d\u00e3o vida \u00e0 Micareta de Feira","author":"Blog da Feira","date":"30\/04\/2025","format":false,"excerpt":"Mais do que trios el\u00e9tricos e multid\u00f5es, a Micareta de Feira \u00e9 um festival pulsante, marcado por espa\u00e7os \u00fanicos que d\u00e3o identidade, diversidade e emo\u00e7\u00e3o \u00e0 festa. Em 2025, a estrutura foi pensada para acolher diferentes p\u00fablicos, estilos musicais e faixas et\u00e1rias, consolidando o evento como o maior carnaval fora\u2026","rel":"","context":"Em &quot;Geral&quot;","block_context":{"text":"Geral","link":"https:\/\/blogdafeira.com.br\/home\/categoria\/geral\/"},"img":{"alt_text":"","src":"https:\/\/i0.wp.com\/blogdafeira.com.br\/home\/wp-content\/uploads\/2025\/04\/Palco-Charles-Albert-fotos-Jorge-Magalhaes-4.jpeg?resize=350%2C200&ssl=1","width":350,"height":200,"srcset":"https:\/\/i0.wp.com\/blogdafeira.com.br\/home\/wp-content\/uploads\/2025\/04\/Palco-Charles-Albert-fotos-Jorge-Magalhaes-4.jpeg?resize=350%2C200&ssl=1 1x, https:\/\/i0.wp.com\/blogdafeira.com.br\/home\/wp-content\/uploads\/2025\/04\/Palco-Charles-Albert-fotos-Jorge-Magalhaes-4.jpeg?resize=525%2C300&ssl=1 1.5x, https:\/\/i0.wp.com\/blogdafeira.com.br\/home\/wp-content\/uploads\/2025\/04\/Palco-Charles-Albert-fotos-Jorge-Magalhaes-4.jpeg?resize=700%2C400&ssl=1 2x, https:\/\/i0.wp.com\/blogdafeira.com.br\/home\/wp-content\/uploads\/2025\/04\/Palco-Charles-Albert-fotos-Jorge-Magalhaes-4.jpeg?resize=1050%2C600&ssl=1 3x"},"classes":[]},{"id":63972,"url":"https:\/\/blogdafeira.com.br\/home\/2024\/09\/25\/aberto-do-cuca-que-acontece-na-sexta-feira-tem-palco-independente-para-artistas-alternativos\/","url_meta":{"origin":21835,"position":2},"title":"Aberto do Cuca que acontece na sexta-feira tem palco independente para artistas alternativos","author":"Blog da Feira","date":"25\/09\/2024","format":false,"excerpt":"O Centro Universit\u00e1rio de Cultura e Arte da UEFS realizar\u00e1 a edi\u00e7\u00e3o de 2024 do Aberto das Artes no dia 27 (sexta-feira). Com uma programa\u00e7\u00e3o que vai das das 9h \u00e0s 22h, o Aberto engloba uma grande variedade de g\u00eaneros art\u00edsticos e este ano traz novidades, como um palco independente\u2026","rel":"","context":"Em &quot;Cultura&quot;","block_context":{"text":"Cultura","link":"https:\/\/blogdafeira.com.br\/home\/categoria\/cultura\/"},"img":{"alt_text":"","src":"https:\/\/i0.wp.com\/blogdafeira.com.br\/home\/wp-content\/uploads\/2024\/09\/CardPrincipal-Aberto2024.png?resize=350%2C200&ssl=1","width":350,"height":200,"srcset":"https:\/\/i0.wp.com\/blogdafeira.com.br\/home\/wp-content\/uploads\/2024\/09\/CardPrincipal-Aberto2024.png?resize=350%2C200&ssl=1 1x, https:\/\/i0.wp.com\/blogdafeira.com.br\/home\/wp-content\/uploads\/2024\/09\/CardPrincipal-Aberto2024.png?resize=525%2C300&ssl=1 1.5x, https:\/\/i0.wp.com\/blogdafeira.com.br\/home\/wp-content\/uploads\/2024\/09\/CardPrincipal-Aberto2024.png?resize=700%2C400&ssl=1 2x, https:\/\/i0.wp.com\/blogdafeira.com.br\/home\/wp-content\/uploads\/2024\/09\/CardPrincipal-Aberto2024.png?resize=1050%2C600&ssl=1 3x, https:\/\/i0.wp.com\/blogdafeira.com.br\/home\/wp-content\/uploads\/2024\/09\/CardPrincipal-Aberto2024.png?resize=1400%2C800&ssl=1 4x"},"classes":[]},{"id":32811,"url":"https:\/\/blogdafeira.com.br\/home\/2019\/09\/09\/vai-ter-feira-noise\/","url_meta":{"origin":21835,"position":3},"title":"Vai ter Feira Noise","author":"Elismar Pond\u00e9","date":"09\/09\/2019","format":false,"excerpt":"Depois de muita expectativa e v\u00e1rias especula\u00e7\u00f5es, o Feira Coletivo Cultural publicou nesta segunda-feira (9) um v\u00eddeo que confirma a realiza\u00e7\u00e3o da edi\u00e7\u00e3o 2019 do Festival Feira Noise, o maior evento do g\u00eanero no estado da Bahia e um dos maiores do Nordeste e do Brasil. As atra\u00e7\u00f5es ainda n\u00e3o\u2026","rel":"","context":"Em &quot;Home&quot;","block_context":{"text":"Home","link":"https:\/\/blogdafeira.com.br\/home\/categoria\/raiz\/"},"img":{"alt_text":"","src":"https:\/\/i0.wp.com\/blogdafeira.com.br\/home\/wp-content\/uploads\/2019\/09\/46520141_2253999024866300_8517843677605789696_n-346x231.jpg?resize=350%2C200","width":350,"height":200},"classes":[]},{"id":58678,"url":"https:\/\/blogdafeira.com.br\/home\/2023\/07\/18\/osba-apresenta-concerto-uma-viagem-musical-domingo-23-no-amelio-amorim\/","url_meta":{"origin":21835,"position":4},"title":"OSBA apresenta concerto &#8220;Uma Viagem Musical&#8221; domingo (23) no Am\u00e9lio Amorim","author":"Blog da Feira","date":"18\/07\/2023","format":false,"excerpt":"A Orquestra Sinf\u00f4nica da Bahia realiza no pr\u00f3ximo domingo, dia 23 , \u00e0s 17h, no Centro de Cultura Am\u00e9lio Amorim, em Feira de Santana, o concerto \u201cUma Viagem Musical\u201d, parte do projeto OSBA na Estrada. A apresenta\u00e7\u00e3o ter\u00e1 a reg\u00eancia do maestro da OSBA, Carlos Prazeres. A retirada dos ingressos\u2026","rel":"","context":"Em &quot;Cultura&quot;","block_context":{"text":"Cultura","link":"https:\/\/blogdafeira.com.br\/home\/categoria\/cultura\/"},"img":{"alt_text":"","src":"https:\/\/i0.wp.com\/blogdafeira.com.br\/home\/wp-content\/uploads\/2023\/07\/OSBA-NA-ESTRADA_MUCUGE_Foto_FernandoGomes-768x512-1.webp?resize=350%2C200&ssl=1","width":350,"height":200,"srcset":"https:\/\/i0.wp.com\/blogdafeira.com.br\/home\/wp-content\/uploads\/2023\/07\/OSBA-NA-ESTRADA_MUCUGE_Foto_FernandoGomes-768x512-1.webp?resize=350%2C200&ssl=1 1x, https:\/\/i0.wp.com\/blogdafeira.com.br\/home\/wp-content\/uploads\/2023\/07\/OSBA-NA-ESTRADA_MUCUGE_Foto_FernandoGomes-768x512-1.webp?resize=525%2C300&ssl=1 1.5x, https:\/\/i0.wp.com\/blogdafeira.com.br\/home\/wp-content\/uploads\/2023\/07\/OSBA-NA-ESTRADA_MUCUGE_Foto_FernandoGomes-768x512-1.webp?resize=700%2C400&ssl=1 2x"},"classes":[]},{"id":40664,"url":"https:\/\/blogdafeira.com.br\/home\/2020\/09\/22\/prefeitura-vai-contratar-empresa-para-prestar-servicos-nas-206-escolas-de-feira\/","url_meta":{"origin":21835,"position":5},"title":"Prefeitura vai contratar empresa para prestar servi\u00e7os nas 206 escolas de Feira","author":"Blog da Feira","date":"22\/09\/2020","format":false,"excerpt":"A Prefeitura de Feira de Santana vai contratar uma nova empresa da \u00e1rea de gest\u00e3o de pessoal para a oferta de servi\u00e7o administrativo, t\u00e9cnico e operacional. Ela ir\u00e1 atender \u00e0s demandas da Secretaria Municipal de Educa\u00e7\u00e3o e das 206 escolas da Rede Municipal. Ser\u00e3o contratados 1.670 funcion\u00e1rios para diversos setores,\u2026","rel":"","context":"Em &quot;Cidade&quot;","block_context":{"text":"Cidade","link":"https:\/\/blogdafeira.com.br\/home\/categoria\/cidade\/"},"img":{"alt_text":"","src":"https:\/\/i0.wp.com\/blogdafeira.com.br\/home\/wp-content\/uploads\/2020\/09\/escola.jpg?resize=350%2C200&ssl=1","width":350,"height":200,"srcset":"https:\/\/i0.wp.com\/blogdafeira.com.br\/home\/wp-content\/uploads\/2020\/09\/escola.jpg?resize=350%2C200&ssl=1 1x, https:\/\/i0.wp.com\/blogdafeira.com.br\/home\/wp-content\/uploads\/2020\/09\/escola.jpg?resize=525%2C300&ssl=1 1.5x, https:\/\/i0.wp.com\/blogdafeira.com.br\/home\/wp-content\/uploads\/2020\/09\/escola.jpg?resize=700%2C400&ssl=1 2x, https:\/\/i0.wp.com\/blogdafeira.com.br\/home\/wp-content\/uploads\/2020\/09\/escola.jpg?resize=1050%2C600&ssl=1 3x"},"classes":[]}],"_links":{"self":[{"href":"https:\/\/blogdafeira.com.br\/home\/wp-json\/wp\/v2\/posts\/21835","targetHints":{"allow":["GET"]}}],"collection":[{"href":"https:\/\/blogdafeira.com.br\/home\/wp-json\/wp\/v2\/posts"}],"about":[{"href":"https:\/\/blogdafeira.com.br\/home\/wp-json\/wp\/v2\/types\/post"}],"author":[{"embeddable":true,"href":"https:\/\/blogdafeira.com.br\/home\/wp-json\/wp\/v2\/users\/1"}],"replies":[{"embeddable":true,"href":"https:\/\/blogdafeira.com.br\/home\/wp-json\/wp\/v2\/comments?post=21835"}],"version-history":[{"count":1,"href":"https:\/\/blogdafeira.com.br\/home\/wp-json\/wp\/v2\/posts\/21835\/revisions"}],"predecessor-version":[{"id":21837,"href":"https:\/\/blogdafeira.com.br\/home\/wp-json\/wp\/v2\/posts\/21835\/revisions\/21837"}],"wp:attachment":[{"href":"https:\/\/blogdafeira.com.br\/home\/wp-json\/wp\/v2\/media?parent=21835"}],"wp:term":[{"taxonomy":"category","embeddable":true,"href":"https:\/\/blogdafeira.com.br\/home\/wp-json\/wp\/v2\/categories?post=21835"},{"taxonomy":"post_tag","embeddable":true,"href":"https:\/\/blogdafeira.com.br\/home\/wp-json\/wp\/v2\/tags?post=21835"}],"curies":[{"name":"wp","href":"https:\/\/api.w.org\/{rel}","templated":true}]}}