{"id":22699,"date":"2016-07-26T16:03:35","date_gmt":"2016-07-26T19:03:35","guid":{"rendered":"http:\/\/blogdafeira.com.br\/home\/?p=22699"},"modified":"2016-07-26T16:03:35","modified_gmt":"2016-07-26T19:03:35","slug":"jhonatas-monteiro-vai-nesta-quarta-ao-campus-da-uefs-para-debate-no-dce","status":"publish","type":"post","link":"https:\/\/blogdafeira.com.br\/home\/2016\/07\/26\/jhonatas-monteiro-vai-nesta-quarta-ao-campus-da-uefs-para-debate-no-dce\/","title":{"rendered":"Jhonatas Monteiro vai nesta quarta ao campus da UEFS para debate no DCE"},"content":{"rendered":"<p><img loading=\"lazy\" decoding=\"async\" class=\"aligncenter size-full wp-image-22697\" src=\"http:\/\/blogdafeira.com.br\/home\/wp-content\/uploads\/2016\/07\/FB_IMG_1469559143408.jpg\" alt=\"FB_IMG_1469559143408\" width=\"800\" height=\"800\" srcset=\"https:\/\/blogdafeira.com.br\/home\/wp-content\/uploads\/2016\/07\/FB_IMG_1469559143408.jpg 800w, https:\/\/blogdafeira.com.br\/home\/wp-content\/uploads\/2016\/07\/FB_IMG_1469559143408-150x150.jpg 150w, https:\/\/blogdafeira.com.br\/home\/wp-content\/uploads\/2016\/07\/FB_IMG_1469559143408-300x300.jpg 300w, https:\/\/blogdafeira.com.br\/home\/wp-content\/uploads\/2016\/07\/FB_IMG_1469559143408-768x768.jpg 768w, https:\/\/blogdafeira.com.br\/home\/wp-content\/uploads\/2016\/07\/FB_IMG_1469559143408-185x185.jpg 185w\" sizes=\"auto, (max-width: 800px) 100vw, 800px\" \/><\/p>\n<div id=\"blogd-2576267043\" class=\"blogd-fim-do-post-mobile blogd-entity-placement\" style=\"margin-left: auto;margin-right: auto;text-align: center;\"><a href=\"https:\/\/www.sefaz.feiradesantana.ba.gov.br\/\" target=\"_blank\" aria-label=\"728&#215;90 (6)\"><img loading=\"lazy\" decoding=\"async\" src=\"https:\/\/blogdafeira.com.br\/home\/wp-content\/uploads\/2026\/03\/728x90-6.gif\" alt=\"\"  class=\"no-lazyload\" width=\"728\" height=\"90\"  style=\"display: inline-block;\" \/><\/a><\/div><p>O professor Jhonatas Monteiro, conhecido tamb\u00e9m como &#8216;O Rasta do PSOL&#8217; por ter sido candidato a Prefeito de Feira por este partido em 2012, \u00a0comparece hoje ao campus da Universidade Estadual de Feira de Santana a convite do Diret\u00f3rio Central dos Estudantes para um debate sobre &#8216;A Ditadura e a PM&#8217; do qual participa tamb\u00e9m o estudante Iago Gomes.<\/p><div id=\"blogd-4241136318\" class=\"blogd-conteudo-2-mobile blogd-entity-placement\"><a href=\"https:\/\/feirenses.com.br\/\" target=\"_blank\" aria-label=\"feirenses\"><img loading=\"lazy\" decoding=\"async\" src=\"https:\/\/blogdafeira.com.br\/home\/wp-content\/uploads\/2026\/04\/feirenses.png\" alt=\"\"  srcset=\"https:\/\/blogdafeira.com.br\/home\/wp-content\/uploads\/2026\/04\/feirenses.png 300w, https:\/\/blogdafeira.com.br\/home\/wp-content\/uploads\/2026\/04\/feirenses-170x45.png 170w, https:\/\/blogdafeira.com.br\/home\/wp-content\/uploads\/2026\/04\/feirenses-280x74.png 280w\" sizes=\"(max-width: 300px) 100vw, 300px\" class=\"no-lazyload\" width=\"300\" height=\"79\"  style=\"display: inline-block;\" \/><\/a><\/div>\n<div id=\"blogd-2427983438\" class=\"blogd-final-post blogd-entity-placement\"><a href=\"https:\/\/www.feiradesantana.ba.leg.br\/\" target=\"_blank\" aria-label=\"BANNER-SITE-ENTREGADECHEQUE-CAMARADEFEIRA\"><img loading=\"lazy\" decoding=\"async\" src=\"https:\/\/blogdafeira.com.br\/home\/wp-content\/uploads\/2026\/03\/BANNER-SITE-ENTREGADECHEQUE-CAMARADEFEIRA.gif\" alt=\"\"  class=\"no-lazyload\" width=\"728\" height=\"90\"   \/><\/a><\/div><p>Jhonatas vai participar das elei\u00e7\u00f5es deste ano mas o partido ainda n\u00e3o decidiu se ele ser\u00e1 candidato a Prefeito ou a Vereador. A decis\u00e3o deve acontecer at\u00e9 dia 5 de agosto, prazo final para os partidos homologarem suas candidaturas.<\/p>\n","protected":false},"excerpt":{"rendered":"<p>O professor Jhonatas Monteiro, conhecido tamb\u00e9m como &#8216;O Rasta do PSOL&#8217; por ter sido candidato a Prefeito de Feira por este partido em 2012, \u00a0comparece hoje ao campus da Universidade Estadual de Feira de Santana a convite do Diret\u00f3rio Central dos Estudantes para um debate sobre &#8216;A Ditadura e a PM&#8217; do qual participa tamb\u00e9m<\/p>\n","protected":false},"author":1,"featured_media":0,"comment_status":"closed","ping_status":"closed","sticky":false,"template":"","format":"standard","meta":{"jetpack_post_was_ever_published":false,"cybocfi_hide_featured_image":"","_jetpack_newsletter_access":"","_jetpack_dont_email_post_to_subs":false,"_jetpack_newsletter_tier_id":0,"_jetpack_memberships_contains_paywalled_content":false,"_jetpack_memberships_contains_paid_content":false,"footnotes":"","jetpack_publicize_message":"","jetpack_publicize_feature_enabled":true,"jetpack_social_post_already_shared":true,"jetpack_social_options":{"image_generator_settings":{"template":"highway","default_image_id":0,"font":"","enabled":false},"version":2}},"categories":[1],"tags":[],"class_list":["post-22699","post","type-post","status-publish","format-standard","hentry","category-raiz"],"jetpack_publicize_connections":[],"jetpack_featured_media_url":"","jetpack_shortlink":"https:\/\/wp.me\/p3niVf-5U7","jetpack_sharing_enabled":true,"jetpack-related-posts":[{"id":9047,"url":"https:\/\/blogdafeira.com.br\/home\/2014\/02\/10\/jhonatas-diz-que-psol-debate-e-aberto-a-toda-a-comunidade-de-feira\/","url_meta":{"origin":22699,"position":0},"title":"Jh\u00f4natas diz que &#8216;PSOL Debate&#8217; \u00e9 aberto a toda a comunidade de Feira","author":"Blog da Feira","date":"10\/02\/2014","format":false,"excerpt":"O professor Jh\u00f4natas Monteiro, quer a presen\u00e7a de n\u00e3o-filiados no 'PSOL Debate', evento que o partido promove no pr\u00f3ximo s\u00e1bado, a partir das 15 horas, na Casa S\u00e3o Paulo Ap\u00f3stolo, na rua Castro Alves, centro da Cidade. O tema deste s\u00e1bado \u00e9 \u00a0\"Organiza\u00e7\u00e3o comunit\u00e1ria e a luta nos bairros\". \"Como\u2026","rel":"","context":"Em &quot;Home&quot;","block_context":{"text":"Home","link":"https:\/\/blogdafeira.com.br\/home\/categoria\/raiz\/"},"img":{"alt_text":"psol1","src":"https:\/\/i0.wp.com\/blogdafeira.com.br\/home\/wp-content\/uploads\/2014\/02\/psol1.jpg?resize=350%2C200","width":350,"height":200,"srcset":"https:\/\/i0.wp.com\/blogdafeira.com.br\/home\/wp-content\/uploads\/2014\/02\/psol1.jpg?resize=350%2C200 1x, https:\/\/i0.wp.com\/blogdafeira.com.br\/home\/wp-content\/uploads\/2014\/02\/psol1.jpg?resize=525%2C300 1.5x"},"classes":[]},{"id":29210,"url":"https:\/\/blogdafeira.com.br\/home\/2018\/03\/09\/jhonatas-participa-em-sp-de-conferencia-que-vai-escolher-candidato-do-psol-a-presidencia\/","url_meta":{"origin":22699,"position":1},"title":"Jhonatas participa em SP de Confer\u00eancia que vai escolher candidato do PSOL \u00e0 Presid\u00eancia","author":"Blog da Feira","date":"09\/03\/2018","format":false,"excerpt":"O professor Jhonatas Monteiro, 'O Rasta', participa neste s\u00e1bado,10, em S\u00e3o Paulo da Confer\u00eancia Nacional do PSOL que vai escolher o candidato \u00e0 Presid\u00eancia do Brasil por esse partido. A Confer\u00eancia \u00e9 formada por 126 delegados e delegadas, com representa\u00e7\u00e3o proporcional ao Diret\u00f3rio Nacional do partido. Jhonatas Monteiro foi candidato\u2026","rel":"","context":"Em &quot;Home&quot;","block_context":{"text":"Home","link":"https:\/\/blogdafeira.com.br\/home\/categoria\/raiz\/"},"img":{"alt_text":"","src":"https:\/\/i0.wp.com\/blogdafeira.com.br\/home\/wp-content\/uploads\/2018\/03\/IMG_20180309_202230-1024x1024.jpg?resize=350%2C200","width":350,"height":200,"srcset":"https:\/\/i0.wp.com\/blogdafeira.com.br\/home\/wp-content\/uploads\/2018\/03\/IMG_20180309_202230-1024x1024.jpg?resize=350%2C200 1x, https:\/\/i0.wp.com\/blogdafeira.com.br\/home\/wp-content\/uploads\/2018\/03\/IMG_20180309_202230-1024x1024.jpg?resize=525%2C300 1.5x, https:\/\/i0.wp.com\/blogdafeira.com.br\/home\/wp-content\/uploads\/2018\/03\/IMG_20180309_202230-1024x1024.jpg?resize=700%2C400 2x"},"classes":[]},{"id":12517,"url":"https:\/\/blogdafeira.com.br\/home\/2014\/09\/23\/o-rasta-passa-esta-quarta-feira-em-campanha-no-campus-da-uefs\/","url_meta":{"origin":22699,"position":2},"title":"&#8216;O Rasta&#8217; passa esta quarta-feira em campanha no campus da UEFS","author":"Blog da Feira","date":"23\/09\/2014","format":false,"excerpt":"Nesta quarta-feira, dia 24, o professor Jhonatas Monteiro, candidato a deputado pelo PSOl, cumpre uma agenda inteira no campus da Universidade Estadual de Feira de Santana. \u00c0s 8 horas come\u00e7a debate com calouros de Engenharia Civil, \u00e1s 11 faz panfletagem no Bandej\u00e3o, \u00e0s 14 inicia caminhada por m\u00f3dulos e setores\u2026","rel":"","context":"Em &quot;Home&quot;","block_context":{"text":"Home","link":"https:\/\/blogdafeira.com.br\/home\/categoria\/raiz\/"},"img":{"alt_text":"","src":"","width":0,"height":0},"classes":[]},{"id":11757,"url":"https:\/\/blogdafeira.com.br\/home\/2014\/08\/06\/jhonatas-abre-debate-no-twitcam-sobre-candidatura-a-deputado\/","url_meta":{"origin":22699,"position":3},"title":"Jh\u00f4natas abre debate no &#8216;Twitcam&#8217; sobre candidatura a deputado","author":"Blog da Feira","date":"06\/08\/2014","format":false,"excerpt":"Nesta quinta-feira, 7 , \u00e0s 20:00, o candidato do PSOL a deputado estadual, professor Jh\u00f4natas Monteiro participa de um 'Twitcam' sobre as propostas do mandato. O \u00a0Twitcam ser\u00e1 uma oportunidade de di\u00e1logo, ao vivo, com Jhonatas Monteiro, conhecido tamb\u00e9m como \"O Rasta do PSOL'. Para participar clique aqui.","rel":"","context":"Em &quot;Home&quot;","block_context":{"text":"Home","link":"https:\/\/blogdafeira.com.br\/home\/categoria\/raiz\/"},"img":{"alt_text":"Jhonatas 2014 - 1\u00ba Twitcam - C\u00f3pia","src":"https:\/\/i0.wp.com\/blogdafeira.com.br\/home\/wp-content\/uploads\/2014\/08\/Jhonatas-2014-1%C2%BA-Twitcam-C%C3%B3pia-346x271.jpg?resize=350%2C200","width":350,"height":200},"classes":[]},{"id":10368,"url":"https:\/\/blogdafeira.com.br\/home\/2014\/04\/22\/o-rasta-do-psol-faz-palestra-para-estudantes-universitarios-em-serrinha\/","url_meta":{"origin":22699,"position":4},"title":"O &#8216;Rasta do PSOL&#8217; faz palestra para estudantes universit\u00e1rios em Serrinha","author":"Blog da Feira","date":"22\/04\/2014","format":false,"excerpt":"O professor Jh\u00f4natas Monteiro, pr\u00e9 candidato a deputado estadual pelo PSOL est\u00e1 avan\u00e7ando entre os estudantes , principalmente em palestras que faz nos campi universit\u00e1rios e escolas p\u00fablicas. Neste m\u00eas de abril, 'O Rasta', como ficou conhecido durante a campanha para Prefeito de Feira, em 2012, fez uma palestra no\u2026","rel":"","context":"Em &quot;Home&quot;","block_context":{"text":"Home","link":"https:\/\/blogdafeira.com.br\/home\/categoria\/raiz\/"},"img":{"alt_text":"10154161_424787717664767_4641696079626100401_n","src":"https:\/\/i0.wp.com\/blogdafeira.com.br\/home\/wp-content\/uploads\/2014\/04\/10154161_424787717664767_4641696079626100401_n.jpg?resize=350%2C200","width":350,"height":200,"srcset":"https:\/\/i0.wp.com\/blogdafeira.com.br\/home\/wp-content\/uploads\/2014\/04\/10154161_424787717664767_4641696079626100401_n.jpg?resize=350%2C200 1x, https:\/\/i0.wp.com\/blogdafeira.com.br\/home\/wp-content\/uploads\/2014\/04\/10154161_424787717664767_4641696079626100401_n.jpg?resize=525%2C300 1.5x, https:\/\/i0.wp.com\/blogdafeira.com.br\/home\/wp-content\/uploads\/2014\/04\/10154161_424787717664767_4641696079626100401_n.jpg?resize=700%2C400 2x"},"classes":[]},{"id":6172,"url":"https:\/\/blogdafeira.com.br\/home\/2013\/11\/18\/psol-de-feira-promove-debate-com-jhonatas-sobre-exterminio-da-juventude-negra\/","url_meta":{"origin":22699,"position":5},"title":"PSOL de Feira promove debate com Jhonatas sobre &#8216;exterm\u00ednio da juventude negra&#8217;","author":"Blog da Feira","date":"18\/11\/2013","format":false,"excerpt":"O partido PSOL promove no pr\u00f3ximo dia 23, s\u00e1bado, um debate sobre \"Racismo e Exterm\u00ednio da Juventude Negra', com a presen\u00e7a do professor Jh\u00f4natas Monteiro, pr\u00e9-candidato a deputado pelo partido e Joanderson Santna, estudante do n\u00facleo de negros e negras da Universidade Estadual de Feira de Santana. O debate come\u00e7a\u2026","rel":"","context":"Em &quot;Home&quot;","block_context":{"text":"Home","link":"https:\/\/blogdafeira.com.br\/home\/categoria\/raiz\/"},"img":{"alt_text":"psol","src":"https:\/\/i0.wp.com\/blogdafeira.com.br\/home\/wp-content\/uploads\/2013\/11\/psol-212x300.jpg?resize=350%2C200","width":350,"height":200},"classes":[]}],"_links":{"self":[{"href":"https:\/\/blogdafeira.com.br\/home\/wp-json\/wp\/v2\/posts\/22699","targetHints":{"allow":["GET"]}}],"collection":[{"href":"https:\/\/blogdafeira.com.br\/home\/wp-json\/wp\/v2\/posts"}],"about":[{"href":"https:\/\/blogdafeira.com.br\/home\/wp-json\/wp\/v2\/types\/post"}],"author":[{"embeddable":true,"href":"https:\/\/blogdafeira.com.br\/home\/wp-json\/wp\/v2\/users\/1"}],"replies":[{"embeddable":true,"href":"https:\/\/blogdafeira.com.br\/home\/wp-json\/wp\/v2\/comments?post=22699"}],"version-history":[{"count":1,"href":"https:\/\/blogdafeira.com.br\/home\/wp-json\/wp\/v2\/posts\/22699\/revisions"}],"predecessor-version":[{"id":22700,"href":"https:\/\/blogdafeira.com.br\/home\/wp-json\/wp\/v2\/posts\/22699\/revisions\/22700"}],"wp:attachment":[{"href":"https:\/\/blogdafeira.com.br\/home\/wp-json\/wp\/v2\/media?parent=22699"}],"wp:term":[{"taxonomy":"category","embeddable":true,"href":"https:\/\/blogdafeira.com.br\/home\/wp-json\/wp\/v2\/categories?post=22699"},{"taxonomy":"post_tag","embeddable":true,"href":"https:\/\/blogdafeira.com.br\/home\/wp-json\/wp\/v2\/tags?post=22699"}],"curies":[{"name":"wp","href":"https:\/\/api.w.org\/{rel}","templated":true}]}}