{"id":22806,"date":"2016-08-01T08:26:37","date_gmt":"2016-08-01T11:26:37","guid":{"rendered":"http:\/\/blogdafeira.com.br\/home\/?p=22806"},"modified":"2016-08-01T08:26:37","modified_gmt":"2016-08-01T11:26:37","slug":"capitao-corisco-inaugura-palco-reciclante-no-beco-da-energia-em-feira","status":"publish","type":"post","link":"https:\/\/blogdafeira.com.br\/home\/2016\/08\/01\/capitao-corisco-inaugura-palco-reciclante-no-beco-da-energia-em-feira\/","title":{"rendered":"Capit\u00e3o Corisco inaugura &#8216;palco reciclante&#8217; no Beco da Energia em Feira"},"content":{"rendered":"<p><img loading=\"lazy\" decoding=\"async\" class=\"aligncenter size-full wp-image-22805\" src=\"http:\/\/blogdafeira.com.br\/home\/wp-content\/uploads\/2016\/08\/capit\u00e3o-corisco.jpg\" alt=\"capit\u00e3o corisco\" width=\"542\" height=\"800\" srcset=\"https:\/\/blogdafeira.com.br\/home\/wp-content\/uploads\/2016\/08\/capit\u00e3o-corisco.jpg 542w, https:\/\/blogdafeira.com.br\/home\/wp-content\/uploads\/2016\/08\/capit\u00e3o-corisco-102x150.jpg 102w, https:\/\/blogdafeira.com.br\/home\/wp-content\/uploads\/2016\/08\/capit\u00e3o-corisco-203x300.jpg 203w\" sizes=\"auto, (max-width: 542px) 100vw, 542px\" \/><\/p>\n<div id=\"blogd-3735039939\" class=\"blogd-fim-do-post-mobile blogd-entity-placement\" style=\"margin-left: auto;margin-right: auto;text-align: center;\"><a href=\"https:\/\/www.sefaz.feiradesantana.ba.gov.br\/\" target=\"_blank\" aria-label=\"728&#215;90 (6)\"><img loading=\"lazy\" decoding=\"async\" src=\"https:\/\/blogdafeira.com.br\/home\/wp-content\/uploads\/2026\/03\/728x90-6.gif\" alt=\"\"  class=\"no-lazyload\" width=\"728\" height=\"90\"  style=\"display: inline-block;\" \/><\/a><\/div><p>Foi com muita chuva mesmo que o Beco da Energia, em Feira de Santana, voltou a ficar cheio de gente participando de mais um evento do maior projeto cultural de rua da Bahia, o &#8216;Beco \u00e9 Nosso&#8217;.<\/p><div id=\"blogd-4150941140\" class=\"blogd-conteudo-2-mobile blogd-entity-placement\"><a href=\"https:\/\/feirenses.com.br\/\" target=\"_blank\" aria-label=\"feirenses\"><img loading=\"lazy\" decoding=\"async\" src=\"https:\/\/blogdafeira.com.br\/home\/wp-content\/uploads\/2026\/04\/feirenses.png\" alt=\"\"  srcset=\"https:\/\/blogdafeira.com.br\/home\/wp-content\/uploads\/2026\/04\/feirenses.png 300w, https:\/\/blogdafeira.com.br\/home\/wp-content\/uploads\/2026\/04\/feirenses-170x45.png 170w, https:\/\/blogdafeira.com.br\/home\/wp-content\/uploads\/2026\/04\/feirenses-280x74.png 280w\" sizes=\"(max-width: 300px) 100vw, 300px\" class=\"no-lazyload\" width=\"300\" height=\"79\"  style=\"display: inline-block;\" \/><\/a><\/div>\n<div id=\"attachment_22807\" style=\"width: 356px\" class=\"wp-caption alignleft\"><img loading=\"lazy\" decoding=\"async\" aria-describedby=\"caption-attachment-22807\" class=\"wp-image-22807 size-medium\" src=\"http:\/\/blogdafeira.com.br\/home\/wp-content\/uploads\/2016\/08\/capit\u00e3o-corisco-ee-346x195.jpg\" alt=\"capit\u00e3o corisco ee\" width=\"346\" height=\"195\" srcset=\"https:\/\/blogdafeira.com.br\/home\/wp-content\/uploads\/2016\/08\/capit\u00e3o-corisco-ee-346x195.jpg 346w, https:\/\/blogdafeira.com.br\/home\/wp-content\/uploads\/2016\/08\/capit\u00e3o-corisco-ee-170x96.jpg 170w, https:\/\/blogdafeira.com.br\/home\/wp-content\/uploads\/2016\/08\/capit\u00e3o-corisco-ee-768x432.jpg 768w, https:\/\/blogdafeira.com.br\/home\/wp-content\/uploads\/2016\/08\/capit\u00e3o-corisco-ee.jpg 800w\" sizes=\"auto, (max-width: 346px) 100vw, 346px\" \/><p id=\"caption-attachment-22807\" class=\"wp-caption-text\">Foram usados pneus de trator.<\/p><\/div>\n<p>Dessa vez com um &#8216;palco reciclante&#8217; idealizado e montado pelo artista M\u00e1rcio Punk, fundador do Movimento O Beco \u00e9 Nosso que deu nova vers\u00e3o ao Beco que fica localizado entre a rua Marechal e o Beco do Moc\u00f3, no centro comercial da cidade.<\/p>\n<p><a href=\"https:\/\/www.facebook.com\/events\/877313445746009\/\">O Capit\u00e3o Corisco e sua Banda M\u00f3i de Coentro<\/a>\u00a0estiveram em Feira no final de semana. No s\u00e1bado estavam no <strong><a href=\"https:\/\/www.facebook.com\/marciopunktattoo.punktattoo?fref=ts\">Mandala Bar, no bairro da Kalil\u00e2ndia, <\/a><\/strong>e no domingo o Capit\u00e3o Corisco inaugurou o palco reciclante.<\/p>\n<div id=\"blogd-3869056926\" class=\"blogd-final-post blogd-entity-placement\"><a href=\"https:\/\/www.feiradesantana.ba.leg.br\/\" target=\"_blank\" aria-label=\"BANNER-SITE-ENTREGADECHEQUE-CAMARADEFEIRA\"><img loading=\"lazy\" decoding=\"async\" src=\"https:\/\/blogdafeira.com.br\/home\/wp-content\/uploads\/2026\/03\/BANNER-SITE-ENTREGADECHEQUE-CAMARADEFEIRA.gif\" alt=\"\"  class=\"no-lazyload\" width=\"728\" height=\"90\"   \/><\/a><\/div><p>M\u00e1rcio Punk tamb\u00e9m subiu ao palco no domingo do Beco assim como Ro\u00e7a Sound .<\/p>\n","protected":false},"excerpt":{"rendered":"<p>Foi com muita chuva mesmo que o Beco da Energia, em Feira de Santana, voltou a ficar cheio de gente participando de mais um evento do maior projeto cultural de rua da Bahia, o &#8216;Beco \u00e9 Nosso&#8217;. Dessa vez com um &#8216;palco reciclante&#8217; idealizado e montado pelo artista M\u00e1rcio Punk, fundador do Movimento O Beco<\/p>\n","protected":false},"author":1,"featured_media":0,"comment_status":"closed","ping_status":"closed","sticky":false,"template":"","format":"standard","meta":{"jetpack_post_was_ever_published":false,"cybocfi_hide_featured_image":"","_jetpack_newsletter_access":"","_jetpack_dont_email_post_to_subs":false,"_jetpack_newsletter_tier_id":0,"_jetpack_memberships_contains_paywalled_content":false,"_jetpack_memberships_contains_paid_content":false,"footnotes":"","jetpack_publicize_message":"","jetpack_publicize_feature_enabled":true,"jetpack_social_post_already_shared":true,"jetpack_social_options":{"image_generator_settings":{"template":"highway","default_image_id":0,"font":"","enabled":false},"version":2}},"categories":[1],"tags":[],"class_list":["post-22806","post","type-post","status-publish","format-standard","hentry","category-raiz"],"jetpack_publicize_connections":[],"jetpack_featured_media_url":"","jetpack_shortlink":"https:\/\/wp.me\/p3niVf-5VQ","jetpack_sharing_enabled":true,"jetpack-related-posts":[{"id":24834,"url":"https:\/\/blogdafeira.com.br\/home\/2016\/12\/09\/homenagem-a-gonzagao-no-beco-domingo-reune-novos-e-velhos-talentos-da-feira\/","url_meta":{"origin":22806,"position":0},"title":"Homenagem a Gonzag\u00e3o no Beco domingo re\u00fane novos e velhos talentos da Feira","author":"Blog da Feira","date":"09\/12\/2016","format":false,"excerpt":"O Beco da Energia em Feira de Santana \u00e9 um 'L' que vai da rua Marechal a outro beco, o do Moc\u00f3, no cora\u00e7\u00e3o comercial da cidade. No domingo vai ter forr\u00f3 de ponta a ponta l\u00e1 no Beco: \u00a0ser\u00e3o dois palcos enchendo a 'letra' com\u00a0m\u00fasica e agito de rua,\u2026","rel":"","context":"Em &quot;Home&quot;","block_context":{"text":"Home","link":"https:\/\/blogdafeira.com.br\/home\/categoria\/raiz\/"},"img":{"alt_text":"gonzagaaaaao","src":"https:\/\/i0.wp.com\/blogdafeira.com.br\/home\/wp-content\/uploads\/2016\/12\/gonzagaaaaao.jpg?resize=350%2C200","width":350,"height":200,"srcset":"https:\/\/i0.wp.com\/blogdafeira.com.br\/home\/wp-content\/uploads\/2016\/12\/gonzagaaaaao.jpg?resize=350%2C200 1x, https:\/\/i0.wp.com\/blogdafeira.com.br\/home\/wp-content\/uploads\/2016\/12\/gonzagaaaaao.jpg?resize=525%2C300 1.5x"},"classes":[]},{"id":28807,"url":"https:\/\/blogdafeira.com.br\/home\/2017\/12\/15\/domingo-tem-festa-com-cinco-atracoes-no-beco-da-energia-em-feira-de-santana\/","url_meta":{"origin":22806,"position":1},"title":"Domingo tem festa com cinco atra\u00e7\u00f5es no Beco da Energia  em Feira de Santana","author":"Blog da Feira","date":"15\/12\/2017","format":false,"excerpt":"Domingo (17), a partir das 9 horas, o projeto Circula Beco vai levar muita alegria, m\u00fasica e arte ao emblem\u00e1tico espa\u00e7o do Beco da Energia, no cora\u00e7\u00e3o co Centro Comercial de Feira de Santana. A retomada da a\u00e7\u00e3o cultural contar\u00e1 com cinco atra\u00e7\u00f5es. Est\u00e1 confirmada a participa\u00e7\u00e3o de cinco atra\u00e7\u00f5es.\u2026","rel":"","context":"Em &quot;Home&quot;","block_context":{"text":"Home","link":"https:\/\/blogdafeira.com.br\/home\/categoria\/raiz\/"},"img":{"alt_text":"card-circula-beco-em-feira-1","src":"https:\/\/i0.wp.com\/blogdafeira.com.br\/home\/wp-content\/uploads\/2017\/12\/Card-Circula-Beco-em-Feira-1.jpeg?resize=350%2C200","width":350,"height":200,"srcset":"https:\/\/i0.wp.com\/blogdafeira.com.br\/home\/wp-content\/uploads\/2017\/12\/Card-Circula-Beco-em-Feira-1.jpeg?resize=350%2C200 1x, https:\/\/i0.wp.com\/blogdafeira.com.br\/home\/wp-content\/uploads\/2017\/12\/Card-Circula-Beco-em-Feira-1.jpeg?resize=525%2C300 1.5x, https:\/\/i0.wp.com\/blogdafeira.com.br\/home\/wp-content\/uploads\/2017\/12\/Card-Circula-Beco-em-Feira-1.jpeg?resize=700%2C400 2x"},"classes":[]},{"id":58452,"url":"https:\/\/blogdafeira.com.br\/home\/2023\/06\/28\/beco-da-energia-esta-em-obras-de-revitalizacao-chegou-o-projeto-centro\/","url_meta":{"origin":22806,"position":2},"title":"Beco da Energia est\u00e1 em obras de revitaliza\u00e7\u00e3o: chegou o Projeto Centro","author":"Blog da Feira","date":"28\/06\/2023","format":false,"excerpt":"O Projeto Centro de Feira de Santana finalmente chegou ao Beco da Energia. Aguardado desde que as obras na Marechal foram iniciadas, elas avan\u00e7am pela art\u00e9ria que liga essa rua central\u00a0 ao Beco do Moc\u00f3. O Beco da Energia foi palco de um dos maiores movimentos de cultura de rua\u2026","rel":"","context":"Em &quot;Cidade&quot;","block_context":{"text":"Cidade","link":"https:\/\/blogdafeira.com.br\/home\/categoria\/cidade\/"},"img":{"alt_text":"","src":"https:\/\/i0.wp.com\/blogdafeira.com.br\/home\/wp-content\/uploads\/2023\/06\/IMG-20230628-WA00083.jpg?resize=350%2C200&ssl=1","width":350,"height":200,"srcset":"https:\/\/i0.wp.com\/blogdafeira.com.br\/home\/wp-content\/uploads\/2023\/06\/IMG-20230628-WA00083.jpg?resize=350%2C200&ssl=1 1x, https:\/\/i0.wp.com\/blogdafeira.com.br\/home\/wp-content\/uploads\/2023\/06\/IMG-20230628-WA00083.jpg?resize=525%2C300&ssl=1 1.5x, https:\/\/i0.wp.com\/blogdafeira.com.br\/home\/wp-content\/uploads\/2023\/06\/IMG-20230628-WA00083.jpg?resize=700%2C400&ssl=1 2x, https:\/\/i0.wp.com\/blogdafeira.com.br\/home\/wp-content\/uploads\/2023\/06\/IMG-20230628-WA00083.jpg?resize=1050%2C600&ssl=1 3x"},"classes":[]},{"id":22091,"url":"https:\/\/blogdafeira.com.br\/home\/2016\/06\/20\/movimento-o-beco-e-nosso-revela-o-sanfoneiro-bie-no-beco-da-energia\/","url_meta":{"origin":22806,"position":3},"title":"Movimento &#8216;O Beco \u00e9 Nosso&#8217; revela o sanfoneiro Bi\u00e9 no Beco da Energia","author":"Blog da Feira","date":"20\/06\/2016","format":false,"excerpt":"O sanfoneiro Bi\u00e9, o zambumbeiro Andr\u00e9 e o\u00a0triangleiro chegaram cedo no Beco da Energia. M\u00e1rcio Punk ainda dava os \u00faltimos retoques na produ\u00e7\u00e3o desse que \u00e9 o maior evento de rua em evid\u00eancia na Bahia atualmente. A geografia f\u00edsica e humana \u00a0do Beco \u00e9 singular. Forma um \"L\", entrando pela\u2026","rel":"","context":"Em &quot;Home&quot;","block_context":{"text":"Home","link":"https:\/\/blogdafeira.com.br\/home\/categoria\/raiz\/"},"img":{"alt_text":"IMG_20160619_164910147","src":"https:\/\/i0.wp.com\/blogdafeira.com.br\/home\/wp-content\/uploads\/2016\/06\/IMG_20160619_164910147-1024x576.jpg?resize=350%2C200","width":350,"height":200,"srcset":"https:\/\/i0.wp.com\/blogdafeira.com.br\/home\/wp-content\/uploads\/2016\/06\/IMG_20160619_164910147-1024x576.jpg?resize=350%2C200 1x, https:\/\/i0.wp.com\/blogdafeira.com.br\/home\/wp-content\/uploads\/2016\/06\/IMG_20160619_164910147-1024x576.jpg?resize=525%2C300 1.5x"},"classes":[]},{"id":40855,"url":"https:\/\/blogdafeira.com.br\/home\/2020\/10\/02\/quero-o-beco-de-volta-o-beco-do-punk\/","url_meta":{"origin":22806,"position":4},"title":"Quero o Beco de volta, o Beco do Punk!","author":"Kareen Mendes","date":"02\/10\/2020","format":false,"excerpt":"Nossos domingos eram felizes. Ah se eram... O dia mais pregui\u00e7oso da semana durante um tempo ganhou um gosto diferente. Na nossa F\u00eara, teve o tempo que domingo era dia de ir pro Beco da Energia com a fam\u00edlia! No Beco tinha show musical, lan\u00e7amento de livro, desfile, exposi\u00e7\u00e3o de\u2026","rel":"","context":"Em &quot;Colunistas&quot;","block_context":{"text":"Colunistas","link":"https:\/\/blogdafeira.com.br\/home\/categoria\/colunistas\/"},"img":{"alt_text":"","src":"https:\/\/i0.wp.com\/blogdafeira.com.br\/home\/wp-content\/uploads\/2020\/10\/kareen-t.jpg?resize=350%2C200&ssl=1","width":350,"height":200,"srcset":"https:\/\/i0.wp.com\/blogdafeira.com.br\/home\/wp-content\/uploads\/2020\/10\/kareen-t.jpg?resize=350%2C200&ssl=1 1x, https:\/\/i0.wp.com\/blogdafeira.com.br\/home\/wp-content\/uploads\/2020\/10\/kareen-t.jpg?resize=525%2C300&ssl=1 1.5x, https:\/\/i0.wp.com\/blogdafeira.com.br\/home\/wp-content\/uploads\/2020\/10\/kareen-t.jpg?resize=700%2C400&ssl=1 2x, https:\/\/i0.wp.com\/blogdafeira.com.br\/home\/wp-content\/uploads\/2020\/10\/kareen-t.jpg?resize=1050%2C600&ssl=1 3x, https:\/\/i0.wp.com\/blogdafeira.com.br\/home\/wp-content\/uploads\/2020\/10\/kareen-t.jpg?resize=1400%2C800&ssl=1 4x"},"classes":[]},{"id":16558,"url":"https:\/\/blogdafeira.com.br\/home\/2015\/09\/07\/domingo-no-beco-da-energia-e-so-arte-e-cultura\/","url_meta":{"origin":22806,"position":5},"title":"Domingo no Beco da Energia \u00e9 s\u00f3 arte e cultura","author":"Blog da Feira","date":"07\/09\/2015","format":false,"excerpt":"A mo\u00e7a faz um turbante muito incrementado na cabe\u00e7a de M\u00e1rcio Punk, sentado na porta do bar de Cl\u00e9rcia e sua cachorrinha Pirigite (piriguete+brigite). Punk \u00e9 o idealizador disso tudo que est\u00e1 acontecendo no Beco da Energia. De uns dias pra c\u00e1 o Beco mudou. As paredes ganharam vida, cores,\u2026","rel":"","context":"Em &quot;Home&quot;","block_context":{"text":"Home","link":"https:\/\/blogdafeira.com.br\/home\/categoria\/raiz\/"},"img":{"alt_text":"marcio punkff","src":"https:\/\/i0.wp.com\/blogdafeira.com.br\/home\/wp-content\/uploads\/2015\/09\/marcio-punkff.jpg?resize=350%2C200","width":350,"height":200},"classes":[]}],"_links":{"self":[{"href":"https:\/\/blogdafeira.com.br\/home\/wp-json\/wp\/v2\/posts\/22806","targetHints":{"allow":["GET"]}}],"collection":[{"href":"https:\/\/blogdafeira.com.br\/home\/wp-json\/wp\/v2\/posts"}],"about":[{"href":"https:\/\/blogdafeira.com.br\/home\/wp-json\/wp\/v2\/types\/post"}],"author":[{"embeddable":true,"href":"https:\/\/blogdafeira.com.br\/home\/wp-json\/wp\/v2\/users\/1"}],"replies":[{"embeddable":true,"href":"https:\/\/blogdafeira.com.br\/home\/wp-json\/wp\/v2\/comments?post=22806"}],"version-history":[{"count":1,"href":"https:\/\/blogdafeira.com.br\/home\/wp-json\/wp\/v2\/posts\/22806\/revisions"}],"predecessor-version":[{"id":22808,"href":"https:\/\/blogdafeira.com.br\/home\/wp-json\/wp\/v2\/posts\/22806\/revisions\/22808"}],"wp:attachment":[{"href":"https:\/\/blogdafeira.com.br\/home\/wp-json\/wp\/v2\/media?parent=22806"}],"wp:term":[{"taxonomy":"category","embeddable":true,"href":"https:\/\/blogdafeira.com.br\/home\/wp-json\/wp\/v2\/categories?post=22806"},{"taxonomy":"post_tag","embeddable":true,"href":"https:\/\/blogdafeira.com.br\/home\/wp-json\/wp\/v2\/tags?post=22806"}],"curies":[{"name":"wp","href":"https:\/\/api.w.org\/{rel}","templated":true}]}}