{"id":23008,"date":"2016-08-11T08:36:58","date_gmt":"2016-08-11T11:36:58","guid":{"rendered":"http:\/\/blogdafeira.com.br\/home\/?p=23008"},"modified":"2016-08-11T08:36:58","modified_gmt":"2016-08-11T11:36:58","slug":"plano-novo-chico-pretende-investir-r11-bi-na-revitalizacao-do-sao-francisco","status":"publish","type":"post","link":"https:\/\/blogdafeira.com.br\/home\/2016\/08\/11\/plano-novo-chico-pretende-investir-r11-bi-na-revitalizacao-do-sao-francisco\/","title":{"rendered":"Plano &#8216;Novo Chico&#8217; pretende investir R$1,1 bi na revitaliza\u00e7\u00e3o do S\u00e3o Francisco"},"content":{"rendered":"<div id=\"blogd-1891401326\" class=\"blogd-fim-do-post-mobile blogd-entity-placement\" style=\"margin-left: auto;margin-right: auto;text-align: center;\"><a href=\"https:\/\/expofeira.ba.gov.br\/\" target=_blank><picture>\r\n  <source media=\"(min-width: 768px)\" srcset=\"https:\/\/blogdafeira.com.br\/home\/wp-content\/uploads\/2026\/08\/980x1503.gif\">\r\n  \r\n  <img decoding=\"async\" src=\"https:\/\/blogdafeira.com.br\/home\/wp-content\/uploads\/2026\/08\/350x2005.gif\" alt=\"Publicidade\" style=\"width: 100%; max-width: 100%; height: auto; display: block; margin: 0 auto;\">\r\n\t<\/picture><\/a><\/div><p><img loading=\"lazy\" decoding=\"async\" class=\"aligncenter size-full wp-image-23009\" src=\"http:\/\/blogdafeira.com.br\/home\/wp-content\/uploads\/2016\/08\/DSC04036.jpg\" alt=\"DSC04036\" width=\"640\" height=\"480\" srcset=\"https:\/\/blogdafeira.com.br\/home\/wp-content\/uploads\/2016\/08\/DSC04036.jpg 640w, https:\/\/blogdafeira.com.br\/home\/wp-content\/uploads\/2016\/08\/DSC04036-170x128.jpg 170w, https:\/\/blogdafeira.com.br\/home\/wp-content\/uploads\/2016\/08\/DSC04036-346x260.jpg 346w\" sizes=\"auto, (max-width: 640px) 100vw, 640px\" \/>A implanta\u00e7\u00e3o de sistemas de esgotamento sanit\u00e1rio em localidades ribeirinhas, a\u00e7\u00e3o executada pela Companhia de Desenvolvimento dos Vales do S\u00e3o Francisco e Parna\u00edba (Codevasf), empresa p\u00fablica vinculada ao Minist\u00e9rio da Integra\u00e7\u00e3o Nacional, est\u00e1 prestes a ganhar novo impulso: o Projeto de Conserva\u00e7\u00e3o e Revitaliza\u00e7\u00e3o do Rio S\u00e3o Francisco prev\u00ea a retomada de 217 obras de sistemas de esgotamento sanit\u00e1rio e de abastecimento de \u00e1gua, e recursos da ordem de R$ 1,1 bilh\u00e3o at\u00e9 2019. A meta \u00e9 beneficiar uma popula\u00e7\u00e3o de 16,5 milh\u00f5es de pessoas em 505 munic\u00edpios at\u00e9 2026.<\/p>\n<p>O decreto de cria\u00e7\u00e3o do Plano Novo Chico, como tamb\u00e9m \u00e9 chamado, foi assinado ontem\u00a0pelo presidente em exerc\u00edcio da Rep\u00fablica, Michel Temer. Por meio dele, a Codevasf passa a executar com f\u00f4lego novo uma a\u00e7\u00e3o que tem o objetivo n\u00e3o apenas de aumentar o volume de \u00e1gua dispon\u00edvel no S\u00e3o Francisco, mas tamb\u00e9m de melhorar sua qualidade.<\/p>\n<p>A primeira reuni\u00e3o da C\u00e2mara T\u00e9cnica do Plano Novo Chico est\u00e1 marcada para a segunda-feira (15) e ser\u00e1 presidida pelo Minist\u00e9rio da Integra\u00e7\u00e3o Nacional.<\/p>\n<p>A c\u00e2mara ser\u00e1 respons\u00e1vel por propor a\u00e7\u00f5es, obras, metas, metodologias e sistemas de avalia\u00e7\u00e3o para o trabalho de revitaliza\u00e7\u00e3o do rio promovido pelo governo federal.<\/p>\n<div id=\"blogd-3895363089\" class=\"blogd-final-post blogd-entity-placement\"><a href=\"https:\/\/www.feiradesantana.ba.leg.br\/\" target=\"_blank\" aria-label=\"BANNER-SITE_CA\u0302MARA_AGOSTO_728x90px\"><img loading=\"lazy\" decoding=\"async\" src=\"https:\/\/blogdafeira.com.br\/home\/wp-content\/uploads\/2026\/03\/BANNER-SITE_CAMARA_AGOSTO_728x90px.gif\" alt=\"\"  class=\"no-lazyload\" width=\"728\" height=\"90\"   \/><\/a><\/div><p>O Comit\u00ea Gestor do Programa de Revitaliza\u00e7\u00e3o \u2013 respons\u00e1vel por planejar, coordenar e monitorar a\u00e7\u00f5es \u2013 \u00e9 presidido pela Casa Civil da Presid\u00eancia da Rep\u00fablica e composto pelos minist\u00e9rios da Integra\u00e7\u00e3o Nacional; do Meio Ambiente; do Planejamento, Desenvolvimento e Gest\u00e3o; de Minas e Energia; das Cidades; da Fazenda; da Ci\u00eancia, Tecnologia, Inova\u00e7\u00f5es e Comunica\u00e7\u00f5es; da Agricultura, Pecu\u00e1ria e Abastecimento; e da Secretaria Especial de Agricultura Familiar e do Desenvolvimento Agr\u00e1rio.<\/p>\n","protected":false},"excerpt":{"rendered":"<p>A implanta\u00e7\u00e3o de sistemas de esgotamento sanit\u00e1rio em localidades ribeirinhas, a\u00e7\u00e3o executada pela Companhia de Desenvolvimento dos Vales do S\u00e3o Francisco e Parna\u00edba (Codevasf), empresa p\u00fablica vinculada ao Minist\u00e9rio da Integra\u00e7\u00e3o Nacional, est\u00e1 prestes a ganhar novo impulso: o Projeto de Conserva\u00e7\u00e3o e Revitaliza\u00e7\u00e3o do Rio S\u00e3o Francisco prev\u00ea a retomada de 217 obras de<\/p>\n","protected":false},"author":1,"featured_media":0,"comment_status":"closed","ping_status":"closed","sticky":false,"template":"","format":"standard","meta":{"cybocfi_hide_featured_image":"","_jetpack_newsletter_access":"","_jetpack_dont_email_post_to_subs":false,"_jetpack_newsletter_tier_id":0,"_jetpack_memberships_contains_paywalled_content":false,"_jetpack_memberships_contains_paid_content":false,"footnotes":"","jetpack_publicize_message":"","jetpack_publicize_feature_enabled":true,"jetpack_social_post_already_shared":true,"jetpack_social_options":{"image_generator_settings":{"template":"highway","default_image_id":0,"font":"","enabled":false},"version":2},"jetpack_post_was_ever_published":false},"categories":[1],"tags":[],"class_list":["post-23008","post","type-post","status-publish","format-standard","hentry","category-raiz"],"jetpack_publicize_connections":[],"jetpack_featured_media_url":"","jetpack_shortlink":"https:\/\/wp.me\/p3niVf-5Z6","jetpack_sharing_enabled":true,"jetpack-related-posts":[{"id":22573,"url":"https:\/\/blogdafeira.com.br\/home\/2016\/07\/19\/kenia-assume-presidencia-da-codevasf-nesta-terca-feira-em-brasilia\/","url_meta":{"origin":23008,"position":0},"title":"K\u00eania assume presid\u00eancia da Codevasf nesta ter\u00e7a-feira em Bras\u00edlia","author":"Blog da Feira","date":"19\/07\/2016","format":false,"excerpt":"K\u00eania R\u00e9gia Anasenko Marcelino \u00e9 a nova presidente da Companhia de Desenvolvimento dos Vales do S\u00e3o Francisco e do Parna\u00edba (Codevasf). A nomea\u00e7\u00e3o foi publicada no Di\u00e1rio Oficial da Uni\u00e3o desta segunda-feira (18). Natural de Goian\u00e9sia (GO), K\u00eania \u00e9 zoot\u00e9cnica graduada pela Universidade Cat\u00f3lica de Goi\u00e1s (PUC), mestre em Ci\u00eancias\u2026","rel":"","context":"Em &quot;Distritos&quot;","block_context":{"text":"Distritos","link":"https:\/\/blogdafeira.com.br\/home\/categoria\/distritos\/"},"img":{"alt_text":"K\u00eania Marcelino \u00e9 primeira mulher a presidir a Codevasf","src":"https:\/\/i0.wp.com\/c8.staticflickr.com\/8\/7563\/27779681583_1385e2c43f.jpg?resize=350%2C200&ssl=1","width":350,"height":200},"classes":[]},{"id":73863,"url":"https:\/\/blogdafeira.com.br\/home\/2026\/09\/03\/comite-da-bacia-do-sao-francisco-divulga-carta-aberta-aos-candidatos-a-presidente\/","url_meta":{"origin":23008,"position":1},"title":"Comit\u00ea da Bacia do S\u00e3o Francisco divulga Carta Aberta aos candidatos a Presidente","author":"Blog da Feira","date":"03\/09\/2026","format":false,"excerpt":"O Comit\u00ea da Bacia Hidrogr\u00e1fica do Rio S\u00e3o Francisco (CBHSF) apresenta aos candidatos \u00e0 Presid\u00eancia da Rep\u00fablica e aos governos dos estados que integram a Bacia do Rio S\u00e3o Francisco uma agenda estrat\u00e9gica para que a \u00e1gua, a seguran\u00e7a h\u00eddrica e a revitaliza\u00e7\u00e3o da bacia sejam incorporadas aos programas de\u2026","rel":"","context":"Em &quot;Destaques&quot;","block_context":{"text":"Destaques","link":"https:\/\/blogdafeira.com.br\/home\/categoria\/destaques\/"},"img":{"alt_text":"","src":"https:\/\/i0.wp.com\/blogdafeira.com.br\/home\/wp-content\/uploads\/2026\/09\/ISS-48_Itaparica_Reservoir_on_the_Sao_Francisco_River_eastern_Brazil-1-scaled.jpg?resize=350%2C200&ssl=1","width":350,"height":200,"srcset":"https:\/\/i0.wp.com\/blogdafeira.com.br\/home\/wp-content\/uploads\/2026\/09\/ISS-48_Itaparica_Reservoir_on_the_Sao_Francisco_River_eastern_Brazil-1-scaled.jpg?resize=350%2C200&ssl=1 1x, https:\/\/i0.wp.com\/blogdafeira.com.br\/home\/wp-content\/uploads\/2026\/09\/ISS-48_Itaparica_Reservoir_on_the_Sao_Francisco_River_eastern_Brazil-1-scaled.jpg?resize=525%2C300&ssl=1 1.5x, https:\/\/i0.wp.com\/blogdafeira.com.br\/home\/wp-content\/uploads\/2026\/09\/ISS-48_Itaparica_Reservoir_on_the_Sao_Francisco_River_eastern_Brazil-1-scaled.jpg?resize=700%2C400&ssl=1 2x, https:\/\/i0.wp.com\/blogdafeira.com.br\/home\/wp-content\/uploads\/2026\/09\/ISS-48_Itaparica_Reservoir_on_the_Sao_Francisco_River_eastern_Brazil-1-scaled.jpg?resize=1050%2C600&ssl=1 3x, https:\/\/i0.wp.com\/blogdafeira.com.br\/home\/wp-content\/uploads\/2026\/09\/ISS-48_Itaparica_Reservoir_on_the_Sao_Francisco_River_eastern_Brazil-1-scaled.jpg?resize=1400%2C800&ssl=1 4x"},"classes":[]},{"id":45604,"url":"https:\/\/blogdafeira.com.br\/home\/2021\/05\/28\/embasa-amplia-investimentos-no-esgotamento-sanitario-em-feira\/","url_meta":{"origin":23008,"position":2},"title":"Embasa amplia investimentos no esgotamento sanit\u00e1rio em Feira","author":"Blog da Feira","date":"28\/05\/2021","format":false,"excerpt":"Um dos mais importantes componentes do Saneamento B\u00e1sico \u00e9 o servi\u00e7o de esgotamento sanit\u00e1rio, que representa n\u00e3o somente mais sa\u00fade para a popula\u00e7\u00e3o, como \u00a0tamb\u00e9m maior preserva\u00e7\u00e3o dos recursos h\u00eddricos. Em Feira de Santana, a Embasa, desde 2007,\u00a0 investiu mais de R$ 176 milh\u00f5es em obras para amplia\u00e7\u00e3o do sistema\u2026","rel":"","context":"Em &quot;Cidade&quot;","block_context":{"text":"Cidade","link":"https:\/\/blogdafeira.com.br\/home\/categoria\/cidade\/"},"img":{"alt_text":"","src":"https:\/\/i0.wp.com\/blogdafeira.com.br\/home\/wp-content\/uploads\/2021\/05\/Equipe-Embasa_ampliacao-esgotamento-sanitario_UNF_2021_2.jpg?resize=350%2C200&ssl=1","width":350,"height":200,"srcset":"https:\/\/i0.wp.com\/blogdafeira.com.br\/home\/wp-content\/uploads\/2021\/05\/Equipe-Embasa_ampliacao-esgotamento-sanitario_UNF_2021_2.jpg?resize=350%2C200&ssl=1 1x, https:\/\/i0.wp.com\/blogdafeira.com.br\/home\/wp-content\/uploads\/2021\/05\/Equipe-Embasa_ampliacao-esgotamento-sanitario_UNF_2021_2.jpg?resize=525%2C300&ssl=1 1.5x, https:\/\/i0.wp.com\/blogdafeira.com.br\/home\/wp-content\/uploads\/2021\/05\/Equipe-Embasa_ampliacao-esgotamento-sanitario_UNF_2021_2.jpg?resize=700%2C400&ssl=1 2x"},"classes":[]},{"id":23542,"url":"https:\/\/blogdafeira.com.br\/home\/2016\/09\/12\/sertao-da-bahia-tambem-vai-ter-um-bododramo-construido-pela-codevasf\/","url_meta":{"origin":23008,"position":3},"title":"Sert\u00e3o da Bahia tamb\u00e9m vai ter um &#8216;Bod\u00f3dramo&#8217; constru\u00eddo pela Codevasf","author":"Blog da Feira","date":"12\/09\/2016","format":false,"excerpt":"Um\u00a0complexo gastron\u00f4mico ao ar livre, formado por restaurantes especializados em carne de bode e \u00e1reas de lazer \u2013 espa\u00e7o que, de quebra, ir\u00e1 estimular o desenvolvimento da ovinocaprinocultura na regi\u00e3o de Irec\u00ea, em pleno sert\u00e3o baiano. \u00c9 esse o objetivo do \u201cBod\u00f3dromo\u201d, obra de cerca de R$ 1,1 milh\u00e3o da\u2026","rel":"","context":"Em &quot;Home&quot;","block_context":{"text":"Home","link":"https:\/\/blogdafeira.com.br\/home\/categoria\/raiz\/"},"img":{"alt_text":"FB_IMG_1473706045267","src":"https:\/\/i0.wp.com\/blogdafeira.com.br\/home\/wp-content\/uploads\/2016\/09\/FB_IMG_1473706045267.jpg?resize=350%2C200","width":350,"height":200,"srcset":"https:\/\/i0.wp.com\/blogdafeira.com.br\/home\/wp-content\/uploads\/2016\/09\/FB_IMG_1473706045267.jpg?resize=350%2C200 1x, https:\/\/i0.wp.com\/blogdafeira.com.br\/home\/wp-content\/uploads\/2016\/09\/FB_IMG_1473706045267.jpg?resize=525%2C300 1.5x"},"classes":[]},{"id":49142,"url":"https:\/\/blogdafeira.com.br\/home\/2021\/12\/06\/codevasf-recupera-nascentes-em-serra-do-ramalho-no-medio-sao-francisco\/","url_meta":{"origin":23008,"position":4},"title":"Codevasf recupera nascentes em Serra do Ramalho no m\u00e9dio S\u00e3o Francisco","author":"Blog da Feira","date":"06\/12\/2021","format":false,"excerpt":"A Companhia de Desenvolvimento dos Vales do S\u00e3o Francisco e do Parna\u00edba (Codevasf) est\u00e1 recuperando nascentes do riacho Taquari, na comunidade de Taquari, em Serra do Ramalho, no M\u00e9dio S\u00e3o Francisco baiano, a 720 km de Feira de Santana. A a\u00e7\u00e3o representa um investimento de R$ 69,9 mil. A ordem\u2026","rel":"","context":"Em &quot;Bahia&quot;","block_context":{"text":"Bahia","link":"https:\/\/blogdafeira.com.br\/home\/categoria\/bahia\/"},"img":{"alt_text":"","src":"","width":0,"height":0},"classes":[]},{"id":11445,"url":"https:\/\/blogdafeira.com.br\/home\/2014\/07\/21\/carrancas-do-rio-sao-francisco\/","url_meta":{"origin":23008,"position":5},"title":"Carrancas do Rio S\u00e3o Francisco","author":"Blog da Feira","date":"21\/07\/2014","format":false,"excerpt":"Pintura forte, umas com brilho, outras mais foscas e vigorosas, s\u00e3o as 'Carrancas do Velho Chico'. Reza a lenda, que elas atraem o Caboclo D\u2019\u00e1gua e espantam os maus esp\u00edritos durante as viagens nas embarca\u00e7\u00f5es por toda a extens\u00e3o do rio S\u00e3o Francisco. Fotos: Divulga\u00e7\u00e3o\/Codevasf","rel":"","context":"Em &quot;Home&quot;","block_context":{"text":"Home","link":"https:\/\/blogdafeira.com.br\/home\/categoria\/raiz\/"},"img":{"alt_text":"carrancas do sao 3","src":"https:\/\/i0.wp.com\/blogdafeira.com.br\/home\/wp-content\/uploads\/2014\/07\/carrancas-do-sao-3.jpg?resize=350%2C200","width":350,"height":200,"srcset":"https:\/\/i0.wp.com\/blogdafeira.com.br\/home\/wp-content\/uploads\/2014\/07\/carrancas-do-sao-3.jpg?resize=350%2C200 1x, https:\/\/i0.wp.com\/blogdafeira.com.br\/home\/wp-content\/uploads\/2014\/07\/carrancas-do-sao-3.jpg?resize=525%2C300 1.5x"},"classes":[]}],"_links":{"self":[{"href":"https:\/\/blogdafeira.com.br\/home\/wp-json\/wp\/v2\/posts\/23008","targetHints":{"allow":["GET"]}}],"collection":[{"href":"https:\/\/blogdafeira.com.br\/home\/wp-json\/wp\/v2\/posts"}],"about":[{"href":"https:\/\/blogdafeira.com.br\/home\/wp-json\/wp\/v2\/types\/post"}],"author":[{"embeddable":true,"href":"https:\/\/blogdafeira.com.br\/home\/wp-json\/wp\/v2\/users\/1"}],"replies":[{"embeddable":true,"href":"https:\/\/blogdafeira.com.br\/home\/wp-json\/wp\/v2\/comments?post=23008"}],"version-history":[{"count":1,"href":"https:\/\/blogdafeira.com.br\/home\/wp-json\/wp\/v2\/posts\/23008\/revisions"}],"predecessor-version":[{"id":23010,"href":"https:\/\/blogdafeira.com.br\/home\/wp-json\/wp\/v2\/posts\/23008\/revisions\/23010"}],"wp:attachment":[{"href":"https:\/\/blogdafeira.com.br\/home\/wp-json\/wp\/v2\/media?parent=23008"}],"wp:term":[{"taxonomy":"category","embeddable":true,"href":"https:\/\/blogdafeira.com.br\/home\/wp-json\/wp\/v2\/categories?post=23008"},{"taxonomy":"post_tag","embeddable":true,"href":"https:\/\/blogdafeira.com.br\/home\/wp-json\/wp\/v2\/tags?post=23008"}],"curies":[{"name":"wp","href":"https:\/\/api.w.org\/{rel}","templated":true}]}}