{"id":23227,"date":"2016-08-24T11:21:56","date_gmt":"2016-08-24T14:21:56","guid":{"rendered":"http:\/\/blogdafeira.com.br\/home\/?p=23227"},"modified":"2016-08-24T11:23:10","modified_gmt":"2016-08-24T14:23:10","slug":"colecao-do-fa-numero-1-de-nelson-goncalves-foi-doada-a-prefeitura-de-feira","status":"publish","type":"post","link":"https:\/\/blogdafeira.com.br\/home\/2016\/08\/24\/colecao-do-fa-numero-1-de-nelson-goncalves-foi-doada-a-prefeitura-de-feira\/","title":{"rendered":"Cole\u00e7\u00e3o do &#8216;F\u00e3 N\u00famero 1&#8217; de Nelson Gon\u00e7alves foi doada \u00e0 Prefeitura de Feira"},"content":{"rendered":"<div id=\"blogd-591594486\" class=\"blogd-fim-do-post-mobile blogd-entity-placement\" style=\"margin-left: auto;margin-right: auto;text-align: center;\"><a href=\"https:\/\/www.sefaz.feiradesantana.ba.gov.br\/\" target=\"_blank\" aria-label=\"728&#215;90 (6)\"><img loading=\"lazy\" decoding=\"async\" src=\"https:\/\/blogdafeira.com.br\/home\/wp-content\/uploads\/2026\/03\/728x90-6.gif\" alt=\"\"  class=\"no-lazyload\" width=\"728\" height=\"90\"  style=\"display: inline-block;\" \/><\/a><\/div><p><img loading=\"lazy\" decoding=\"async\" class=\"alignleft size-large wp-image-23228\" src=\"http:\/\/blogdafeira.com.br\/home\/wp-content\/uploads\/2016\/08\/IMG_20160824_111109-944x1024.jpg\" alt=\"IMG_20160824_111109\" width=\"800\" height=\"868\" srcset=\"https:\/\/blogdafeira.com.br\/home\/wp-content\/uploads\/2016\/08\/IMG_20160824_111109-944x1024.jpg 944w, https:\/\/blogdafeira.com.br\/home\/wp-content\/uploads\/2016\/08\/IMG_20160824_111109-138x150.jpg 138w, https:\/\/blogdafeira.com.br\/home\/wp-content\/uploads\/2016\/08\/IMG_20160824_111109-277x300.jpg 277w, https:\/\/blogdafeira.com.br\/home\/wp-content\/uploads\/2016\/08\/IMG_20160824_111109-768x833.jpg 768w\" sizes=\"auto, (max-width: 800px) 100vw, 800px\" \/>Di\u00f3genes Carvalho vai fazer 81 anos no dia 12 de dezembro e desde os 9 anos tornou-se um f\u00e3 do cantor Nelson Gon\u00e7alves.Di\u00f3genes \u00e9 uma figura popular em Feira de Santana, como antigo\u00a0 funcion\u00e1rio do extinto Clube de Campo Cajueiro.<\/p><div id=\"blogd-2896992408\" class=\"blogd-conteudo-2-mobile blogd-entity-placement\"><a href=\"https:\/\/feirenses.com.br\/\" target=\"_blank\" aria-label=\"feirenses\"><img loading=\"lazy\" decoding=\"async\" src=\"https:\/\/blogdafeira.com.br\/home\/wp-content\/uploads\/2026\/04\/feirenses.png\" alt=\"\"  srcset=\"https:\/\/blogdafeira.com.br\/home\/wp-content\/uploads\/2026\/04\/feirenses.png 300w, https:\/\/blogdafeira.com.br\/home\/wp-content\/uploads\/2026\/04\/feirenses-170x45.png 170w, https:\/\/blogdafeira.com.br\/home\/wp-content\/uploads\/2026\/04\/feirenses-280x74.png 280w\" sizes=\"(max-width: 300px) 100vw, 300px\" class=\"no-lazyload\" width=\"300\" height=\"79\"  style=\"display: inline-block;\" \/><\/a><\/div>\n<p>Em um v\u00eddeo-document\u00e1rio de cerca de 20 minutos intitulado &#8220;O F\u00e3 N\u00famero 1&#8221;, \u00a0produzido pelo jornalista Edson Borges, Di\u00f3genes conta a sua hist\u00f3ria e mostra, com detalhes hist\u00f3ricos, a cole\u00e7\u00e3o de discos do cantor, considerada uma das maiores do Brasil.<\/p>\n<p>Os discos,\u00a0inclusive os de 78 rota\u00e7\u00f5es, que Di\u00f3genes colecionou ao longo do anos est\u00e3o instalados em uma sala no edif\u00edcio Mandacaru, no centro de Feira de Santana. \u00c9 \u00a0completa. &#8220;<em>N\u00e2o tem uma m\u00fasica que o Nelson gravou que eu n\u00e3o tenha<\/em>&#8220;, diz no document\u00e1rio.<\/p>\n<p>A cole\u00e7\u00e3o foi doada \u00e0 Prefeitura de Feira que pretende levar o acervo para o Centro de Cultura Maestro Miro, no bairro da Muchila.<\/p>\n<div id=\"blogd-2752567678\" class=\"blogd-final-post blogd-entity-placement\"><a href=\"https:\/\/www.feiradesantana.ba.leg.br\/\" target=\"_blank\" aria-label=\"BANNER-SITE-ENTREGADECHEQUE-CAMARADEFEIRA\"><img loading=\"lazy\" decoding=\"async\" src=\"https:\/\/blogdafeira.com.br\/home\/wp-content\/uploads\/2026\/03\/BANNER-SITE-ENTREGADECHEQUE-CAMARADEFEIRA.gif\" alt=\"\"  class=\"no-lazyload\" width=\"728\" height=\"90\"   \/><\/a><\/div><p><span style=\"line-height: 1.5;\"><em>&#8220;Os documentos est\u00e3o prontos, falta a Prefeitura assinar e ajeitar as instala\u00e7\u00f5es onde vai ficar a cole\u00e7\u00e3o<\/em>&#8220;, disse Di\u00f3genes, enquanto visitava o Museu Itinerante de Cordel do poeta Jurivaldo Alves e que est\u00e1 no Mercado de Arte Popular, no centro de Feira.\u00a0<\/span><\/p>\n<p><iframe loading=\"lazy\" src=\"https:\/\/www.youtube.com\/embed\/iFLFX90_hT4\" width=\"640\" height=\"360\" frameborder=\"0\" allowfullscreen=\"allowfullscreen\"><\/iframe><\/p>\n","protected":false},"excerpt":{"rendered":"<p>Di\u00f3genes Carvalho vai fazer 81 anos no dia 12 de dezembro e desde os 9 anos tornou-se um f\u00e3 do cantor Nelson Gon\u00e7alves.Di\u00f3genes \u00e9 uma figura popular em Feira de Santana, como antigo\u00a0 funcion\u00e1rio do extinto Clube de Campo Cajueiro. Em um v\u00eddeo-document\u00e1rio de cerca de 20 minutos intitulado &#8220;O F\u00e3 N\u00famero 1&#8221;, \u00a0produzido pelo<\/p>\n","protected":false},"author":1,"featured_media":0,"comment_status":"closed","ping_status":"closed","sticky":false,"template":"","format":"standard","meta":{"jetpack_post_was_ever_published":false,"cybocfi_hide_featured_image":"","_jetpack_newsletter_access":"","_jetpack_dont_email_post_to_subs":false,"_jetpack_newsletter_tier_id":0,"_jetpack_memberships_contains_paywalled_content":false,"_jetpack_memberships_contains_paid_content":false,"footnotes":"","jetpack_publicize_message":"","jetpack_publicize_feature_enabled":true,"jetpack_social_post_already_shared":true,"jetpack_social_options":{"image_generator_settings":{"template":"highway","default_image_id":0,"font":"","enabled":false},"version":2}},"categories":[1],"tags":[],"class_list":["post-23227","post","type-post","status-publish","format-standard","hentry","category-raiz"],"jetpack_publicize_connections":[],"jetpack_featured_media_url":"","jetpack_shortlink":"https:\/\/wp.me\/p3niVf-62D","jetpack_sharing_enabled":true,"jetpack-related-posts":[{"id":30116,"url":"https:\/\/blogdafeira.com.br\/home\/2018\/08\/30\/colecao-de-diogenes-agora-e-o-memorial-nelson-goncalves-no-maestro-miro\/","url_meta":{"origin":23227,"position":0},"title":"Cole\u00e7\u00e3o de Di\u00f3genes agora \u00e9 o &#8216;Memorial Nelson Gon\u00e7alves&#8217; no Maestro Miro","author":"J\u00e2nio R\u00eago","date":"30\/08\/2018","format":false,"excerpt":"A cole\u00e7\u00e3o de discos e cds do cantor Nelson Gon\u00e7alves organizada durante mais de 60 anos pelo ex-cobrador das mensalidades do Clube de Campo Cajueiro de Feira de Santana, Di\u00f3genes Carvalho, 82 anos, transformou-se no 'Memorial Nelson Gon\u00e7alves' instalado no Centro Cultural Maestro Miro. O acervo de Di\u00f3genes estava em\u2026","rel":"","context":"Em &quot;Home&quot;","block_context":{"text":"Home","link":"https:\/\/blogdafeira.com.br\/home\/categoria\/raiz\/"},"img":{"alt_text":"","src":"https:\/\/i0.wp.com\/blogdafeira.com.br\/home\/wp-content\/uploads\/2018\/08\/IMG-20180829-WA0143.jpg?resize=350%2C200","width":350,"height":200,"srcset":"https:\/\/i0.wp.com\/blogdafeira.com.br\/home\/wp-content\/uploads\/2018\/08\/IMG-20180829-WA0143.jpg?resize=350%2C200 1x, https:\/\/i0.wp.com\/blogdafeira.com.br\/home\/wp-content\/uploads\/2018\/08\/IMG-20180829-WA0143.jpg?resize=525%2C300 1.5x, https:\/\/i0.wp.com\/blogdafeira.com.br\/home\/wp-content\/uploads\/2018\/08\/IMG-20180829-WA0143.jpg?resize=700%2C400 2x, https:\/\/i0.wp.com\/blogdafeira.com.br\/home\/wp-content\/uploads\/2018\/08\/IMG-20180829-WA0143.jpg?resize=1050%2C600 3x"},"classes":[]},{"id":15681,"url":"https:\/\/blogdafeira.com.br\/home\/2015\/07\/21\/um-documentario-sobre-nelson-goncalves-em-feira-de-santana\/","url_meta":{"origin":23227,"position":1},"title":"Um document\u00e1rio sobre Nelson Gon\u00e7alves em Feira de Santana","author":"Blog da Feira","date":"21\/07\/2015","format":false,"excerpt":"","rel":"","context":"Em &quot;Home&quot;","block_context":{"text":"Home","link":"https:\/\/blogdafeira.com.br\/home\/categoria\/raiz\/"},"img":{"alt_text":"","src":"","width":0,"height":0},"classes":[]},{"id":61912,"url":"https:\/\/blogdafeira.com.br\/home\/2024\/04\/15\/jornalista-jose-carlos-teixeira-lanca-livro-sobre-walmir-lima-em-feira-de-santana\/","url_meta":{"origin":23227,"position":2},"title":"Jornalista Jos\u00e9 Carlos Teixeira lan\u00e7a livro  sobre Walmir Lima em Feira de Santana","author":"Blog da Feira","date":"15\/04\/2024","format":false,"excerpt":"O livro \u201cWalmir Lima \u2013 Um Bamba da Bahia\u201d, do jornalista Jos\u00e9 Carlos Teixeira, editado pela Cole\u00e7\u00e3o Gente da Bahia, da Assembleia Legislativa, ser\u00e1 lan\u00e7ado nesta quarta-feira, 17, a partir das 18 horas, no Seriguela Petiscaria, em Feira de Santana. O livro \u00e9 um perfil biogr\u00e1fico do compositor Walmir Lima,\u2026","rel":"","context":"Em &quot;Cultura&quot;","block_context":{"text":"Cultura","link":"https:\/\/blogdafeira.com.br\/home\/categoria\/cultura\/"},"img":{"alt_text":"","src":"https:\/\/i0.wp.com\/blogdafeira.com.br\/home\/wp-content\/uploads\/2024\/04\/IMG-20240415-WA0048.jpg?resize=350%2C200&ssl=1","width":350,"height":200,"srcset":"https:\/\/i0.wp.com\/blogdafeira.com.br\/home\/wp-content\/uploads\/2024\/04\/IMG-20240415-WA0048.jpg?resize=350%2C200&ssl=1 1x, https:\/\/i0.wp.com\/blogdafeira.com.br\/home\/wp-content\/uploads\/2024\/04\/IMG-20240415-WA0048.jpg?resize=525%2C300&ssl=1 1.5x, https:\/\/i0.wp.com\/blogdafeira.com.br\/home\/wp-content\/uploads\/2024\/04\/IMG-20240415-WA0048.jpg?resize=700%2C400&ssl=1 2x, https:\/\/i0.wp.com\/blogdafeira.com.br\/home\/wp-content\/uploads\/2024\/04\/IMG-20240415-WA0048.jpg?resize=1050%2C600&ssl=1 3x, https:\/\/i0.wp.com\/blogdafeira.com.br\/home\/wp-content\/uploads\/2024\/04\/IMG-20240415-WA0048.jpg?resize=1400%2C800&ssl=1 4x"},"classes":[]},{"id":36058,"url":"https:\/\/blogdafeira.com.br\/home\/2020\/03\/09\/morreu-nelson-um-dos-filhos-do-ex-prefeito-joao-marinho-falcao\/","url_meta":{"origin":23227,"position":3},"title":"Morreu Nelson, um dos filhos do ex-prefeito Jo\u00e3o Marinho Falc\u00e3o","author":"J\u00e2nio R\u00eago","date":"09\/03\/2020","format":false,"excerpt":"Faleceu no domingo, 8, o senhor Nelson da Costa Falc\u00e3o, pai do diretor do Departamento de \u00c1reas Verdes da Prefeitura de Feira de Santana, Jo\u00e3o Evangelista Falc\u00e3o. Aos 97 anos, ele estava bastante debilitado nos \u00faltimos dias. Jo\u00e3o Falc\u00e3o informa que o pai dele era feirense e aqui atuou como\u2026","rel":"","context":"Em &quot;Cidade&quot;","block_context":{"text":"Cidade","link":"https:\/\/blogdafeira.com.br\/home\/categoria\/cidade\/"},"img":{"alt_text":"","src":"https:\/\/i0.wp.com\/blogdafeira.com.br\/home\/wp-content\/uploads\/2020\/03\/1-jmf-3.jpgSIMSIM-158x150.jpg?resize=350%2C200&ssl=1","width":350,"height":200},"classes":[]},{"id":65350,"url":"https:\/\/blogdafeira.com.br\/home\/2025\/01\/27\/sandro-nazireu-proibido-de-cantar-em-simoes-filho\/","url_meta":{"origin":23227,"position":4},"title":"Sandro Nazireu proibido de cantar em Sim\u00f5es Filho","author":"Blog da Feira","date":"27\/01\/2025","format":false,"excerpt":"Um disco de platina, cinco de ouro e duas indica\u00e7\u00f5es ao Grammy Latino, al\u00e9m de apelo de pastores de diversas congrega\u00e7\u00f5es. Nada disso foi suficiente para convencer o prefeito de Sim\u00f5es Filho, Di\u00f3genes Toletino, o Del, a voltar atr\u00e1s da decis\u00e3o de proibir o cantor sanfoneiro Sandro Nazireu, de se\u2026","rel":"","context":"Em &quot;Cultura&quot;","block_context":{"text":"Cultura","link":"https:\/\/blogdafeira.com.br\/home\/categoria\/cultura\/"},"img":{"alt_text":"","src":"https:\/\/i0.wp.com\/blogdafeira.com.br\/home\/wp-content\/uploads\/2025\/01\/Screenshot_20250127-095909-1.png?resize=350%2C200&ssl=1","width":350,"height":200,"srcset":"https:\/\/i0.wp.com\/blogdafeira.com.br\/home\/wp-content\/uploads\/2025\/01\/Screenshot_20250127-095909-1.png?resize=350%2C200&ssl=1 1x, https:\/\/i0.wp.com\/blogdafeira.com.br\/home\/wp-content\/uploads\/2025\/01\/Screenshot_20250127-095909-1.png?resize=525%2C300&ssl=1 1.5x, https:\/\/i0.wp.com\/blogdafeira.com.br\/home\/wp-content\/uploads\/2025\/01\/Screenshot_20250127-095909-1.png?resize=700%2C400&ssl=1 2x, https:\/\/i0.wp.com\/blogdafeira.com.br\/home\/wp-content\/uploads\/2025\/01\/Screenshot_20250127-095909-1.png?resize=1050%2C600&ssl=1 3x"},"classes":[]},{"id":32850,"url":"https:\/\/blogdafeira.com.br\/home\/2019\/09\/13\/valiosa-colecao-inglesa-do-museu-regional-de-arte-de-feira-esta-em-exposicao-ate-o-fim-do-mes\/","url_meta":{"origin":23227,"position":5},"title":"Valiosa &#8216;Cole\u00e7\u00e3o Inglesa&#8217; do Museu Regional de Arte de Feira est\u00e1 em exposi\u00e7\u00e3o at\u00e9 o fim do m\u00eas","author":"J\u00e2nio R\u00eago","date":"13\/09\/2019","format":false,"excerpt":"As 31 obras de arte de pintores ingleses contempor\u00e2neos que formam a 'Cole\u00e7\u00e3o Inglesa' do Museu Regional de Arte de Feira de Santana est\u00e3o exposi\u00e7\u00e3o at\u00e9 o dia 30 deste m\u00eas. A valiosa cole\u00e7\u00e3o foi doada pelo jornalista Assis Chateaubriand (Di\u00e1rios Associados) quando fundou o museu na d\u00e9cada de 60\u2026","rel":"","context":"Em &quot;Home&quot;","block_context":{"text":"Home","link":"https:\/\/blogdafeira.com.br\/home\/categoria\/raiz\/"},"img":{"alt_text":"","src":"https:\/\/i0.wp.com\/blogdafeira.com.br\/home\/wp-content\/uploads\/2019\/09\/20190912_101624_HDR-1024x576.jpg?resize=350%2C200","width":350,"height":200,"srcset":"https:\/\/i0.wp.com\/blogdafeira.com.br\/home\/wp-content\/uploads\/2019\/09\/20190912_101624_HDR-1024x576.jpg?resize=350%2C200 1x, https:\/\/i0.wp.com\/blogdafeira.com.br\/home\/wp-content\/uploads\/2019\/09\/20190912_101624_HDR-1024x576.jpg?resize=525%2C300 1.5x, https:\/\/i0.wp.com\/blogdafeira.com.br\/home\/wp-content\/uploads\/2019\/09\/20190912_101624_HDR-1024x576.jpg?resize=700%2C400 2x"},"classes":[]}],"_links":{"self":[{"href":"https:\/\/blogdafeira.com.br\/home\/wp-json\/wp\/v2\/posts\/23227","targetHints":{"allow":["GET"]}}],"collection":[{"href":"https:\/\/blogdafeira.com.br\/home\/wp-json\/wp\/v2\/posts"}],"about":[{"href":"https:\/\/blogdafeira.com.br\/home\/wp-json\/wp\/v2\/types\/post"}],"author":[{"embeddable":true,"href":"https:\/\/blogdafeira.com.br\/home\/wp-json\/wp\/v2\/users\/1"}],"replies":[{"embeddable":true,"href":"https:\/\/blogdafeira.com.br\/home\/wp-json\/wp\/v2\/comments?post=23227"}],"version-history":[{"count":3,"href":"https:\/\/blogdafeira.com.br\/home\/wp-json\/wp\/v2\/posts\/23227\/revisions"}],"predecessor-version":[{"id":23233,"href":"https:\/\/blogdafeira.com.br\/home\/wp-json\/wp\/v2\/posts\/23227\/revisions\/23233"}],"wp:attachment":[{"href":"https:\/\/blogdafeira.com.br\/home\/wp-json\/wp\/v2\/media?parent=23227"}],"wp:term":[{"taxonomy":"category","embeddable":true,"href":"https:\/\/blogdafeira.com.br\/home\/wp-json\/wp\/v2\/categories?post=23227"},{"taxonomy":"post_tag","embeddable":true,"href":"https:\/\/blogdafeira.com.br\/home\/wp-json\/wp\/v2\/tags?post=23227"}],"curies":[{"name":"wp","href":"https:\/\/api.w.org\/{rel}","templated":true}]}}