{"id":23900,"date":"2016-10-17T22:21:14","date_gmt":"2016-10-18T01:21:14","guid":{"rendered":"http:\/\/blogdafeira.com.br\/home\/?p=23900"},"modified":"2016-10-17T22:21:14","modified_gmt":"2016-10-18T01:21:14","slug":"comissao-da-verdade-quer-doar-acervo-a-biblioteca-municipal-de-feira","status":"publish","type":"post","link":"https:\/\/blogdafeira.com.br\/home\/2016\/10\/17\/comissao-da-verdade-quer-doar-acervo-a-biblioteca-municipal-de-feira\/","title":{"rendered":"Comiss\u00e3o da Verdade quer doar acervo \u00e0 Biblioteca Municipal de Feira"},"content":{"rendered":"<div id=\"blogd-2928859662\" class=\"blogd-fim-do-post-mobile blogd-entity-placement\" style=\"margin-left: auto;margin-right: auto;text-align: center;\"><a href=\"https:\/\/www.sefaz.feiradesantana.ba.gov.br\/\" target=\"_blank\" aria-label=\"728&#215;90 (6)\"><img loading=\"lazy\" decoding=\"async\" src=\"https:\/\/blogdafeira.com.br\/home\/wp-content\/uploads\/2026\/03\/728x90-6.gif\" alt=\"\"  class=\"no-lazyload\" width=\"728\" height=\"90\"  style=\"display: inline-block;\" \/><\/a><\/div><p><img loading=\"lazy\" decoding=\"async\" class=\"alignleft size-medium wp-image-23902\" src=\"http:\/\/blogdafeira.com.br\/home\/wp-content\/uploads\/2016\/10\/Luciano-Ribeiro-foto-Silvio-Tito-7-346x230.jpg\" alt=\"luciano-ribeiro-foto-silvio-tito-7\" width=\"346\" height=\"230\" srcset=\"https:\/\/blogdafeira.com.br\/home\/wp-content\/uploads\/2016\/10\/Luciano-Ribeiro-foto-Silvio-Tito-7-346x230.jpg 346w, https:\/\/blogdafeira.com.br\/home\/wp-content\/uploads\/2016\/10\/Luciano-Ribeiro-foto-Silvio-Tito-7-170x113.jpg 170w, https:\/\/blogdafeira.com.br\/home\/wp-content\/uploads\/2016\/10\/Luciano-Ribeiro-foto-Silvio-Tito-7.jpg 709w\" sizes=\"auto, (max-width: 346px) 100vw, 346px\" \/>O prefeito de Feira, em exerc\u00edcio, Luciano Ribeiro (PMDB) receber\u00e1 nesta ter\u00e7a-feira, integrantes do grupo envolvido no projeto de publica\u00e7\u00e3o dos depoimentos prestados \u00e0 Comiss\u00e3o da Verdade que apurou a presen\u00e7a da Ditadura Militar \u00a0em Feira de Santana.<\/p><div id=\"blogd-4003109643\" class=\"blogd-conteudo-2-mobile blogd-entity-placement\"><a href=\"https:\/\/feirenses.com.br\/\" target=\"_blank\" aria-label=\"feirenses\"><img loading=\"lazy\" decoding=\"async\" src=\"https:\/\/blogdafeira.com.br\/home\/wp-content\/uploads\/2026\/04\/feirenses.png\" alt=\"\"  srcset=\"https:\/\/blogdafeira.com.br\/home\/wp-content\/uploads\/2026\/04\/feirenses.png 300w, https:\/\/blogdafeira.com.br\/home\/wp-content\/uploads\/2026\/04\/feirenses-170x45.png 170w, https:\/\/blogdafeira.com.br\/home\/wp-content\/uploads\/2026\/04\/feirenses-280x74.png 280w\" sizes=\"(max-width: 300px) 100vw, 300px\" class=\"no-lazyload\" width=\"300\" height=\"79\"  style=\"display: inline-block;\" \/><\/a><\/div>\n<p>O grupo pretende doar o acervo de depoimentos e documentos colhidos pela Comiss\u00e3o, \u00e0 Biblioteca Municipal &#8216;Arnold Silva&#8217;. Um dos depoimentos \u00e9 do pr\u00f3prio vice-prefeito Luciano Ribeiro que foi perseguido pelo sistema.<\/p>\n<div id=\"blogd-2721316013\" class=\"blogd-final-post blogd-entity-placement\"><a href=\"https:\/\/www.feiradesantana.ba.leg.br\/\" target=\"_blank\" aria-label=\"BANNER-SITE-ENTREGADECHEQUE-CAMARADEFEIRA\"><img loading=\"lazy\" decoding=\"async\" src=\"https:\/\/blogdafeira.com.br\/home\/wp-content\/uploads\/2026\/03\/BANNER-SITE-ENTREGADECHEQUE-CAMARADEFEIRA.gif\" alt=\"\"  class=\"no-lazyload\" width=\"728\" height=\"90\"   \/><\/a><\/div><p>O encontro acontecer\u00e1 no Sal\u00e3o Nobre do Pa\u00e7o Municipal &#8216;Maria Quit\u00e9ria&#8217; \u00e0s 11h.<\/p>\n","protected":false},"excerpt":{"rendered":"<p>O prefeito de Feira, em exerc\u00edcio, Luciano Ribeiro (PMDB) receber\u00e1 nesta ter\u00e7a-feira, integrantes do grupo envolvido no projeto de publica\u00e7\u00e3o dos depoimentos prestados \u00e0 Comiss\u00e3o da Verdade que apurou a presen\u00e7a da Ditadura Militar \u00a0em Feira de Santana. O grupo pretende doar o acervo de depoimentos e documentos colhidos pela Comiss\u00e3o, \u00e0 Biblioteca Municipal &#8216;Arnold<\/p>\n","protected":false},"author":1,"featured_media":0,"comment_status":"closed","ping_status":"closed","sticky":false,"template":"","format":"standard","meta":{"jetpack_post_was_ever_published":false,"cybocfi_hide_featured_image":"","_jetpack_newsletter_access":"","_jetpack_dont_email_post_to_subs":false,"_jetpack_newsletter_tier_id":0,"_jetpack_memberships_contains_paywalled_content":false,"_jetpack_memberships_contains_paid_content":false,"footnotes":"","jetpack_publicize_message":"","jetpack_publicize_feature_enabled":true,"jetpack_social_post_already_shared":true,"jetpack_social_options":{"image_generator_settings":{"template":"highway","default_image_id":0,"font":"","enabled":false},"version":2}},"categories":[1],"tags":[],"class_list":["post-23900","post","type-post","status-publish","format-standard","hentry","category-raiz"],"jetpack_publicize_connections":[],"jetpack_featured_media_url":"","jetpack_shortlink":"https:\/\/wp.me\/p3niVf-6du","jetpack_sharing_enabled":true,"jetpack-related-posts":[{"id":5830,"url":"https:\/\/blogdafeira.com.br\/home\/2013\/10\/31\/comissao-da-verdade-comecou-a-ouvir-depoimentos-em-feira\/","url_meta":{"origin":23900,"position":0},"title":"Comiss\u00e3o da Verdade come\u00e7ou a ouvir depoimentos em Feira","author":"Blog da Feira","date":"31\/10\/2013","format":false,"excerpt":"A Comiss\u00e3o da Verdade na Bahia come\u00e7ou nesta quinta-feira a ouvir depoimentos de pessoas v\u00edtimas de persegui\u00e7\u00f5es, pris\u00f5es e constrangimentos na \u00e9poca da ditadura militar, entre 1964 e 1985, em Feira de Santana. A audi\u00eancia p\u00fablica foi instalada no audit\u00f3rio do Col\u00e9gio Luiz Eduardo Magalh\u00e3es e pela manh\u00e3 tr\u00eas pessoas\u2026","rel":"","context":"Em &quot;Home&quot;","block_context":{"text":"Home","link":"https:\/\/blogdafeira.com.br\/home\/categoria\/raiz\/"},"img":{"alt_text":"DSC09387","src":"https:\/\/i0.wp.com\/blogdafeira.com.br\/home\/wp-content\/uploads\/2013\/10\/DSC09387.jpg?resize=350%2C200","width":350,"height":200,"srcset":"https:\/\/i0.wp.com\/blogdafeira.com.br\/home\/wp-content\/uploads\/2013\/10\/DSC09387.jpg?resize=350%2C200 1x, https:\/\/i0.wp.com\/blogdafeira.com.br\/home\/wp-content\/uploads\/2013\/10\/DSC09387.jpg?resize=525%2C300 1.5x"},"classes":[]},{"id":5515,"url":"https:\/\/blogdafeira.com.br\/home\/2013\/10\/09\/luciano-ribeiro-vai-depor-como-vitima-da-ditadura-na-comissao-nacional-da-verdade-em-feira\/","url_meta":{"origin":23900,"position":1},"title":"Luciano Ribeiro vai  depor como &#8216;v\u00edtima da ditadura&#8217; na Comiss\u00e3o Nacional da Verdade em Feira","author":"Blog da Feira","date":"09\/10\/2013","format":false,"excerpt":"O vice-prefeito de Feira de Santana e atual 'prefeito em exerc\u00edcio', Luciano Ribeiro, \u00e9 uma das \u00a0pessoas que ser\u00e1 ouvida pela\u00a0Comiss\u00e3o Nacional da Verdade\u00a0que\u00a0chegou a Feira de Santana e vai come\u00e7ar nos pr\u00f3ximos dias a ouvir \u00a0'v\u00edtimas da ditadura militar'. A CNV foi institu\u00edda no ano passado para\u00a0\u00a0'apurar graves viola\u00e7\u00f5es\u2026","rel":"","context":"Em &quot;Home&quot;","block_context":{"text":"Home","link":"https:\/\/blogdafeira.com.br\/home\/categoria\/raiz\/"},"img":{"alt_text":"lucena","src":"https:\/\/i0.wp.com\/blogdafeira.com.br\/home\/wp-content\/uploads\/2013\/10\/lucena-170x113.jpg?resize=350%2C200","width":350,"height":200},"classes":[]},{"id":10882,"url":"https:\/\/blogdafeira.com.br\/home\/2014\/06\/10\/jornalista-revela-nomes-de-delatores-da-ditadura-militar-em-feira\/","url_meta":{"origin":23900,"position":2},"title":"Jornalista revela nomes de delatores da ditadura militar em Feira","author":"Blog da Feira","date":"10\/06\/2014","format":false,"excerpt":"Pelo menos tr\u00eas pessoas \u00a0citadas pelo jornalista Wilson M\u00e1rio \u00e0 Comiss\u00e3o da Verdade \u00a0como 'delatores' da ditadura militar em Feira continuam vivas e morando na Bahia: a professora Laura Folly, o ex-vereador e interventor Joselito Amorim e o advogado Adessil Guimar\u00e3es. O depoimento de Wilson M\u00e1rio \u00e0 Comiss\u00e3o da Verdade\u2026","rel":"","context":"Em &quot;Home&quot;","block_context":{"text":"Home","link":"https:\/\/blogdafeira.com.br\/home\/categoria\/raiz\/"},"img":{"alt_text":"","src":"","width":0,"height":0},"classes":[]},{"id":5702,"url":"https:\/\/blogdafeira.com.br\/home\/2013\/10\/23\/comissao-da-verdade-vai-ouvir-vitimas-da-ditadura-em-feira\/","url_meta":{"origin":23900,"position":3},"title":"Comiss\u00e3o da Verdade vai ouvir v\u00edtimas da ditadura em Feira","author":"Blog da Feira","date":"23\/10\/2013","format":false,"excerpt":"A Comiss\u00e3o Estadual da Verdade definiu, em reuni\u00e3o ordin\u00e1ria nesta ter\u00e7a-feira (22), os nomes dos oito depoentes na audi\u00eancia p\u00fablica a ser realizada no pr\u00f3ximo dia 31 em Feira de Santana, escolhidos em uma lista inicial de 50 pessoas atingidas pela ditadura no munic\u00edpio e regi\u00e3o. V\u00e3o depor no pr\u00f3ximo\u2026","rel":"","context":"Em &quot;Home&quot;","block_context":{"text":"Home","link":"https:\/\/blogdafeira.com.br\/home\/categoria\/raiz\/"},"img":{"alt_text":"","src":"","width":0,"height":0},"classes":[]},{"id":9687,"url":"https:\/\/blogdafeira.com.br\/home\/2014\/03\/18\/comissao-da-verdade-faz-hoje-outra-audiencia-publica-em-feira\/","url_meta":{"origin":23900,"position":4},"title":"Comiss\u00e3o da Verdade faz hoje outra audi\u00eancia p\u00fablica em Feira","author":"Blog da Feira","date":"18\/03\/2014","format":false,"excerpt":"A Comiss\u00e3o Estadual da Verdade e o Grupo de Trabalho de Feira de Santana realizam nesta ter\u00e7a-feira (18),a partir das 8 horas, na sede da Ordem dos Advogados do Brasil (OAB), a 2\u00ba Audi\u00eancia P\u00fablica para tomada de depoimentos de v\u00edtimas da ditadura militar. O objetivo da Comiss\u00e3o \u00e9 apurar\u2026","rel":"","context":"Em &quot;Home&quot;","block_context":{"text":"Home","link":"https:\/\/blogdafeira.com.br\/home\/categoria\/raiz\/"},"img":{"alt_text":"","src":"","width":0,"height":0},"classes":[]},{"id":44522,"url":"https:\/\/blogdafeira.com.br\/home\/2021\/03\/31\/arcebispo-de-feira-lembra-ditadura-militar-doloroso-episodio-da-historia\/","url_meta":{"origin":23900,"position":5},"title":"Arcebispo de Feira lembra ditadura militar: &#8220;doloroso epis\u00f3dio da hist\u00f3ria&#8221;","author":"Blog da Feira","date":"31\/03\/2021","format":false,"excerpt":"Em um curto e direto tu\u00edte publicado nesta manh\u00e3 em sua p\u00e1gina, o arcebispo de Feira de Santana, dom Zanoni Demettino, lembrou que hoje \u00e9 a data da \"triste lembran\u00e7a dos 57 anos da Ditadura, um dos mais dolorosos epis\u00f3dios da hist\u00f3ria\". Essa \u00e9 a primeira vez que um chefe\u2026","rel":"","context":"Em &quot;Home&quot;","block_context":{"text":"Home","link":"https:\/\/blogdafeira.com.br\/home\/categoria\/raiz\/"},"img":{"alt_text":"","src":"https:\/\/i0.wp.com\/blogdafeira.com.br\/home\/wp-content\/uploads\/2021\/02\/dom-zanoni-cnbb.jpg?resize=350%2C200&ssl=1","width":350,"height":200,"srcset":"https:\/\/i0.wp.com\/blogdafeira.com.br\/home\/wp-content\/uploads\/2021\/02\/dom-zanoni-cnbb.jpg?resize=350%2C200&ssl=1 1x, https:\/\/i0.wp.com\/blogdafeira.com.br\/home\/wp-content\/uploads\/2021\/02\/dom-zanoni-cnbb.jpg?resize=525%2C300&ssl=1 1.5x, https:\/\/i0.wp.com\/blogdafeira.com.br\/home\/wp-content\/uploads\/2021\/02\/dom-zanoni-cnbb.jpg?resize=700%2C400&ssl=1 2x"},"classes":[]}],"_links":{"self":[{"href":"https:\/\/blogdafeira.com.br\/home\/wp-json\/wp\/v2\/posts\/23900","targetHints":{"allow":["GET"]}}],"collection":[{"href":"https:\/\/blogdafeira.com.br\/home\/wp-json\/wp\/v2\/posts"}],"about":[{"href":"https:\/\/blogdafeira.com.br\/home\/wp-json\/wp\/v2\/types\/post"}],"author":[{"embeddable":true,"href":"https:\/\/blogdafeira.com.br\/home\/wp-json\/wp\/v2\/users\/1"}],"replies":[{"embeddable":true,"href":"https:\/\/blogdafeira.com.br\/home\/wp-json\/wp\/v2\/comments?post=23900"}],"version-history":[{"count":2,"href":"https:\/\/blogdafeira.com.br\/home\/wp-json\/wp\/v2\/posts\/23900\/revisions"}],"predecessor-version":[{"id":23903,"href":"https:\/\/blogdafeira.com.br\/home\/wp-json\/wp\/v2\/posts\/23900\/revisions\/23903"}],"wp:attachment":[{"href":"https:\/\/blogdafeira.com.br\/home\/wp-json\/wp\/v2\/media?parent=23900"}],"wp:term":[{"taxonomy":"category","embeddable":true,"href":"https:\/\/blogdafeira.com.br\/home\/wp-json\/wp\/v2\/categories?post=23900"},{"taxonomy":"post_tag","embeddable":true,"href":"https:\/\/blogdafeira.com.br\/home\/wp-json\/wp\/v2\/tags?post=23900"}],"curies":[{"name":"wp","href":"https:\/\/api.w.org\/{rel}","templated":true}]}}