{"id":23926,"date":"2016-10-19T08:33:51","date_gmt":"2016-10-19T11:33:51","guid":{"rendered":"http:\/\/blogdafeira.com.br\/home\/?p=23926"},"modified":"2019-08-02T11:03:23","modified_gmt":"2019-08-02T14:03:23","slug":"paco-maria-quiteria-chega-aos-90-anos-como-sede-do-poder-executivo-de-feira","status":"publish","type":"post","link":"https:\/\/blogdafeira.com.br\/home\/2016\/10\/19\/paco-maria-quiteria-chega-aos-90-anos-como-sede-do-poder-executivo-de-feira\/","title":{"rendered":"Pa\u00e7o Maria Quit\u00e9ria chega aos 93 anos como sede do Poder Executivo de Feira"},"content":{"rendered":"<p><img loading=\"lazy\" decoding=\"async\" class=\"aligncenter size-large wp-image-23929\" src=\"http:\/\/blogdafeira.com.br\/home\/wp-content\/uploads\/2016\/10\/IMG_20161018_092926151-576x1024.jpg\" alt=\"img_20161018_092926151\" width=\"576\" height=\"1024\" srcset=\"https:\/\/blogdafeira.com.br\/home\/wp-content\/uploads\/2016\/10\/IMG_20161018_092926151-576x1024.jpg 576w, https:\/\/blogdafeira.com.br\/home\/wp-content\/uploads\/2016\/10\/IMG_20161018_092926151-84x150.jpg 84w, https:\/\/blogdafeira.com.br\/home\/wp-content\/uploads\/2016\/10\/IMG_20161018_092926151-169x300.jpg 169w, https:\/\/blogdafeira.com.br\/home\/wp-content\/uploads\/2016\/10\/IMG_20161018_092926151-768x1365.jpg 768w\" sizes=\"auto, (max-width: 576px) 100vw, 576px\" \/><\/p>\n<div id=\"blogd-3351174161\" class=\"blogd-fim-do-post-mobile blogd-entity-placement\" style=\"margin-left: auto;margin-right: auto;text-align: center;\"><a href=\"https:\/\/www.sefaz.feiradesantana.ba.gov.br\/\" target=\"_blank\" aria-label=\"728&#215;90 (6)\"><img loading=\"lazy\" decoding=\"async\" src=\"https:\/\/blogdafeira.com.br\/home\/wp-content\/uploads\/2026\/03\/728x90-6.gif\" alt=\"\"  class=\"no-lazyload\" width=\"728\" height=\"90\"  style=\"display: inline-block;\" \/><\/a><\/div><p>No \u00edn\u00edcio da d\u00e9cada de 20 do s\u00e9culo passado Feira de Santana vivia o apogeu da pecu\u00e1ria e do com\u00e9rcio baianos.<\/p><div id=\"blogd-3930008030\" class=\"blogd-conteudo-2-mobile blogd-entity-placement\"><a href=\"https:\/\/feirenses.com.br\/\" target=\"_blank\" aria-label=\"feirenses\"><img loading=\"lazy\" decoding=\"async\" src=\"https:\/\/blogdafeira.com.br\/home\/wp-content\/uploads\/2026\/04\/feirenses.png\" alt=\"\"  srcset=\"https:\/\/blogdafeira.com.br\/home\/wp-content\/uploads\/2026\/04\/feirenses.png 300w, https:\/\/blogdafeira.com.br\/home\/wp-content\/uploads\/2026\/04\/feirenses-170x45.png 170w, https:\/\/blogdafeira.com.br\/home\/wp-content\/uploads\/2026\/04\/feirenses-280x74.png 280w\" sizes=\"(max-width: 300px) 100vw, 300px\" class=\"no-lazyload\" width=\"300\" height=\"79\"  style=\"display: inline-block;\" \/><\/a><\/div>\n<p>Grandes fazendeiros e muitos neg\u00f3cios \u00a0comerciais de importa\u00e7\u00e3o e exporta\u00e7\u00e3o da Bahia eram fechados nos palacetes residenciais e nas ruas da cidade.<\/p>\n<p>Quem decidiu\u00a0construir o imponente pr\u00e9dio, em (1921), para ser a sede do Governo Municipal foi o ent\u00e3o Prefeito do Munic\u00edpio, um dos homens mais ricos da regi\u00e3o, Bernardino Bahia.<\/p>\n<p>Bernardino (que \u00e9 nome oficial da popular pra\u00e7a do Lambe Lambe no centro da cidade) \u00a0veio \u00a0a ser,<em> &#8220;por artes do destino&#8221;,\u00a0<\/em>sogro duas vezes do Prefeito que iria inaugurar o Pa\u00e7o Municipal, &#8220;<em>com honras e pompas&#8221;<\/em>, o aclamado Arnold Silva, em 1926.<\/p>\n<p>Ter sido\u00a0\u00a0<em>genro duas vezes<\/em>\u00a0do rica\u00e7o Bernardino Bahia (casou-se com as duas \u00fanicas filhas do Bahia) \u00a0\u00e9 uma das muitas peculiaridades na vida desse prefeito que inaugurou o Pa\u00e7o Municipal &#8216;Maria Quit\u00e9ria&#8217;.<\/p>\n<div id=\"blogd-1355847712\" class=\"blogd-final-post blogd-entity-placement\"><a href=\"https:\/\/www.feiradesantana.ba.leg.br\/\" target=\"_blank\" aria-label=\"BANNER-SITE-ENTREGADECHEQUE-CAMARADEFEIRA\"><img loading=\"lazy\" decoding=\"async\" src=\"https:\/\/blogdafeira.com.br\/home\/wp-content\/uploads\/2026\/03\/BANNER-SITE-ENTREGADECHEQUE-CAMARADEFEIRA.gif\" alt=\"\"  class=\"no-lazyload\" width=\"728\" height=\"90\"   \/><\/a><\/div><p>Uma das peculiaridades da intelig\u00eancia de Arnold Silva\u00a0\u00a0foi a maneira como fortaleceu seu poderio pol\u00edtico e econ\u00f4mico atrav\u00e9s do talento de jornalista formador de opini\u00e3o que exercia no ent\u00e3o moderno jornal &#8220;Folha do Norte&#8221;.<\/p>\n","protected":false},"excerpt":{"rendered":"<p>No \u00edn\u00edcio da d\u00e9cada de 20 do s\u00e9culo passado Feira de Santana vivia o apogeu da pecu\u00e1ria e do com\u00e9rcio baianos. Grandes fazendeiros e muitos neg\u00f3cios \u00a0comerciais de importa\u00e7\u00e3o e exporta\u00e7\u00e3o da Bahia eram fechados nos palacetes residenciais e nas ruas da cidade. Quem decidiu\u00a0construir o imponente pr\u00e9dio, em (1921), para ser a sede do<\/p>\n","protected":false},"author":1,"featured_media":0,"comment_status":"closed","ping_status":"closed","sticky":false,"template":"","format":"standard","meta":{"jetpack_post_was_ever_published":false,"cybocfi_hide_featured_image":"","_jetpack_newsletter_access":"","_jetpack_dont_email_post_to_subs":true,"_jetpack_newsletter_tier_id":0,"_jetpack_memberships_contains_paywalled_content":false,"_jetpack_memberships_contains_paid_content":false,"footnotes":"","jetpack_publicize_message":"","jetpack_publicize_feature_enabled":true,"jetpack_social_post_already_shared":true,"jetpack_social_options":{"image_generator_settings":{"template":"highway","default_image_id":0,"font":"","enabled":false},"version":2}},"categories":[1],"tags":[],"class_list":["post-23926","post","type-post","status-publish","format-standard","hentry","category-raiz"],"jetpack_publicize_connections":[],"jetpack_featured_media_url":"","jetpack_shortlink":"https:\/\/wp.me\/p3niVf-6dU","jetpack_sharing_enabled":true,"jetpack-related-posts":[{"id":71911,"url":"https:\/\/blogdafeira.com.br\/home\/2026\/04\/06\/paco-municipal-maria-quiteria-completa-100-anos-construcao-passou-de-sogro-pra-genro\/","url_meta":{"origin":23926,"position":0},"title":"Pa\u00e7o Municipal &#8216;Maria Quit\u00e9ria&#8217; completa 100 anos; constru\u00e7\u00e3o passou de sogro pra genro","author":"Blog da Feira","date":"06\/04\/2026","format":false,"excerpt":"Imagine Feira de Santana em 1926: cerca de 80 mil habitantes, apenas 12% desses morando na sede, com enormes disparidades sociais e econ\u00f4micas, e um palacete p\u00fablico na paisagem praticamente rural que tinha a cidade. Impactante, n\u00e3o? Mas o que queria a elite de Feira, que o aprovou sem maiores\u2026","rel":"","context":"Em &quot;Cidade&quot;","block_context":{"text":"Cidade","link":"https:\/\/blogdafeira.com.br\/home\/categoria\/cidade\/"},"img":{"alt_text":"","src":"https:\/\/i0.wp.com\/blogdafeira.com.br\/home\/wp-content\/uploads\/2026\/04\/FB_IMG_1560982956764.jpg?resize=350%2C200&ssl=1","width":350,"height":200,"srcset":"https:\/\/i0.wp.com\/blogdafeira.com.br\/home\/wp-content\/uploads\/2026\/04\/FB_IMG_1560982956764.jpg?resize=350%2C200&ssl=1 1x, https:\/\/i0.wp.com\/blogdafeira.com.br\/home\/wp-content\/uploads\/2026\/04\/FB_IMG_1560982956764.jpg?resize=525%2C300&ssl=1 1.5x, https:\/\/i0.wp.com\/blogdafeira.com.br\/home\/wp-content\/uploads\/2026\/04\/FB_IMG_1560982956764.jpg?resize=700%2C400&ssl=1 2x"},"classes":[]},{"id":58138,"url":"https:\/\/blogdafeira.com.br\/home\/2023\/06\/13\/saiba-mais-sobre-a-praca-onde-acontece-o-arraial-do-comercio-em-feira\/","url_meta":{"origin":23926,"position":1},"title":"Saiba mais sobre a Pra\u00e7a onde acontece o Arraial do Com\u00e9rcio em Feira","author":"Blog da Feira","date":"13\/06\/2023","format":false,"excerpt":"H\u00e1 alguns dias, o N\u00facleo de Preserva\u00e7\u00e3o da Mem\u00f3ria Feirense 'Rollie Poppino' publicou nas redes sociais\u00a0 uma foto de 1939 da pra\u00e7a Coronel Bernardino Bahia (ou pra\u00e7a do Lambe-Lambe) onde se v\u00ea o Coreto e duas palmeiras-imperiais j\u00e1 adultas. Hoje s\u00f3 existe uma palmeira. Embaixo dessa palmeira durante 25 anos,\u2026","rel":"","context":"Em &quot;Cultura&quot;","block_context":{"text":"Cultura","link":"https:\/\/blogdafeira.com.br\/home\/categoria\/cultura\/"},"img":{"alt_text":"","src":"https:\/\/i0.wp.com\/blogdafeira.com.br\/home\/wp-content\/uploads\/2023\/06\/IMG_20210807_100758_482-1152x1536-1.jpg?resize=350%2C200&ssl=1","width":350,"height":200,"srcset":"https:\/\/i0.wp.com\/blogdafeira.com.br\/home\/wp-content\/uploads\/2023\/06\/IMG_20210807_100758_482-1152x1536-1.jpg?resize=350%2C200&ssl=1 1x, https:\/\/i0.wp.com\/blogdafeira.com.br\/home\/wp-content\/uploads\/2023\/06\/IMG_20210807_100758_482-1152x1536-1.jpg?resize=525%2C300&ssl=1 1.5x, https:\/\/i0.wp.com\/blogdafeira.com.br\/home\/wp-content\/uploads\/2023\/06\/IMG_20210807_100758_482-1152x1536-1.jpg?resize=700%2C400&ssl=1 2x, https:\/\/i0.wp.com\/blogdafeira.com.br\/home\/wp-content\/uploads\/2023\/06\/IMG_20210807_100758_482-1152x1536-1.jpg?resize=1050%2C600&ssl=1 3x"},"classes":[]},{"id":65744,"url":"https:\/\/blogdafeira.com.br\/home\/2025\/02\/18\/finalmente-ze-ronaldo-admite-que-as-feirinhas-da-marechal-e-lambe-lambe-sao-patrimonios-da-feira\/","url_meta":{"origin":23926,"position":2},"title":"Finalmente Z\u00e9 Ronaldo admite que as feirinhas da Marechal e Lambe-Lambe s\u00e3o patrim\u00f4nios da Feira","author":"Blog da Feira","date":"18\/02\/2025","format":false,"excerpt":"O prefeito Z\u00e9 Ronaldo parece decidido, neste quinto mandato, a aceitar a evid\u00eancia de que o com\u00e9rcio informal em Feira de Santana faz\u00a0 parte da ess\u00eancia social e econ\u00f4mica do munic\u00edpio e n\u00e3o um entrave ao desenvolvimento e bem-estar do centro da cidade, ou seja, \u00e9 um verdadeiro patrim\u00f4nio do\u2026","rel":"","context":"Em &quot;Cidade&quot;","block_context":{"text":"Cidade","link":"https:\/\/blogdafeira.com.br\/home\/categoria\/cidade\/"},"img":{"alt_text":"","src":"https:\/\/i0.wp.com\/blogdafeira.com.br\/home\/wp-content\/uploads\/2025\/02\/SECOM-Reuniao-com-Feirantes-da-Marechal-na-CDL-1-1.jpeg?resize=350%2C200&ssl=1","width":350,"height":200,"srcset":"https:\/\/i0.wp.com\/blogdafeira.com.br\/home\/wp-content\/uploads\/2025\/02\/SECOM-Reuniao-com-Feirantes-da-Marechal-na-CDL-1-1.jpeg?resize=350%2C200&ssl=1 1x, https:\/\/i0.wp.com\/blogdafeira.com.br\/home\/wp-content\/uploads\/2025\/02\/SECOM-Reuniao-com-Feirantes-da-Marechal-na-CDL-1-1.jpeg?resize=525%2C300&ssl=1 1.5x, https:\/\/i0.wp.com\/blogdafeira.com.br\/home\/wp-content\/uploads\/2025\/02\/SECOM-Reuniao-com-Feirantes-da-Marechal-na-CDL-1-1.jpeg?resize=700%2C400&ssl=1 2x, https:\/\/i0.wp.com\/blogdafeira.com.br\/home\/wp-content\/uploads\/2025\/02\/SECOM-Reuniao-com-Feirantes-da-Marechal-na-CDL-1-1.jpeg?resize=1050%2C600&ssl=1 3x"},"classes":[]},{"id":46908,"url":"https:\/\/blogdafeira.com.br\/home\/2021\/08\/07\/a-palmeira-imperial-da-praca-do-lambe-lambe\/","url_meta":{"origin":23926,"position":3},"title":"Galego da Cocada na Pra\u00e7a do Lambe-Lambe ou Bernardino Bahia","author":"J\u00e2nio R\u00eago","date":"07\/08\/2021","format":false,"excerpt":"O Galego da Cocada, hoje instalado logo na entrada do Shopping Popular, me diz que foram\u00a0 25 anos negociando na cal\u00e7ada pr\u00f3xima a essa palmeira imperial da pra\u00e7a do Lambe-Lambe no centro de Feira de Santana. A palmeira talvez seja centen\u00e1ria como a pra\u00e7a inaugurada no in\u00edcio do s\u00e9culo passado\u2026","rel":"","context":"Em &quot;Cidade&quot;","block_context":{"text":"Cidade","link":"https:\/\/blogdafeira.com.br\/home\/categoria\/cidade\/"},"img":{"alt_text":"","src":"https:\/\/i0.wp.com\/blogdafeira.com.br\/home\/wp-content\/uploads\/2021\/08\/IMG_20210807_095620_859-scaled.jpg?resize=350%2C200&ssl=1","width":350,"height":200,"srcset":"https:\/\/i0.wp.com\/blogdafeira.com.br\/home\/wp-content\/uploads\/2021\/08\/IMG_20210807_095620_859-scaled.jpg?resize=350%2C200&ssl=1 1x, https:\/\/i0.wp.com\/blogdafeira.com.br\/home\/wp-content\/uploads\/2021\/08\/IMG_20210807_095620_859-scaled.jpg?resize=525%2C300&ssl=1 1.5x, https:\/\/i0.wp.com\/blogdafeira.com.br\/home\/wp-content\/uploads\/2021\/08\/IMG_20210807_095620_859-scaled.jpg?resize=700%2C400&ssl=1 2x, https:\/\/i0.wp.com\/blogdafeira.com.br\/home\/wp-content\/uploads\/2021\/08\/IMG_20210807_095620_859-scaled.jpg?resize=1050%2C600&ssl=1 3x, https:\/\/i0.wp.com\/blogdafeira.com.br\/home\/wp-content\/uploads\/2021\/08\/IMG_20210807_095620_859-scaled.jpg?resize=1400%2C800&ssl=1 4x"},"classes":[]},{"id":30972,"url":"https:\/\/blogdafeira.com.br\/home\/2019\/03\/15\/por-que-as-pracas-do-centro-de-feira-de-santana-nao-tem-jardins\/","url_meta":{"origin":23926,"position":4},"title":"Por que as pra\u00e7as do centro de Feira de Santana n\u00e3o t\u00eam jardins?","author":"J\u00e2nio R\u00eago","date":"15\/03\/2019","format":false,"excerpt":"O normal \u00e9 que as pra\u00e7as do centro da cidade mere\u00e7am aten\u00e7\u00e3o especial da Prefeitura de um munic\u00edpio. Em Feira de Santana \u00e9 diferente. E dou apenas o exemplo da pra\u00e7a Bernardino Bahia ou do Lambe Lambe, que \u00e9 bem representativo de como nossa cidade \u00e9 pensada. Essa pra\u00e7a \u00e9,\u2026","rel":"","context":"Em &quot;Home&quot;","block_context":{"text":"Home","link":"https:\/\/blogdafeira.com.br\/home\/categoria\/raiz\/"},"img":{"alt_text":"","src":"https:\/\/i0.wp.com\/blogdafeira.com.br\/home\/wp-content\/uploads\/2019\/03\/20190314_110019_HDR.jpg?resize=350%2C200&ssl=1","width":350,"height":200,"srcset":"https:\/\/i0.wp.com\/blogdafeira.com.br\/home\/wp-content\/uploads\/2019\/03\/20190314_110019_HDR.jpg?resize=350%2C200&ssl=1 1x, https:\/\/i0.wp.com\/blogdafeira.com.br\/home\/wp-content\/uploads\/2019\/03\/20190314_110019_HDR.jpg?resize=525%2C300&ssl=1 1.5x, https:\/\/i0.wp.com\/blogdafeira.com.br\/home\/wp-content\/uploads\/2019\/03\/20190314_110019_HDR.jpg?resize=700%2C400&ssl=1 2x, https:\/\/i0.wp.com\/blogdafeira.com.br\/home\/wp-content\/uploads\/2019\/03\/20190314_110019_HDR.jpg?resize=1050%2C600&ssl=1 3x, https:\/\/i0.wp.com\/blogdafeira.com.br\/home\/wp-content\/uploads\/2019\/03\/20190314_110019_HDR.jpg?resize=1400%2C800&ssl=1 4x"},"classes":[]},{"id":71498,"url":"https:\/\/blogdafeira.com.br\/home\/2026\/02\/27\/fotografos-lambe-lambe-da-praca-bernardino-bahia-pedem-boxes-padronizados-a-ze-ronaldo\/","url_meta":{"origin":23926,"position":5},"title":"Fot\u00f3grafos lambe-lambe da pra\u00e7a Bernardino Bahia pedem boxes padronizados a Z\u00e9 Ronaldo","author":"J\u00e2nio R\u00eago","date":"27\/02\/2026","format":false,"excerpt":"N\u00e3o faz tanto tempo, os fot\u00f3grafos lambes-lambes da Pra\u00e7a Bernardino Bahia eram tantos e t\u00e3o integrado ao local que ofuscaram e ocuparam o nome oficial do logradouro que passou a ser conhecida como a Pra\u00e7a do Lambe-Lambe. E ainda h\u00e1 quem a chame assim, embora os lambes-lambes sejam uma categoria\u2026","rel":"","context":"Em &quot;Colunistas&quot;","block_context":{"text":"Colunistas","link":"https:\/\/blogdafeira.com.br\/home\/categoria\/colunistas\/"},"img":{"alt_text":"","src":"https:\/\/i0.wp.com\/blogdafeira.com.br\/home\/wp-content\/uploads\/2026\/02\/Screenshot_20260227-1557502.jpg?resize=350%2C200&ssl=1","width":350,"height":200,"srcset":"https:\/\/i0.wp.com\/blogdafeira.com.br\/home\/wp-content\/uploads\/2026\/02\/Screenshot_20260227-1557502.jpg?resize=350%2C200&ssl=1 1x, https:\/\/i0.wp.com\/blogdafeira.com.br\/home\/wp-content\/uploads\/2026\/02\/Screenshot_20260227-1557502.jpg?resize=525%2C300&ssl=1 1.5x, https:\/\/i0.wp.com\/blogdafeira.com.br\/home\/wp-content\/uploads\/2026\/02\/Screenshot_20260227-1557502.jpg?resize=700%2C400&ssl=1 2x, https:\/\/i0.wp.com\/blogdafeira.com.br\/home\/wp-content\/uploads\/2026\/02\/Screenshot_20260227-1557502.jpg?resize=1050%2C600&ssl=1 3x"},"classes":[]}],"_links":{"self":[{"href":"https:\/\/blogdafeira.com.br\/home\/wp-json\/wp\/v2\/posts\/23926","targetHints":{"allow":["GET"]}}],"collection":[{"href":"https:\/\/blogdafeira.com.br\/home\/wp-json\/wp\/v2\/posts"}],"about":[{"href":"https:\/\/blogdafeira.com.br\/home\/wp-json\/wp\/v2\/types\/post"}],"author":[{"embeddable":true,"href":"https:\/\/blogdafeira.com.br\/home\/wp-json\/wp\/v2\/users\/1"}],"replies":[{"embeddable":true,"href":"https:\/\/blogdafeira.com.br\/home\/wp-json\/wp\/v2\/comments?post=23926"}],"version-history":[{"count":5,"href":"https:\/\/blogdafeira.com.br\/home\/wp-json\/wp\/v2\/posts\/23926\/revisions"}],"predecessor-version":[{"id":32276,"href":"https:\/\/blogdafeira.com.br\/home\/wp-json\/wp\/v2\/posts\/23926\/revisions\/32276"}],"wp:attachment":[{"href":"https:\/\/blogdafeira.com.br\/home\/wp-json\/wp\/v2\/media?parent=23926"}],"wp:term":[{"taxonomy":"category","embeddable":true,"href":"https:\/\/blogdafeira.com.br\/home\/wp-json\/wp\/v2\/categories?post=23926"},{"taxonomy":"post_tag","embeddable":true,"href":"https:\/\/blogdafeira.com.br\/home\/wp-json\/wp\/v2\/tags?post=23926"}],"curies":[{"name":"wp","href":"https:\/\/api.w.org\/{rel}","templated":true}]}}