{"id":24260,"date":"2016-11-12T14:37:05","date_gmt":"2016-11-12T17:37:05","guid":{"rendered":"http:\/\/blogdafeira.com.br\/home\/?p=24260"},"modified":"2022-09-12T23:18:51","modified_gmt":"2022-09-13T02:18:51","slug":"samba-e-capoeira-dos-angoleiros-do-sertao-marcam-os-sabados-no-centro-de-feira","status":"publish","type":"post","link":"https:\/\/blogdafeira.com.br\/home\/2016\/11\/12\/samba-e-capoeira-dos-angoleiros-do-sertao-marcam-os-sabados-no-centro-de-feira\/","title":{"rendered":"Samba e capoeira aos s\u00e1bados no centro de Feira"},"content":{"rendered":"<div id=\"blogd-759666243\" class=\"blogd-fim-do-post-mobile blogd-entity-placement\" style=\"margin-left: auto;margin-right: auto;text-align: center;\"><a href=\"https:\/\/www.sefaz.feiradesantana.ba.gov.br\/\" target=\"_blank\" aria-label=\"728&#215;90 (6)\"><img loading=\"lazy\" decoding=\"async\" src=\"https:\/\/blogdafeira.com.br\/home\/wp-content\/uploads\/2026\/03\/728x90-6.gif\" alt=\"\"  class=\"no-lazyload\" width=\"728\" height=\"90\"  style=\"display: inline-block;\" \/><\/a><\/div><p>Todo s\u00e1bado, sob os oitis da pra\u00e7a do Mercado de Arte Popular (MAC), no centro comercial de Feira de Santana, o grupo de capoeira<strong><a href=\"https:\/\/www.youtube.com\/watch?v=kllQdvF6sNg\"> &#8220;Angoleiros do Sert\u00e3o&#8221; <\/a><\/strong>faz uma apresenta\u00e7\u00e3o p\u00fablica e aberta \u00e0 participa\u00e7\u00e3o de todos. \u00c9 &#8216;uma marca&#8217; do centro da cidade e atrai a aten\u00e7\u00e3o de milhares de pessoas que circulam por ali. O Mestre Cl\u00e1udio \u00e9 o &#8216;regente&#8217; da orquestra de percuss\u00e3o e vozes que anima o centro. Ele \u00e9 um dos mais respeitados capoeiristas do Brasil. Claudio Costa, natural de Feira de Santana,\u00a0fundou a Escola de Capoeira Angoleiros do Sert\u00e3o na d\u00e9cada de 1980.<\/p><div id=\"blogd-4077021775\" class=\"blogd-conteudo-2-mobile blogd-entity-placement\"><a href=\"https:\/\/feirenses.com.br\/\" target=\"_blank\" aria-label=\"feirenses\"><img loading=\"lazy\" decoding=\"async\" src=\"https:\/\/blogdafeira.com.br\/home\/wp-content\/uploads\/2026\/04\/feirenses.png\" alt=\"\"  srcset=\"https:\/\/blogdafeira.com.br\/home\/wp-content\/uploads\/2026\/04\/feirenses.png 300w, https:\/\/blogdafeira.com.br\/home\/wp-content\/uploads\/2026\/04\/feirenses-170x45.png 170w, https:\/\/blogdafeira.com.br\/home\/wp-content\/uploads\/2026\/04\/feirenses-280x74.png 280w\" sizes=\"(max-width: 300px) 100vw, 300px\" class=\"no-lazyload\" width=\"300\" height=\"79\"  style=\"display: inline-block;\" \/><\/a><\/div>\n<p>&nbsp;<\/p>\n<p>Ele iniciou a capoeira na ro\u00e7a, quando era menino,e via seu tio Domingos que jogava capoeira e seu tio Roque que fazia berimbau de cip\u00f3 de imb\u00e9. O que mais influenciou foi quando ele acompanhava sua m\u00e3e que vendia acaraj\u00e9 na feira ele assistia roda de capoeira.<\/p>\n<p>Na verdade o Mestre iniciou na escola do falecido Mestre Di Mola,no entanto aprendeu capoeira foi nas ruas de Feira de Santana, a partir dali tendo contato com outros Mestres de capoeira na Bahia,inclusive os angoleiros.<\/p>\n<p>A sua escola Angoleiros do Sert\u00e3o come\u00e7ou humilde e vem crescendo em humildade e tamanho, hoje existem n\u00facleos em outras cidades do Brasil, e mestre Cl\u00e1udio percorre diversos pa\u00edses levando <em>a capoeira rasteira jogada no ch\u00e3o, onde haja gente querendo conhecer a nossa brincadeira<\/em> como ele mesmo diz.<\/p>\n<p>Mestre Cl\u00e1udio \u00e9 exigente com tudo que diz respeito a capoeira, os instrumentos da bateria da capoeira Angola s\u00e3o feitos por ele mesmo todos com mat\u00e9ria prima da natureza, seus pandeiros s\u00e3o de couro, ao contr\u00e1rio do que vemos em diversas rodas por ai, seu reco-reco \u00e9 de bambu, o ag\u00f4g\u00f4 \u00e9 de sapucaia e assim segue.<\/p>\n<p>O rigor do Mestre se estende ao cuidado com os cantos e ladainhas da capoeira, tem que cantar bonito, afinado, batendo palma, e capoeira tem que saber tocar todos os instrumentos.<\/p>\n<p>Seus conhecimentos s\u00e3o passados assim para os novatos por seus contra-mestres e trein\u00e9us, que seguem com afinco as determina\u00e7\u00f5es do mestre que sempre explica o porqu\u00ea das coisas necessitarem serem feitas dessa forma e n\u00e3o de outra.<\/p>\n<p>Mestre Cl\u00e1udio Costa tem uma rela\u00e7\u00e3o de amor e entrega a capoeira fazendo seu trabalho ser reconhecido no mundo inteiro.<\/p>\n<div id=\"blogd-472215733\" class=\"blogd-final-post blogd-entity-placement\"><a href=\"https:\/\/www.feiradesantana.ba.leg.br\/\" target=\"_blank\" aria-label=\"BANNER-SITE-ENTREGADECHEQUE-CAMARADEFEIRA\"><img loading=\"lazy\" decoding=\"async\" src=\"https:\/\/blogdafeira.com.br\/home\/wp-content\/uploads\/2026\/03\/BANNER-SITE-ENTREGADECHEQUE-CAMARADEFEIRA.gif\" alt=\"\"  class=\"no-lazyload\" width=\"728\" height=\"90\"   \/><\/a><\/div><p><strong><a href=\"http:\/\/danielpenteado.com.br\/Bclaudio.html\">Daniel Penteado\/ Capoeira Arte e Vida,Funda\u00e7\u00e3o Filantr\u00f3pica<\/a><\/strong><\/p>\n","protected":false},"excerpt":{"rendered":"<p>Todo s\u00e1bado, sob os oitis da pra\u00e7a do Mercado de Arte Popular (MAC), no centro comercial de Feira de Santana, o grupo de capoeira &#8220;Angoleiros do Sert\u00e3o&#8221; faz uma apresenta\u00e7\u00e3o p\u00fablica e aberta \u00e0 participa\u00e7\u00e3o de todos. \u00c9 &#8216;uma marca&#8217; do centro da cidade e atrai a aten\u00e7\u00e3o de milhares de pessoas que circulam por<\/p>\n","protected":false},"author":1,"featured_media":54298,"comment_status":"closed","ping_status":"closed","sticky":false,"template":"","format":"standard","meta":{"jetpack_post_was_ever_published":false,"cybocfi_hide_featured_image":"","_jetpack_newsletter_access":"","_jetpack_dont_email_post_to_subs":true,"_jetpack_newsletter_tier_id":0,"_jetpack_memberships_contains_paywalled_content":false,"_jetpack_memberships_contains_paid_content":false,"footnotes":"","jetpack_publicize_message":"","jetpack_publicize_feature_enabled":true,"jetpack_social_post_already_shared":true,"jetpack_social_options":{"image_generator_settings":{"template":"highway","default_image_id":0,"font":"","enabled":false},"version":2}},"categories":[592,1],"tags":[],"class_list":["post-24260","post","type-post","status-publish","format-standard","has-post-thumbnail","hentry","category-colunistas","category-raiz"],"jetpack_publicize_connections":[],"jetpack_featured_media_url":"https:\/\/blogdafeira.com.br\/home\/wp-content\/uploads\/2016\/11\/MESTRE-CLAUDIO.webp","jetpack_shortlink":"https:\/\/wp.me\/p3niVf-6ji","jetpack_sharing_enabled":true,"jetpack-related-posts":[{"id":31500,"url":"https:\/\/blogdafeira.com.br\/home\/2019\/05\/27\/grupo-angoleiros-do-sertao-vai-mostrar-em-berlim-na-alemanha-a-capoeira-e-o-samba-rural-de-feira-de-santana\/","url_meta":{"origin":24260,"position":0},"title":"Angoleiros do Sert\u00e3o vai a Berlim levando capoeira e samba rural","author":"Daniel Penteado","date":"27\/05\/2019","format":false,"excerpt":"\u00a0 N\u00e3o estranhe se no pr\u00f3ximo dia 22 de junho,o mestre Claudio n\u00e3o estiver na roda de samba e capoeira que o grupo \"Angoleiros do Sert\u00e3o faz todos os sabados. na pra\u00e7a do MAP em Feira de Santana. \u00c9 que o mestre, l\u00edder e fundador do grupo \"Angoleiros do Sert\u00e3o\",\u2026","rel":"","context":"Em &quot;Home&quot;","block_context":{"text":"Home","link":"https:\/\/blogdafeira.com.br\/home\/categoria\/raiz\/"},"img":{"alt_text":"","src":"https:\/\/i0.wp.com\/blogdafeira.com.br\/home\/wp-content\/uploads\/2019\/05\/june-event.jpg?resize=350%2C200","width":350,"height":200,"srcset":"https:\/\/i0.wp.com\/blogdafeira.com.br\/home\/wp-content\/uploads\/2019\/05\/june-event.jpg?resize=350%2C200 1x, https:\/\/i0.wp.com\/blogdafeira.com.br\/home\/wp-content\/uploads\/2019\/05\/june-event.jpg?resize=525%2C300 1.5x, https:\/\/i0.wp.com\/blogdafeira.com.br\/home\/wp-content\/uploads\/2019\/05\/june-event.jpg?resize=700%2C400 2x"},"classes":[]},{"id":66031,"url":"https:\/\/blogdafeira.com.br\/home\/2025\/03\/10\/angoleiros-do-sertao-capoeira-e-samba-na-avenida-paulista-proximo-dia-30\/","url_meta":{"origin":24260,"position":1},"title":"Angoleiros do Sert\u00e3o, capoeira e samba na Avenida Paulista pr\u00f3ximo dia 30","author":"Daniel Penteado","date":"10\/03\/2025","format":false,"excerpt":"Aquele grupo que,todos os s\u00e1bados, joga capoeira e faz samba-de-roda na pra\u00e7a do Mercado de Arte Popular (MAP) , aqui na Feira de Santana, vai fazer o mesmo na avenida Paulista, em S\u00e3o Paulo no pr\u00f3ximo dia 30, que cai num domingo. Eles participam de um Encontro de Angoleiros e\u2026","rel":"","context":"Em &quot;Cultura&quot;","block_context":{"text":"Cultura","link":"https:\/\/blogdafeira.com.br\/home\/categoria\/cultura\/"},"img":{"alt_text":"","src":"https:\/\/i0.wp.com\/blogdafeira.com.br\/home\/wp-content\/uploads\/2025\/03\/Screenshot_20250310-0701222.png?resize=350%2C200&ssl=1","width":350,"height":200,"srcset":"https:\/\/i0.wp.com\/blogdafeira.com.br\/home\/wp-content\/uploads\/2025\/03\/Screenshot_20250310-0701222.png?resize=350%2C200&ssl=1 1x, https:\/\/i0.wp.com\/blogdafeira.com.br\/home\/wp-content\/uploads\/2025\/03\/Screenshot_20250310-0701222.png?resize=525%2C300&ssl=1 1.5x, https:\/\/i0.wp.com\/blogdafeira.com.br\/home\/wp-content\/uploads\/2025\/03\/Screenshot_20250310-0701222.png?resize=700%2C400&ssl=1 2x, https:\/\/i0.wp.com\/blogdafeira.com.br\/home\/wp-content\/uploads\/2025\/03\/Screenshot_20250310-0701222.png?resize=1050%2C600&ssl=1 3x"},"classes":[]},{"id":25655,"url":"https:\/\/blogdafeira.com.br\/home\/2017\/02\/12\/capoeiristas-demarcam-o-territorio-do-samba-no-centro-de-feira-de-santana\/","url_meta":{"origin":24260,"position":2},"title":"Capoeiristas demarcam o &#8216;territ\u00f3rio do samba&#8217; no centro de Feira de Santana","author":"Daniel Penteado","date":"12\/02\/2017","format":false,"excerpt":"Dif\u00edcil \u00e9 o s\u00e1bado em que eles n\u00e3o est\u00e3o\u00a0na pra\u00e7a do velho Mercado de Feira de Santana,\u00a0na sombra daquele oitizeiro, jogando a capoeira e depois rolando\u00a0\u00a0um samba-de-roda que junta gente n\u00e3o s\u00f3 para olhar mas para sambar tamb\u00e9m... Debaixo desse oiti o poeta e folheteiro de cordel Jurivaldo Alves durante\u2026","rel":"","context":"Em &quot;Home&quot;","block_context":{"text":"Home","link":"https:\/\/blogdafeira.com.br\/home\/categoria\/raiz\/"},"img":{"alt_text":"","src":"","width":0,"height":0},"classes":[]},{"id":29145,"url":"https:\/\/blogdafeira.com.br\/home\/2018\/03\/04\/capoeira-samba-de-roda-e-sertao-no-cenario-urbano-e-cultural-de-feira-de-santana\/","url_meta":{"origin":24260,"position":3},"title":"Capoeira, samba-de-roda e sert\u00e3o no cen\u00e1rio urbano e cultural de Feira de Santana","author":"Daniel Penteado","date":"04\/03\/2018","format":false,"excerpt":"Quando se fala em capoeira l\u00e1 fora, e mesmo aqui na Bahia, \u00e9 comum as pessoas tomarem como refer\u00eancia a cidade de Salvador, imortalizada atrav\u00e9s da arte, da literatura e da publicidade como o ber\u00e7o da cultura afro do Brasil. Mas capoeira tamb\u00e9m \u00e9 'coisa' de sert\u00e3o e em Feira\u2026","rel":"","context":"Em &quot;Home&quot;","block_context":{"text":"Home","link":"https:\/\/blogdafeira.com.br\/home\/categoria\/raiz\/"},"img":{"alt_text":"","src":"https:\/\/i0.wp.com\/blogdafeira.com.br\/home\/wp-content\/uploads\/2018\/03\/IMG_20180303_122824016_BURST000_COVER_TOP-2-1024x768.jpg?resize=350%2C200","width":350,"height":200,"srcset":"https:\/\/i0.wp.com\/blogdafeira.com.br\/home\/wp-content\/uploads\/2018\/03\/IMG_20180303_122824016_BURST000_COVER_TOP-2-1024x768.jpg?resize=350%2C200 1x, https:\/\/i0.wp.com\/blogdafeira.com.br\/home\/wp-content\/uploads\/2018\/03\/IMG_20180303_122824016_BURST000_COVER_TOP-2-1024x768.jpg?resize=525%2C300 1.5x, https:\/\/i0.wp.com\/blogdafeira.com.br\/home\/wp-content\/uploads\/2018\/03\/IMG_20180303_122824016_BURST000_COVER_TOP-2-1024x768.jpg?resize=700%2C400 2x"},"classes":[]},{"id":23864,"url":"https:\/\/blogdafeira.com.br\/home\/2016\/10\/14\/brinquedos-de-angola-evento-nacional-de-capoeira-acontece-em-feira-ate-sabado\/","url_meta":{"origin":24260,"position":4},"title":"&#8216;Brinquedos de Angola&#8217;, evento nacional de Capoeira, acontece em Feira at\u00e9 s\u00e1bado","author":"Daniel Penteado","date":"14\/10\/2016","format":false,"excerpt":"O Brinquedo dos Angolas \u00e9 um Encontro realizado anualmente pelo Malungo Centro de Capoeira Angola, localizado em Feira de Santana, \u00a0o qual re\u00fane capoeiristas de v\u00e1rias partes da Bahia e de outros Estados brasileiros, a exemplo do Par\u00e1 e Rio de Janeiro. Sua primeira edi\u00e7\u00e3o ocorreu em Feira de Santana,\u2026","rel":"","context":"Em &quot;Home&quot;","block_context":{"text":"Home","link":"https:\/\/blogdafeira.com.br\/home\/categoria\/raiz\/"},"img":{"alt_text":"fb_img_1476461037819","src":"https:\/\/i0.wp.com\/blogdafeira.com.br\/home\/wp-content\/uploads\/2016\/10\/FB_IMG_1476461037819.jpg?resize=350%2C200","width":350,"height":200,"srcset":"https:\/\/i0.wp.com\/blogdafeira.com.br\/home\/wp-content\/uploads\/2016\/10\/FB_IMG_1476461037819.jpg?resize=350%2C200 1x, https:\/\/i0.wp.com\/blogdafeira.com.br\/home\/wp-content\/uploads\/2016\/10\/FB_IMG_1476461037819.jpg?resize=525%2C300 1.5x"},"classes":[]},{"id":63904,"url":"https:\/\/blogdafeira.com.br\/home\/2024\/09\/20\/mestre-itapoan-entrega-premio-ginga-capoeira-literaria-ao-feirense-bel-pires\/","url_meta":{"origin":24260,"position":5},"title":"Mestre Itapoan entrega pr\u00eamio &#8220;Ginga Capoeira Liter\u00e1ria&#8221; ao feirense Bel Pires","author":"Daniel Penteado","date":"20\/09\/2024","format":false,"excerpt":"O Mestre Bel Pires, de Feira de Santana (Bahia)\u00a0 e o Contramestre Augusto Leal, do Par\u00e1, coordenadores do Malungo Centro de Capoeira Angola, est\u00e3o na lista dos contemplados com o Pr\u00eamio Ginga Capoeira Liter\u00e1ria que ser\u00e1 entregue neste s\u00e1bado (21), em Salvador, no Museu Eug\u00eanio Teixeira Leal no Pelourinho, a\u2026","rel":"","context":"Em &quot;Cultura&quot;","block_context":{"text":"Cultura","link":"https:\/\/blogdafeira.com.br\/home\/categoria\/cultura\/"},"img":{"alt_text":"","src":"https:\/\/i0.wp.com\/blogdafeira.com.br\/home\/wp-content\/uploads\/2024\/09\/IMG-20240920-WA01122.jpg?resize=350%2C200&ssl=1","width":350,"height":200},"classes":[]}],"_links":{"self":[{"href":"https:\/\/blogdafeira.com.br\/home\/wp-json\/wp\/v2\/posts\/24260","targetHints":{"allow":["GET"]}}],"collection":[{"href":"https:\/\/blogdafeira.com.br\/home\/wp-json\/wp\/v2\/posts"}],"about":[{"href":"https:\/\/blogdafeira.com.br\/home\/wp-json\/wp\/v2\/types\/post"}],"author":[{"embeddable":true,"href":"https:\/\/blogdafeira.com.br\/home\/wp-json\/wp\/v2\/users\/1"}],"replies":[{"embeddable":true,"href":"https:\/\/blogdafeira.com.br\/home\/wp-json\/wp\/v2\/comments?post=24260"}],"version-history":[{"count":7,"href":"https:\/\/blogdafeira.com.br\/home\/wp-json\/wp\/v2\/posts\/24260\/revisions"}],"predecessor-version":[{"id":54299,"href":"https:\/\/blogdafeira.com.br\/home\/wp-json\/wp\/v2\/posts\/24260\/revisions\/54299"}],"wp:featuredmedia":[{"embeddable":true,"href":"https:\/\/blogdafeira.com.br\/home\/wp-json\/wp\/v2\/media\/54298"}],"wp:attachment":[{"href":"https:\/\/blogdafeira.com.br\/home\/wp-json\/wp\/v2\/media?parent=24260"}],"wp:term":[{"taxonomy":"category","embeddable":true,"href":"https:\/\/blogdafeira.com.br\/home\/wp-json\/wp\/v2\/categories?post=24260"},{"taxonomy":"post_tag","embeddable":true,"href":"https:\/\/blogdafeira.com.br\/home\/wp-json\/wp\/v2\/tags?post=24260"}],"curies":[{"name":"wp","href":"https:\/\/api.w.org\/{rel}","templated":true}]}}