{"id":24303,"date":"2016-11-14T13:46:57","date_gmt":"2016-11-14T16:46:57","guid":{"rendered":"http:\/\/blogdafeira.com.br\/home\/?p=24303"},"modified":"2016-11-14T13:46:57","modified_gmt":"2016-11-14T16:46:57","slug":"programa-feira-literaria-estreia-hoje-na-tv-monte-siao-com-clarissa-macedo-2","status":"publish","type":"post","link":"https:\/\/blogdafeira.com.br\/home\/2016\/11\/14\/programa-feira-literaria-estreia-hoje-na-tv-monte-siao-com-clarissa-macedo-2\/","title":{"rendered":"Programa &#8216;Feira Liter\u00e1ria&#8217; estreia hoje na Tv Monte Si\u00e3o com Clarissa Macedo"},"content":{"rendered":"<p><img loading=\"lazy\" decoding=\"async\" class=\"aligncenter size-full wp-image-24297\" src=\"http:\/\/blogdafeira.com.br\/home\/wp-content\/uploads\/2016\/11\/festa-literaria-clarissa-macedo.jpg\" alt=\"festa-literaria-clarissa-macedo\" width=\"960\" height=\"540\" srcset=\"https:\/\/blogdafeira.com.br\/home\/wp-content\/uploads\/2016\/11\/festa-literaria-clarissa-macedo.jpg 960w, https:\/\/blogdafeira.com.br\/home\/wp-content\/uploads\/2016\/11\/festa-literaria-clarissa-macedo-170x96.jpg 170w, https:\/\/blogdafeira.com.br\/home\/wp-content\/uploads\/2016\/11\/festa-literaria-clarissa-macedo-346x195.jpg 346w, https:\/\/blogdafeira.com.br\/home\/wp-content\/uploads\/2016\/11\/festa-literaria-clarissa-macedo-768x432.jpg 768w\" sizes=\"auto, (max-width: 960px) 100vw, 960px\" \/><\/p>\n<div id=\"blogd-2001799708\" class=\"blogd-fim-do-post-mobile blogd-entity-placement\" style=\"margin-left: auto;margin-right: auto;text-align: center;\"><a href=\"https:\/\/www.sefaz.feiradesantana.ba.gov.br\/\" target=\"_blank\" aria-label=\"728&#215;90 (6)\"><img loading=\"lazy\" decoding=\"async\" src=\"https:\/\/blogdafeira.com.br\/home\/wp-content\/uploads\/2026\/03\/728x90-6.gif\" alt=\"\"  class=\"no-lazyload\" width=\"728\" height=\"90\"  style=\"display: inline-block;\" \/><\/a><\/div><p>A escritora<strong><a href=\"https:\/\/www.facebook.com\/clarissa.macedo.7\"> Clarissa Macedo<\/a><\/strong>\u00a0\u00a0estreia nesta segunda-feira a primeira temporada do programa &#8216;Feira Liter\u00e1ria&#8217; &#8211; projeto que nasceu h\u00e1 pouco mais de um ano e que tem como finalidade difundir a literatura.<\/p><div id=\"blogd-3539123872\" class=\"blogd-conteudo-2-mobile blogd-entity-placement\"><a href=\"https:\/\/feirenses.com.br\/\" target=\"_blank\" aria-label=\"feirenses\"><img loading=\"lazy\" decoding=\"async\" src=\"https:\/\/blogdafeira.com.br\/home\/wp-content\/uploads\/2026\/04\/feirenses.png\" alt=\"\"  srcset=\"https:\/\/blogdafeira.com.br\/home\/wp-content\/uploads\/2026\/04\/feirenses.png 300w, https:\/\/blogdafeira.com.br\/home\/wp-content\/uploads\/2026\/04\/feirenses-170x45.png 170w, https:\/\/blogdafeira.com.br\/home\/wp-content\/uploads\/2026\/04\/feirenses-280x74.png 280w\" sizes=\"(max-width: 300px) 100vw, 300px\" class=\"no-lazyload\" width=\"300\" height=\"79\"  style=\"display: inline-block;\" \/><\/a><\/div>\n<p>O programa \u00e9\u00a0exibido pela<strong><a href=\"https:\/\/www.facebook.com\/pages\/Tv-Monte-Siao-Web-TV\/140309362733989\"> Tv Monte Si\u00e3o e<\/a><\/strong> disponibilizado \u00a0na internet e toda segunda-feira ter\u00e1 um programa novo.<\/p>\n<p>Leia tamb\u00e9m:<\/p>\n<p><strong><a href=\"http:\/\/feirenses.com\/na-pata-do-cavalo-ha-sete-abismos-clarissa-macedo\/\">Na Pata do Cavalo tem Sete Abismos &#8211; Clarissa Macedo<\/a><\/strong><\/p>\n<div id=\"blogd-1761991166\" class=\"blogd-final-post blogd-entity-placement\"><a href=\"https:\/\/www.feiradesantana.ba.leg.br\/\" target=\"_blank\" aria-label=\"BANNER-SITE-ENTREGADECHEQUE-CAMARADEFEIRA\"><img loading=\"lazy\" decoding=\"async\" src=\"https:\/\/blogdafeira.com.br\/home\/wp-content\/uploads\/2026\/03\/BANNER-SITE-ENTREGADECHEQUE-CAMARADEFEIRA.gif\" alt=\"\"  class=\"no-lazyload\" width=\"728\" height=\"90\"   \/><\/a><\/div><p><strong><a href=\"http:\/\/blogdafeira.com.br\/home\/2015\/10\/14\/tres-poetas-de-feira-de-santanna-na-festa-de-literaria-de-cachoeira\/\">Tr\u00eas Poetas de Feira de Santana na Festa Liter\u00e1ria de Cachoeira<\/a><\/strong><\/p>\n","protected":false},"excerpt":{"rendered":"<p>A escritora Clarissa Macedo\u00a0\u00a0estreia nesta segunda-feira a primeira temporada do programa &#8216;Feira Liter\u00e1ria&#8217; &#8211; projeto que nasceu h\u00e1 pouco mais de um ano e que tem como finalidade difundir a literatura. O programa \u00e9\u00a0exibido pela Tv Monte Si\u00e3o e disponibilizado \u00a0na internet e toda segunda-feira ter\u00e1 um programa novo. Leia tamb\u00e9m: Na Pata do Cavalo<\/p>\n","protected":false},"author":1,"featured_media":0,"comment_status":"closed","ping_status":"closed","sticky":false,"template":"","format":"standard","meta":{"jetpack_post_was_ever_published":false,"cybocfi_hide_featured_image":"","_jetpack_newsletter_access":"","_jetpack_dont_email_post_to_subs":false,"_jetpack_newsletter_tier_id":0,"_jetpack_memberships_contains_paywalled_content":false,"_jetpack_memberships_contains_paid_content":false,"footnotes":"","jetpack_publicize_message":"","jetpack_publicize_feature_enabled":true,"jetpack_social_post_already_shared":true,"jetpack_social_options":{"image_generator_settings":{"template":"highway","default_image_id":0,"font":"","enabled":false},"version":2}},"categories":[1],"tags":[],"class_list":["post-24303","post","type-post","status-publish","format-standard","hentry","category-raiz"],"jetpack_publicize_connections":[],"jetpack_featured_media_url":"","jetpack_shortlink":"https:\/\/wp.me\/p3niVf-6jZ","jetpack_sharing_enabled":true,"jetpack-related-posts":[{"id":17078,"url":"https:\/\/blogdafeira.com.br\/home\/2015\/10\/14\/tres-poetas-de-feira-de-santanna-na-festa-de-literaria-de-cachoeira\/","url_meta":{"origin":24303,"position":0},"title":"Tr\u00eas poetas de Feira de Sant&#8217;Anna na Festa Liter\u00e1ria de Cachoeira","author":"Blog da Feira","date":"14\/10\/2015","format":false,"excerpt":"Clarissa Macedo, Roberval Pereyr e Silv\u00e9rio Duque, s\u00e3o tr\u00eas poetas feirense que est\u00e3o na programa\u00e7\u00e3o oficial da Festa Liter\u00e1ria de Cachoeira 2014 que come\u00e7a hoje e vai at\u00e9 o pr\u00f3ximo dia 18. Na noite de hoje os escritores Igor Gielow e Ant\u00f4nio Torres \u00a0dar\u00e3o a t\u00f4nica da primeira mesa liter\u00e1ria,\u2026","rel":"","context":"Em &quot;Home&quot;","block_context":{"text":"Home","link":"https:\/\/blogdafeira.com.br\/home\/categoria\/raiz\/"},"img":{"alt_text":"poetas-feirenses-flica","src":"https:\/\/i0.wp.com\/blogdafeira.com.br\/home\/wp-content\/uploads\/2015\/10\/poetas-feirenses-flica.jpg?resize=350%2C200","width":350,"height":200,"srcset":"https:\/\/i0.wp.com\/blogdafeira.com.br\/home\/wp-content\/uploads\/2015\/10\/poetas-feirenses-flica.jpg?resize=350%2C200 1x, https:\/\/i0.wp.com\/blogdafeira.com.br\/home\/wp-content\/uploads\/2015\/10\/poetas-feirenses-flica.jpg?resize=525%2C300 1.5x, https:\/\/i0.wp.com\/blogdafeira.com.br\/home\/wp-content\/uploads\/2015\/10\/poetas-feirenses-flica.jpg?resize=700%2C400 2x"},"classes":[]},{"id":17155,"url":"https:\/\/blogdafeira.com.br\/home\/2015\/10\/16\/poetas-falam-na-flica-sobre-a-dificuldade-de-ser-mulher-e-escritora-2\/","url_meta":{"origin":24303,"position":1},"title":"Poetas falam na Flica sobre a dificuldade de ser mulher e escritora","author":"Blog da Feira","date":"16\/10\/2015","format":false,"excerpt":"Na primeira mesa liter\u00e1ria de sexta-feira, 16 de outubro, \u00e0s 10 horas, as poetisas Rita Santana e Clarissa Macedo falaram sob media\u00e7\u00e3o do tamb\u00e9m poeta Roberval Pereyr sobre o tema\u00a0Versos, diversos. Rita come\u00e7ou sua fala lendo uma das poesias de seu livro\u00a0Alforrias\u00a0e destacou sua produ\u00e7\u00e3o liter\u00e1ria como discurso que fala\u2026","rel":"","context":"Em &quot;Home&quot;","block_context":{"text":"Home","link":"https:\/\/blogdafeira.com.br\/home\/categoria\/raiz\/"},"img":{"alt_text":"clarissa pata 2","src":"https:\/\/i0.wp.com\/blogdafeira.com.br\/home\/wp-content\/uploads\/2015\/10\/clarissa-pata-2.jpg?resize=350%2C200","width":350,"height":200,"srcset":"https:\/\/i0.wp.com\/blogdafeira.com.br\/home\/wp-content\/uploads\/2015\/10\/clarissa-pata-2.jpg?resize=350%2C200 1x, https:\/\/i0.wp.com\/blogdafeira.com.br\/home\/wp-content\/uploads\/2015\/10\/clarissa-pata-2.jpg?resize=525%2C300 1.5x, https:\/\/i0.wp.com\/blogdafeira.com.br\/home\/wp-content\/uploads\/2015\/10\/clarissa-pata-2.jpg?resize=700%2C400 2x"},"classes":[]},{"id":26014,"url":"https:\/\/blogdafeira.com.br\/home\/2017\/03\/13\/clarissa-macedo-vai-gravar-poema-panorama-em-estudio-da-tve-bahia\/","url_meta":{"origin":24303,"position":2},"title":"Clarissa Macedo vai gravar poema &#8220;Panorama&#8221;  em est\u00fadio da TVE Bahia","author":"Blog da Feira","date":"13\/03\/2017","format":false,"excerpt":"O poema \"Panorama', de \u00a0Clarissa Macedo, vai ser gravado pela pr\u00f3pria poetisa no est\u00fadio da Tev\u00ea Educativa da Bahia (TVE), como parte de um edital p\u00fablico - Grafias Eletr\u00f4nicas - \u00a0que reune ela e mais 19 poetas e poemas que ser\u00e3o registrados em audio-visual. O projeto \u00e9 desenvolvido pela Funda\u00e7\u00e3o\u2026","rel":"","context":"Em &quot;Home&quot;","block_context":{"text":"Home","link":"https:\/\/blogdafeira.com.br\/home\/categoria\/raiz\/"},"img":{"alt_text":"clarissa-macedo-jjljljl","src":"https:\/\/i0.wp.com\/blogdafeira.com.br\/home\/wp-content\/uploads\/2017\/03\/clarissa-macedo-jjljljl.jpg?resize=350%2C200","width":350,"height":200,"srcset":"https:\/\/i0.wp.com\/blogdafeira.com.br\/home\/wp-content\/uploads\/2017\/03\/clarissa-macedo-jjljljl.jpg?resize=350%2C200 1x, https:\/\/i0.wp.com\/blogdafeira.com.br\/home\/wp-content\/uploads\/2017\/03\/clarissa-macedo-jjljljl.jpg?resize=525%2C300 1.5x, https:\/\/i0.wp.com\/blogdafeira.com.br\/home\/wp-content\/uploads\/2017\/03\/clarissa-macedo-jjljljl.jpg?resize=700%2C400 2x"},"classes":[]},{"id":49381,"url":"https:\/\/blogdafeira.com.br\/home\/2021\/12\/14\/livro-inedito-e-premiado-de-clarissa-macedo-e-dedicado-a-mae\/","url_meta":{"origin":24303,"position":3},"title":"Livro in\u00e9dito e premiado de Clarissa Macedo \u00e9 dedicado \u00e0 m\u00e3e","author":"Blog da Feira","date":"14\/12\/2021","format":false,"excerpt":"\u00c9 com imensa alegria que comunico que meu livro in\u00e9dito, A casa mais alta do teu cora\u00e7\u00e3o, ganhou o primeiro lugar no Pr\u00eamio Biblioteca Digital do Paran\u00e1. Alegria dupla, pois o livro \u00e9 dedicado \u00e0 minha m\u00e3e, como forma de homenagem e celebra\u00e7\u00e3o de sua mem\u00f3ria. Estou em festa. #REPOST\u2026","rel":"","context":"Em &quot;Cultura&quot;","block_context":{"text":"Cultura","link":"https:\/\/blogdafeira.com.br\/home\/categoria\/cultura\/"},"img":{"alt_text":"","src":"https:\/\/i0.wp.com\/blogdafeira.com.br\/home\/wp-content\/uploads\/2021\/12\/clarissa-macedo.jpg?resize=350%2C200&ssl=1","width":350,"height":200,"srcset":"https:\/\/i0.wp.com\/blogdafeira.com.br\/home\/wp-content\/uploads\/2021\/12\/clarissa-macedo.jpg?resize=350%2C200&ssl=1 1x, https:\/\/i0.wp.com\/blogdafeira.com.br\/home\/wp-content\/uploads\/2021\/12\/clarissa-macedo.jpg?resize=525%2C300&ssl=1 1.5x"},"classes":[]},{"id":11874,"url":"https:\/\/blogdafeira.com.br\/home\/2014\/08\/11\/escritora-de-feira-ganha-premio-de-poesia-da-academia-de-letras\/","url_meta":{"origin":24303,"position":4},"title":"Escritora Clarissa Macedo ganha pr\u00eamio de poesia da Academia de Letras","author":"Blog da Feira","date":"11\/08\/2014","format":false,"excerpt":"Clarissa Moreira de Macedo, 26 anos \u00e9 a grande vencedora do\u00a0Pr\u00eamio Nacional Academia de Letras da Bahia de Literatura \u2013 Poesia 2013, tradicional concurso liter\u00e1rio patrocinado pela Braskem e pela Petrobras, com os originais intitulados \u201cNa Pata Do Cavalo H\u00e1 Sete Abismos\u201d. A vencedora ser\u00e1 contemplada com um pr\u00eamio no\u2026","rel":"","context":"Em &quot;Home&quot;","block_context":{"text":"Home","link":"https:\/\/blogdafeira.com.br\/home\/categoria\/raiz\/"},"img":{"alt_text":"10155005_10201051024316349_3257382901711882648_n (1)","src":"https:\/\/i0.wp.com\/blogdafeira.com.br\/home\/wp-content\/uploads\/2014\/08\/10155005_10201051024316349_3257382901711882648_n-1.jpg?resize=350%2C200","width":350,"height":200,"srcset":"https:\/\/i0.wp.com\/blogdafeira.com.br\/home\/wp-content\/uploads\/2014\/08\/10155005_10201051024316349_3257382901711882648_n-1.jpg?resize=350%2C200 1x, https:\/\/i0.wp.com\/blogdafeira.com.br\/home\/wp-content\/uploads\/2014\/08\/10155005_10201051024316349_3257382901711882648_n-1.jpg?resize=525%2C300 1.5x, https:\/\/i0.wp.com\/blogdafeira.com.br\/home\/wp-content\/uploads\/2014\/08\/10155005_10201051024316349_3257382901711882648_n-1.jpg?resize=700%2C400 2x"},"classes":[]},{"id":16697,"url":"https:\/\/blogdafeira.com.br\/home\/2015\/09\/16\/escritora-lanca-na-pata-do-cavalo-ha-7-abismos-no-beco-da-energia-domingo\/","url_meta":{"origin":24303,"position":5},"title":"Escritora lan\u00e7a &#8216;Na pata do cavalo h\u00e1 7 abismos&#8217; no Beco da Energia domingo","author":"Blog da Feira","date":"16\/09\/2015","format":false,"excerpt":"Clarissa Macedo \u00a0escolheu lan\u00e7ar\u00a0a obra no Beco da Energia, lugar que tem sido palco de interven\u00e7\u00f5es in\u00e9ditas na cidade, reunindo v\u00e1rias formas de express\u00e3o\u00a0art\u00edsticas: \u201cEu buscava um lugar que pudesse aliar um p\u00fablico bem diverso. N\u00e3o queria bar, nem museu. Queria comunidade, galera, gente de todos os lados. Na primeira\u2026","rel":"","context":"Em &quot;Home&quot;","block_context":{"text":"Home","link":"https:\/\/blogdafeira.com.br\/home\/categoria\/raiz\/"},"img":{"alt_text":"clarissa-macedo-pata-cavalo","src":"https:\/\/i0.wp.com\/blogdafeira.com.br\/home\/wp-content\/uploads\/2015\/09\/clarissa-macedo-pata-cavalo.jpg?resize=350%2C200","width":350,"height":200,"srcset":"https:\/\/i0.wp.com\/blogdafeira.com.br\/home\/wp-content\/uploads\/2015\/09\/clarissa-macedo-pata-cavalo.jpg?resize=350%2C200 1x, https:\/\/i0.wp.com\/blogdafeira.com.br\/home\/wp-content\/uploads\/2015\/09\/clarissa-macedo-pata-cavalo.jpg?resize=525%2C300 1.5x, https:\/\/i0.wp.com\/blogdafeira.com.br\/home\/wp-content\/uploads\/2015\/09\/clarissa-macedo-pata-cavalo.jpg?resize=700%2C400 2x"},"classes":[]}],"_links":{"self":[{"href":"https:\/\/blogdafeira.com.br\/home\/wp-json\/wp\/v2\/posts\/24303","targetHints":{"allow":["GET"]}}],"collection":[{"href":"https:\/\/blogdafeira.com.br\/home\/wp-json\/wp\/v2\/posts"}],"about":[{"href":"https:\/\/blogdafeira.com.br\/home\/wp-json\/wp\/v2\/types\/post"}],"author":[{"embeddable":true,"href":"https:\/\/blogdafeira.com.br\/home\/wp-json\/wp\/v2\/users\/1"}],"replies":[{"embeddable":true,"href":"https:\/\/blogdafeira.com.br\/home\/wp-json\/wp\/v2\/comments?post=24303"}],"version-history":[{"count":1,"href":"https:\/\/blogdafeira.com.br\/home\/wp-json\/wp\/v2\/posts\/24303\/revisions"}],"predecessor-version":[{"id":24304,"href":"https:\/\/blogdafeira.com.br\/home\/wp-json\/wp\/v2\/posts\/24303\/revisions\/24304"}],"wp:attachment":[{"href":"https:\/\/blogdafeira.com.br\/home\/wp-json\/wp\/v2\/media?parent=24303"}],"wp:term":[{"taxonomy":"category","embeddable":true,"href":"https:\/\/blogdafeira.com.br\/home\/wp-json\/wp\/v2\/categories?post=24303"},{"taxonomy":"post_tag","embeddable":true,"href":"https:\/\/blogdafeira.com.br\/home\/wp-json\/wp\/v2\/tags?post=24303"}],"curies":[{"name":"wp","href":"https:\/\/api.w.org\/{rel}","templated":true}]}}