{"id":24325,"date":"2016-11-15T20:52:49","date_gmt":"2016-11-15T23:52:49","guid":{"rendered":"http:\/\/blogdafeira.com.br\/home\/?p=24325"},"modified":"2016-11-15T21:24:22","modified_gmt":"2016-11-16T00:24:22","slug":"agua-na-avenida-em-feira-e-um-metodo-nao-destrutivo-de-drenagem-diz-secretario","status":"publish","type":"post","link":"https:\/\/blogdafeira.com.br\/home\/2016\/11\/15\/agua-na-avenida-em-feira-e-um-metodo-nao-destrutivo-de-drenagem-diz-secretario\/","title":{"rendered":"\u00c1gua na avenida em Feira \u00e9 um m\u00e9todo &#8216;n\u00e3o-destrutivo&#8217; de drenagem, diz secret\u00e1rio"},"content":{"rendered":"<p><img loading=\"lazy\" decoding=\"async\" class=\"aligncenter size-full wp-image-24292\" src=\"http:\/\/blogdafeira.com.br\/home\/wp-content\/uploads\/2016\/11\/FB_IMG_1479136197387.jpg\" alt=\"fb_img_1479136197387\" width=\"640\" height=\"450\" srcset=\"https:\/\/blogdafeira.com.br\/home\/wp-content\/uploads\/2016\/11\/FB_IMG_1479136197387.jpg 640w, https:\/\/blogdafeira.com.br\/home\/wp-content\/uploads\/2016\/11\/FB_IMG_1479136197387-170x120.jpg 170w, https:\/\/blogdafeira.com.br\/home\/wp-content\/uploads\/2016\/11\/FB_IMG_1479136197387-346x243.jpg 346w, https:\/\/blogdafeira.com.br\/home\/wp-content\/uploads\/2016\/11\/FB_IMG_1479136197387-370x260.jpg 370w\" sizes=\"auto, (max-width: 640px) 100vw, 640px\" \/><\/p>\n<div id=\"blogd-4233184478\" class=\"blogd-fim-do-post-mobile blogd-entity-placement\" style=\"margin-left: auto;margin-right: auto;text-align: center;\"><a href=\"https:\/\/www.sefaz.feiradesantana.ba.gov.br\/\" target=\"_blank\" aria-label=\"728&#215;90 (6)\"><img loading=\"lazy\" decoding=\"async\" src=\"https:\/\/blogdafeira.com.br\/home\/wp-content\/uploads\/2026\/03\/728x90-6.gif\" alt=\"\"  class=\"no-lazyload\" width=\"728\" height=\"90\"  style=\"display: inline-block;\" \/><\/a><\/div><p>O secret\u00e1rio municipal de Planejamento,contabilista Carlos Brito, justificou em declara\u00e7\u00f5es \u00e0s r\u00e1dios que o despejo de \u00e1gua do len\u00e7ol fre\u00e1tico na avenida Presidente Dutra, em pleno centro de Feira, \u00e9 um &#8216;m\u00e9todo n\u00e3o-destrutivo de drenagem&#8217; adotado pela obra do t\u00fanel da avenida Jo\u00e3o Durval.<\/p><div id=\"blogd-538320455\" class=\"blogd-conteudo-2-mobile blogd-entity-placement\"><a href=\"https:\/\/feirenses.com.br\/\" target=\"_blank\" aria-label=\"feirenses\"><img loading=\"lazy\" decoding=\"async\" src=\"https:\/\/blogdafeira.com.br\/home\/wp-content\/uploads\/2026\/04\/feirenses.png\" alt=\"\"  srcset=\"https:\/\/blogdafeira.com.br\/home\/wp-content\/uploads\/2026\/04\/feirenses.png 300w, https:\/\/blogdafeira.com.br\/home\/wp-content\/uploads\/2026\/04\/feirenses-170x45.png 170w, https:\/\/blogdafeira.com.br\/home\/wp-content\/uploads\/2026\/04\/feirenses-280x74.png 280w\" sizes=\"(max-width: 300px) 100vw, 300px\" class=\"no-lazyload\" width=\"300\" height=\"79\"  style=\"display: inline-block;\" \/><\/a><\/div>\n<p>Brito pediu &#8216;<em>desculpas<\/em>&#8216; \u00e0 popula\u00e7\u00e3o e disse que o<em> &#8216;m\u00e9todo n\u00e3o-destrutivo&#8217;<\/em> vai continuar e que portanto a \u00e1gua vai continuar a ser jogada na avenida.<\/p>\n<p>&#8216;<em>Enquanto a obra n\u00e3o terminar tem que ter transtornos.Voc\u00ea \u00a0imagina o que seria fazer uma drenagem pelo m\u00e9todo destrutivo, tinha que fazer canaletas, ia \u00a0fechar a Presidente Dutra&#8230;<\/em>&#8220;, disse o secret\u00e1rio.<\/p>\n<p>a foto \u00e9 do rep\u00f3rter <strong><a href=\"https:\/\/www.facebook.com\/edsantos.santos.33?fref=ts\">Ed Santos<\/a><\/strong><\/p>\n<p>Leia tamb\u00e9m:<\/p>\n<div id=\"blogd-3425039335\" class=\"blogd-final-post blogd-entity-placement\"><a href=\"https:\/\/www.feiradesantana.ba.leg.br\/\" target=\"_blank\" aria-label=\"BANNER-SITE-ENTREGADECHEQUE-CAMARADEFEIRA\"><img loading=\"lazy\" decoding=\"async\" src=\"https:\/\/blogdafeira.com.br\/home\/wp-content\/uploads\/2026\/03\/BANNER-SITE-ENTREGADECHEQUE-CAMARADEFEIRA.gif\" alt=\"\"  class=\"no-lazyload\" width=\"728\" height=\"90\"   \/><\/a><\/div><p><strong><a href=\"http:\/\/blogdafeira.com.br\/home\/2016\/11\/14\/desperdicio-de-agua-em-plena-avenida-e-uma-vergonha-para-feira-de-santana\/\">Desperd\u00edcio de \u00e1gua em plena avenida \u00e9 uma vergonha para Feira de Santan<\/a><a href=\"http:\/\/Pobreza e desigualdade s\u00e3o os principais desafios das cidades.\">a<\/a><\/strong><\/p>\n","protected":false},"excerpt":{"rendered":"<p>O secret\u00e1rio municipal de Planejamento,contabilista Carlos Brito, justificou em declara\u00e7\u00f5es \u00e0s r\u00e1dios que o despejo de \u00e1gua do len\u00e7ol fre\u00e1tico na avenida Presidente Dutra, em pleno centro de Feira, \u00e9 um &#8216;m\u00e9todo n\u00e3o-destrutivo de drenagem&#8217; adotado pela obra do t\u00fanel da avenida Jo\u00e3o Durval. Brito pediu &#8216;desculpas&#8216; \u00e0 popula\u00e7\u00e3o e disse que o &#8216;m\u00e9todo n\u00e3o-destrutivo&#8217;<\/p>\n","protected":false},"author":1,"featured_media":0,"comment_status":"closed","ping_status":"closed","sticky":false,"template":"","format":"standard","meta":{"jetpack_post_was_ever_published":false,"cybocfi_hide_featured_image":"","_jetpack_newsletter_access":"","_jetpack_dont_email_post_to_subs":true,"_jetpack_newsletter_tier_id":0,"_jetpack_memberships_contains_paywalled_content":false,"_jetpack_memberships_contains_paid_content":false,"footnotes":"","jetpack_publicize_message":"","jetpack_publicize_feature_enabled":true,"jetpack_social_post_already_shared":true,"jetpack_social_options":{"image_generator_settings":{"template":"highway","default_image_id":0,"font":"","enabled":false},"version":2}},"categories":[1],"tags":[],"class_list":["post-24325","post","type-post","status-publish","format-standard","hentry","category-raiz"],"jetpack_publicize_connections":[],"jetpack_featured_media_url":"","jetpack_shortlink":"https:\/\/wp.me\/p3niVf-6kl","jetpack_sharing_enabled":true,"jetpack-related-posts":[{"id":24293,"url":"https:\/\/blogdafeira.com.br\/home\/2016\/11\/14\/desperdicio-de-agua-em-plena-avenida-e-uma-vergonha-para-feira-de-santana\/","url_meta":{"origin":24325,"position":0},"title":"Desperd\u00edcio de \u00e1gua em plena avenida \u00e9 uma vergonha para Feira de Santana","author":"Blog da Feira","date":"14\/11\/2016","format":false,"excerpt":"A foto \u00e9 do rep\u00f3rter Ed Santos, do programa de radiojornalismo Acorda Cidade, onde o secret\u00e1rio de Planejamento de Feira de Santana, o contabilista Carlos Brito, justificou como \"normal\" a \u00e1gua do len\u00e7ol fre\u00e1tico sendo jogada em plena avenida Presidente Dutra, no centro da cidade. A \u00e1gua \u00e9 proveniente do\u2026","rel":"","context":"Em &quot;Distritos&quot;","block_context":{"text":"Distritos","link":"https:\/\/blogdafeira.com.br\/home\/categoria\/distritos\/"},"img":{"alt_text":"fb_img_1479136197387","src":"https:\/\/i0.wp.com\/blogdafeira.com.br\/home\/wp-content\/uploads\/2016\/11\/FB_IMG_1479136197387.jpg?resize=350%2C200","width":350,"height":200,"srcset":"https:\/\/i0.wp.com\/blogdafeira.com.br\/home\/wp-content\/uploads\/2016\/11\/FB_IMG_1479136197387.jpg?resize=350%2C200 1x, https:\/\/i0.wp.com\/blogdafeira.com.br\/home\/wp-content\/uploads\/2016\/11\/FB_IMG_1479136197387.jpg?resize=525%2C300 1.5x"},"classes":[]},{"id":24380,"url":"https:\/\/blogdafeira.com.br\/home\/2016\/11\/17\/video-mostra-agua-limpa-do-lencol-freatico-na-avenida-em-feira-e-cobra-posicao-do-inema\/","url_meta":{"origin":24325,"position":1},"title":"V\u00eddeo mostra \u00e1gua limpa do len\u00e7ol fre\u00e1tico na avenida em Feira e cobra posi\u00e7\u00e3o do INEMA","author":"Blog da Feira","date":"17\/11\/2016","format":false,"excerpt":"Um v\u00eddeo postado por Paulo de Tarso, m\u00fasico da Banda Clube de Patifes e ex-candidato a vereador pelo PT na \u00faltima elei\u00e7\u00e3o, mostra um tubo despejando \u00a0\u00e1gua do len\u00e7ol fre\u00e1tico na avenida Presidente Dutra, no centro de Feira de Santana, em decorr\u00eancia de uma obra do projeto de implanta\u00e7\u00e3o de\u2026","rel":"","context":"Em &quot;Home&quot;","block_context":{"text":"Home","link":"https:\/\/blogdafeira.com.br\/home\/categoria\/raiz\/"},"img":{"alt_text":"fb_img_1479136197387","src":"https:\/\/i0.wp.com\/blogdafeira.com.br\/home\/wp-content\/uploads\/2016\/11\/FB_IMG_1479136197387.jpg?resize=350%2C200","width":350,"height":200,"srcset":"https:\/\/i0.wp.com\/blogdafeira.com.br\/home\/wp-content\/uploads\/2016\/11\/FB_IMG_1479136197387.jpg?resize=350%2C200 1x, https:\/\/i0.wp.com\/blogdafeira.com.br\/home\/wp-content\/uploads\/2016\/11\/FB_IMG_1479136197387.jpg?resize=525%2C300 1.5x"},"classes":[]},{"id":24754,"url":"https:\/\/blogdafeira.com.br\/home\/2016\/12\/03\/radialista-fez-video-na-madrugada-mostrando-desperdicio-de-agua-em-feira\/","url_meta":{"origin":24325,"position":2},"title":"Radialista fez v\u00eddeo na madrugada mostrando desperd\u00edcio de \u00e1gua em Feira","author":"Blog da Feira","date":"03\/12\/2016","format":false,"excerpt":"O rep\u00f3rter \u00a0Edvaldinho Peixoto fez um v\u00eddeo \u00e0s primeiras horas da madrugada de quinta-feira, dia 1\u00ba de dezembro, mostrando a \u00e1gua drenada do len\u00e7ol fre\u00e1tico e despejada no cruzamento das avenidas Presidente Dutra e Maria Quit\u00e9ria, no centro de Feira de Santana. No v\u00eddeo divulgado pelo facebook e \u00a0intitulado 'Tome-lhe\u2026","rel":"","context":"Em &quot;Home&quot;","block_context":{"text":"Home","link":"https:\/\/blogdafeira.com.br\/home\/categoria\/raiz\/"},"img":{"alt_text":"edvaldinhjo-peixoto","src":"https:\/\/i0.wp.com\/blogdafeira.com.br\/home\/wp-content\/uploads\/2016\/12\/edvaldinhjo-peixoto-346x271.jpg?resize=350%2C200","width":350,"height":200},"classes":[]},{"id":26004,"url":"https:\/\/blogdafeira.com.br\/home\/2017\/03\/12\/prefeitura-de-feira-nao-admite-erro-em-obra-do-brt-que-desperdica-milhoes-de-litros-dagua\/","url_meta":{"origin":24325,"position":3},"title":"Prefeitura de Feira n\u00e3o admite erro em obra do BRT que desperdi\u00e7a milh\u00f5es de litros d&#8217;\u00e1gua","author":"Blog da Feira","date":"12\/03\/2017","format":false,"excerpt":"A Prefeitura de Feira de Santana n\u00e3o admite que houve um erro no planejamento da obra do BRT que resultou num desperd\u00edcio gigante de milh\u00f5es de litros d'\u00e1gua todos os dias jogados em plena avenida presidente Dutra, uma das maiores e mais centrais da cidade. No final de semana, a\u2026","rel":"","context":"Em &quot;Home&quot;","block_context":{"text":"Home","link":"https:\/\/blogdafeira.com.br\/home\/categoria\/raiz\/"},"img":{"alt_text":"fb_img_1489358576982","src":"https:\/\/i0.wp.com\/blogdafeira.com.br\/home\/wp-content\/uploads\/2017\/03\/FB_IMG_1489358576982-768x1024.jpg?resize=350%2C200","width":350,"height":200,"srcset":"https:\/\/i0.wp.com\/blogdafeira.com.br\/home\/wp-content\/uploads\/2017\/03\/FB_IMG_1489358576982-768x1024.jpg?resize=350%2C200 1x, https:\/\/i0.wp.com\/blogdafeira.com.br\/home\/wp-content\/uploads\/2017\/03\/FB_IMG_1489358576982-768x1024.jpg?resize=525%2C300 1.5x, https:\/\/i0.wp.com\/blogdafeira.com.br\/home\/wp-content\/uploads\/2017\/03\/FB_IMG_1489358576982-768x1024.jpg?resize=700%2C400 2x"},"classes":[]},{"id":23994,"url":"https:\/\/blogdafeira.com.br\/home\/2016\/10\/25\/prefeitura-de-feira-mostra-aduelas-para-tunel-de-drenagem-das-trincheiras-do-brt\/","url_meta":{"origin":24325,"position":4},"title":"Prefeitura de Feira mostra &#8216;aduelas&#8217; para t\u00fanel de drenagem das trincheiras do BRT","author":"Blog da Feira","date":"25\/10\/2016","format":false,"excerpt":"A Prefeitura de Feira de Santana informou hoje atrav\u00e9s de material enviado pela Secretaria de Comunica\u00e7\u00e3o Social que o 'tunnel liner'\u00a0para a drenagem das \u00e1guas da trincheira da Maria Quit\u00e9ria \u00a0e da Jo\u00e3o Durval (em constru\u00e7\u00e3o) come\u00e7ou a ser constru\u00eddo com a coloca\u00e7\u00e3o da primeiras aduelas\u00a0na rua S\u00e3o Luiz, no\u2026","rel":"","context":"Em &quot;Home&quot;","block_context":{"text":"Home","link":"https:\/\/blogdafeira.com.br\/home\/categoria\/raiz\/"},"img":{"alt_text":"brt-nas-ruas-farmac_utico-jos_-alves-e-s_o-luiz-vinicius-gomes-6","src":"https:\/\/i0.wp.com\/blogdafeira.com.br\/home\/wp-content\/uploads\/2016\/10\/BRT-nas-ruas-Farmac_utico-Jos_-Alves-e-S_o-Luiz-Vinicius-Gomes-6.jpg?resize=350%2C200","width":350,"height":200,"srcset":"https:\/\/i0.wp.com\/blogdafeira.com.br\/home\/wp-content\/uploads\/2016\/10\/BRT-nas-ruas-Farmac_utico-Jos_-Alves-e-S_o-Luiz-Vinicius-Gomes-6.jpg?resize=350%2C200 1x, https:\/\/i0.wp.com\/blogdafeira.com.br\/home\/wp-content\/uploads\/2016\/10\/BRT-nas-ruas-Farmac_utico-Jos_-Alves-e-S_o-Luiz-Vinicius-Gomes-6.jpg?resize=525%2C300 1.5x, https:\/\/i0.wp.com\/blogdafeira.com.br\/home\/wp-content\/uploads\/2016\/10\/BRT-nas-ruas-Farmac_utico-Jos_-Alves-e-S_o-Luiz-Vinicius-Gomes-6.jpg?resize=700%2C400 2x"},"classes":[]},{"id":24592,"url":"https:\/\/blogdafeira.com.br\/home\/2016\/11\/25\/populares-utilizam-a-agua-desperdicada-em-avenida-pela-prefeitura-de-feira\/","url_meta":{"origin":24325,"position":5},"title":"Populares utilizam a \u00e1gua desperdi\u00e7ada em avenida pela Prefeitura de Feira","author":"Blog da Feira","date":"25\/11\/2016","format":false,"excerpt":"Quem passa na avenida Presidente Dutra pode presenciar as pessoas utilizando a\u00a0\u00e1gua do len\u00e7ol fre\u00e1tico jogada e desperdi\u00e7ada, dia e noite, \u00a0na avenida \u00a0em Feira de Santana. Cenas como a da foto s\u00e3o comuns observar: as pessoas lavam o rosto, os p\u00e9s e chegam at\u00e9 a molhar o corpo inteiro\u2026","rel":"","context":"Em &quot;Home&quot;","block_context":{"text":"Home","link":"https:\/\/blogdafeira.com.br\/home\/categoria\/raiz\/"},"img":{"alt_text":"img_20161125_125250113","src":"https:\/\/i0.wp.com\/blogdafeira.com.br\/home\/wp-content\/uploads\/2016\/11\/IMG_20161125_125250113-1024x576.jpg?resize=350%2C200","width":350,"height":200,"srcset":"https:\/\/i0.wp.com\/blogdafeira.com.br\/home\/wp-content\/uploads\/2016\/11\/IMG_20161125_125250113-1024x576.jpg?resize=350%2C200 1x, https:\/\/i0.wp.com\/blogdafeira.com.br\/home\/wp-content\/uploads\/2016\/11\/IMG_20161125_125250113-1024x576.jpg?resize=525%2C300 1.5x, https:\/\/i0.wp.com\/blogdafeira.com.br\/home\/wp-content\/uploads\/2016\/11\/IMG_20161125_125250113-1024x576.jpg?resize=700%2C400 2x"},"classes":[]}],"_links":{"self":[{"href":"https:\/\/blogdafeira.com.br\/home\/wp-json\/wp\/v2\/posts\/24325","targetHints":{"allow":["GET"]}}],"collection":[{"href":"https:\/\/blogdafeira.com.br\/home\/wp-json\/wp\/v2\/posts"}],"about":[{"href":"https:\/\/blogdafeira.com.br\/home\/wp-json\/wp\/v2\/types\/post"}],"author":[{"embeddable":true,"href":"https:\/\/blogdafeira.com.br\/home\/wp-json\/wp\/v2\/users\/1"}],"replies":[{"embeddable":true,"href":"https:\/\/blogdafeira.com.br\/home\/wp-json\/wp\/v2\/comments?post=24325"}],"version-history":[{"count":6,"href":"https:\/\/blogdafeira.com.br\/home\/wp-json\/wp\/v2\/posts\/24325\/revisions"}],"predecessor-version":[{"id":24333,"href":"https:\/\/blogdafeira.com.br\/home\/wp-json\/wp\/v2\/posts\/24325\/revisions\/24333"}],"wp:attachment":[{"href":"https:\/\/blogdafeira.com.br\/home\/wp-json\/wp\/v2\/media?parent=24325"}],"wp:term":[{"taxonomy":"category","embeddable":true,"href":"https:\/\/blogdafeira.com.br\/home\/wp-json\/wp\/v2\/categories?post=24325"},{"taxonomy":"post_tag","embeddable":true,"href":"https:\/\/blogdafeira.com.br\/home\/wp-json\/wp\/v2\/tags?post=24325"}],"curies":[{"name":"wp","href":"https:\/\/api.w.org\/{rel}","templated":true}]}}