{"id":24714,"date":"2016-12-01T15:44:49","date_gmt":"2016-12-01T18:44:49","guid":{"rendered":"http:\/\/blogdafeira.com.br\/home\/?p=24714"},"modified":"2016-12-01T15:44:49","modified_gmt":"2016-12-01T18:44:49","slug":"empresario-jose-da-costa-falcao-sera-sepultado-no-cemiterio-piedade-em-feira","status":"publish","type":"post","link":"https:\/\/blogdafeira.com.br\/home\/2016\/12\/01\/empresario-jose-da-costa-falcao-sera-sepultado-no-cemiterio-piedade-em-feira\/","title":{"rendered":"Empres\u00e1rio Jos\u00e9 da Costa Falc\u00e3o ser\u00e1 sepultado no Cemit\u00e9rio Piedade em Feira"},"content":{"rendered":"<p><img loading=\"lazy\" decoding=\"async\" class=\"aligncenter size-full wp-image-24715\" src=\"http:\/\/blogdafeira.com.br\/home\/wp-content\/uploads\/2016\/12\/JOS\u00c9-DA-COSTA-FALC\u00c3O-z\u00e9-codorna.jpg\" alt=\"jose-da-costa-falcao-ze-codorna\" width=\"640\" height=\"480\" srcset=\"https:\/\/blogdafeira.com.br\/home\/wp-content\/uploads\/2016\/12\/JOS\u00c9-DA-COSTA-FALC\u00c3O-z\u00e9-codorna.jpg 640w, https:\/\/blogdafeira.com.br\/home\/wp-content\/uploads\/2016\/12\/JOS\u00c9-DA-COSTA-FALC\u00c3O-z\u00e9-codorna-170x128.jpg 170w, https:\/\/blogdafeira.com.br\/home\/wp-content\/uploads\/2016\/12\/JOS\u00c9-DA-COSTA-FALC\u00c3O-z\u00e9-codorna-346x260.jpg 346w\" sizes=\"auto, (max-width: 640px) 100vw, 640px\" \/><\/p>\n<div id=\"blogd-3025457745\" class=\"blogd-fim-do-post-mobile blogd-entity-placement\" style=\"margin-left: auto;margin-right: auto;text-align: center;\"><a href=\"https:\/\/www.sefaz.feiradesantana.ba.gov.br\/\" target=\"_blank\" aria-label=\"728&#215;90 (6)\"><img loading=\"lazy\" decoding=\"async\" src=\"https:\/\/blogdafeira.com.br\/home\/wp-content\/uploads\/2026\/03\/728x90-6.gif\" alt=\"\"  class=\"no-lazyload\" width=\"728\" height=\"90\"  style=\"display: inline-block;\" \/><\/a><\/div><p>O corpo de\u00a0Jos\u00e9 da Costa Falc\u00e3o, 87, ser\u00e1 sepultado no Cemit\u00e9rio Piedade, \u00e0s 10 horas, nesta sexta-feira, 2, \u00a0em Feira de Santana.<\/p><div id=\"blogd-1614958724\" class=\"blogd-conteudo-2-mobile blogd-entity-placement\"><a href=\"https:\/\/feirenses.com.br\/\" target=\"_blank\" aria-label=\"feirenses\"><img loading=\"lazy\" decoding=\"async\" src=\"https:\/\/blogdafeira.com.br\/home\/wp-content\/uploads\/2026\/04\/feirenses.png\" alt=\"\"  srcset=\"https:\/\/blogdafeira.com.br\/home\/wp-content\/uploads\/2026\/04\/feirenses.png 300w, https:\/\/blogdafeira.com.br\/home\/wp-content\/uploads\/2026\/04\/feirenses-170x45.png 170w, https:\/\/blogdafeira.com.br\/home\/wp-content\/uploads\/2026\/04\/feirenses-280x74.png 280w\" sizes=\"(max-width: 300px) 100vw, 300px\" class=\"no-lazyload\" width=\"300\" height=\"79\"  style=\"display: inline-block;\" \/><\/a><\/div>\n<p>O empres\u00e1rio feirense faleceu nesta quinta-feira, ap\u00f3s v\u00e1rios meses em &#8216;unidade de tratamento intensivo&#8217; em Salvador.Jos\u00e9 da Costa Falc\u00e3o era filho do hist\u00f3rico\u00a0comerciante de Feira de Santana, Jo\u00e3o Marinho Falc\u00e3o. Alguns amigos o chamavam pelo apelido de &#8216;Z\u00e9 Codorna&#8217;.<\/p>\n<p>Foi empres\u00e1rio de destaque, usineiro, com vida ativa na sociedade feirense onde ajudou a fundar e foi presidente do Clube de Diretores Lojistas\u00a0de Feira (CDL) que comunicou oficialmente o seu falecimento.<\/p>\n<div id=\"blogd-612117774\" class=\"blogd-final-post blogd-entity-placement\"><a href=\"https:\/\/www.feiradesantana.ba.leg.br\/\" target=\"_blank\" aria-label=\"BANNER-SITE-ENTREGADECHEQUE-CAMARADEFEIRA\"><img loading=\"lazy\" decoding=\"async\" src=\"https:\/\/blogdafeira.com.br\/home\/wp-content\/uploads\/2026\/03\/BANNER-SITE-ENTREGADECHEQUE-CAMARADEFEIRA.gif\" alt=\"\"  class=\"no-lazyload\" width=\"728\" height=\"90\"   \/><\/a><\/div><p>O vel\u00f3rio acontece no SAF na avenida N\u00f3ide Cerqueira.<\/p>\n","protected":false},"excerpt":{"rendered":"<p>O corpo de\u00a0Jos\u00e9 da Costa Falc\u00e3o, 87, ser\u00e1 sepultado no Cemit\u00e9rio Piedade, \u00e0s 10 horas, nesta sexta-feira, 2, \u00a0em Feira de Santana. O empres\u00e1rio feirense faleceu nesta quinta-feira, ap\u00f3s v\u00e1rios meses em &#8216;unidade de tratamento intensivo&#8217; em Salvador.Jos\u00e9 da Costa Falc\u00e3o era filho do hist\u00f3rico\u00a0comerciante de Feira de Santana, Jo\u00e3o Marinho Falc\u00e3o. Alguns amigos o<\/p>\n","protected":false},"author":1,"featured_media":0,"comment_status":"closed","ping_status":"closed","sticky":false,"template":"","format":"standard","meta":{"jetpack_post_was_ever_published":false,"cybocfi_hide_featured_image":"","_jetpack_newsletter_access":"","_jetpack_dont_email_post_to_subs":false,"_jetpack_newsletter_tier_id":0,"_jetpack_memberships_contains_paywalled_content":false,"_jetpack_memberships_contains_paid_content":false,"footnotes":"","jetpack_publicize_message":"","jetpack_publicize_feature_enabled":true,"jetpack_social_post_already_shared":true,"jetpack_social_options":{"image_generator_settings":{"template":"highway","default_image_id":0,"font":"","enabled":false},"version":2}},"categories":[1],"tags":[],"class_list":["post-24714","post","type-post","status-publish","format-standard","hentry","category-raiz"],"jetpack_publicize_connections":[],"jetpack_featured_media_url":"","jetpack_shortlink":"https:\/\/wp.me\/p3niVf-6qC","jetpack_sharing_enabled":true,"jetpack-related-posts":[{"id":21124,"url":"https:\/\/blogdafeira.com.br\/home\/2016\/04\/27\/enterro-de-ze-pinto-em-feira-sera-as-15-horas-no-cemiterio-piedade\/","url_meta":{"origin":24714,"position":0},"title":"Enterro de Z\u00e9 Pinto em Feira ser\u00e1 \u00e0s 15 horas no Cemit\u00e9rio Piedade","author":"Blog da Feira","date":"27\/04\/2016","format":false,"excerpt":"O corpo do ex-vereador e ex-vice prefeito de Feira de Santana, Jos\u00e9 Ferreira PInto (Z\u00e9 Pinto) ser\u00e1 sepultado nesta quarta-feira, \u00e0s 15 horas, no cemit\u00e9rio Piedade nesta cidade. Z\u00e9 Pinto, 82 anos, \u00a0faleceu ontem \u00e0s\u00a019 horas no Hospital Unimed, em virtude de AVC e Parada Cardiorrespirat\u00f3ria. O vel\u00f3rio acontece no\u2026","rel":"","context":"Em &quot;Home&quot;","block_context":{"text":"Home","link":"https:\/\/blogdafeira.com.br\/home\/categoria\/raiz\/"},"img":{"alt_text":"z\u00e9 pinto","src":"https:\/\/i0.wp.com\/blogdafeira.com.br\/home\/wp-content\/uploads\/2016\/04\/z%C3%A9-pinto-245x300.jpg?resize=350%2C200","width":350,"height":200},"classes":[]},{"id":36058,"url":"https:\/\/blogdafeira.com.br\/home\/2020\/03\/09\/morreu-nelson-um-dos-filhos-do-ex-prefeito-joao-marinho-falcao\/","url_meta":{"origin":24714,"position":1},"title":"Morreu Nelson, um dos filhos do ex-prefeito Jo\u00e3o Marinho Falc\u00e3o","author":"J\u00e2nio R\u00eago","date":"09\/03\/2020","format":false,"excerpt":"Faleceu no domingo, 8, o senhor Nelson da Costa Falc\u00e3o, pai do diretor do Departamento de \u00c1reas Verdes da Prefeitura de Feira de Santana, Jo\u00e3o Evangelista Falc\u00e3o. Aos 97 anos, ele estava bastante debilitado nos \u00faltimos dias. Jo\u00e3o Falc\u00e3o informa que o pai dele era feirense e aqui atuou como\u2026","rel":"","context":"Em &quot;Cidade&quot;","block_context":{"text":"Cidade","link":"https:\/\/blogdafeira.com.br\/home\/categoria\/cidade\/"},"img":{"alt_text":"","src":"https:\/\/i0.wp.com\/blogdafeira.com.br\/home\/wp-content\/uploads\/2020\/03\/1-jmf-3.jpgSIMSIM-158x150.jpg?resize=350%2C200&ssl=1","width":350,"height":200},"classes":[]},{"id":40931,"url":"https:\/\/blogdafeira.com.br\/home\/2020\/10\/05\/feira-em-luto-oficial-pela-morte-do-ex-prefeito-joselito-amorim\/","url_meta":{"origin":24714,"position":2},"title":"Feira em luto oficial pela morte do ex-prefeito Joselito Amorim","author":"Blog da Feira","date":"05\/10\/2020","format":false,"excerpt":"O Governo Municipal de Feira de Santana decretou luto oficial de tr\u00eas dias pela morte do ex-prefeito Joselito Falc\u00e3o de Amorim, aos 101 anos de idade. Devido a complica\u00e7\u00f5es da Covid-19, ele estava internado em um hospital em Salvador. Na madrugada desta segunda-feira (05) n\u00e3o resistiu. Por ter sido v\u00edtima\u2026","rel":"","context":"Em &quot;Cidade&quot;","block_context":{"text":"Cidade","link":"https:\/\/blogdafeira.com.br\/home\/categoria\/cidade\/"},"img":{"alt_text":"","src":"https:\/\/i0.wp.com\/blogdafeira.com.br\/home\/wp-content\/uploads\/2020\/10\/joselito.jpg?resize=350%2C200&ssl=1","width":350,"height":200,"srcset":"https:\/\/i0.wp.com\/blogdafeira.com.br\/home\/wp-content\/uploads\/2020\/10\/joselito.jpg?resize=350%2C200&ssl=1 1x, https:\/\/i0.wp.com\/blogdafeira.com.br\/home\/wp-content\/uploads\/2020\/10\/joselito.jpg?resize=525%2C300&ssl=1 1.5x, https:\/\/i0.wp.com\/blogdafeira.com.br\/home\/wp-content\/uploads\/2020\/10\/joselito.jpg?resize=700%2C400&ssl=1 2x, https:\/\/i0.wp.com\/blogdafeira.com.br\/home\/wp-content\/uploads\/2020\/10\/joselito.jpg?resize=1050%2C600&ssl=1 3x"},"classes":[]},{"id":68936,"url":"https:\/\/blogdafeira.com.br\/home\/2025\/08\/12\/ze-falcao-tres-vezes-prefeito-de-feira-nasceu-e-morreu-no-mes-de-agosto\/","url_meta":{"origin":24714,"position":3},"title":"Z\u00e9 Falc\u00e3o, tr\u00eas vezes prefeito de Feira; nasceu e morreu no m\u00eas de agosto","author":"Blog da Feira","date":"12\/08\/2025","format":false,"excerpt":"Um dos pol\u00edticos mais brilhantes de Feira de Santana, embora s\u00e3o-gon\u00e7alense de nascimento, Jos\u00e9 Falc\u00e3o da Silva foi vereador, deputado federal e prefeito municipal em tr\u00eas oportunidades, s\u00f3 sendo superado em n\u00famero de vezes no cargo pelo atual prefeito Jos\u00e9 Ronaldo de Carvalho. Pol\u00edtico habilidoso e muito querido pelo povo,\u2026","rel":"","context":"Em &quot;Cidade&quot;","block_context":{"text":"Cidade","link":"https:\/\/blogdafeira.com.br\/home\/categoria\/cidade\/"},"img":{"alt_text":"","src":"https:\/\/i0.wp.com\/blogdafeira.com.br\/home\/wp-content\/uploads\/2025\/08\/Jose-Falcao-19963-312x300.jpg?resize=350%2C200&ssl=1","width":350,"height":200},"classes":[]},{"id":2706,"url":"https:\/\/blogdafeira.com.br\/home\/2013\/06\/17\/sepultado-no-cemiterio-sao-jorge-o-corpo-do-poeta-ideilton-ramos\/","url_meta":{"origin":24714,"position":4},"title":"Sepultado no Cemit\u00e9rio S\u00e3o Jorge o corpo do poeta Ideilton Ramos","author":"Blog da Feira","date":"17\/06\/2013","format":false,"excerpt":"Faleceu no domingo e foi sepultado nesta segunda-feira, no cemit\u00e9rio S\u00e3o Jorge, \u00a0o escritor e poeta feirense Ideilton Ramos,57 anos, conhecido como Paim. Paim morreu ap\u00f3s se sentir mal quando fazia um passeio de bicicleta pela zona rural de Feira de Santana. O corpo foi velado \u00a0Capela do Hospital Dom\u2026","rel":"","context":"Em &quot;Home&quot;","block_context":{"text":"Home","link":"https:\/\/blogdafeira.com.br\/home\/categoria\/raiz\/"},"img":{"alt_text":"PAIM","src":"https:\/\/i0.wp.com\/blogdafeira.com.br\/home\/wp-content\/uploads\/2013\/06\/PAIM-77x150.jpg?resize=350%2C200","width":350,"height":200},"classes":[]},{"id":11785,"url":"https:\/\/blogdafeira.com.br\/home\/2014\/08\/07\/radialista-tem-arquivo-com-debates-de-jose-falcao-em-feira\/","url_meta":{"origin":24714,"position":5},"title":"Radialista tem arquivo com debates de Jos\u00e9 Falc\u00e3o em Feira","author":"Blog da Feira","date":"07\/08\/2014","format":false,"excerpt":"O radialista e produtor Reni Alves tem arquivado todos os debates ocorridos em R\u00e1dios de Feira de Santana, durante a campanha pol\u00edtica de 1996 quando Jos\u00e9 Falc\u00e3o da Silva\u00a0 elegeu-se, pela terceira vez, prefeito de Feira de Santana. Reni tem gravado, por exemplo, o debate com os nove candidatos que\u2026","rel":"","context":"Em &quot;Home&quot;","block_context":{"text":"Home","link":"https:\/\/blogdafeira.com.br\/home\/categoria\/raiz\/"},"img":{"alt_text":"reni","src":"https:\/\/i0.wp.com\/blogdafeira.com.br\/home\/wp-content\/uploads\/2014\/08\/reni.jpg?resize=350%2C200","width":350,"height":200},"classes":[]}],"_links":{"self":[{"href":"https:\/\/blogdafeira.com.br\/home\/wp-json\/wp\/v2\/posts\/24714","targetHints":{"allow":["GET"]}}],"collection":[{"href":"https:\/\/blogdafeira.com.br\/home\/wp-json\/wp\/v2\/posts"}],"about":[{"href":"https:\/\/blogdafeira.com.br\/home\/wp-json\/wp\/v2\/types\/post"}],"author":[{"embeddable":true,"href":"https:\/\/blogdafeira.com.br\/home\/wp-json\/wp\/v2\/users\/1"}],"replies":[{"embeddable":true,"href":"https:\/\/blogdafeira.com.br\/home\/wp-json\/wp\/v2\/comments?post=24714"}],"version-history":[{"count":1,"href":"https:\/\/blogdafeira.com.br\/home\/wp-json\/wp\/v2\/posts\/24714\/revisions"}],"predecessor-version":[{"id":24716,"href":"https:\/\/blogdafeira.com.br\/home\/wp-json\/wp\/v2\/posts\/24714\/revisions\/24716"}],"wp:attachment":[{"href":"https:\/\/blogdafeira.com.br\/home\/wp-json\/wp\/v2\/media?parent=24714"}],"wp:term":[{"taxonomy":"category","embeddable":true,"href":"https:\/\/blogdafeira.com.br\/home\/wp-json\/wp\/v2\/categories?post=24714"},{"taxonomy":"post_tag","embeddable":true,"href":"https:\/\/blogdafeira.com.br\/home\/wp-json\/wp\/v2\/tags?post=24714"}],"curies":[{"name":"wp","href":"https:\/\/api.w.org\/{rel}","templated":true}]}}