{"id":24809,"date":"2016-12-07T22:21:56","date_gmt":"2016-12-08T01:21:56","guid":{"rendered":"http:\/\/blogdafeira.com.br\/home\/?p=24809"},"modified":"2016-12-07T22:21:56","modified_gmt":"2016-12-08T01:21:56","slug":"estadio-joia-da-princesa-em-feira-esta-pronto-para-o-campeonato-baiano","status":"publish","type":"post","link":"https:\/\/blogdafeira.com.br\/home\/2016\/12\/07\/estadio-joia-da-princesa-em-feira-esta-pronto-para-o-campeonato-baiano\/","title":{"rendered":"Est\u00e1dio Joia da Princesa em Feira est\u00e1 pronto para o Campeonato Baiano"},"content":{"rendered":"<p><img loading=\"lazy\" decoding=\"async\" class=\"aligncenter size-full wp-image-24810\" src=\"http:\/\/blogdafeira.com.br\/home\/wp-content\/uploads\/2016\/12\/J\u00f3ia.jpg\" alt=\"joia\" width=\"653\" height=\"435\" srcset=\"https:\/\/blogdafeira.com.br\/home\/wp-content\/uploads\/2016\/12\/J\u00f3ia.jpg 653w, https:\/\/blogdafeira.com.br\/home\/wp-content\/uploads\/2016\/12\/J\u00f3ia-170x113.jpg 170w, https:\/\/blogdafeira.com.br\/home\/wp-content\/uploads\/2016\/12\/J\u00f3ia-346x230.jpg 346w\" sizes=\"auto, (max-width: 653px) 100vw, 653px\" \/><\/p>\n<div id=\"blogd-2304451564\" class=\"blogd-fim-do-post-mobile blogd-entity-placement\" style=\"margin-left: auto;margin-right: auto;text-align: center;\"><a href=\"https:\/\/www.sefaz.feiradesantana.ba.gov.br\/\" target=\"_blank\" aria-label=\"728&#215;90 (6)\"><img loading=\"lazy\" decoding=\"async\" src=\"https:\/\/blogdafeira.com.br\/home\/wp-content\/uploads\/2026\/03\/728x90-6.gif\" alt=\"\"  class=\"no-lazyload\" width=\"728\" height=\"90\"  style=\"display: inline-block;\" \/><\/a><\/div><p>Feira de Santana esse ano conta com dois representantes na primeira divis\u00e3o do\u00a0Campeonato Baiano de Futebol S\u00e9rie A Profissional \u00a0que come\u00e7a dia 29 de janeiro &#8211; o Bahia de Feira e Fluminense de Feira.<\/p><div id=\"blogd-1985171872\" class=\"blogd-conteudo-2-mobile blogd-entity-placement\"><a href=\"https:\/\/feirenses.com.br\/\" target=\"_blank\" aria-label=\"feirenses\"><img loading=\"lazy\" decoding=\"async\" src=\"https:\/\/blogdafeira.com.br\/home\/wp-content\/uploads\/2026\/04\/feirenses.png\" alt=\"\"  srcset=\"https:\/\/blogdafeira.com.br\/home\/wp-content\/uploads\/2026\/04\/feirenses.png 300w, https:\/\/blogdafeira.com.br\/home\/wp-content\/uploads\/2026\/04\/feirenses-170x45.png 170w, https:\/\/blogdafeira.com.br\/home\/wp-content\/uploads\/2026\/04\/feirenses-280x74.png 280w\" sizes=\"(max-width: 300px) 100vw, 300px\" class=\"no-lazyload\" width=\"300\" height=\"79\"  style=\"display: inline-block;\" \/><\/a><\/div>\n<p>O Est\u00e1dio \u00a0Municipal Alberto Oliveira \u2013 o Joia da Princesa \u2013 j\u00e1 est\u00e1 pronto para receber os jogos das duas equipes. Todos os laudos exigidos pela Federa\u00e7\u00e3o Baiana de Futebol est\u00e3o em dias e valem at\u00e9 julho de 2017.<\/p>\n<div id=\"blogd-3818500190\" class=\"blogd-final-post blogd-entity-placement\"><a href=\"https:\/\/www.feiradesantana.ba.leg.br\/\" target=\"_blank\" aria-label=\"BANNER-SITE-ENTREGADECHEQUE-CAMARADEFEIRA\"><img loading=\"lazy\" decoding=\"async\" src=\"https:\/\/blogdafeira.com.br\/home\/wp-content\/uploads\/2026\/03\/BANNER-SITE-ENTREGADECHEQUE-CAMARADEFEIRA.gif\" alt=\"\"  class=\"no-lazyload\" width=\"728\" height=\"90\"   \/><\/a><\/div><p>O primeiro a estrear dentro de casa ser\u00e1 o Bahia de Feira, na segunda rodada do campeonato, dia 1\u00ba de fevereiro. O time recebe o Atl\u00e2ntico a partir das 20h30. O Fluminense de Feira s\u00f3 estreia em casa na terceira rodada contra o Jacuipense, tamb\u00e9m \u00e0s 20h30.<\/p>\n","protected":false},"excerpt":{"rendered":"<p>Feira de Santana esse ano conta com dois representantes na primeira divis\u00e3o do\u00a0Campeonato Baiano de Futebol S\u00e9rie A Profissional \u00a0que come\u00e7a dia 29 de janeiro &#8211; o Bahia de Feira e Fluminense de Feira. O Est\u00e1dio \u00a0Municipal Alberto Oliveira \u2013 o Joia da Princesa \u2013 j\u00e1 est\u00e1 pronto para receber os jogos das duas equipes.<\/p>\n","protected":false},"author":1,"featured_media":0,"comment_status":"closed","ping_status":"closed","sticky":false,"template":"","format":"standard","meta":{"jetpack_post_was_ever_published":false,"cybocfi_hide_featured_image":"","_jetpack_newsletter_access":"","_jetpack_dont_email_post_to_subs":false,"_jetpack_newsletter_tier_id":0,"_jetpack_memberships_contains_paywalled_content":false,"_jetpack_memberships_contains_paid_content":false,"footnotes":"","jetpack_publicize_message":"","jetpack_publicize_feature_enabled":true,"jetpack_social_post_already_shared":true,"jetpack_social_options":{"image_generator_settings":{"template":"highway","default_image_id":0,"font":"","enabled":false},"version":2}},"categories":[1],"tags":[],"class_list":["post-24809","post","type-post","status-publish","format-standard","hentry","category-raiz"],"jetpack_publicize_connections":[],"jetpack_featured_media_url":"","jetpack_shortlink":"https:\/\/wp.me\/p3niVf-6s9","jetpack_sharing_enabled":true,"jetpack-related-posts":[{"id":66331,"url":"https:\/\/blogdafeira.com.br\/home\/2025\/03\/24\/fluminense-de-feira-estreia-no-sub-20-domingo-com-vitoria-no\/","url_meta":{"origin":24809,"position":0},"title":"Fluminense de Feira estreia no Sub-20, domingo no Joia, com o Vit\u00f3ria","author":"Blog da Feira","date":"24\/03\/2025","format":false,"excerpt":"O Est\u00e1dio Alberto Oliveira, o Joia da Princesa, ser\u00e1 o palco de tr\u00eas grandes confrontos nesta semana, proporcionando aos torcedores uma agenda esportiva repleta de emo\u00e7\u00e3o. Na quarta-feira, dia 26 de mar\u00e7o, \u00e0s 15h, o Joia receber\u00e1 a partida v\u00e1lida pelo Campeonato Brasileiro Sub-20, com o Bahia enfrentando o Atl\u00e9tico-PR.\u2026","rel":"","context":"Em &quot;Esporte&quot;","block_context":{"text":"Esporte","link":"https:\/\/blogdafeira.com.br\/home\/categoria\/esporte\/"},"img":{"alt_text":"","src":"https:\/\/i0.wp.com\/blogdafeira.com.br\/home\/wp-content\/uploads\/2025\/03\/24032025092545.jpg?resize=350%2C200&ssl=1","width":350,"height":200,"srcset":"https:\/\/i0.wp.com\/blogdafeira.com.br\/home\/wp-content\/uploads\/2025\/03\/24032025092545.jpg?resize=350%2C200&ssl=1 1x, https:\/\/i0.wp.com\/blogdafeira.com.br\/home\/wp-content\/uploads\/2025\/03\/24032025092545.jpg?resize=525%2C300&ssl=1 1.5x, https:\/\/i0.wp.com\/blogdafeira.com.br\/home\/wp-content\/uploads\/2025\/03\/24032025092545.jpg?resize=700%2C400&ssl=1 2x, https:\/\/i0.wp.com\/blogdafeira.com.br\/home\/wp-content\/uploads\/2025\/03\/24032025092545.jpg?resize=1050%2C600&ssl=1 3x"},"classes":[]},{"id":14612,"url":"https:\/\/blogdafeira.com.br\/home\/2015\/04\/16\/fluminense-enfrenta-botafogo-domingo-no-joia-da-princesa-na-2a-divisao-do-baiano\/","url_meta":{"origin":24809,"position":1},"title":"Fluminense enfrenta Botafogo domingo no Joia da Princesa na 2\u00aa divis\u00e3o do &#8216;Baiano&#8217;","author":"Blog da Feira","date":"16\/04\/2015","format":false,"excerpt":"O Fluminense de Feira estreia 'em casa', no pr\u00f3ximo domingo, contra o Botafog,o pelo Campeonato Baiano de Futebol, 2\u00aa Divis\u00e3o, no est\u00e1dio municipal Joia da Princesa. O\u00a0treinador Paulo Salles j\u00e1 ministrou\u00a0um jogo-treino e um amistoso com os jogadores do time para definir a escala\u00e7\u00e3o.","rel":"","context":"Em &quot;Home&quot;","block_context":{"text":"Home","link":"https:\/\/blogdafeira.com.br\/home\/categoria\/raiz\/"},"img":{"alt_text":"Fluminense treinamento","src":"https:\/\/i0.wp.com\/blogdafeira.com.br\/home\/wp-content\/uploads\/2015\/04\/Fluminense-treinamento-1024x614.jpg?resize=350%2C200","width":350,"height":200,"srcset":"https:\/\/i0.wp.com\/blogdafeira.com.br\/home\/wp-content\/uploads\/2015\/04\/Fluminense-treinamento-1024x614.jpg?resize=350%2C200 1x, https:\/\/i0.wp.com\/blogdafeira.com.br\/home\/wp-content\/uploads\/2015\/04\/Fluminense-treinamento-1024x614.jpg?resize=525%2C300 1.5x"},"classes":[]},{"id":21960,"url":"https:\/\/blogdafeira.com.br\/home\/2016\/06\/07\/fluminense-x-murici-de-alagoas-vai-reabrir-o-joia-da-princesa-em-feira-2\/","url_meta":{"origin":24809,"position":2},"title":"Fluminense x Murici de Alagoas vai reabrir o Joia da Princesa em Feira","author":"Blog da Feira","date":"07\/06\/2016","format":false,"excerpt":"O jogo que ir\u00e1 marcar a reinaugura\u00e7\u00e3o do est\u00e1dio Joia da Princesa, em Feira de Santana, ser\u00e1 entre o Fluminense de Feira e o Murici de Alagoas no pr\u00f3ximo dia 19. A partida \u00e9 v\u00e1lida pela segunda rodada do Campeonato Brasileiro \u2013 S\u00e9rie D. Antes disso, o Fluminense estreia na\u2026","rel":"","context":"Em &quot;Home&quot;","block_context":{"text":"Home","link":"https:\/\/blogdafeira.com.br\/home\/categoria\/raiz\/"},"img":{"alt_text":"Visita-Prefeito-Joia da Princesa-Fotos-Washington Nery-06-06-16 (5)","src":"https:\/\/i0.wp.com\/blogdafeira.com.br\/home\/wp-content\/uploads\/2016\/06\/Visita-Prefeito-Joia-da-Princesa-Fotos-Washington-Nery-06-06-16-5.jpg?resize=350%2C200","width":350,"height":200,"srcset":"https:\/\/i0.wp.com\/blogdafeira.com.br\/home\/wp-content\/uploads\/2016\/06\/Visita-Prefeito-Joia-da-Princesa-Fotos-Washington-Nery-06-06-16-5.jpg?resize=350%2C200 1x, https:\/\/i0.wp.com\/blogdafeira.com.br\/home\/wp-content\/uploads\/2016\/06\/Visita-Prefeito-Joia-da-Princesa-Fotos-Washington-Nery-06-06-16-5.jpg?resize=525%2C300 1.5x, https:\/\/i0.wp.com\/blogdafeira.com.br\/home\/wp-content\/uploads\/2016\/06\/Visita-Prefeito-Joia-da-Princesa-Fotos-Washington-Nery-06-06-16-5.jpg?resize=700%2C400 2x"},"classes":[]},{"id":8111,"url":"https:\/\/blogdafeira.com.br\/home\/2014\/01\/08\/confederacao-brasileira-de-futebol-nao-mudou-o-nome-do-bahia-de-feira\/","url_meta":{"origin":24809,"position":3},"title":"Confedera\u00e7\u00e3o Brasileira de Futebol n\u00e3o mudou o nome do Bahia de Feira","author":"Blog da Feira","date":"08\/01\/2014","format":false,"excerpt":"A Confedera\u00e7\u00e3o Brasileira de Futebol, a CBF, ainda n\u00e3o reconheceu a exist\u00eancia do Esporte Clube Feira de Santana. Por essa raz\u00e3o, o time, que estr\u00e9ia nesta quarta-feira no Campeonato Baiano jogando com o Botafogo no est\u00e1dio J\u00f3ia da Princesa, em Feira, entra em campo com o uniforme do Bahia de\u2026","rel":"","context":"Em &quot;Home&quot;","block_context":{"text":"Home","link":"https:\/\/blogdafeira.com.br\/home\/categoria\/raiz\/"},"img":{"alt_text":"","src":"","width":0,"height":0},"classes":[]},{"id":22059,"url":"https:\/\/blogdafeira.com.br\/home\/2016\/06\/17\/domingo-tem-brasileirao-no-estadio-joia-da-princesa-em-feira\/","url_meta":{"origin":24809,"position":4},"title":"Domingo tem brasileir\u00e3o no est\u00e1dio Joia da Princesa em Feira","author":"Blog da Feira","date":"17\/06\/2016","format":false,"excerpt":"O verde, vermelho e o branco, as cores do Fluminense de Feira d\u00e3o vida ao Est\u00e1dio Municipal Alberto Oliveira, o nosso Joia da Princesa. O tapete verde est\u00e1 pronto para receber o Flu, o \u201ctime da casa\u201d, e o Murici, de Alagoas, na primeira partida que marcar\u00e1 a reabertura do\u2026","rel":"","context":"Em &quot;Home&quot;","block_context":{"text":"Home","link":"https:\/\/blogdafeira.com.br\/home\/categoria\/raiz\/"},"img":{"alt_text":"estadio","src":"https:\/\/i0.wp.com\/blogdafeira.com.br\/home\/wp-content\/uploads\/2016\/06\/estadio.jpg?resize=350%2C200","width":350,"height":200,"srcset":"https:\/\/i0.wp.com\/blogdafeira.com.br\/home\/wp-content\/uploads\/2016\/06\/estadio.jpg?resize=350%2C200 1x, https:\/\/i0.wp.com\/blogdafeira.com.br\/home\/wp-content\/uploads\/2016\/06\/estadio.jpg?resize=525%2C300 1.5x"},"classes":[]},{"id":2162,"url":"https:\/\/blogdafeira.com.br\/home\/2013\/05\/31\/estadio-joia-da-princesa-vai-sediar-jogos-do-campeonato-brasileiro\/","url_meta":{"origin":24809,"position":5},"title":"Est\u00e1dio Joia da Princesa vai sediar jogos do Campeonato Brasileiro","author":"Blog da Feira","date":"31\/05\/2013","format":false,"excerpt":"Depois de 36 anos, o est\u00e1dio 'Alberto Oliveira', o Joia da Princesa, de Feira de Santana, volta a sediar\u00a0jogos\u00a0da\u00a0Primeira\u00a0Divis\u00e3o\u00a0do Campeonato\u00a0Brasileiro. O primeiro acontece \u00a0no pr\u00f3ximo dia 9 entre o \u00a0Vit\u00f3ria\u00a0e o \u00a0Atl\u00e9tico\u00a0Paranaense. A\u00a0partida\u00a0do Bahia contra o\u00a0Botafogo,\u00a0tamb\u00e9m\u00a0seria\u00a0em\u00a0Feira\u00a0de Santana,\u00a0mas\u00a0o\u00a0clube\u00a0baiano \u00a0vai\u00a0jogar\u00a0no\u00a0Est\u00e1dio\u00a0Lourival\u00a0Baptista, o\u00a0Batist\u00e3o, na quarta-feira\u00a0(5).","rel":"","context":"Em &quot;Home&quot;","block_context":{"text":"Home","link":"https:\/\/blogdafeira.com.br\/home\/categoria\/raiz\/"},"img":{"alt_text":"","src":"","width":0,"height":0},"classes":[]}],"_links":{"self":[{"href":"https:\/\/blogdafeira.com.br\/home\/wp-json\/wp\/v2\/posts\/24809","targetHints":{"allow":["GET"]}}],"collection":[{"href":"https:\/\/blogdafeira.com.br\/home\/wp-json\/wp\/v2\/posts"}],"about":[{"href":"https:\/\/blogdafeira.com.br\/home\/wp-json\/wp\/v2\/types\/post"}],"author":[{"embeddable":true,"href":"https:\/\/blogdafeira.com.br\/home\/wp-json\/wp\/v2\/users\/1"}],"replies":[{"embeddable":true,"href":"https:\/\/blogdafeira.com.br\/home\/wp-json\/wp\/v2\/comments?post=24809"}],"version-history":[{"count":1,"href":"https:\/\/blogdafeira.com.br\/home\/wp-json\/wp\/v2\/posts\/24809\/revisions"}],"predecessor-version":[{"id":24811,"href":"https:\/\/blogdafeira.com.br\/home\/wp-json\/wp\/v2\/posts\/24809\/revisions\/24811"}],"wp:attachment":[{"href":"https:\/\/blogdafeira.com.br\/home\/wp-json\/wp\/v2\/media?parent=24809"}],"wp:term":[{"taxonomy":"category","embeddable":true,"href":"https:\/\/blogdafeira.com.br\/home\/wp-json\/wp\/v2\/categories?post=24809"},{"taxonomy":"post_tag","embeddable":true,"href":"https:\/\/blogdafeira.com.br\/home\/wp-json\/wp\/v2\/tags?post=24809"}],"curies":[{"name":"wp","href":"https:\/\/api.w.org\/{rel}","templated":true}]}}