{"id":24988,"date":"2016-12-19T16:17:07","date_gmt":"2016-12-19T19:17:07","guid":{"rendered":"http:\/\/blogdafeira.com.br\/home\/?p=24988"},"modified":"2016-12-19T16:39:49","modified_gmt":"2016-12-19T19:39:49","slug":"rui-costa-e-jose-ronaldo-se-encontram-em-inauguracao-e-conversam-bastante","status":"publish","type":"post","link":"https:\/\/blogdafeira.com.br\/home\/2016\/12\/19\/rui-costa-e-jose-ronaldo-se-encontram-em-inauguracao-e-conversam-bastante\/","title":{"rendered":"Rui Costa e Jos\u00e9 Ronaldo se encontram em inaugura\u00e7\u00e3o e conversam bastante"},"content":{"rendered":"<p><img loading=\"lazy\" decoding=\"async\" class=\"aligncenter size-full wp-image-24987\" src=\"http:\/\/blogdafeira.com.br\/home\/wp-content\/uploads\/2016\/12\/FB_IMG_1482174331678.jpg\" alt=\"fb_img_1482174331678\" width=\"886\" height=\"591\" srcset=\"https:\/\/blogdafeira.com.br\/home\/wp-content\/uploads\/2016\/12\/FB_IMG_1482174331678.jpg 886w, https:\/\/blogdafeira.com.br\/home\/wp-content\/uploads\/2016\/12\/FB_IMG_1482174331678-170x113.jpg 170w, https:\/\/blogdafeira.com.br\/home\/wp-content\/uploads\/2016\/12\/FB_IMG_1482174331678-346x231.jpg 346w, https:\/\/blogdafeira.com.br\/home\/wp-content\/uploads\/2016\/12\/FB_IMG_1482174331678-768x512.jpg 768w\" sizes=\"auto, (max-width: 886px) 100vw, 886px\" \/><\/p>\n<div id=\"blogd-2548045493\" class=\"blogd-fim-do-post-mobile blogd-entity-placement\" style=\"margin-left: auto;margin-right: auto;text-align: center;\"><a href=\"https:\/\/www.sefaz.feiradesantana.ba.gov.br\/\" target=\"_blank\" aria-label=\"728&#215;90 (6)\"><img loading=\"lazy\" decoding=\"async\" src=\"https:\/\/blogdafeira.com.br\/home\/wp-content\/uploads\/2026\/03\/728x90-6.gif\" alt=\"\"  class=\"no-lazyload\" width=\"728\" height=\"90\"  style=\"display: inline-block;\" \/><\/a><\/div><p>A <strong><a href=\"https:\/\/www.facebook.com\/JoseRonaldo25\/?hc_ref=NEWSFEED\">foto \u00a0divulgada no facebook pelo prefeito de Feira, Jos\u00e9 Ronaldo <\/a><\/strong>(DEM), \u00a0n\u00e3o deixa d\u00favida de que n\u00e3o faltou assunto entre ele e o governador da Bahia, Rui Costa (PT) no encontro que tiveram hoje pela manh\u00e3 durante a inaugura\u00e7\u00e3o de uma unidade residencial do &#8216;Minha Casa, Minha Vida&#8217; em Feira de Santana.<\/p><div id=\"blogd-1196304033\" class=\"blogd-conteudo-2-mobile blogd-entity-placement\"><a href=\"https:\/\/feirenses.com.br\/\" target=\"_blank\" aria-label=\"feirenses\"><img loading=\"lazy\" decoding=\"async\" src=\"https:\/\/blogdafeira.com.br\/home\/wp-content\/uploads\/2026\/04\/feirenses.png\" alt=\"\"  srcset=\"https:\/\/blogdafeira.com.br\/home\/wp-content\/uploads\/2026\/04\/feirenses.png 300w, https:\/\/blogdafeira.com.br\/home\/wp-content\/uploads\/2026\/04\/feirenses-170x45.png 170w, https:\/\/blogdafeira.com.br\/home\/wp-content\/uploads\/2026\/04\/feirenses-280x74.png 280w\" sizes=\"(max-width: 300px) 100vw, 300px\" class=\"no-lazyload\" width=\"300\" height=\"79\"  style=\"display: inline-block;\" \/><\/a><\/div>\n<p>Diplomado para o quarto mandato na Prefeitura de Feira, eleito em primeiro turno, Ronaldo \u00e9 um dos l\u00edderes eleitoralmente mais fortes do DEM no Estado. Em 2010, quando encontrava-se sem mandato, Ronaldo foi candidato ao Senado.<\/p>\n<p>Pelo menos em Feira, h\u00e1 uma grande expectativa de que essa candidatura se repita e dessa vez com amplas chances de vit\u00f3ria, tendo em vista serem duas candidaturas ao Senado por cada agremia\u00e7\u00e3o ou coliga\u00e7\u00e3o.<\/p>\n<div id=\"blogd-4082273284\" class=\"blogd-final-post blogd-entity-placement\"><a href=\"https:\/\/www.feiradesantana.ba.leg.br\/\" target=\"_blank\" aria-label=\"BANNER-SITE-ENTREGADECHEQUE-CAMARADEFEIRA\"><img loading=\"lazy\" decoding=\"async\" src=\"https:\/\/blogdafeira.com.br\/home\/wp-content\/uploads\/2026\/03\/BANNER-SITE-ENTREGADECHEQUE-CAMARADEFEIRA.gif\" alt=\"\"  class=\"no-lazyload\" width=\"728\" height=\"90\"   \/><\/a><\/div><p>No facebook o prefeito fez refer\u00eancia apenas ao evento onde eles dois estavam e \u00a0n\u00e3o houve \u00a0&#8216;vazamento&#8217; do teor da conversa. Mas d\u00e1 pra ver \u00a0pela foto que era bem mais profundo do que a entrega de casas residenciais em um bairro de Feira.<\/p>\n","protected":false},"excerpt":{"rendered":"<p>A foto \u00a0divulgada no facebook pelo prefeito de Feira, Jos\u00e9 Ronaldo (DEM), \u00a0n\u00e3o deixa d\u00favida de que n\u00e3o faltou assunto entre ele e o governador da Bahia, Rui Costa (PT) no encontro que tiveram hoje pela manh\u00e3 durante a inaugura\u00e7\u00e3o de uma unidade residencial do &#8216;Minha Casa, Minha Vida&#8217; em Feira de Santana. Diplomado para<\/p>\n","protected":false},"author":1,"featured_media":0,"comment_status":"closed","ping_status":"closed","sticky":false,"template":"","format":"standard","meta":{"jetpack_post_was_ever_published":false,"cybocfi_hide_featured_image":"","_jetpack_newsletter_access":"","_jetpack_dont_email_post_to_subs":true,"_jetpack_newsletter_tier_id":0,"_jetpack_memberships_contains_paywalled_content":false,"_jetpack_memberships_contains_paid_content":false,"footnotes":"","jetpack_publicize_message":"","jetpack_publicize_feature_enabled":true,"jetpack_social_post_already_shared":true,"jetpack_social_options":{"image_generator_settings":{"template":"highway","default_image_id":0,"font":"","enabled":false},"version":2}},"categories":[1],"tags":[],"class_list":["post-24988","post","type-post","status-publish","format-standard","hentry","category-raiz"],"jetpack_publicize_connections":[],"jetpack_featured_media_url":"","jetpack_shortlink":"https:\/\/wp.me\/p3niVf-6v2","jetpack_sharing_enabled":true,"jetpack-related-posts":[{"id":44805,"url":"https:\/\/blogdafeira.com.br\/home\/2021\/04\/12\/ronaldo-foi-a-roma-e-acenou-para-o-papa\/","url_meta":{"origin":24988,"position":0},"title":"Ronaldo foi a Roma e acenou para o Papa","author":"J\u00e2nio R\u00eago","date":"12\/04\/2021","format":false,"excerpt":"O ex-prefeito de Feira de Santana, Jos\u00e9 Ronaldo (DEM) foi ao encontro do ministro Jo\u00e3o Roma (sem partido) em Serrinha, onde o enviado de Bolsonaro manteve uma reuni\u00e3o com cerca de 20 prefeitos.\u00a0 Segundo um ve\u00edculo de imprensa em Salvador, a iniciativa\u00a0 foi \"criticada e ironizada' pelo entorno de ACM\u2026","rel":"","context":"Em &quot;Colunistas&quot;","block_context":{"text":"Colunistas","link":"https:\/\/blogdafeira.com.br\/home\/categoria\/colunistas\/"},"img":{"alt_text":"","src":"https:\/\/i0.wp.com\/blogdafeira.com.br\/home\/wp-content\/uploads\/2021\/04\/207516-3.jpg?resize=350%2C200&ssl=1","width":350,"height":200,"srcset":"https:\/\/i0.wp.com\/blogdafeira.com.br\/home\/wp-content\/uploads\/2021\/04\/207516-3.jpg?resize=350%2C200&ssl=1 1x, https:\/\/i0.wp.com\/blogdafeira.com.br\/home\/wp-content\/uploads\/2021\/04\/207516-3.jpg?resize=525%2C300&ssl=1 1.5x"},"classes":[]},{"id":26549,"url":"https:\/\/blogdafeira.com.br\/home\/2017\/04\/15\/lava-jato-esfria-candidatura-de-acm-neto-e-jose-ronaldo-vira-a-bola-da-vez-no-dem\/","url_meta":{"origin":24988,"position":1},"title":"Lava Jato esfria candidatura de ACM Neto e Jos\u00e9 Ronaldo vira a &#8216;bola da vez&#8217; no DEM","author":"Blog da Feira","date":"15\/04\/2017","format":false,"excerpt":"A inclus\u00e3o do prefeito de Salvador, ACM Neto (DEM), na lista do STF, muda o cen\u00e1rio montado\u00a0para a elei\u00e7\u00e3o de 2018 na Bahia, pois crescem as chances do Prefeito \u00a0desistir da cogitada candidatura dele ao Governo do Estado. O deputado Jos\u00e9 Carlos Aleluia, outro nome proeminente do partido, tamb\u00e9m est\u00e1\u2026","rel":"","context":"Em &quot;Home&quot;","block_context":{"text":"Home","link":"https:\/\/blogdafeira.com.br\/home\/categoria\/raiz\/"},"img":{"alt_text":"anuncio-de-pacote-de-obras-foto-acm-4","src":"https:\/\/i0.wp.com\/blogdafeira.com.br\/home\/wp-content\/uploads\/2017\/04\/Anuncio-de-Pacote-de-Obras-Foto-ACM-4.jpg?resize=350%2C200","width":350,"height":200,"srcset":"https:\/\/i0.wp.com\/blogdafeira.com.br\/home\/wp-content\/uploads\/2017\/04\/Anuncio-de-Pacote-de-Obras-Foto-ACM-4.jpg?resize=350%2C200 1x, https:\/\/i0.wp.com\/blogdafeira.com.br\/home\/wp-content\/uploads\/2017\/04\/Anuncio-de-Pacote-de-Obras-Foto-ACM-4.jpg?resize=525%2C300 1.5x, https:\/\/i0.wp.com\/blogdafeira.com.br\/home\/wp-content\/uploads\/2017\/04\/Anuncio-de-Pacote-de-Obras-Foto-ACM-4.jpg?resize=700%2C400 2x"},"classes":[]},{"id":23992,"url":"https:\/\/blogdafeira.com.br\/home\/2016\/10\/28\/psdb-e-a-pedra-no-caminho-da-candidatura-de-jose-ronaldo-ao-senado\/","url_meta":{"origin":24988,"position":2},"title":"PSDB \u00e9 a &#8216;pedra no caminho&#8217; da candidatura de Jos\u00e9 Ronaldo ao Senado","author":"Blog da Feira","date":"28\/10\/2016","format":false,"excerpt":"Jos\u00e9 Ronaldo vai se candidatar ao Senado? Quem n\u00e3o ouviu essa pergunta quando o assunto \u00e9 a elei\u00e7\u00e3o 2018 e o futuro pol\u00edtico do Prefeito de Feira de Santana? No dia seguinte \u00e0 reelei\u00e7\u00e3o, no in\u00edcio de outubro, Jos\u00e9 Ronaldo (DEM) admitiu em entrevista \u00e0 uma emissora de r\u00e1dio que\u2026","rel":"","context":"Em &quot;Home&quot;","block_context":{"text":"Home","link":"https:\/\/blogdafeira.com.br\/home\/categoria\/raiz\/"},"img":{"alt_text":"serra-a-feira-e-lancamento-da-candidatu-ra-de-jose-ronaldo-foto-acm-33","src":"https:\/\/i0.wp.com\/blogdafeira.com.br\/home\/wp-content\/uploads\/2016\/10\/Serra-a-Feira-e-Lancamento-da-candidatu-ra-de-Jose-Ronaldo-Foto-ACM-33-346x231.jpg?resize=350%2C200","width":350,"height":200},"classes":[]},{"id":1854,"url":"https:\/\/blogdafeira.com.br\/home\/2013\/05\/22\/propaganda-do-dem-mostra-ronaldo-e-aumentam-expectativas-para-2014\/","url_meta":{"origin":24988,"position":3},"title":"Propaganda do DEM mostra Ronaldo e aumenta expectativas para 2014","author":"Blog da Feira","date":"22\/05\/2013","format":false,"excerpt":"Aparecendo muito bem colocado nas propagandas \u00a0do DEM na televis\u00e3o, o prefeito de Feira de Santana, Jos\u00e9 Ronaldo, virou alvo de especula\u00e7\u00f5es com vistas a uma candidatura a governador em 2014. O Vt com Ronaldo apareceu nesta quarta-feira em hor\u00e1rio nobre da Tv. Globo. O Prefeito de Feira, que j\u00e1\u2026","rel":"","context":"Em &quot;Cidade&quot;","block_context":{"text":"Cidade","link":"https:\/\/blogdafeira.com.br\/home\/categoria\/cidade\/"},"img":{"alt_text":"","src":"","width":0,"height":0},"classes":[]},{"id":30343,"url":"https:\/\/blogdafeira.com.br\/home\/2018\/10\/09\/ronaldo-diz-que-candidatura-foi-uma-missao-e-que-em-2020-vai-apoiar-alguns-amigos\/","url_meta":{"origin":24988,"position":4},"title":"Ronaldo diz que candidatura foi uma &#8216;miss\u00e3o&#8217; e que em 2020 vai apoiar &#8216;alguns amigos&#8217;","author":"J\u00e2nio R\u00eago","date":"09\/10\/2018","format":false,"excerpt":"Jos\u00e9 Ronaldo recebeu a imprensa em um sal\u00e3o de eventos de uma pousada no centro de Feira de Santana. O encontro com os rep\u00f3rteres foi articulado atrav\u00e9s da Secretaria Municipal de Comunica\u00e7\u00e3o. O prefeito Colbert Martins n\u00e3o acompanhava o ex-prefeito mas l\u00e1 estavam dois dos mais devotados secret\u00e1rios de Ronaldo:\u2026","rel":"","context":"Em &quot;Home&quot;","block_context":{"text":"Home","link":"https:\/\/blogdafeira.com.br\/home\/categoria\/raiz\/"},"img":{"alt_text":"","src":"https:\/\/i0.wp.com\/blogdafeira.com.br\/home\/wp-content\/uploads\/2018\/10\/images-10.jpeg?resize=350%2C200","width":350,"height":200,"srcset":"https:\/\/i0.wp.com\/blogdafeira.com.br\/home\/wp-content\/uploads\/2018\/10\/images-10.jpeg?resize=350%2C200 1x, https:\/\/i0.wp.com\/blogdafeira.com.br\/home\/wp-content\/uploads\/2018\/10\/images-10.jpeg?resize=525%2C300 1.5x"},"classes":[]},{"id":22103,"url":"https:\/\/blogdafeira.com.br\/home\/2016\/06\/21\/oposicao-a-ronaldo-em-feira-esta-dividida-em-5-ou-mais-candidaturas\/","url_meta":{"origin":24988,"position":5},"title":"Oposi\u00e7\u00e3o a Ronaldo em Feira est\u00e1 dividida em 5 ou mais candidaturas","author":"Blog da Feira","date":"21\/06\/2016","format":false,"excerpt":"Se o quadro pol\u00edtico atual em Feira de Santana se mantiver at\u00e9 as conven\u00e7\u00f5es partid\u00e1rias, pelo menos 5 candidatos a Prefeito ir\u00e3o enfrentar no primeiro turno o atual prefeito Jos\u00e9 Ronaldo, do DEM. A candidatura de Z\u00e9 Neto (PT), assim como a de Ronaldo, e ao contr\u00e1rio de outras,\u00a0\u00e9 uma\u2026","rel":"","context":"Em &quot;Home&quot;","block_context":{"text":"Home","link":"https:\/\/blogdafeira.com.br\/home\/categoria\/raiz\/"},"img":{"alt_text":"2016-06-21_02-53-26","src":"https:\/\/i0.wp.com\/blogdafeira.com.br\/home\/wp-content\/uploads\/2016\/06\/2016-06-21_02-53-26-576x1024.jpg?resize=350%2C200","width":350,"height":200,"srcset":"https:\/\/i0.wp.com\/blogdafeira.com.br\/home\/wp-content\/uploads\/2016\/06\/2016-06-21_02-53-26-576x1024.jpg?resize=350%2C200 1x, https:\/\/i0.wp.com\/blogdafeira.com.br\/home\/wp-content\/uploads\/2016\/06\/2016-06-21_02-53-26-576x1024.jpg?resize=525%2C300 1.5x"},"classes":[]}],"_links":{"self":[{"href":"https:\/\/blogdafeira.com.br\/home\/wp-json\/wp\/v2\/posts\/24988","targetHints":{"allow":["GET"]}}],"collection":[{"href":"https:\/\/blogdafeira.com.br\/home\/wp-json\/wp\/v2\/posts"}],"about":[{"href":"https:\/\/blogdafeira.com.br\/home\/wp-json\/wp\/v2\/types\/post"}],"author":[{"embeddable":true,"href":"https:\/\/blogdafeira.com.br\/home\/wp-json\/wp\/v2\/users\/1"}],"replies":[{"embeddable":true,"href":"https:\/\/blogdafeira.com.br\/home\/wp-json\/wp\/v2\/comments?post=24988"}],"version-history":[{"count":4,"href":"https:\/\/blogdafeira.com.br\/home\/wp-json\/wp\/v2\/posts\/24988\/revisions"}],"predecessor-version":[{"id":24992,"href":"https:\/\/blogdafeira.com.br\/home\/wp-json\/wp\/v2\/posts\/24988\/revisions\/24992"}],"wp:attachment":[{"href":"https:\/\/blogdafeira.com.br\/home\/wp-json\/wp\/v2\/media?parent=24988"}],"wp:term":[{"taxonomy":"category","embeddable":true,"href":"https:\/\/blogdafeira.com.br\/home\/wp-json\/wp\/v2\/categories?post=24988"},{"taxonomy":"post_tag","embeddable":true,"href":"https:\/\/blogdafeira.com.br\/home\/wp-json\/wp\/v2\/tags?post=24988"}],"curies":[{"name":"wp","href":"https:\/\/api.w.org\/{rel}","templated":true}]}}