{"id":25096,"date":"2016-12-27T18:47:23","date_gmt":"2016-12-27T21:47:23","guid":{"rendered":"http:\/\/blogdafeira.com.br\/home\/?p=25096"},"modified":"2016-12-27T19:51:41","modified_gmt":"2016-12-27T22:51:41","slug":"secom-entrega-placas-e-homenageia-profissionais-da-comunicacao-em-feira","status":"publish","type":"post","link":"https:\/\/blogdafeira.com.br\/home\/2016\/12\/27\/secom-entrega-placas-e-homenageia-profissionais-da-comunicacao-em-feira\/","title":{"rendered":"Secom entrega placas e homenageia profissionais da comunica\u00e7\u00e3o em Feira"},"content":{"rendered":"<div id=\"blogd-2126235878\" class=\"blogd-fim-do-post-mobile blogd-entity-placement\" style=\"margin-left: auto;margin-right: auto;text-align: center;\"><a href=\"https:\/\/www.sefaz.feiradesantana.ba.gov.br\/\" target=\"_blank\" aria-label=\"728&#215;90 (6)\"><img loading=\"lazy\" decoding=\"async\" src=\"https:\/\/blogdafeira.com.br\/home\/wp-content\/uploads\/2026\/03\/728x90-6.gif\" alt=\"\"  class=\"no-lazyload\" width=\"728\" height=\"90\"  style=\"display: inline-block;\" \/><\/a><\/div><p><img loading=\"lazy\" decoding=\"async\" class=\"alignleft size-full wp-image-25097\" src=\"http:\/\/blogdafeira.com.br\/home\/wp-content\/uploads\/2016\/12\/IMG-20161227-WA0048.jpg\" alt=\"img-20161227-wa0048\" width=\"886\" height=\"591\" srcset=\"https:\/\/blogdafeira.com.br\/home\/wp-content\/uploads\/2016\/12\/IMG-20161227-WA0048.jpg 886w, https:\/\/blogdafeira.com.br\/home\/wp-content\/uploads\/2016\/12\/IMG-20161227-WA0048-170x113.jpg 170w, https:\/\/blogdafeira.com.br\/home\/wp-content\/uploads\/2016\/12\/IMG-20161227-WA0048-346x231.jpg 346w, https:\/\/blogdafeira.com.br\/home\/wp-content\/uploads\/2016\/12\/IMG-20161227-WA0048-768x512.jpg 768w\" sizes=\"auto, (max-width: 886px) 100vw, 886px\" \/>O Governo de Feira de Santana, atrav\u00e9s do jornalista Valdomiro Silva, secret\u00e1rio de Comunica\u00e7\u00e3o entregou placas e homenageou profissionais de comunica\u00e7\u00e3o da cidade em um evento no Parque do Saber que contou tamb\u00e9m com uma palestra do experiente jornalista Edson Borges.<\/p><div id=\"blogd-60714941\" class=\"blogd-conteudo-2-mobile blogd-entity-placement\"><a href=\"https:\/\/feirenses.com.br\/\" target=\"_blank\" aria-label=\"feirenses\"><img loading=\"lazy\" decoding=\"async\" src=\"https:\/\/blogdafeira.com.br\/home\/wp-content\/uploads\/2026\/04\/feirenses.png\" alt=\"\"  srcset=\"https:\/\/blogdafeira.com.br\/home\/wp-content\/uploads\/2026\/04\/feirenses.png 300w, https:\/\/blogdafeira.com.br\/home\/wp-content\/uploads\/2026\/04\/feirenses-170x45.png 170w, https:\/\/blogdafeira.com.br\/home\/wp-content\/uploads\/2026\/04\/feirenses-280x74.png 280w\" sizes=\"(max-width: 300px) 100vw, 300px\" class=\"no-lazyload\" width=\"300\" height=\"79\"  style=\"display: inline-block;\" \/><\/a><\/div>\n<p>O encontro, como destacou o jornalista palestrante, tornou-se uma confraterniza\u00e7\u00e3o e reencontro entre profissionais de diversas gera\u00e7\u00f5es.<\/p>\n<p>Borges lembrou epis\u00f3dios e reportagens em Feira de Santana e deu exemplos de abordagens diferentes sobre o cotidiano\u00a0das pautas jornal\u00edsticas.<\/p>\n<p><img loading=\"lazy\" decoding=\"async\" class=\"alignleft size-full wp-image-25100\" src=\"http:\/\/blogdafeira.com.br\/home\/wp-content\/uploads\/2016\/12\/IMG-20161227-WA0049-1.jpg\" alt=\"img-20161227-wa0049\" width=\"886\" height=\"591\" srcset=\"https:\/\/blogdafeira.com.br\/home\/wp-content\/uploads\/2016\/12\/IMG-20161227-WA0049-1.jpg 886w, https:\/\/blogdafeira.com.br\/home\/wp-content\/uploads\/2016\/12\/IMG-20161227-WA0049-1-170x113.jpg 170w, https:\/\/blogdafeira.com.br\/home\/wp-content\/uploads\/2016\/12\/IMG-20161227-WA0049-1-346x231.jpg 346w, https:\/\/blogdafeira.com.br\/home\/wp-content\/uploads\/2016\/12\/IMG-20161227-WA0049-1-768x512.jpg 768w\" sizes=\"auto, (max-width: 886px) 100vw, 886px\" \/>Ao falar sobre a imprensa nacional, Borges chamou a aten\u00e7\u00e3o para um aspecto que ele denominou como &#8220;futilidade&#8221;. &#8220;<em>Tem muita gente confundindo entretenimento com futilidade. E s\u00e3o coisas distintas. Em Feira de Santana temos um exemplo muito bom de jornalismo de entretenimento, que \u00e9 o trabalho do jornalista Jos\u00e9 Carlos Pedreira, o Z\u00e9 Coi\u00f3, com o jornal Feira\u00a0Noite&amp;Dia<\/em>&#8220;.<\/p>\n<p>O prefeito Jos\u00e9 Ronaldo de Carvalho destacou a import\u00e2ncia do encontro, que proporciona um momento de interatividade entre a imprensa e o Governo Municipal.<\/p>\n<p>&#8220;<em>Foi um ano muito dif\u00edcil para todos, e para o segmento da imprensa n\u00e3o foi diferente. Mas acredito que superamos as dificuldades e esperamos um ano novo melhor&#8221;<\/em>.<\/p>\n<p>O secret\u00e1rio de Comunica\u00e7\u00e3o do munic\u00edpio, Valdomiro Silva, lembrou que o evento tem como objetivo reconhecer os profissionais a despeito de suas posi\u00e7\u00f5es pol\u00edticas. <em>\u201cA gente recebeu radialistas que s\u00e3o cr\u00edticos do governo e n\u00e3o existe essa distin\u00e7\u00e3o. Tenho muito respeito por todos os companheiros e foi mais uma homenagem justa\u201d<\/em>, disse.<\/p>\n<div id=\"blogd-3658767299\" class=\"blogd-final-post blogd-entity-placement\"><a href=\"https:\/\/www.feiradesantana.ba.leg.br\/\" target=\"_blank\" aria-label=\"BANNER-SITE-ENTREGADECHEQUE-CAMARADEFEIRA\"><img loading=\"lazy\" decoding=\"async\" src=\"https:\/\/blogdafeira.com.br\/home\/wp-content\/uploads\/2026\/03\/BANNER-SITE-ENTREGADECHEQUE-CAMARADEFEIRA.gif\" alt=\"\"  class=\"no-lazyload\" width=\"728\" height=\"90\"   \/><\/a><\/div><p><strong><a href=\"http:\/\/www.feiradesantana.ba.gov.br\/index.asp\">fotos de Jorge Magalh\u00e3es\/SecomFsa<\/a><\/strong><\/p>\n","protected":false},"excerpt":{"rendered":"<p>O Governo de Feira de Santana, atrav\u00e9s do jornalista Valdomiro Silva, secret\u00e1rio de Comunica\u00e7\u00e3o entregou placas e homenageou profissionais de comunica\u00e7\u00e3o da cidade em um evento no Parque do Saber que contou tamb\u00e9m com uma palestra do experiente jornalista Edson Borges. O encontro, como destacou o jornalista palestrante, tornou-se uma confraterniza\u00e7\u00e3o e reencontro entre profissionais<\/p>\n","protected":false},"author":1,"featured_media":0,"comment_status":"closed","ping_status":"closed","sticky":false,"template":"","format":"standard","meta":{"jetpack_post_was_ever_published":false,"cybocfi_hide_featured_image":"","_jetpack_newsletter_access":"","_jetpack_dont_email_post_to_subs":true,"_jetpack_newsletter_tier_id":0,"_jetpack_memberships_contains_paywalled_content":false,"_jetpack_memberships_contains_paid_content":false,"footnotes":"","jetpack_publicize_message":"","jetpack_publicize_feature_enabled":true,"jetpack_social_post_already_shared":true,"jetpack_social_options":{"image_generator_settings":{"template":"highway","default_image_id":0,"font":"","enabled":false},"version":2}},"categories":[1],"tags":[],"class_list":["post-25096","post","type-post","status-publish","format-standard","hentry","category-raiz"],"jetpack_publicize_connections":[],"jetpack_featured_media_url":"","jetpack_shortlink":"https:\/\/wp.me\/p3niVf-6wM","jetpack_sharing_enabled":true,"jetpack-related-posts":[{"id":5620,"url":"https:\/\/blogdafeira.com.br\/home\/2013\/10\/19\/jornalista-negra-e-homenageada-na-camara-de-feira\/","url_meta":{"origin":25096,"position":0},"title":"Jornalista negra \u00e9 homenageada na C\u00e2mara de Feira","author":"Blog da Feira","date":"19\/10\/2013","format":false,"excerpt":"A jornalista Lucidalva Oliveira foi uma das homenageadas\u00a0em reconhecimento pelos servi\u00e7os prestados em prol do movimento negro de Feira de Santana.na sess\u00e3o solene, sexta-feira, na C\u00e2mara de Vereadores.Ela \u00e9 vice-presidente do Conselho\u00a0\u00a0Municipal da Igualdade Racial\u00a0e foi a primeira rep\u00f3rter negra da TV Suba\u00e9. Lucidalva tamb\u00e9m \u00e9 professora e trabalha na\u2026","rel":"","context":"Em &quot;Home&quot;","block_context":{"text":"Home","link":"https:\/\/blogdafeira.com.br\/home\/categoria\/raiz\/"},"img":{"alt_text":"1012730_621392677884676_1139487286_n","src":"https:\/\/i0.wp.com\/blogdafeira.com.br\/home\/wp-content\/uploads\/2013\/10\/1012730_621392677884676_1139487286_n-332x300.jpg?resize=350%2C200","width":350,"height":200},"classes":[]},{"id":22222,"url":"https:\/\/blogdafeira.com.br\/home\/2016\/06\/30\/nucleo-de-jornalismo-da-secom-foi-apresentado-a-imprensa-de-feira\/","url_meta":{"origin":25096,"position":1},"title":"N\u00facleo de Jornalismo da Secom foi apresentado \u00e0 imprensa de Feira","author":"Blog da Feira","date":"30\/06\/2016","format":false,"excerpt":"Profissionais de imprensa de Feira de Santana e membros da equipe do Governo Municipal conheceram na manh\u00e3 desta quinta-feira o N\u00facleo de Jornalismo Radialista Dourival Oliveira, \u00f3rg\u00e3o da Secretaria Municipal de Comunica\u00e7\u00e3o Social, localizado na rua Castro Alves, ao lado do pr\u00e9dio da Secretaria de Preven\u00e7\u00e3o \u00e0 Viol\u00eancia e Direitos\u2026","rel":"","context":"Em &quot;Home&quot;","block_context":{"text":"Home","link":"https:\/\/blogdafeira.com.br\/home\/categoria\/raiz\/"},"img":{"alt_text":"Inaugura__o do Nucleo de Jornalismo da Secom-foto Jorge Magalh_es (11)","src":"https:\/\/i0.wp.com\/blogdafeira.com.br\/home\/wp-content\/uploads\/2016\/06\/Inaugura__o-do-Nucleo-de-Jornalismo-da-Secom-foto-Jorge-Magalh_es-11.jpg?resize=350%2C200","width":350,"height":200,"srcset":"https:\/\/i0.wp.com\/blogdafeira.com.br\/home\/wp-content\/uploads\/2016\/06\/Inaugura__o-do-Nucleo-de-Jornalismo-da-Secom-foto-Jorge-Magalh_es-11.jpg?resize=350%2C200 1x, https:\/\/i0.wp.com\/blogdafeira.com.br\/home\/wp-content\/uploads\/2016\/06\/Inaugura__o-do-Nucleo-de-Jornalismo-da-Secom-foto-Jorge-Magalh_es-11.jpg?resize=525%2C300 1.5x, https:\/\/i0.wp.com\/blogdafeira.com.br\/home\/wp-content\/uploads\/2016\/06\/Inaugura__o-do-Nucleo-de-Jornalismo-da-Secom-foto-Jorge-Magalh_es-11.jpg?resize=700%2C400 2x"},"classes":[]},{"id":25010,"url":"https:\/\/blogdafeira.com.br\/home\/2016\/12\/21\/palestra-de-edson-borges-sera-importante-contribuicao-ao-jornalismo-em-feira\/","url_meta":{"origin":25096,"position":2},"title":"Palestra de Edson Borges ser\u00e1 &#8220;importante contribui\u00e7\u00e3o&#8221; ao jornalismo em Feira","author":"Blog da Feira","date":"21\/12\/2016","format":false,"excerpt":"Contribuir para a melhoria da qualidade do trabalho jornal\u00edstico. Esse \u00e9 o prop\u00f3sito da Secretaria de Comunica\u00e7\u00e3o Social de Feira de Santana, ao realizar, pelo terceiro ano consecutivo, palestra-debate que possa acrescentar \u00e0 experi\u00eancia profissional dos que militam na imprensa, em seu evento de final de temporada. Em 2016, o\u2026","rel":"","context":"Em &quot;Home&quot;","block_context":{"text":"Home","link":"https:\/\/blogdafeira.com.br\/home\/categoria\/raiz\/"},"img":{"alt_text":"edson-borges-ee","src":"https:\/\/i0.wp.com\/blogdafeira.com.br\/home\/wp-content\/uploads\/2016\/12\/edson-borges-ee-201x300.jpg?resize=350%2C200","width":350,"height":200},"classes":[]},{"id":11963,"url":"https:\/\/blogdafeira.com.br\/home\/2014\/08\/15\/feira-rejeita-cavaletes-e-justica-eleitoral-manda-retirar-alguns\/","url_meta":{"origin":25096,"position":3},"title":"Feira rejeita &#8216;cavaletes&#8217; e Justi\u00e7a Eleitoral manda retirar alguns","author":"Blog da Feira","date":"15\/08\/2014","format":false,"excerpt":"O secret\u00e1rio de Comunica\u00e7\u00e3o do Governo de Feira, jornalista Valdomiro Silva, disse\u00a0hoje em coment\u00e1rio no facebook a prop\u00f3sito de um \"post\" com uma foto de um carro da Prefeitura carregado de 'cavaletes', que o ve\u00edculo estava a servi\u00e7o da Justi\u00e7a Eleitoral recolhendo placas indevidamente colocadas no canteiro da Get\u00falio Vargas.\u2026","rel":"","context":"Em &quot;Home&quot;","block_context":{"text":"Home","link":"https:\/\/blogdafeira.com.br\/home\/categoria\/raiz\/"},"img":{"alt_text":"rasteira","src":"https:\/\/i0.wp.com\/blogdafeira.com.br\/home\/wp-content\/uploads\/2014\/07\/rasteira.jpg?resize=350%2C200","width":350,"height":200},"classes":[]},{"id":25123,"url":"https:\/\/blogdafeira.com.br\/home\/2016\/12\/29\/jornalista-edson-borges-e-o-novo-secretario-de-cultura-de-feira-de-santana\/","url_meta":{"origin":25096,"position":4},"title":"Jornalista Edson Borges \u00e9 o novo Secret\u00e1rio de Cultura de Feira de Santana","author":"Blog da Feira","date":"29\/12\/2016","format":false,"excerpt":"Na mudan\u00e7a mais\u00a0 surpreendente, o jornalista Edson Borges assume Cultura, Esporte e Lazer, substituindo o advogado Rafael Cordeiro,\u00a0escreve o jornalista Glauco Wanderley na Tribuna Feirense sobre o novo\u00a0Secretariado do prefeito de Feira, \u00a0Jos\u00e9 Ronaldo(DEM) para o mandato que se inicia no pr\u00f3ximo domingo, 1\u00ba de janeiro. Os novos nomes, al\u00e9m\u2026","rel":"","context":"Em &quot;Home&quot;","block_context":{"text":"Home","link":"https:\/\/blogdafeira.com.br\/home\/categoria\/raiz\/"},"img":{"alt_text":"edson-borges-sfafasdfsafasdfasdfas","src":"https:\/\/i0.wp.com\/blogdafeira.com.br\/home\/wp-content\/uploads\/2016\/12\/edson-borges-sfafasdfsafasdfasdfas.jpg?resize=350%2C200","width":350,"height":200,"srcset":"https:\/\/i0.wp.com\/blogdafeira.com.br\/home\/wp-content\/uploads\/2016\/12\/edson-borges-sfafasdfsafasdfasdfas.jpg?resize=350%2C200 1x, https:\/\/i0.wp.com\/blogdafeira.com.br\/home\/wp-content\/uploads\/2016\/12\/edson-borges-sfafasdfsafasdfasdfas.jpg?resize=525%2C300 1.5x"},"classes":[]},{"id":41952,"url":"https:\/\/blogdafeira.com.br\/home\/2020\/11\/20\/ricardo-ishmael-sera-mediador-no-debate-eleitoral-da-tv-subae-dia-27\/","url_meta":{"origin":25096,"position":5},"title":"Ricardo Ishmael ser\u00e1 mediador no debate eleitoral da Tv. Suba\u00e9 dia 27","author":"Blog da Feira","date":"20\/11\/2020","format":false,"excerpt":"O jornalista e escritor Ricardo Ishmael ser\u00e1 o mediador do debate na Tv Suba\u00e9, pr\u00f3ximo dia 27, entre os candidatos a Prefeito de Feira de Santana neste segundo turno eleitoral, Colbert Filho (MDB) e Z\u00e9 Neto (PT) Ishmael trabalha desde 2001 no grupo Rede Bahia de Comunica\u00e7\u00e3o. Atualmente ele apresenta\u2026","rel":"","context":"Em &quot;Elei\u00e7\u00f5es 2020&quot;","block_context":{"text":"Elei\u00e7\u00f5es 2020","link":"https:\/\/blogdafeira.com.br\/home\/categoria\/eleicoes-2020\/"},"img":{"alt_text":"","src":"https:\/\/i0.wp.com\/blogdafeira.com.br\/home\/wp-content\/uploads\/2020\/11\/images-8-170x128.jpeg?resize=350%2C200&ssl=1","width":350,"height":200},"classes":[]}],"_links":{"self":[{"href":"https:\/\/blogdafeira.com.br\/home\/wp-json\/wp\/v2\/posts\/25096","targetHints":{"allow":["GET"]}}],"collection":[{"href":"https:\/\/blogdafeira.com.br\/home\/wp-json\/wp\/v2\/posts"}],"about":[{"href":"https:\/\/blogdafeira.com.br\/home\/wp-json\/wp\/v2\/types\/post"}],"author":[{"embeddable":true,"href":"https:\/\/blogdafeira.com.br\/home\/wp-json\/wp\/v2\/users\/1"}],"replies":[{"embeddable":true,"href":"https:\/\/blogdafeira.com.br\/home\/wp-json\/wp\/v2\/comments?post=25096"}],"version-history":[{"count":7,"href":"https:\/\/blogdafeira.com.br\/home\/wp-json\/wp\/v2\/posts\/25096\/revisions"}],"predecessor-version":[{"id":25107,"href":"https:\/\/blogdafeira.com.br\/home\/wp-json\/wp\/v2\/posts\/25096\/revisions\/25107"}],"wp:attachment":[{"href":"https:\/\/blogdafeira.com.br\/home\/wp-json\/wp\/v2\/media?parent=25096"}],"wp:term":[{"taxonomy":"category","embeddable":true,"href":"https:\/\/blogdafeira.com.br\/home\/wp-json\/wp\/v2\/categories?post=25096"},{"taxonomy":"post_tag","embeddable":true,"href":"https:\/\/blogdafeira.com.br\/home\/wp-json\/wp\/v2\/tags?post=25096"}],"curies":[{"name":"wp","href":"https:\/\/api.w.org\/{rel}","templated":true}]}}