{"id":25203,"date":"2017-01-02T13:00:17","date_gmt":"2017-01-02T16:00:17","guid":{"rendered":"http:\/\/blogdafeira.com.br\/home\/?p=25203"},"modified":"2017-01-02T13:00:17","modified_gmt":"2017-01-02T16:00:17","slug":"presidente-da-camara-de-feira-se-reelege-com-19-votos-dos-21-vereadores-2","status":"publish","type":"post","link":"https:\/\/blogdafeira.com.br\/home\/2017\/01\/02\/presidente-da-camara-de-feira-se-reelege-com-19-votos-dos-21-vereadores-2\/","title":{"rendered":"Presidente da C\u00e2mara de Feira se reelege com 19 votos dos 21 vereadores"},"content":{"rendered":"<p><img loading=\"lazy\" decoding=\"async\" class=\"aligncenter size-full wp-image-25200\" src=\"http:\/\/blogdafeira.com.br\/home\/wp-content\/uploads\/2017\/01\/eremita-e-roberto-tourinho.jpg\" alt=\"eremita-e-roberto-tourinho\" width=\"960\" height=\"540\" srcset=\"https:\/\/blogdafeira.com.br\/home\/wp-content\/uploads\/2017\/01\/eremita-e-roberto-tourinho.jpg 960w, https:\/\/blogdafeira.com.br\/home\/wp-content\/uploads\/2017\/01\/eremita-e-roberto-tourinho-170x96.jpg 170w, https:\/\/blogdafeira.com.br\/home\/wp-content\/uploads\/2017\/01\/eremita-e-roberto-tourinho-346x195.jpg 346w, https:\/\/blogdafeira.com.br\/home\/wp-content\/uploads\/2017\/01\/eremita-e-roberto-tourinho-768x432.jpg 768w\" sizes=\"auto, (max-width: 960px) 100vw, 960px\" \/><\/p>\n<div id=\"blogd-1682201042\" class=\"blogd-fim-do-post-mobile blogd-entity-placement\" style=\"margin-left: auto;margin-right: auto;text-align: center;\"><a href=\"https:\/\/www.sefaz.feiradesantana.ba.gov.br\/\" target=\"_blank\" aria-label=\"728&#215;90 (6)\"><img loading=\"lazy\" decoding=\"async\" src=\"https:\/\/blogdafeira.com.br\/home\/wp-content\/uploads\/2026\/03\/728x90-6.gif\" alt=\"\"  class=\"no-lazyload\" width=\"728\" height=\"90\"  style=\"display: inline-block;\" \/><\/a><\/div><p>O vereador Roberto Tourinho e a vereadora \u00a0Eremita Mota foram os \u00fanicos da C\u00e2mara de Feira de Santana que n\u00e3o apoiaram a reelei\u00e7\u00e3o do presidente da Casa, vereador Reinaldo Miranda Ronny.<\/p><div id=\"blogd-2516594997\" class=\"blogd-conteudo-2-mobile blogd-entity-placement\"><a href=\"https:\/\/feirenses.com.br\/\" target=\"_blank\" aria-label=\"feirenses\"><img loading=\"lazy\" decoding=\"async\" src=\"https:\/\/blogdafeira.com.br\/home\/wp-content\/uploads\/2026\/04\/feirenses.png\" alt=\"\"  srcset=\"https:\/\/blogdafeira.com.br\/home\/wp-content\/uploads\/2026\/04\/feirenses.png 300w, https:\/\/blogdafeira.com.br\/home\/wp-content\/uploads\/2026\/04\/feirenses-170x45.png 170w, https:\/\/blogdafeira.com.br\/home\/wp-content\/uploads\/2026\/04\/feirenses-280x74.png 280w\" sizes=\"(max-width: 300px) 100vw, 300px\" class=\"no-lazyload\" width=\"300\" height=\"79\"  style=\"display: inline-block;\" \/><\/a><\/div>\n<p>Tourinho j\u00e1 foi vereador em outras legislaturas e volta \u00e0 C\u00e2mara agora, pelo Partido Verde, \u00a0ap\u00f3s exercer o cargo de secret\u00e1rio de Meio Ambiente no governo do prefeito Jos\u00e9 Ronaldo (DEM). Eremita foi reeleita para o quarto mandato, pelo PRB.<\/p>\n<p>Eremita votou contra a chapa encabe\u00e7ada\u00a0por Reinaldo Miranda e Roberto Tourinho absteve-se \u00a0de votar.<\/p>\n<p>A elei\u00e7\u00e3o ocorreu, ontem, \u00a0ap\u00f3s a posse do prefeito, vice-prefeito e vereadores.<\/p>\n<p>Um alegado \u2018problema t\u00e9cnico\u2019 no painel eletr\u00f4nico obrigou a vota\u00e7\u00e3o a ser feita por meio de c\u00e9dulas de papel.<\/p>\n<div id=\"blogd-2081283802\" class=\"blogd-final-post blogd-entity-placement\"><a href=\"https:\/\/www.feiradesantana.ba.leg.br\/\" target=\"_blank\" aria-label=\"BANNER-SITE-ENTREGADECHEQUE-CAMARADEFEIRA\"><img loading=\"lazy\" decoding=\"async\" src=\"https:\/\/blogdafeira.com.br\/home\/wp-content\/uploads\/2026\/03\/BANNER-SITE-ENTREGADECHEQUE-CAMARADEFEIRA.gif\" alt=\"\"  class=\"no-lazyload\" width=\"728\" height=\"90\"   \/><\/a><\/div><p>Na foto, a vereadora est\u00e1 ladeada por Tourinho (dir.) e o filho dela, Yuri.<\/p>\n","protected":false},"excerpt":{"rendered":"<p>O vereador Roberto Tourinho e a vereadora \u00a0Eremita Mota foram os \u00fanicos da C\u00e2mara de Feira de Santana que n\u00e3o apoiaram a reelei\u00e7\u00e3o do presidente da Casa, vereador Reinaldo Miranda Ronny. Tourinho j\u00e1 foi vereador em outras legislaturas e volta \u00e0 C\u00e2mara agora, pelo Partido Verde, \u00a0ap\u00f3s exercer o cargo de secret\u00e1rio de Meio Ambiente<\/p>\n","protected":false},"author":1,"featured_media":0,"comment_status":"closed","ping_status":"closed","sticky":false,"template":"","format":"standard","meta":{"jetpack_post_was_ever_published":false,"cybocfi_hide_featured_image":"","_jetpack_newsletter_access":"","_jetpack_dont_email_post_to_subs":false,"_jetpack_newsletter_tier_id":0,"_jetpack_memberships_contains_paywalled_content":false,"_jetpack_memberships_contains_paid_content":false,"footnotes":"","jetpack_publicize_message":"","jetpack_publicize_feature_enabled":true,"jetpack_social_post_already_shared":true,"jetpack_social_options":{"image_generator_settings":{"template":"highway","default_image_id":0,"font":"","enabled":false},"version":2}},"categories":[1],"tags":[],"class_list":["post-25203","post","type-post","status-publish","format-standard","hentry","category-raiz"],"jetpack_publicize_connections":[],"jetpack_featured_media_url":"","jetpack_shortlink":"https:\/\/wp.me\/p3niVf-6yv","jetpack_sharing_enabled":true,"jetpack-related-posts":[{"id":23915,"url":"https:\/\/blogdafeira.com.br\/home\/2016\/10\/18\/reeleicao-do-presidente-da-camara-de-vereadores-de-feira-e-dada-como-certa-2\/","url_meta":{"origin":25203,"position":0},"title":"Reelei\u00e7\u00e3o do presidente da C\u00e2mara de Vereadores de Feira \u00e9 dada como certa","author":"Blog da Feira","date":"18\/10\/2016","format":false,"excerpt":"N\u00e3o existe expectativa de mudan\u00e7as no Poder Legislativo de Feira de Santana, pelo menos em rela\u00e7\u00e3o ao comando da \u2018Casa da Cidadania\u201d: \u00e9 muito prov\u00e1vel que \u00a0o\u00a0vereador Reinaldo Miranda (PSDB), o Ronny, seja\u00a0reeleito com uma quantidade de votos acima do m\u00ednimo necess\u00e1rio que s\u00e3o 11. Aparentemente a situa\u00e7\u00e3o \u00e9 outra:\u2026","rel":"","context":"Em &quot;Home&quot;","block_context":{"text":"Home","link":"https:\/\/blogdafeira.com.br\/home\/categoria\/raiz\/"},"img":{"alt_text":"ronny","src":"https:\/\/i0.wp.com\/blogdafeira.com.br\/home\/wp-content\/uploads\/2016\/10\/ronny-294x300.jpg?resize=350%2C200","width":350,"height":200},"classes":[]},{"id":23728,"url":"https:\/\/blogdafeira.com.br\/home\/2016\/10\/04\/vereador-eleito-beto-tourinho-vai-ser-o-lider-do-governo-de-ronaldo-em-feira\/","url_meta":{"origin":25203,"position":1},"title":"Vereador eleito Beto Tourinho vai ser o l\u00edder do governo de Ronaldo em Feira","author":"Blog da Feira","date":"04\/10\/2016","format":false,"excerpt":"O vereador eleito Beto Tourinho \u00e9 o nome mais cotado para ser o l\u00edder do governo Jos\u00e9 Ronaldo (DEM) na C\u00e2mara de Vereadores a partir do pr\u00f3ximo ano. Filho adotivo do ex-prefeito Jos\u00e9 Falc\u00e3o (falecido no cargo durante o terceiro mandato \u00a0como Prefeito, em 1998), Beto j\u00e1 exerceu o mandato\u2026","rel":"","context":"Em &quot;Home&quot;","block_context":{"text":"Home","link":"https:\/\/blogdafeira.com.br\/home\/categoria\/raiz\/"},"img":{"alt_text":"beto-tourinho","src":"https:\/\/i0.wp.com\/blogdafeira.com.br\/home\/wp-content\/uploads\/2016\/10\/beto-tourinho-170x113.jpg?resize=350%2C200","width":350,"height":200},"classes":[]},{"id":32305,"url":"https:\/\/blogdafeira.com.br\/home\/2019\/08\/05\/reabertura-da-camara-de-vereadores-de-feira-teve-lembranca-dos-22-anos-da-morte-de-jose-falcao-e-presenca-do-deputado-ze-neto\/","url_meta":{"origin":25203,"position":2},"title":"C\u00e2mara de Vereadores lembra morte de Z\u00e9 Falc\u00e3o e recebe visita surpresa de Z\u00e9 Neto","author":"J\u00e2nio R\u00eago","date":"05\/08\/2019","format":false,"excerpt":"A C\u00e2mara de Vereadores de Feira de Santana reabriu hoje, 5,\u00a0 os trabalhos legislativos depois de um recesso estendido pelo fato da morte s\u00fabita de uma funcion\u00e1ria da Casa na semana passada. O vereador Roberto Tourinho foi \u00e0 tribuna lembrar que na data de hoje completa 22 anos da morte\u2026","rel":"","context":"Em &quot;Home&quot;","block_context":{"text":"Home","link":"https:\/\/blogdafeira.com.br\/home\/categoria\/raiz\/"},"img":{"alt_text":"","src":"https:\/\/i0.wp.com\/blogdafeira.com.br\/home\/wp-content\/uploads\/2019\/08\/20190805_101633.jpg?resize=350%2C200","width":350,"height":200,"srcset":"https:\/\/i0.wp.com\/blogdafeira.com.br\/home\/wp-content\/uploads\/2019\/08\/20190805_101633.jpg?resize=350%2C200 1x, https:\/\/i0.wp.com\/blogdafeira.com.br\/home\/wp-content\/uploads\/2019\/08\/20190805_101633.jpg?resize=525%2C300 1.5x, https:\/\/i0.wp.com\/blogdafeira.com.br\/home\/wp-content\/uploads\/2019\/08\/20190805_101633.jpg?resize=700%2C400 2x, https:\/\/i0.wp.com\/blogdafeira.com.br\/home\/wp-content\/uploads\/2019\/08\/20190805_101633.jpg?resize=1050%2C600 3x, https:\/\/i0.wp.com\/blogdafeira.com.br\/home\/wp-content\/uploads\/2019\/08\/20190805_101633.jpg?resize=1400%2C800 4x"},"classes":[]},{"id":27889,"url":"https:\/\/blogdafeira.com.br\/home\/2017\/08\/21\/lider-do-governo-ronaldo-eleito-presidente-da-camara-de-vereadores-de-feira\/","url_meta":{"origin":25203,"position":3},"title":"L\u00edder do Governo Ronaldo eleito presidente da C\u00e2mara de Vereadores de Feira","author":"Blog da Feira","date":"21\/08\/2017","format":false,"excerpt":"O vereador Jos\u00e9 Carneiro (PSDB) que era l\u00edder do governo na C\u00e2mara foi eleito hoje presidente do Legislativo feirense Carneiro obteve 17 votos.Tr\u00eas vereadores se abstiveram (Roberto Tourinho, Eremita Motta e Tom Carneiro) e foi registrada uma aus\u00eancia. O vereador Justiniano Fran\u00e7a, que saiu do cargo de secret\u00e1rio para assumir\u2026","rel":"","context":"Em &quot;Home&quot;","block_context":{"text":"Home","link":"https:\/\/blogdafeira.com.br\/home\/categoria\/raiz\/"},"img":{"alt_text":"img_20170821_113134493","src":"https:\/\/i0.wp.com\/blogdafeira.com.br\/home\/wp-content\/uploads\/2017\/08\/IMG_20170821_113134493-1024x576.jpg?resize=350%2C200","width":350,"height":200,"srcset":"https:\/\/i0.wp.com\/blogdafeira.com.br\/home\/wp-content\/uploads\/2017\/08\/IMG_20170821_113134493-1024x576.jpg?resize=350%2C200 1x, https:\/\/i0.wp.com\/blogdafeira.com.br\/home\/wp-content\/uploads\/2017\/08\/IMG_20170821_113134493-1024x576.jpg?resize=525%2C300 1.5x, https:\/\/i0.wp.com\/blogdafeira.com.br\/home\/wp-content\/uploads\/2017\/08\/IMG_20170821_113134493-1024x576.jpg?resize=700%2C400 2x"},"classes":[]},{"id":27910,"url":"https:\/\/blogdafeira.com.br\/home\/2017\/08\/22\/roberto-tourinho-afasta-se-do-governo-ronaldo-agora-tem-oposicao-na-camara\/","url_meta":{"origin":25203,"position":4},"title":"Roberto Tourinho afasta-se do governo; Ronaldo agora tem oposi\u00e7\u00e3o na C\u00e2mara","author":"Blog da Feira","date":"22\/08\/2017","format":false,"excerpt":"Se o vereador Roberto Tourinho (PV) mantiver na pr\u00e1tica o que disse hoje, o prefeito de Feira, Jos\u00e9 Ronaldo (DEM), pode se preparar para enfrentar uma oposi\u00e7\u00e3o de verdade na C\u00e2mara de Vereadores. O vereador falou claramente na tribuna da Casa e depois a diversos rep\u00f3rteres que a posi\u00e7\u00e3o pol\u00edtica\u2026","rel":"","context":"Em &quot;Home&quot;","block_context":{"text":"Home","link":"https:\/\/blogdafeira.com.br\/home\/categoria\/raiz\/"},"img":{"alt_text":"img_20170822_095710958","src":"https:\/\/i0.wp.com\/blogdafeira.com.br\/home\/wp-content\/uploads\/2017\/08\/IMG_20170822_095710958-1024x567.jpg?resize=350%2C200","width":350,"height":200,"srcset":"https:\/\/i0.wp.com\/blogdafeira.com.br\/home\/wp-content\/uploads\/2017\/08\/IMG_20170822_095710958-1024x567.jpg?resize=350%2C200 1x, https:\/\/i0.wp.com\/blogdafeira.com.br\/home\/wp-content\/uploads\/2017\/08\/IMG_20170822_095710958-1024x567.jpg?resize=525%2C300 1.5x, https:\/\/i0.wp.com\/blogdafeira.com.br\/home\/wp-content\/uploads\/2017\/08\/IMG_20170822_095710958-1024x567.jpg?resize=700%2C400 2x"},"classes":[]},{"id":42512,"url":"https:\/\/blogdafeira.com.br\/home\/2020\/12\/15\/beto-tourinho-despede-se-da-camara-de-vereadores-de-feira\/","url_meta":{"origin":25203,"position":5},"title":"Beto Tourinho despede-se da C\u00e2mara de Vereadores de Feira","author":"Blog da Feira","date":"15\/12\/2020","format":false,"excerpt":"Ap\u00f3s sete mandatos, ou seja, mais de 30 anos como vereador, o advogado Roberto Tourinho (PSB) despede-se da C\u00e2mara Municipal Feira de Santana, onde chegou aos 24 anos de idade (atualmente est\u00e1 com 56). \"Aqui aprendemos todos os dias\", disse ele, hoje, ter\u00e7a-feira 24, na \u00faltima sess\u00e3o ordin\u00e1ria da atual\u2026","rel":"","context":"Em &quot;Home&quot;","block_context":{"text":"Home","link":"https:\/\/blogdafeira.com.br\/home\/categoria\/raiz\/"},"img":{"alt_text":"","src":"https:\/\/i0.wp.com\/blogdafeira.com.br\/home\/wp-content\/uploads\/2020\/12\/acorda-cidde..jpg?resize=350%2C200&ssl=1","width":350,"height":200,"srcset":"https:\/\/i0.wp.com\/blogdafeira.com.br\/home\/wp-content\/uploads\/2020\/12\/acorda-cidde..jpg?resize=350%2C200&ssl=1 1x, https:\/\/i0.wp.com\/blogdafeira.com.br\/home\/wp-content\/uploads\/2020\/12\/acorda-cidde..jpg?resize=525%2C300&ssl=1 1.5x"},"classes":[]}],"_links":{"self":[{"href":"https:\/\/blogdafeira.com.br\/home\/wp-json\/wp\/v2\/posts\/25203","targetHints":{"allow":["GET"]}}],"collection":[{"href":"https:\/\/blogdafeira.com.br\/home\/wp-json\/wp\/v2\/posts"}],"about":[{"href":"https:\/\/blogdafeira.com.br\/home\/wp-json\/wp\/v2\/types\/post"}],"author":[{"embeddable":true,"href":"https:\/\/blogdafeira.com.br\/home\/wp-json\/wp\/v2\/users\/1"}],"replies":[{"embeddable":true,"href":"https:\/\/blogdafeira.com.br\/home\/wp-json\/wp\/v2\/comments?post=25203"}],"version-history":[{"count":1,"href":"https:\/\/blogdafeira.com.br\/home\/wp-json\/wp\/v2\/posts\/25203\/revisions"}],"predecessor-version":[{"id":25204,"href":"https:\/\/blogdafeira.com.br\/home\/wp-json\/wp\/v2\/posts\/25203\/revisions\/25204"}],"wp:attachment":[{"href":"https:\/\/blogdafeira.com.br\/home\/wp-json\/wp\/v2\/media?parent=25203"}],"wp:term":[{"taxonomy":"category","embeddable":true,"href":"https:\/\/blogdafeira.com.br\/home\/wp-json\/wp\/v2\/categories?post=25203"},{"taxonomy":"post_tag","embeddable":true,"href":"https:\/\/blogdafeira.com.br\/home\/wp-json\/wp\/v2\/tags?post=25203"}],"curies":[{"name":"wp","href":"https:\/\/api.w.org\/{rel}","templated":true}]}}