{"id":25483,"date":"2017-01-20T23:28:47","date_gmt":"2017-01-21T02:28:47","guid":{"rendered":"http:\/\/blogdafeira.com.br\/home\/?p=25483"},"modified":"2017-01-20T23:28:47","modified_gmt":"2017-01-21T02:28:47","slug":"internet-facilita-o-recadastramento-da-meia-passagem-em-feira-de-santana","status":"publish","type":"post","link":"https:\/\/blogdafeira.com.br\/home\/2017\/01\/20\/internet-facilita-o-recadastramento-da-meia-passagem-em-feira-de-santana\/","title":{"rendered":"Internet facilita o recadastramento da meia passagem em Feira de Santana"},"content":{"rendered":"<p><img loading=\"lazy\" decoding=\"async\" class=\"aligncenter size-full wp-image-25484\" src=\"http:\/\/blogdafeira.com.br\/home\/wp-content\/uploads\/2017\/01\/RECADASTRO-ESTUDANTIL.jpg\" alt=\"recadastro-estudantil\" width=\"800\" height=\"387\" srcset=\"https:\/\/blogdafeira.com.br\/home\/wp-content\/uploads\/2017\/01\/RECADASTRO-ESTUDANTIL.jpg 800w, https:\/\/blogdafeira.com.br\/home\/wp-content\/uploads\/2017\/01\/RECADASTRO-ESTUDANTIL-170x82.jpg 170w, https:\/\/blogdafeira.com.br\/home\/wp-content\/uploads\/2017\/01\/RECADASTRO-ESTUDANTIL-346x167.jpg 346w, https:\/\/blogdafeira.com.br\/home\/wp-content\/uploads\/2017\/01\/RECADASTRO-ESTUDANTIL-768x372.jpg 768w\" sizes=\"auto, (max-width: 800px) 100vw, 800px\" \/><\/p>\n<div id=\"blogd-716046268\" class=\"blogd-fim-do-post-mobile blogd-entity-placement\" style=\"margin-left: auto;margin-right: auto;text-align: center;\"><a href=\"https:\/\/www.sefaz.feiradesantana.ba.gov.br\/\" target=\"_blank\" aria-label=\"728&#215;90 (6)\"><img loading=\"lazy\" decoding=\"async\" src=\"https:\/\/blogdafeira.com.br\/home\/wp-content\/uploads\/2026\/03\/728x90-6.gif\" alt=\"\"  class=\"no-lazyload\" width=\"728\" height=\"90\"  style=\"display: inline-block;\" \/><\/a><\/div><p>O recadastro da meia passagem estudantil 2017 em Feira de Santana que ocorre desde o dia 27 de dezembro do ano passado, j\u00e1 contabilizou mais de 2 mil alunos que j\u00e1 possu\u00edam o cart\u00e3o Via Feira. Em todo o ano de 2016, foram realizados 39 mil cadastros.<\/p><div id=\"blogd-2483952804\" class=\"blogd-conteudo-2-mobile blogd-entity-placement\"><a href=\"https:\/\/feirenses.com.br\/\" target=\"_blank\" aria-label=\"feirenses\"><img loading=\"lazy\" decoding=\"async\" src=\"https:\/\/blogdafeira.com.br\/home\/wp-content\/uploads\/2026\/04\/feirenses.png\" alt=\"\"  srcset=\"https:\/\/blogdafeira.com.br\/home\/wp-content\/uploads\/2026\/04\/feirenses.png 300w, https:\/\/blogdafeira.com.br\/home\/wp-content\/uploads\/2026\/04\/feirenses-170x45.png 170w, https:\/\/blogdafeira.com.br\/home\/wp-content\/uploads\/2026\/04\/feirenses-280x74.png 280w\" sizes=\"(max-width: 300px) 100vw, 300px\" class=\"no-lazyload\" width=\"300\" height=\"79\"  style=\"display: inline-block;\" \/><\/a><\/div>\n<p>O cart\u00e3o n\u00e3o recadastrado poder\u00e1 recarregar seu cr\u00e9dito at\u00e9 31 de mar\u00e7o deste ano, e somente poder\u00e1 realizar novas cargas se efetivar o seu recadastro, podendo ser utilizado sem qualquer preju\u00edzo enquanto tiver cr\u00e9ditos.<\/p>\n<p>Os novos estudantes que pretendem adquirir o cart\u00e3o, devem se dirigir \u00e0 sede da Via Feira munidos de seus documentos pessoais, e comprovante de matr\u00edcula do ano letivo de 2017 para fazer o cadastramento com biometria facial, que serve para evitar o uso indevido no momento do registro do d\u00e9bito da passagem.<\/p>\n<p>Para o estudante que j\u00e1 tem o cart\u00e3o e pretende fazer o recadastramento, deve acessar o site da Via Feira,\u00a0<a href=\"http:\/\/www.viafeira.com.br\/\">www.viafeira.com.br<\/a>, e ter em m\u00e3os o comprovante de matr\u00edcula original referente ao ano letivo de 2017 e documentos pessoais.<\/p>\n<p>Ap\u00f3s a conclus\u00e3o do processo, o estudante receber\u00e1 um protocolo que dever\u00e1 ser anotado no verso do comprovante de matr\u00edcula.<\/p>\n<p>Este comprovante de matr\u00edcula deve ser entregue em um dos pontos de coleta, que s\u00e3o os terminais de transbordo central, sul e norte, ou na sede da Via Feira, localizada na Rua Osvaldo Cruz, n\u00ba 165, bairro Kalil\u00e2ndia.<\/p>\n<p>A confirma\u00e7\u00e3o da revalida\u00e7\u00e3o ocorrer\u00e1 em um prazo de at\u00e9 cinco dias, a contar da data da entrega do comprovante de matr\u00edcula no ponto de coleta.<\/p>\n<p>Os terminais funcionam das cinco horas da manh\u00e3 \u00e0 meia noite todos os dias, inclusive nos finais de semana. E a sede da Via Feira, funciona de segunda a sexta feira, das sete horas da manh\u00e3 \u00e0s cinco da tarde.<\/p>\n<p>Para mais informa\u00e7\u00f5es, acesse:<\/p>\n<div id=\"blogd-426576163\" class=\"blogd-final-post blogd-entity-placement\"><a href=\"https:\/\/www.feiradesantana.ba.leg.br\/\" target=\"_blank\" aria-label=\"BANNER-SITE-ENTREGADECHEQUE-CAMARADEFEIRA\"><img loading=\"lazy\" decoding=\"async\" src=\"https:\/\/blogdafeira.com.br\/home\/wp-content\/uploads\/2026\/03\/BANNER-SITE-ENTREGADECHEQUE-CAMARADEFEIRA.gif\" alt=\"\"  class=\"no-lazyload\" width=\"728\" height=\"90\"   \/><\/a><\/div><p><a href=\"http:\/\/www.viafeira.com.br\/recadastramento\">http:\/\/www.viafeira.com.br\/recadastramento<\/a><\/p>\n","protected":false},"excerpt":{"rendered":"<p>O recadastro da meia passagem estudantil 2017 em Feira de Santana que ocorre desde o dia 27 de dezembro do ano passado, j\u00e1 contabilizou mais de 2 mil alunos que j\u00e1 possu\u00edam o cart\u00e3o Via Feira. Em todo o ano de 2016, foram realizados 39 mil cadastros. O cart\u00e3o n\u00e3o recadastrado poder\u00e1 recarregar seu cr\u00e9dito<\/p>\n","protected":false},"author":1,"featured_media":0,"comment_status":"closed","ping_status":"closed","sticky":false,"template":"","format":"standard","meta":{"jetpack_post_was_ever_published":false,"cybocfi_hide_featured_image":"","_jetpack_newsletter_access":"","_jetpack_dont_email_post_to_subs":false,"_jetpack_newsletter_tier_id":0,"_jetpack_memberships_contains_paywalled_content":false,"_jetpack_memberships_contains_paid_content":false,"footnotes":"","jetpack_publicize_message":"","jetpack_publicize_feature_enabled":true,"jetpack_social_post_already_shared":true,"jetpack_social_options":{"image_generator_settings":{"template":"highway","default_image_id":0,"font":"","enabled":false},"version":2}},"categories":[1],"tags":[],"class_list":["post-25483","post","type-post","status-publish","format-standard","hentry","category-raiz"],"jetpack_publicize_connections":[],"jetpack_featured_media_url":"","jetpack_shortlink":"https:\/\/wp.me\/p3niVf-6D1","jetpack_sharing_enabled":true,"jetpack-related-posts":[{"id":61406,"url":"https:\/\/blogdafeira.com.br\/home\/2024\/03\/02\/estudantes-devem-revalidar-o-cartao-via-feira-ate-31-de-marco\/","url_meta":{"origin":25483,"position":0},"title":"Estudantes devem revalidar o cart\u00e3o Via Feira at\u00e9 31 de mar\u00e7o","author":"Blog da Feira","date":"02\/03\/2024","format":false,"excerpt":"Os estudantes de Feira de Santana j\u00e1 podem revalidar o cart\u00e3o Via Feira para continuar com direito a meia-passagem no transporte p\u00fablico. Para isso, devem acessar o site\u00a0viafeira.com.br\u00a0- at\u00e9 31 de mar\u00e7o - e realizar o procedimento de forma on-line sem precisar ir at\u00e9 o posto de atendimento. Em menos\u2026","rel":"","context":"Em &quot;Geral&quot;","block_context":{"text":"Geral","link":"https:\/\/blogdafeira.com.br\/home\/categoria\/geral\/"},"img":{"alt_text":"","src":"https:\/\/i0.wp.com\/blogdafeira.com.br\/home\/wp-content\/uploads\/2024\/03\/Screenshot_20240302-134341.png?resize=350%2C200&ssl=1","width":350,"height":200,"srcset":"https:\/\/i0.wp.com\/blogdafeira.com.br\/home\/wp-content\/uploads\/2024\/03\/Screenshot_20240302-134341.png?resize=350%2C200&ssl=1 1x, https:\/\/i0.wp.com\/blogdafeira.com.br\/home\/wp-content\/uploads\/2024\/03\/Screenshot_20240302-134341.png?resize=525%2C300&ssl=1 1.5x, https:\/\/i0.wp.com\/blogdafeira.com.br\/home\/wp-content\/uploads\/2024\/03\/Screenshot_20240302-134341.png?resize=700%2C400&ssl=1 2x, https:\/\/i0.wp.com\/blogdafeira.com.br\/home\/wp-content\/uploads\/2024\/03\/Screenshot_20240302-134341.png?resize=1050%2C600&ssl=1 3x"},"classes":[]},{"id":8820,"url":"https:\/\/blogdafeira.com.br\/home\/2014\/01\/31\/recadastramento-do-passe-livre-em-feira-comeca-dia-10-na-smtt\/","url_meta":{"origin":25483,"position":1},"title":"Recadastramento do Passe Livre em Feira come\u00e7a dia 10 na SMTT","author":"Blog da Feira","date":"31\/01\/2014","format":false,"excerpt":"O recadastramento do cart\u00e3o \u201cPasse Livre\u201d em Feira de Santana, benef\u00edcio que garante a pessoas com defici\u00eancia e idosos acesso ao transporte p\u00fablico gratuitamente, ser\u00e1 iniciado no dia 10 de fevereiro, com encerramento previsto para o dia 10 de maio. Est\u00e1 obrigado a fazer o recadastramento quem n\u00e3o fez no\u2026","rel":"","context":"Em &quot;Home&quot;","block_context":{"text":"Home","link":"https:\/\/blogdafeira.com.br\/home\/categoria\/raiz\/"},"img":{"alt_text":"","src":"","width":0,"height":0},"classes":[]},{"id":66398,"url":"https:\/\/blogdafeira.com.br\/home\/2025\/03\/28\/estudante-tem-ate-segunda-feira31-para-revalidar-cartao-de-passageiro-via-feira\/","url_meta":{"origin":25483,"position":2},"title":"Estudantes t\u00eam at\u00e9 segunda-feira,31, para revalidar cart\u00e3o de passageiro Via Feira","author":"Blog da Feira","date":"28\/03\/2025","format":false,"excerpt":"Com encerramento nesta segunda-feira (31), mais de 7 mil estudantes de Feira de Santana ainda n\u00e3o revalidaram o Cart\u00e3o Via Feira, que garante 50% de desconto no transporte p\u00fablico. Quem n\u00e3o fizer a atualiza\u00e7\u00e3o perder\u00e1 o benef\u00edcio j\u00e1 no dia seguinte, 1\u00ba de abril. O alerta \u00e9 do secret\u00e1rio de\u2026","rel":"","context":"Em &quot;Geral&quot;","block_context":{"text":"Geral","link":"https:\/\/blogdafeira.com.br\/home\/categoria\/geral\/"},"img":{"alt_text":"","src":"https:\/\/i0.wp.com\/blogdafeira.com.br\/home\/wp-content\/uploads\/2025\/03\/28032025172358.jpg?resize=350%2C200&ssl=1","width":350,"height":200,"srcset":"https:\/\/i0.wp.com\/blogdafeira.com.br\/home\/wp-content\/uploads\/2025\/03\/28032025172358.jpg?resize=350%2C200&ssl=1 1x, https:\/\/i0.wp.com\/blogdafeira.com.br\/home\/wp-content\/uploads\/2025\/03\/28032025172358.jpg?resize=525%2C300&ssl=1 1.5x, https:\/\/i0.wp.com\/blogdafeira.com.br\/home\/wp-content\/uploads\/2025\/03\/28032025172358.jpg?resize=700%2C400&ssl=1 2x, https:\/\/i0.wp.com\/blogdafeira.com.br\/home\/wp-content\/uploads\/2025\/03\/28032025172358.jpg?resize=1050%2C600&ssl=1 3x"},"classes":[]},{"id":28593,"url":"https:\/\/blogdafeira.com.br\/home\/2017\/11\/16\/instituto-de-previdencia-de-feira-prorroga-prazo-de-recadastramento-dos-aposentados\/","url_meta":{"origin":25483,"position":3},"title":"Instituto de Previd\u00eancia de Feira prorroga prazo de recadastramento dos aposentados","author":"Blog da Feira","date":"16\/11\/2017","format":false,"excerpt":"O IPFS (Instituto de Previd\u00eancia de Feira de Santana) prorrogou o recadastramento de aposentados e pensionistas at\u00e9 o dia 27. A prova de vida estava prevista para ser encerrada no dia 10 deste m\u00eas. A prorroga\u00e7\u00e3o est\u00e1 relacionada \u00e0s condi\u00e7\u00f5es f\u00edsicas dos benefici\u00e1rios. Nem todos est\u00e3o em condi\u00e7\u00f5es de ir.\u2026","rel":"","context":"Em &quot;Home&quot;","block_context":{"text":"Home","link":"https:\/\/blogdafeira.com.br\/home\/categoria\/raiz\/"},"img":{"alt_text":"16112017090459","src":"https:\/\/i0.wp.com\/blogdafeira.com.br\/home\/wp-content\/uploads\/2017\/11\/16112017090459.jpg?resize=350%2C200","width":350,"height":200,"srcset":"https:\/\/i0.wp.com\/blogdafeira.com.br\/home\/wp-content\/uploads\/2017\/11\/16112017090459.jpg?resize=350%2C200 1x, https:\/\/i0.wp.com\/blogdafeira.com.br\/home\/wp-content\/uploads\/2017\/11\/16112017090459.jpg?resize=525%2C300 1.5x"},"classes":[]},{"id":6059,"url":"https:\/\/blogdafeira.com.br\/home\/2013\/11\/13\/ze-neto-diz-que-prefeitura-de-feira-deve-recadastrar-o-minha-casa-minha-vida\/","url_meta":{"origin":25483,"position":4},"title":"Z\u00e9 Neto diz que Prefeitura de Feira deve recadastrar o &#8216;Minha Casa Minha Vida\u00b4&#8217;","author":"Blog da Feira","date":"13\/11\/2013","format":false,"excerpt":"Com rela\u00e7\u00e3o \u00e0 den\u00fancia de fraude \u00a0envolvendo o Programa Minha Casa Minha Vida, divulgadas no jornal Folha do Estado, o deputado e l\u00edder do governo Wagner, Z\u00e9 Neto, disse que a Prefeitura de Feira \u2018precisa fazer um recadastramento\u2019. \u2018Um recadastramento urgente, um pente fino mesmo, para saber onde est\u00e3o estas\u2026","rel":"","context":"Em &quot;Home&quot;","block_context":{"text":"Home","link":"https:\/\/blogdafeira.com.br\/home\/categoria\/raiz\/"},"img":{"alt_text":"Z\u00e9 Neto entrega a chave simb\u00f3lica no Residencial Vida Nova Avi\u00e1rio III em maio deste ano","src":"https:\/\/i0.wp.com\/blogdafeira.com.br\/home\/wp-content\/uploads\/2013\/11\/Z%C3%A9-Neto-entrega-a-chave-simb%C3%B3lica-no-Residencial-Vida-Nova-Avi%C3%A1rio-III-em-maio-deste-ano-346x229.jpg?resize=350%2C200","width":350,"height":200},"classes":[]},{"id":18451,"url":"https:\/\/blogdafeira.com.br\/home\/2015\/12\/18\/empresas-recuam-e-vale-estudantil-sera-aceito-nas-ferias-em-feira\/","url_meta":{"origin":25483,"position":5},"title":"Empresas recuam e vale estudantil ser\u00e1 aceito nas f\u00e9rias em Feira","author":"Blog da Feira","date":"18\/12\/2015","format":false,"excerpt":"Os 272 \u00f4nibus que comp\u00f5em a nova frota do transporte p\u00fablico urbano de feira de Santana come\u00e7am a circular na primeira quinzena de janeiro. Durante os primeiros 30 dias os usu\u00e1rios ainda poder\u00e3o usar o vale transporte de papel. Depois desse per\u00edodo ser\u00e1 aceito apenas bilhetagem eletr\u00f4nica.\u00a0Para os estudantes, nenhuma\u2026","rel":"","context":"Em &quot;Home&quot;","block_context":{"text":"Home","link":"https:\/\/blogdafeira.com.br\/home\/categoria\/raiz\/"},"img":{"alt_text":"","src":"","width":0,"height":0},"classes":[]}],"_links":{"self":[{"href":"https:\/\/blogdafeira.com.br\/home\/wp-json\/wp\/v2\/posts\/25483","targetHints":{"allow":["GET"]}}],"collection":[{"href":"https:\/\/blogdafeira.com.br\/home\/wp-json\/wp\/v2\/posts"}],"about":[{"href":"https:\/\/blogdafeira.com.br\/home\/wp-json\/wp\/v2\/types\/post"}],"author":[{"embeddable":true,"href":"https:\/\/blogdafeira.com.br\/home\/wp-json\/wp\/v2\/users\/1"}],"replies":[{"embeddable":true,"href":"https:\/\/blogdafeira.com.br\/home\/wp-json\/wp\/v2\/comments?post=25483"}],"version-history":[{"count":1,"href":"https:\/\/blogdafeira.com.br\/home\/wp-json\/wp\/v2\/posts\/25483\/revisions"}],"predecessor-version":[{"id":25485,"href":"https:\/\/blogdafeira.com.br\/home\/wp-json\/wp\/v2\/posts\/25483\/revisions\/25485"}],"wp:attachment":[{"href":"https:\/\/blogdafeira.com.br\/home\/wp-json\/wp\/v2\/media?parent=25483"}],"wp:term":[{"taxonomy":"category","embeddable":true,"href":"https:\/\/blogdafeira.com.br\/home\/wp-json\/wp\/v2\/categories?post=25483"},{"taxonomy":"post_tag","embeddable":true,"href":"https:\/\/blogdafeira.com.br\/home\/wp-json\/wp\/v2\/tags?post=25483"}],"curies":[{"name":"wp","href":"https:\/\/api.w.org\/{rel}","templated":true}]}}