{"id":26107,"date":"2017-03-20T05:56:36","date_gmt":"2017-03-20T08:56:36","guid":{"rendered":"http:\/\/blogdafeira.com.br\/home\/?p=26107"},"modified":"2017-03-20T06:01:06","modified_gmt":"2017-03-20T09:01:06","slug":"ronaldo-reage-ao-desgaste-do-desperdicio-com-video-no-tunel-e-plantio-na-gabriela","status":"publish","type":"post","link":"https:\/\/blogdafeira.com.br\/home\/2017\/03\/20\/ronaldo-reage-ao-desgaste-do-desperdicio-com-video-no-tunel-e-plantio-na-gabriela\/","title":{"rendered":"Ronaldo reage ao desgaste do desperd\u00edcio com v\u00eddeo no t\u00fanel e plantio na Gabriela"},"content":{"rendered":"<p><img loading=\"lazy\" decoding=\"async\" class=\"aligncenter size-full wp-image-26106\" src=\"http:\/\/blogdafeira.com.br\/home\/wp-content\/uploads\/2017\/03\/FB_IMG_1489999288136.jpg\" alt=\"fb_img_1489999288136\" width=\"960\" height=\"720\" srcset=\"https:\/\/blogdafeira.com.br\/home\/wp-content\/uploads\/2017\/03\/FB_IMG_1489999288136.jpg 960w, https:\/\/blogdafeira.com.br\/home\/wp-content\/uploads\/2017\/03\/FB_IMG_1489999288136-170x128.jpg 170w, https:\/\/blogdafeira.com.br\/home\/wp-content\/uploads\/2017\/03\/FB_IMG_1489999288136-346x260.jpg 346w, https:\/\/blogdafeira.com.br\/home\/wp-content\/uploads\/2017\/03\/FB_IMG_1489999288136-768x576.jpg 768w\" sizes=\"auto, (max-width: 960px) 100vw, 960px\" \/><\/p>\n<div id=\"blogd-2002819068\" class=\"blogd-fim-do-post-mobile blogd-entity-placement\" style=\"margin-left: auto;margin-right: auto;text-align: center;\"><a href=\"https:\/\/www.sefaz.feiradesantana.ba.gov.br\/\" target=\"_blank\" aria-label=\"728&#215;90 (6)\"><img loading=\"lazy\" decoding=\"async\" src=\"https:\/\/blogdafeira.com.br\/home\/wp-content\/uploads\/2026\/03\/728x90-6.gif\" alt=\"\"  class=\"no-lazyload\" width=\"728\" height=\"90\"  style=\"display: inline-block;\" \/><\/a><\/div><p>O prefeito de Feira de Santana, Jos\u00e9 Ronaldo (DEM), reagiu de maneira indireta nesse fim de semana ao desgaste que seu governo sofre principalmente \u00a0na \u00e1rea ambiental com a propor\u00e7\u00e3o que tomou o caso do desperd\u00edcio provocado pela drenagem das \u00e1guas da obra do BRT que est\u00e3o sendo jogadas periodicamente em uma avenida central da cidade.<\/p><div id=\"blogd-579265423\" class=\"blogd-conteudo-2-mobile blogd-entity-placement\"><a href=\"https:\/\/feirenses.com.br\/\" target=\"_blank\" aria-label=\"feirenses\"><img loading=\"lazy\" decoding=\"async\" src=\"https:\/\/blogdafeira.com.br\/home\/wp-content\/uploads\/2026\/04\/feirenses.png\" alt=\"\"  srcset=\"https:\/\/blogdafeira.com.br\/home\/wp-content\/uploads\/2026\/04\/feirenses.png 300w, https:\/\/blogdafeira.com.br\/home\/wp-content\/uploads\/2026\/04\/feirenses-170x45.png 170w, https:\/\/blogdafeira.com.br\/home\/wp-content\/uploads\/2026\/04\/feirenses-280x74.png 280w\" sizes=\"(max-width: 300px) 100vw, 300px\" class=\"no-lazyload\" width=\"300\" height=\"79\"  style=\"display: inline-block;\" \/><\/a><\/div>\n<p>Primeiro o Prefeito de Feira gravou um v\u00eddeo quase dentro do t\u00fanel da avenida Jo\u00e3o Durval, justificando e elogiando as obras do BRT (<strong><a href=\"https:\/\/www.facebook.com\/JoseRonaldo25\/?fref=ts\">veja v\u00eddeo clique aqui.)<\/a><\/strong><\/p>\n<p>Ontem, domingo, o Prefeito se deixou fotografar plantando \u00e1rvores em antiga fonte de \u00e1gua no bairro da Gabriela e postou no facebook:<\/p>\n<div id=\"blogd-3154482450\" class=\"blogd-final-post blogd-entity-placement\"><a href=\"https:\/\/www.feiradesantana.ba.leg.br\/\" target=\"_blank\" aria-label=\"BANNER-SITE-ENTREGADECHEQUE-CAMARADEFEIRA\"><img loading=\"lazy\" decoding=\"async\" src=\"https:\/\/blogdafeira.com.br\/home\/wp-content\/uploads\/2026\/03\/BANNER-SITE-ENTREGADECHEQUE-CAMARADEFEIRA.gif\" alt=\"\"  class=\"no-lazyload\" width=\"728\" height=\"90\"   \/><\/a><\/div><p><em>&#8220;Na manh\u00e3 deste domingo participei da planta\u00e7\u00e3o de \u00e1rvores &#8211; foram 20 mudas inicialmente &#8211; para a preserva\u00e7\u00e3o da nascente da Fonte dos Milagres, no bairro Gabriela, junto com moradores&#8221;.<\/em><\/p>\n","protected":false},"excerpt":{"rendered":"<p>O prefeito de Feira de Santana, Jos\u00e9 Ronaldo (DEM), reagiu de maneira indireta nesse fim de semana ao desgaste que seu governo sofre principalmente \u00a0na \u00e1rea ambiental com a propor\u00e7\u00e3o que tomou o caso do desperd\u00edcio provocado pela drenagem das \u00e1guas da obra do BRT que est\u00e3o sendo jogadas periodicamente em uma avenida central da<\/p>\n","protected":false},"author":1,"featured_media":0,"comment_status":"closed","ping_status":"closed","sticky":false,"template":"","format":"standard","meta":{"jetpack_post_was_ever_published":false,"cybocfi_hide_featured_image":"","_jetpack_newsletter_access":"","_jetpack_dont_email_post_to_subs":true,"_jetpack_newsletter_tier_id":0,"_jetpack_memberships_contains_paywalled_content":false,"_jetpack_memberships_contains_paid_content":false,"footnotes":"","jetpack_publicize_message":"","jetpack_publicize_feature_enabled":true,"jetpack_social_post_already_shared":true,"jetpack_social_options":{"image_generator_settings":{"template":"highway","default_image_id":0,"font":"","enabled":false},"version":2}},"categories":[1],"tags":[],"class_list":["post-26107","post","type-post","status-publish","format-standard","hentry","category-raiz"],"jetpack_publicize_connections":[],"jetpack_featured_media_url":"","jetpack_shortlink":"https:\/\/wp.me\/p3niVf-6N5","jetpack_sharing_enabled":true,"jetpack-related-posts":[{"id":24754,"url":"https:\/\/blogdafeira.com.br\/home\/2016\/12\/03\/radialista-fez-video-na-madrugada-mostrando-desperdicio-de-agua-em-feira\/","url_meta":{"origin":26107,"position":0},"title":"Radialista fez v\u00eddeo na madrugada mostrando desperd\u00edcio de \u00e1gua em Feira","author":"Blog da Feira","date":"03\/12\/2016","format":false,"excerpt":"O rep\u00f3rter \u00a0Edvaldinho Peixoto fez um v\u00eddeo \u00e0s primeiras horas da madrugada de quinta-feira, dia 1\u00ba de dezembro, mostrando a \u00e1gua drenada do len\u00e7ol fre\u00e1tico e despejada no cruzamento das avenidas Presidente Dutra e Maria Quit\u00e9ria, no centro de Feira de Santana. No v\u00eddeo divulgado pelo facebook e \u00a0intitulado 'Tome-lhe\u2026","rel":"","context":"Em &quot;Home&quot;","block_context":{"text":"Home","link":"https:\/\/blogdafeira.com.br\/home\/categoria\/raiz\/"},"img":{"alt_text":"edvaldinhjo-peixoto","src":"https:\/\/i0.wp.com\/blogdafeira.com.br\/home\/wp-content\/uploads\/2016\/12\/edvaldinhjo-peixoto-346x271.jpg?resize=350%2C200","width":350,"height":200},"classes":[]},{"id":24293,"url":"https:\/\/blogdafeira.com.br\/home\/2016\/11\/14\/desperdicio-de-agua-em-plena-avenida-e-uma-vergonha-para-feira-de-santana\/","url_meta":{"origin":26107,"position":1},"title":"Desperd\u00edcio de \u00e1gua em plena avenida \u00e9 uma vergonha para Feira de Santana","author":"Blog da Feira","date":"14\/11\/2016","format":false,"excerpt":"A foto \u00e9 do rep\u00f3rter Ed Santos, do programa de radiojornalismo Acorda Cidade, onde o secret\u00e1rio de Planejamento de Feira de Santana, o contabilista Carlos Brito, justificou como \"normal\" a \u00e1gua do len\u00e7ol fre\u00e1tico sendo jogada em plena avenida Presidente Dutra, no centro da cidade. A \u00e1gua \u00e9 proveniente do\u2026","rel":"","context":"Em &quot;Distritos&quot;","block_context":{"text":"Distritos","link":"https:\/\/blogdafeira.com.br\/home\/categoria\/distritos\/"},"img":{"alt_text":"fb_img_1479136197387","src":"https:\/\/i0.wp.com\/blogdafeira.com.br\/home\/wp-content\/uploads\/2016\/11\/FB_IMG_1479136197387.jpg?resize=350%2C200","width":350,"height":200,"srcset":"https:\/\/i0.wp.com\/blogdafeira.com.br\/home\/wp-content\/uploads\/2016\/11\/FB_IMG_1479136197387.jpg?resize=350%2C200 1x, https:\/\/i0.wp.com\/blogdafeira.com.br\/home\/wp-content\/uploads\/2016\/11\/FB_IMG_1479136197387.jpg?resize=525%2C300 1.5x"},"classes":[]},{"id":19636,"url":"https:\/\/blogdafeira.com.br\/home\/2016\/02\/21\/lencol-freatico-ameaca-construcao-de-tunel-no-centro-de-feira\/","url_meta":{"origin":26107,"position":2},"title":"Len\u00e7ol fre\u00e1tico amea\u00e7a constru\u00e7\u00e3o de &#8216;t\u00fanel&#8217; no centro de Feira","author":"Blog da Feira","date":"21\/02\/2016","format":false,"excerpt":"A\u00a0Justi\u00e7a Federal n\u00e3o \u00e9 a \u00fanica 'pedra no meio do caminho' do projeto de BRT para Feira de Santana elaborado pela equipe de governo do prefeito Jos\u00e9 Ronaldo (DEM), que est\u00e1 encerrando o terceiro mandato como Prefeito de Feira. Um len\u00e7ol fre\u00e1tico ( len\u00e7ol de \u00e1gua subterr\u00e2neo situado em n\u00edvel\u2026","rel":"","context":"Em &quot;Home&quot;","block_context":{"text":"Home","link":"https:\/\/blogdafeira.com.br\/home\/categoria\/raiz\/"},"img":{"alt_text":"CYXZS1vWYAQXssx","src":"https:\/\/i0.wp.com\/blogdafeira.com.br\/home\/wp-content\/uploads\/2016\/01\/CYXZS1vWYAQXssx.jpg?resize=350%2C200","width":350,"height":200,"srcset":"https:\/\/i0.wp.com\/blogdafeira.com.br\/home\/wp-content\/uploads\/2016\/01\/CYXZS1vWYAQXssx.jpg?resize=350%2C200 1x, https:\/\/i0.wp.com\/blogdafeira.com.br\/home\/wp-content\/uploads\/2016\/01\/CYXZS1vWYAQXssx.jpg?resize=525%2C300 1.5x"},"classes":[]},{"id":21713,"url":"https:\/\/blogdafeira.com.br\/home\/2016\/05\/23\/tunel-do-brt-de-feira-ja-atingiu-o-lencol-freatico-na-av-maria-quiteria\/","url_meta":{"origin":26107,"position":3},"title":"T\u00fanel do BRT de Feira j\u00e1 atingiu o len\u00e7ol fre\u00e1tico na Av. Maria Quit\u00e9ria","author":"Blog da Feira","date":"23\/05\/2016","format":false,"excerpt":"O vereador Beldes Ramos (PT) mostrou em um v\u00eddeo (clique aqui)\u00a0divulgado no final de semana que o len\u00e7ol fre\u00e1tico j\u00e1 foi atingido pela obra de constru\u00e7\u00e3o do t\u00fanel do BRT de Feira de Santana no cruzamento da avenida Maria Quit\u00e9ria com a Get\u00falio Vargas. Acompanhado do engenheiro Bruno Sodr\u00e9, um\u2026","rel":"","context":"Em &quot;Home&quot;","block_context":{"text":"Home","link":"https:\/\/blogdafeira.com.br\/home\/categoria\/raiz\/"},"img":{"alt_text":"andre lacerdfa fotos maria","src":"https:\/\/i0.wp.com\/blogdafeira.com.br\/home\/wp-content\/uploads\/2016\/05\/andre-lacerdfa-fotos-maria.jpg?resize=350%2C200","width":350,"height":200},"classes":[]},{"id":14602,"url":"https:\/\/blogdafeira.com.br\/home\/2015\/04\/16\/ronaldo-lanca-20o-pacote-de-obras-para-feira-em-meio-a-desgaste-com-brt-na-getulio\/","url_meta":{"origin":26107,"position":4},"title":"Ronaldo lan\u00e7a 20\u00ba \u2018pacote de obras\u2019 para Feira em meio a desgaste com BRT na Get\u00falio","author":"Blog da Feira","date":"16\/04\/2015","format":false,"excerpt":"Com o governo desgastado sob a press\u00e3o da opini\u00e3o p\u00fablica contra\u00a0o projeto do BRT que vai descaracterizar a atual avenida Get\u00falio Vargas, o prefeito de Feira de Santana, Jos\u00e9 Ronaldo, anunciou nesta manh\u00e3 mais um \u2018pacote de obras\u2019 (o 20\u00ba dos tr\u00eas mandatos de Ronaldo) or\u00e7ado em torno de 28\u2026","rel":"","context":"Em &quot;Home&quot;","block_context":{"text":"Home","link":"https:\/\/blogdafeira.com.br\/home\/categoria\/raiz\/"},"img":{"alt_text":"brito SORRI","src":"https:\/\/i0.wp.com\/blogdafeira.com.br\/home\/wp-content\/uploads\/2015\/04\/brito-SORRI.jpg?resize=350%2C200","width":350,"height":200},"classes":[]},{"id":16233,"url":"https:\/\/blogdafeira.com.br\/home\/2015\/08\/19\/ronaldo-apressa-obras-para-escavar-tunel-em-feira\/","url_meta":{"origin":26107,"position":5},"title":"Ronaldo apressa obras para escavar t\u00fanel em Feira","author":"Blog da Feira","date":"19\/08\/2015","format":false,"excerpt":"Depois de ter anunciado que as obras do BRT de Feira de Santana come\u00e7ariam no centro da cidade somente em setembro (leia aqui),\u00a0o Prefeito Jos\u00e9 Ronaldo (DEM) divulgou oficialmente o come\u00e7o dessas obras para a pr\u00f3xima ter\u00e7a-feira. Nesse dia os oper\u00e1rios v\u00e3o come\u00e7ar os trabalhos para a escava\u00e7\u00e3o de um\u2026","rel":"","context":"Em &quot;Home&quot;","block_context":{"text":"Home","link":"https:\/\/blogdafeira.com.br\/home\/categoria\/raiz\/"},"img":{"alt_text":"","src":"","width":0,"height":0},"classes":[]}],"_links":{"self":[{"href":"https:\/\/blogdafeira.com.br\/home\/wp-json\/wp\/v2\/posts\/26107","targetHints":{"allow":["GET"]}}],"collection":[{"href":"https:\/\/blogdafeira.com.br\/home\/wp-json\/wp\/v2\/posts"}],"about":[{"href":"https:\/\/blogdafeira.com.br\/home\/wp-json\/wp\/v2\/types\/post"}],"author":[{"embeddable":true,"href":"https:\/\/blogdafeira.com.br\/home\/wp-json\/wp\/v2\/users\/1"}],"replies":[{"embeddable":true,"href":"https:\/\/blogdafeira.com.br\/home\/wp-json\/wp\/v2\/comments?post=26107"}],"version-history":[{"count":8,"href":"https:\/\/blogdafeira.com.br\/home\/wp-json\/wp\/v2\/posts\/26107\/revisions"}],"predecessor-version":[{"id":26115,"href":"https:\/\/blogdafeira.com.br\/home\/wp-json\/wp\/v2\/posts\/26107\/revisions\/26115"}],"wp:attachment":[{"href":"https:\/\/blogdafeira.com.br\/home\/wp-json\/wp\/v2\/media?parent=26107"}],"wp:term":[{"taxonomy":"category","embeddable":true,"href":"https:\/\/blogdafeira.com.br\/home\/wp-json\/wp\/v2\/categories?post=26107"},{"taxonomy":"post_tag","embeddable":true,"href":"https:\/\/blogdafeira.com.br\/home\/wp-json\/wp\/v2\/tags?post=26107"}],"curies":[{"name":"wp","href":"https:\/\/api.w.org\/{rel}","templated":true}]}}