{"id":26434,"date":"2017-04-05T13:11:05","date_gmt":"2017-04-05T16:11:05","guid":{"rendered":"http:\/\/blogdafeira.com.br\/home\/?p=26434"},"modified":"2017-04-05T20:21:11","modified_gmt":"2017-04-05T23:21:11","slug":"prefeitura-de-feira-recomeca-obra-do-shopping-no-centro-de-abastecimento","status":"publish","type":"post","link":"https:\/\/blogdafeira.com.br\/home\/2017\/04\/05\/prefeitura-de-feira-recomeca-obra-do-shopping-no-centro-de-abastecimento\/","title":{"rendered":"Prefeitura de Feira recome\u00e7a obra do shopping no Centro de Abastecimento"},"content":{"rendered":"<p><img loading=\"lazy\" decoding=\"async\" class=\"aligncenter size-large wp-image-26435\" src=\"http:\/\/blogdafeira.com.br\/home\/wp-content\/uploads\/2017\/04\/IMG_20170405_114009400_HDR-1024x576.jpg\" alt=\"img_20170405_114009400_hdr\" width=\"800\" height=\"450\" srcset=\"https:\/\/blogdafeira.com.br\/home\/wp-content\/uploads\/2017\/04\/IMG_20170405_114009400_HDR-1024x576.jpg 1024w, https:\/\/blogdafeira.com.br\/home\/wp-content\/uploads\/2017\/04\/IMG_20170405_114009400_HDR-170x96.jpg 170w, https:\/\/blogdafeira.com.br\/home\/wp-content\/uploads\/2017\/04\/IMG_20170405_114009400_HDR-346x195.jpg 346w, https:\/\/blogdafeira.com.br\/home\/wp-content\/uploads\/2017\/04\/IMG_20170405_114009400_HDR-768x432.jpg 768w\" sizes=\"auto, (max-width: 800px) 100vw, 800px\" \/><\/p>\n<div id=\"blogd-361607825\" class=\"blogd-fim-do-post-mobile blogd-entity-placement\" style=\"margin-left: auto;margin-right: auto;text-align: center;\"><a href=\"https:\/\/www.sefaz.feiradesantana.ba.gov.br\/\" target=\"_blank\" aria-label=\"728&#215;90 (6)\"><img loading=\"lazy\" decoding=\"async\" src=\"https:\/\/blogdafeira.com.br\/home\/wp-content\/uploads\/2026\/03\/728x90-6.gif\" alt=\"\"  class=\"no-lazyload\" width=\"728\" height=\"90\"  style=\"display: inline-block;\" \/><\/a><\/div><p>Uma empresa de an\u00e1lise de solo come\u00e7ou hoje a fazer perfura\u00e7\u00f5es na \u00e1rea do Centro de Abastecimento de Feira para a constru\u00e7\u00e3o de um shopping do grupo mineiro Uai.<\/p><div id=\"blogd-2978595239\" class=\"blogd-conteudo-2-mobile blogd-entity-placement\"><a href=\"https:\/\/feirenses.com.br\/\" target=\"_blank\" aria-label=\"feirenses\"><img loading=\"lazy\" decoding=\"async\" src=\"https:\/\/blogdafeira.com.br\/home\/wp-content\/uploads\/2026\/04\/feirenses.png\" alt=\"\"  srcset=\"https:\/\/blogdafeira.com.br\/home\/wp-content\/uploads\/2026\/04\/feirenses.png 300w, https:\/\/blogdafeira.com.br\/home\/wp-content\/uploads\/2026\/04\/feirenses-170x45.png 170w, https:\/\/blogdafeira.com.br\/home\/wp-content\/uploads\/2026\/04\/feirenses-280x74.png 280w\" sizes=\"(max-width: 300px) 100vw, 300px\" class=\"no-lazyload\" width=\"300\" height=\"79\"  style=\"display: inline-block;\" \/><\/a><\/div>\n<p>A empresa \u00e9 a mesma que iniciou esse trabalho no ano passado mas foi impedida pelos comerciantes \u00a0da \u00e1rea de artesanato que ser\u00e1 &#8216;engolida&#8217; pelo projeto do shopping mineiro.<\/p>\n<p>Dessa vez o trabalho est\u00e1 sendo feito em outra \u00e1rea e n\u00e3o a do artesanato: entre os galp\u00f5es de carne e farinha, mas a an\u00e1lise servir\u00e1 para o objetivo pois est\u00e1 no mesmo n\u00edvel do aterro sobre o qual foi constru\u00eddo a &#8216;parte alta&#8217; do Centro.<\/p>\n<p>O projeto do shopping Uai \u00e9 concebido para ocupar a \u00e1rea lateral voltada para a avenida Ol\u00edmpio Vital.<\/p>\n<p>No local j\u00e1 foi instalada uma passarela de pedestres que vai ligar diretamente o shopping Uai ao Terminal Central de Transportes.<\/p>\n<p><img loading=\"lazy\" decoding=\"async\" class=\"aligncenter size-large wp-image-26436\" src=\"http:\/\/blogdafeira.com.br\/home\/wp-content\/uploads\/2017\/04\/IMG_20170405_112837975-1024x576.jpg\" alt=\"img_20170405_112837975\" width=\"800\" height=\"450\" srcset=\"https:\/\/blogdafeira.com.br\/home\/wp-content\/uploads\/2017\/04\/IMG_20170405_112837975-1024x576.jpg 1024w, https:\/\/blogdafeira.com.br\/home\/wp-content\/uploads\/2017\/04\/IMG_20170405_112837975-170x96.jpg 170w, https:\/\/blogdafeira.com.br\/home\/wp-content\/uploads\/2017\/04\/IMG_20170405_112837975-346x195.jpg 346w, https:\/\/blogdafeira.com.br\/home\/wp-content\/uploads\/2017\/04\/IMG_20170405_112837975-768x432.jpg 768w\" sizes=\"auto, (max-width: 800px) 100vw, 800px\" \/><\/p>\n<p>O shopping \u00e9 o in\u00edcio do desmonte f\u00edsico deste equipamento p\u00fablico constru\u00eddo h\u00e1 40 anos.<\/p>\n<p>O &#8216;plano&#8217; do urbanismo p\u00fablico em Feira \u00e9 deslocar todo o Centro, inclusive a Ceasa,para outro local mais distante do centro da cidade.<\/p>\n<div id=\"blogd-150552165\" class=\"blogd-final-post blogd-entity-placement\"><a href=\"https:\/\/www.feiradesantana.ba.leg.br\/\" target=\"_blank\" aria-label=\"BANNER-SITE-ENTREGADECHEQUE-CAMARADEFEIRA\"><img loading=\"lazy\" decoding=\"async\" src=\"https:\/\/blogdafeira.com.br\/home\/wp-content\/uploads\/2026\/03\/BANNER-SITE-ENTREGADECHEQUE-CAMARADEFEIRA.gif\" alt=\"\"  class=\"no-lazyload\" width=\"728\" height=\"90\"   \/><\/a><\/div><p>A constru\u00e7\u00e3o do shopping Uai usa o argumento urbano de desafogar uma art\u00e9ria da cidade ocupada pelo com\u00e9rcio informal &#8211; o Cal\u00e7ad\u00e3o da Sales Barbosa.<\/p>\n","protected":false},"excerpt":{"rendered":"<p>Uma empresa de an\u00e1lise de solo come\u00e7ou hoje a fazer perfura\u00e7\u00f5es na \u00e1rea do Centro de Abastecimento de Feira para a constru\u00e7\u00e3o de um shopping do grupo mineiro Uai. A empresa \u00e9 a mesma que iniciou esse trabalho no ano passado mas foi impedida pelos comerciantes \u00a0da \u00e1rea de artesanato que ser\u00e1 &#8216;engolida&#8217; pelo projeto<\/p>\n","protected":false},"author":1,"featured_media":0,"comment_status":"closed","ping_status":"closed","sticky":false,"template":"","format":"standard","meta":{"jetpack_post_was_ever_published":false,"cybocfi_hide_featured_image":"","_jetpack_newsletter_access":"","_jetpack_dont_email_post_to_subs":true,"_jetpack_newsletter_tier_id":0,"_jetpack_memberships_contains_paywalled_content":false,"_jetpack_memberships_contains_paid_content":false,"footnotes":"","jetpack_publicize_message":"","jetpack_publicize_feature_enabled":true,"jetpack_social_post_already_shared":true,"jetpack_social_options":{"image_generator_settings":{"template":"highway","default_image_id":0,"font":"","enabled":false},"version":2}},"categories":[1],"tags":[],"class_list":["post-26434","post","type-post","status-publish","format-standard","hentry","category-raiz"],"jetpack_publicize_connections":[],"jetpack_featured_media_url":"","jetpack_shortlink":"https:\/\/wp.me\/p3niVf-6Sm","jetpack_sharing_enabled":true,"jetpack-related-posts":[{"id":13420,"url":"https:\/\/blogdafeira.com.br\/home\/2014\/11\/10\/protesto-em-feira-contra-o-shopping-popular-no-centro-de-abastecimento\/","url_meta":{"origin":26434,"position":0},"title":"Protesto em Feira contra o shopping popular no Centro de Abastecimento","author":"Blog da Feira","date":"10\/11\/2014","format":false,"excerpt":"A constru\u00e7\u00e3o de um 'shopping popular' pela empresa mineira Uai, levou \u00e0 ruas hoje dezenas de comerciantes da \u00e1rea de artesanato do Centro de Abastecimento de Feira de Santana, local onde dever\u00e1 ser constru\u00eddo o empreendimento idealizado pela Prefeitura de Feira. Os comerciantes est\u00e3o no local desde o deslocamento da\u2026","rel":"","context":"Em &quot;Home&quot;","block_context":{"text":"Home","link":"https:\/\/blogdafeira.com.br\/home\/categoria\/raiz\/"},"img":{"alt_text":"","src":"","width":0,"height":0},"classes":[]},{"id":11848,"url":"https:\/\/blogdafeira.com.br\/home\/2014\/08\/11\/empresa-mineira-uai-pulou-fora-do-projeto-shopping-popular-de-feira\/","url_meta":{"origin":26434,"position":1},"title":"Empresa mineira Uai \u2018pulou fora\u2019 do projeto Shopping Popular de Feira","author":"Blog da Feira","date":"11\/08\/2014","format":false,"excerpt":"A empresa mineira Uai (Unidade de Ambulantes Integrados)\u00a0 perdeu o prazo legal de 6 meses que tinha para apresentar \u00e0 Prefeitura de Feira de Santana os estudos t\u00e9cnicos, operacionais e jur\u00eddicos para o munic\u00edpio visando \u00e0 instala\u00e7\u00e3o do Shopping Popular. A informa\u00e7\u00e3o \u00e9 do\u00a0 Secret\u00e1rio municipal do Trabalho, Turismo e\u2026","rel":"","context":"Em &quot;Home&quot;","block_context":{"text":"Home","link":"https:\/\/blogdafeira.com.br\/home\/categoria\/raiz\/"},"img":{"alt_text":"","src":"","width":0,"height":0},"classes":[]},{"id":12031,"url":"https:\/\/blogdafeira.com.br\/home\/2014\/08\/20\/shopping-popular-acaba-area-de-artesanato-no-centro-de-abastecimento\/","url_meta":{"origin":26434,"position":2},"title":"Shopping Popular acaba \u00e1rea de artesanato no Centro de Abastecimento em Feira","author":"Blog da Feira","date":"20\/08\/2014","format":false,"excerpt":"O setor\u00a0destinado \u00e0 venda de artesanatos regionais no Centro de Abastecimento, onde existem tamb\u00e9m restaurantes, lanchonetes e um 'teatro de arena' faz parte da \u00e1rea que o projeto de um 'Shopping Popular' pretende ocupar em Feira de Santana. A ideia do shopping faz parte de uma estrat\u00e9gia de desafogar o\u2026","rel":"","context":"Em &quot;Home&quot;","block_context":{"text":"Home","link":"https:\/\/blogdafeira.com.br\/home\/categoria\/raiz\/"},"img":{"alt_text":"ARTESANATO","src":"https:\/\/i0.wp.com\/blogdafeira.com.br\/home\/wp-content\/uploads\/2014\/08\/ARTESANATO.jpg?resize=350%2C200","width":350,"height":200,"srcset":"https:\/\/i0.wp.com\/blogdafeira.com.br\/home\/wp-content\/uploads\/2014\/08\/ARTESANATO.jpg?resize=350%2C200 1x, https:\/\/i0.wp.com\/blogdafeira.com.br\/home\/wp-content\/uploads\/2014\/08\/ARTESANATO.jpg?resize=525%2C300 1.5x, https:\/\/i0.wp.com\/blogdafeira.com.br\/home\/wp-content\/uploads\/2014\/08\/ARTESANATO.jpg?resize=700%2C400 2x"},"classes":[]},{"id":17072,"url":"https:\/\/blogdafeira.com.br\/home\/2015\/10\/14\/consorcio-de-4-empresas-para-construir-shopping-popular-de-feira\/","url_meta":{"origin":26434,"position":3},"title":"Cons\u00f3rcio de 4 empresas para construir Shopping Popular de Feira","author":"Blog da Feira","date":"14\/10\/2015","format":false,"excerpt":"Um\u00a0cons\u00f3rcio de quatro empresas assina contrato com a Prefeitura de Feira de Santana nesta quarta-feira, 14, \u00e0s 10h, no gabinete do prefeito Jos\u00e9 Ronaldo(DEM), no Pa\u00e7o Municipal Maria Quit\u00e9ria, para construir, operar e fazer a manuten\u00e7\u00e3o do Centro Comercial Popular, tamb\u00e9m conhecido como Shopping Popular, no Centro de Abastecimento.\u00a0 O\u2026","rel":"","context":"Em &quot;Home&quot;","block_context":{"text":"Home","link":"https:\/\/blogdafeira.com.br\/home\/categoria\/raiz\/"},"img":{"alt_text":"elias","src":"https:\/\/i0.wp.com\/blogdafeira.com.br\/home\/wp-content\/uploads\/2015\/10\/elias.jpg?resize=350%2C200","width":350,"height":200,"srcset":"https:\/\/i0.wp.com\/blogdafeira.com.br\/home\/wp-content\/uploads\/2015\/10\/elias.jpg?resize=350%2C200 1x, https:\/\/i0.wp.com\/blogdafeira.com.br\/home\/wp-content\/uploads\/2015\/10\/elias.jpg?resize=525%2C300 1.5x"},"classes":[]},{"id":13431,"url":"https:\/\/blogdafeira.com.br\/home\/2014\/11\/10\/manifestacao-contra-shopping-uai-uniu-pt-e-psol-em-feira\/","url_meta":{"origin":26434,"position":4},"title":"Manifesta\u00e7\u00e3o contra &#8216;shopping Uai&#8217; uniu PT e PSOL em Feira","author":"Blog da Feira","date":"10\/11\/2014","format":false,"excerpt":"A manifesta\u00e7\u00e3o dos comerciantes da \u00e1rea de artesanato do Centro de Abastecimento de Feira de Santana, hoje pela manh\u00e3, contra a implanta\u00e7\u00e3o do 'Shopping Popular Uai', \u00a0uniu pelo menos momentaneamente, o PT (Partido dos Trabalhadores) e o PSOL (Partido Socialismo e Liberdade). O l\u00edder do PSOL em Feira, o professor\u2026","rel":"","context":"Em &quot;Home&quot;","block_context":{"text":"Home","link":"https:\/\/blogdafeira.com.br\/home\/categoria\/raiz\/"},"img":{"alt_text":"","src":"","width":0,"height":0},"classes":[]},{"id":26929,"url":"https:\/\/blogdafeira.com.br\/home\/2017\/05\/23\/construcao-do-shopping-uai-em-feira-esta-devagar\/","url_meta":{"origin":26434,"position":5},"title":"Constru\u00e7\u00e3o do &#8216;Shopping Uai&#8217; em Feira est\u00e1 devagar","author":"Blog da Feira","date":"23\/05\/2017","format":false,"excerpt":"Iniciada h\u00e1 cerca de um m\u00eas, a obra de constru\u00e7\u00e3o do 'Shopping Uai' em \u00e1rea no Centro de Abastecimento de Feira 'caminha a passos lento' como se pode notar nesta foto feita na manh\u00e3 de segunda-feira. A \u00e1rea isolada \u00a0n\u00e3o abrange o setor de artesanato, embora o projeto englobe tamb\u00e9m\u2026","rel":"","context":"Em &quot;Home&quot;","block_context":{"text":"Home","link":"https:\/\/blogdafeira.com.br\/home\/categoria\/raiz\/"},"img":{"alt_text":"img_20170522_101429813","src":"https:\/\/i0.wp.com\/blogdafeira.com.br\/home\/wp-content\/uploads\/2017\/05\/IMG_20170522_101429813-1024x576.jpg?resize=350%2C200","width":350,"height":200,"srcset":"https:\/\/i0.wp.com\/blogdafeira.com.br\/home\/wp-content\/uploads\/2017\/05\/IMG_20170522_101429813-1024x576.jpg?resize=350%2C200 1x, https:\/\/i0.wp.com\/blogdafeira.com.br\/home\/wp-content\/uploads\/2017\/05\/IMG_20170522_101429813-1024x576.jpg?resize=525%2C300 1.5x, https:\/\/i0.wp.com\/blogdafeira.com.br\/home\/wp-content\/uploads\/2017\/05\/IMG_20170522_101429813-1024x576.jpg?resize=700%2C400 2x"},"classes":[]}],"_links":{"self":[{"href":"https:\/\/blogdafeira.com.br\/home\/wp-json\/wp\/v2\/posts\/26434","targetHints":{"allow":["GET"]}}],"collection":[{"href":"https:\/\/blogdafeira.com.br\/home\/wp-json\/wp\/v2\/posts"}],"about":[{"href":"https:\/\/blogdafeira.com.br\/home\/wp-json\/wp\/v2\/types\/post"}],"author":[{"embeddable":true,"href":"https:\/\/blogdafeira.com.br\/home\/wp-json\/wp\/v2\/users\/1"}],"replies":[{"embeddable":true,"href":"https:\/\/blogdafeira.com.br\/home\/wp-json\/wp\/v2\/comments?post=26434"}],"version-history":[{"count":2,"href":"https:\/\/blogdafeira.com.br\/home\/wp-json\/wp\/v2\/posts\/26434\/revisions"}],"predecessor-version":[{"id":26440,"href":"https:\/\/blogdafeira.com.br\/home\/wp-json\/wp\/v2\/posts\/26434\/revisions\/26440"}],"wp:attachment":[{"href":"https:\/\/blogdafeira.com.br\/home\/wp-json\/wp\/v2\/media?parent=26434"}],"wp:term":[{"taxonomy":"category","embeddable":true,"href":"https:\/\/blogdafeira.com.br\/home\/wp-json\/wp\/v2\/categories?post=26434"},{"taxonomy":"post_tag","embeddable":true,"href":"https:\/\/blogdafeira.com.br\/home\/wp-json\/wp\/v2\/tags?post=26434"}],"curies":[{"name":"wp","href":"https:\/\/api.w.org\/{rel}","templated":true}]}}