{"id":27111,"date":"2017-06-13T13:29:13","date_gmt":"2017-06-13T16:29:13","guid":{"rendered":"http:\/\/blogdafeira.com.br\/home\/?p=27111"},"modified":"2017-06-13T14:02:26","modified_gmt":"2017-06-13T17:02:26","slug":"obra-em-area-publica-de-feira-nao-tem-placavalor-ou-engenheiro-responsavel","status":"publish","type":"post","link":"https:\/\/blogdafeira.com.br\/home\/2017\/06\/13\/obra-em-area-publica-de-feira-nao-tem-placavalor-ou-engenheiro-responsavel\/","title":{"rendered":"Obra em \u00e1rea p\u00fablica de Feira n\u00e3o tem placa,valor ou engenheiro respons\u00e1vel"},"content":{"rendered":"<p><img loading=\"lazy\" decoding=\"async\" class=\"aligncenter size-large wp-image-27114\" src=\"http:\/\/blogdafeira.com.br\/home\/wp-content\/uploads\/2017\/06\/IMG_20170613_123456597-1024x576.jpg\" alt=\"img_20170613_123456597\" width=\"800\" height=\"450\" srcset=\"https:\/\/blogdafeira.com.br\/home\/wp-content\/uploads\/2017\/06\/IMG_20170613_123456597-1024x576.jpg 1024w, https:\/\/blogdafeira.com.br\/home\/wp-content\/uploads\/2017\/06\/IMG_20170613_123456597-170x96.jpg 170w, https:\/\/blogdafeira.com.br\/home\/wp-content\/uploads\/2017\/06\/IMG_20170613_123456597-346x195.jpg 346w, https:\/\/blogdafeira.com.br\/home\/wp-content\/uploads\/2017\/06\/IMG_20170613_123456597-768x432.jpg 768w\" sizes=\"auto, (max-width: 800px) 100vw, 800px\" \/><\/p>\n<div id=\"blogd-4258657294\" class=\"blogd-fim-do-post-mobile blogd-entity-placement\" style=\"margin-left: auto;margin-right: auto;text-align: center;\"><a href=\"https:\/\/www.sefaz.feiradesantana.ba.gov.br\/\" target=\"_blank\" aria-label=\"728&#215;90 (6)\"><img loading=\"lazy\" decoding=\"async\" src=\"https:\/\/blogdafeira.com.br\/home\/wp-content\/uploads\/2026\/03\/728x90-6.gif\" alt=\"\"  class=\"no-lazyload\" width=\"728\" height=\"90\"  style=\"display: inline-block;\" \/><\/a><\/div><p>Onde est\u00e1 o Minist\u00e9rio P\u00fablico de Feira de Santana? E o CREA da Bahia?<\/p><div id=\"blogd-1083475424\" class=\"blogd-conteudo-2-mobile blogd-entity-placement\"><a href=\"https:\/\/feirenses.com.br\/\" target=\"_blank\" aria-label=\"feirenses\"><img loading=\"lazy\" decoding=\"async\" src=\"https:\/\/blogdafeira.com.br\/home\/wp-content\/uploads\/2026\/04\/feirenses.png\" alt=\"\"  srcset=\"https:\/\/blogdafeira.com.br\/home\/wp-content\/uploads\/2026\/04\/feirenses.png 300w, https:\/\/blogdafeira.com.br\/home\/wp-content\/uploads\/2026\/04\/feirenses-170x45.png 170w, https:\/\/blogdafeira.com.br\/home\/wp-content\/uploads\/2026\/04\/feirenses-280x74.png 280w\" sizes=\"(max-width: 300px) 100vw, 300px\" class=\"no-lazyload\" width=\"300\" height=\"79\"  style=\"display: inline-block;\" \/><\/a><\/div>\n<p>Uma obra de constru\u00e7\u00e3o civil &#8216;pesada&#8217; est\u00e1 em pleno andamento numa \u00e1rea p\u00fablica e central da cidade de Feira de Santana h\u00e1 mais de um m\u00eas sem nenhuma placa com informa\u00e7\u00f5es sobre o empreendimento, valores aplicados e nem engenheiro ou empresa respons\u00e1vel.<\/p>\n<p>Todos sabem, no entanto, que trata-se da constru\u00e7\u00e3o de um shopping em \u00e1rea do Centro de Abastecimento de Feira, anunciado e reanunciado Pela Prefeitura de Feira em parceria com um grupo empresarial de Minas Gerais.<\/p>\n<p>E por que a oculta\u00e7\u00e3o das informa\u00e7\u00f5es exigidas pela legisla\u00e7\u00e3o em vigor?<\/p>\n<p><img loading=\"lazy\" decoding=\"async\" class=\"aligncenter size-large wp-image-27115\" src=\"http:\/\/blogdafeira.com.br\/home\/wp-content\/uploads\/2017\/06\/IMG_20170613_123331840-1024x576.jpg\" alt=\"img_20170613_123331840\" width=\"800\" height=\"450\" srcset=\"https:\/\/blogdafeira.com.br\/home\/wp-content\/uploads\/2017\/06\/IMG_20170613_123331840-1024x576.jpg 1024w, https:\/\/blogdafeira.com.br\/home\/wp-content\/uploads\/2017\/06\/IMG_20170613_123331840-170x96.jpg 170w, https:\/\/blogdafeira.com.br\/home\/wp-content\/uploads\/2017\/06\/IMG_20170613_123331840-346x195.jpg 346w, https:\/\/blogdafeira.com.br\/home\/wp-content\/uploads\/2017\/06\/IMG_20170613_123331840-768x432.jpg 768w\" sizes=\"auto, (max-width: 800px) 100vw, 800px\" \/><\/p>\n<p>A resposta mais plaus\u00edvel \u00e9 que a Prefeitura de Feira come\u00e7ou a obra para d\u00e1-la como fato consumado, j\u00e1 que tramita na Justi\u00e7a \u00a0uma a\u00e7\u00e3o popular movida por comerciantes do Centro impedindo a obra que,segundo eles,vai comprometer o funcionamento daquele equipamento p\u00fablico que existe h\u00e1 mais de 40 anos e \u00e9 considerado pelo \u00f3rg\u00e3o estadual IPAC como um potencial patrim\u00f4nio cultural e tur\u00edstico da cidade.<\/p>\n<p>Ao MP, a Prefeitura teria informado que iria fazer &#8216;servi\u00e7os de drenagem&#8217; no local onde bate-estacas trabalham quase 24 horas por dia&#8230;e o Minist\u00e9rio, por isso ou por aquilo, &#8216;engoliu&#8217;.<\/p>\n<p>Enquanto isso a obra avan\u00e7a e o Governo de Feira trabalha em outra frente &#8211; a pol\u00edtica &#8211; convencendo o Governo da Bahia a &#8216;convencer&#8217; o IPAC de que o Centro de Abastecimento n\u00e3o \u00e9 patrim\u00f4nio cultural e pode ser destru\u00eddo.<\/p>\n<p>Guardadas as diferen\u00e7as geogr\u00e1ficas e pol\u00edticas, \u00e9 algo assim como aquele epis\u00f3dio do ministro Geddel Vieira Lima e aquele arranha-c\u00e9u no Porto da Barra, \u00a0liberado pelo IPAC.<\/p>\n<div id=\"blogd-4206414377\" class=\"blogd-final-post blogd-entity-placement\"><a href=\"https:\/\/www.feiradesantana.ba.leg.br\/\" target=\"_blank\" aria-label=\"BANNER-SITE-ENTREGADECHEQUE-CAMARADEFEIRA\"><img loading=\"lazy\" decoding=\"async\" src=\"https:\/\/blogdafeira.com.br\/home\/wp-content\/uploads\/2026\/03\/BANNER-SITE-ENTREGADECHEQUE-CAMARADEFEIRA.gif\" alt=\"\"  class=\"no-lazyload\" width=\"728\" height=\"90\"   \/><\/a><\/div><p>Mas Feira \u00e9 Feira e Salvador \u00e9 Salvador&#8230;<\/p>\n","protected":false},"excerpt":{"rendered":"<p>Onde est\u00e1 o Minist\u00e9rio P\u00fablico de Feira de Santana? E o CREA da Bahia? Uma obra de constru\u00e7\u00e3o civil &#8216;pesada&#8217; est\u00e1 em pleno andamento numa \u00e1rea p\u00fablica e central da cidade de Feira de Santana h\u00e1 mais de um m\u00eas sem nenhuma placa com informa\u00e7\u00f5es sobre o empreendimento, valores aplicados e nem engenheiro ou empresa<\/p>\n","protected":false},"author":1,"featured_media":0,"comment_status":"closed","ping_status":"closed","sticky":false,"template":"","format":"standard","meta":{"jetpack_post_was_ever_published":false,"cybocfi_hide_featured_image":"","_jetpack_newsletter_access":"","_jetpack_dont_email_post_to_subs":true,"_jetpack_newsletter_tier_id":0,"_jetpack_memberships_contains_paywalled_content":false,"_jetpack_memberships_contains_paid_content":false,"footnotes":"","jetpack_publicize_message":"","jetpack_publicize_feature_enabled":true,"jetpack_social_post_already_shared":true,"jetpack_social_options":{"image_generator_settings":{"template":"highway","default_image_id":0,"font":"","enabled":false},"version":2}},"categories":[1],"tags":[],"class_list":["post-27111","post","type-post","status-publish","format-standard","hentry","category-raiz"],"jetpack_publicize_connections":[],"jetpack_featured_media_url":"","jetpack_shortlink":"https:\/\/wp.me\/p3niVf-73h","jetpack_sharing_enabled":true,"jetpack-related-posts":[{"id":27091,"url":"https:\/\/blogdafeira.com.br\/home\/2017\/06\/12\/governo-de-feira-tenta-fechar-estacionamento-do-c-a-para-construcao-de-shopping\/","url_meta":{"origin":27111,"position":0},"title":"Governo de Feira tenta fechar estacionamento do C.A para constru\u00e7\u00e3o de shopping","author":"Blog da Feira","date":"12\/06\/2017","format":false,"excerpt":"Comerciantes e usu\u00e1rios do Centro de Abastecimento de Feira impediram ontem (domingo) que funcion\u00e1rios de uma empresa n\u00e3o identificada fechassem com tapumes parte do estacionamento principal do C.A (defronte ao Galp\u00e3o das\u00a0Carnes) para continuidade das obras de constru\u00e7\u00e3o do shopping Uai. A Guarda Municipal esteve no local para garantir o\u2026","rel":"","context":"Em &quot;Home&quot;","block_context":{"text":"Home","link":"https:\/\/blogdafeira.com.br\/home\/categoria\/raiz\/"},"img":{"alt_text":"fb_img_1497222848250","src":"https:\/\/i0.wp.com\/blogdafeira.com.br\/home\/wp-content\/uploads\/2017\/06\/FB_IMG_1497222848250-1024x768.jpg?resize=350%2C200","width":350,"height":200,"srcset":"https:\/\/i0.wp.com\/blogdafeira.com.br\/home\/wp-content\/uploads\/2017\/06\/FB_IMG_1497222848250-1024x768.jpg?resize=350%2C200 1x, https:\/\/i0.wp.com\/blogdafeira.com.br\/home\/wp-content\/uploads\/2017\/06\/FB_IMG_1497222848250-1024x768.jpg?resize=525%2C300 1.5x, https:\/\/i0.wp.com\/blogdafeira.com.br\/home\/wp-content\/uploads\/2017\/06\/FB_IMG_1497222848250-1024x768.jpg?resize=700%2C400 2x"},"classes":[]},{"id":29009,"url":"https:\/\/blogdafeira.com.br\/home\/2018\/01\/25\/tunel-da-av-joao-durval-em-feira-sera-concluido-no-dia-28-de-fevereiro\/","url_meta":{"origin":27111,"position":1},"title":"T\u00fanel da av. Jo\u00e3o Durval em Feira ser\u00e1 conclu\u00eddo no dia 28 de fevereiro","author":"Blog da Feira","date":"25\/01\/2018","format":false,"excerpt":"A Via Engenharia, empresa respons\u00e1vel pela constru\u00e7\u00e3o do t\u00fanel do BRT na avenida Jo\u00e3o Durval em Feira de Santana, garantiu ao prefeito interino Colbert Martins (PMDB) que o equipamento ser\u00e1 conclu\u00eddo no pr\u00f3ximo dia 28 de fevereiro. Colbert visitou a obra, est\u00e1 semana, acompanhado de secret\u00e1rios. Segundo o engenheiro respons\u00e1vel\u2026","rel":"","context":"Em &quot;Home&quot;","block_context":{"text":"Home","link":"https:\/\/blogdafeira.com.br\/home\/categoria\/raiz\/"},"img":{"alt_text":"2412018115006-1","src":"https:\/\/i0.wp.com\/blogdafeira.com.br\/home\/wp-content\/uploads\/2018\/01\/2412018115006-1.jpg?resize=350%2C200","width":350,"height":200,"srcset":"https:\/\/i0.wp.com\/blogdafeira.com.br\/home\/wp-content\/uploads\/2018\/01\/2412018115006-1.jpg?resize=350%2C200 1x, https:\/\/i0.wp.com\/blogdafeira.com.br\/home\/wp-content\/uploads\/2018\/01\/2412018115006-1.jpg?resize=525%2C300 1.5x"},"classes":[]},{"id":63116,"url":"https:\/\/blogdafeira.com.br\/home\/2024\/08\/03\/crea-contesta-edital-do-concurso-publico-da-prefeitura-de-feira\/","url_meta":{"origin":27111,"position":2},"title":"CREA contesta edital do concurso p\u00fablico da Prefeitura de Feira","author":"Blog da Feira","date":"03\/08\/2024","format":false,"excerpt":"O Crea-BA (Conselho Regional de Engenharia e Agronomia da Bahia) apresentou impugna\u00e7\u00e3o contra o edital de concurso p\u00fablico realizado pela Prefeitura Municipal de Feira de Santana, tornado p\u00fablico sem respeitar os valores de sal\u00e1rio m\u00ednimo profissional definido por lei para a engenharia. O certame prev\u00ea vagas para engenheiros civil, agr\u00f4nomo,\u2026","rel":"","context":"Em &quot;Geral&quot;","block_context":{"text":"Geral","link":"https:\/\/blogdafeira.com.br\/home\/categoria\/geral\/"},"img":{"alt_text":"","src":"https:\/\/i0.wp.com\/blogdafeira.com.br\/home\/wp-content\/uploads\/2024\/07\/Passo-Municipal-CAPA-foto-Jorge-Magalhaes-144.jpeg?resize=350%2C200&ssl=1","width":350,"height":200,"srcset":"https:\/\/i0.wp.com\/blogdafeira.com.br\/home\/wp-content\/uploads\/2024\/07\/Passo-Municipal-CAPA-foto-Jorge-Magalhaes-144.jpeg?resize=350%2C200&ssl=1 1x, https:\/\/i0.wp.com\/blogdafeira.com.br\/home\/wp-content\/uploads\/2024\/07\/Passo-Municipal-CAPA-foto-Jorge-Magalhaes-144.jpeg?resize=525%2C300&ssl=1 1.5x, https:\/\/i0.wp.com\/blogdafeira.com.br\/home\/wp-content\/uploads\/2024\/07\/Passo-Municipal-CAPA-foto-Jorge-Magalhaes-144.jpeg?resize=700%2C400&ssl=1 2x, https:\/\/i0.wp.com\/blogdafeira.com.br\/home\/wp-content\/uploads\/2024\/07\/Passo-Municipal-CAPA-foto-Jorge-Magalhaes-144.jpeg?resize=1050%2C600&ssl=1 3x, https:\/\/i0.wp.com\/blogdafeira.com.br\/home\/wp-content\/uploads\/2024\/07\/Passo-Municipal-CAPA-foto-Jorge-Magalhaes-144.jpeg?resize=1400%2C800&ssl=1 4x"},"classes":[]},{"id":30930,"url":"https:\/\/blogdafeira.com.br\/home\/2019\/03\/11\/engenheiros-e-arquitetos-acusam-prefeitura-de-usar-o-pddu-para-beneficiar-empresarios-do-setor-imobiliario\/","url_meta":{"origin":27111,"position":3},"title":"Engenheiros e arquitetos acusam prefeitura de usar o PDDU para beneficiar empres\u00e1rios do setor imobili\u00e1rio","author":"J\u00e2nio R\u00eago","date":"11\/03\/2019","format":false,"excerpt":"Membros da ASMEA-FSA - Associa\u00e7\u00e3o dos Servidores Municipais engenheiros e arquitetos de Feira de Santana, reuniram a imprensa, nesta segunda-feira (11), no audit\u00f3rio do Hotel Acalanto para apresentar den\u00fancias contra a Prefeitura de Feira de Santana. \u00a0 Em pronunciamento lido pelo presidente da entidade, \u00a0Nivaldo Bellas Vieira Filho, ficou clara\u2026","rel":"","context":"Em &quot;Home&quot;","block_context":{"text":"Home","link":"https:\/\/blogdafeira.com.br\/home\/categoria\/raiz\/"},"img":{"alt_text":"","src":"https:\/\/i0.wp.com\/blogdafeira.com.br\/home\/wp-content\/uploads\/2019\/03\/20190311_094614_HDR-170x128.jpg?resize=350%2C200&ssl=1","width":350,"height":200,"srcset":"https:\/\/i0.wp.com\/blogdafeira.com.br\/home\/wp-content\/uploads\/2019\/03\/20190311_094614_HDR-170x128.jpg?resize=350%2C200&ssl=1 1x, https:\/\/i0.wp.com\/blogdafeira.com.br\/home\/wp-content\/uploads\/2019\/03\/20190311_094614_HDR-170x128.jpg?resize=525%2C300&ssl=1 1.5x, https:\/\/i0.wp.com\/blogdafeira.com.br\/home\/wp-content\/uploads\/2019\/03\/20190311_094614_HDR-170x128.jpg?resize=700%2C400&ssl=1 2x, https:\/\/i0.wp.com\/blogdafeira.com.br\/home\/wp-content\/uploads\/2019\/03\/20190311_094614_HDR-170x128.jpg?resize=1050%2C600&ssl=1 3x, https:\/\/i0.wp.com\/blogdafeira.com.br\/home\/wp-content\/uploads\/2019\/03\/20190311_094614_HDR-170x128.jpg?resize=1400%2C800&ssl=1 4x"},"classes":[]},{"id":50496,"url":"https:\/\/blogdafeira.com.br\/home\/2022\/02\/02\/construcao-irregular-na-avenida-de-canal-e-impedida-pela-prefeitura-de-feira\/","url_meta":{"origin":27111,"position":4},"title":"Constru\u00e7\u00e3o irregular na Avenida de Canal \u00e9 impedida pela Prefeitura de Feira","author":"Blog da Feira","date":"02\/02\/2022","format":false,"excerpt":"Uma obra irregular, na avenida Padre Jos\u00e9 de Anchieta (av. de Canal), foi interrompida nesta ter\u00e7a-feira, 1\u00ba, pela Prefeitura de Feira de Santana. Trata-se da constru\u00e7\u00e3o de uma laje que tapava um canal de \u00e1guas pluviais. A situa\u00e7\u00e3o foi flagrada pela Guarda Municipal que acionou a Secretaria de Desenvolvimento Urbano\u2026","rel":"","context":"Em &quot;Cidade&quot;","block_context":{"text":"Cidade","link":"https:\/\/blogdafeira.com.br\/home\/categoria\/cidade\/"},"img":{"alt_text":"","src":"https:\/\/i0.wp.com\/blogdafeira.com.br\/home\/wp-content\/uploads\/2022\/02\/canal.jpg?resize=350%2C200&ssl=1","width":350,"height":200,"srcset":"https:\/\/i0.wp.com\/blogdafeira.com.br\/home\/wp-content\/uploads\/2022\/02\/canal.jpg?resize=350%2C200&ssl=1 1x, https:\/\/i0.wp.com\/blogdafeira.com.br\/home\/wp-content\/uploads\/2022\/02\/canal.jpg?resize=525%2C300&ssl=1 1.5x, https:\/\/i0.wp.com\/blogdafeira.com.br\/home\/wp-content\/uploads\/2022\/02\/canal.jpg?resize=700%2C400&ssl=1 2x, https:\/\/i0.wp.com\/blogdafeira.com.br\/home\/wp-content\/uploads\/2022\/02\/canal.jpg?resize=1050%2C600&ssl=1 3x"},"classes":[]},{"id":38871,"url":"https:\/\/blogdafeira.com.br\/home\/2020\/07\/08\/prefeitura-recolhe-placas-com-publicidade-do-governo-do-estado-instaladas-sem-autorizacao\/","url_meta":{"origin":27111,"position":5},"title":"Prefeitura recolhe placas com publicidade do Governo do Estado instaladas sem autoriza\u00e7\u00e3o","author":"Blog da Feira","date":"08\/07\/2020","format":false,"excerpt":"Pe\u00e7as publicit\u00e1rias com a marca do Governo do Estado fixadas em muros no Parque Panorama, no bairro Tomba, foram recolhidas pela Secretaria Municipal do Meio Ambiente (Semmam), na sexta-feira, 3. O material n\u00e3o possui licen\u00e7a ou autoriza\u00e7\u00e3o da Prefeitura de Feira de Santana para ser fixado em \u00e1rea p\u00fablica desse\u2026","rel":"","context":"Em &quot;Bahia&quot;","block_context":{"text":"Bahia","link":"https:\/\/blogdafeira.com.br\/home\/categoria\/bahia\/"},"img":{"alt_text":"","src":"https:\/\/i0.wp.com\/blogdafeira.com.br\/home\/wp-content\/uploads\/2020\/07\/Placas-governo-do-estado.jpg?resize=350%2C200&ssl=1","width":350,"height":200,"srcset":"https:\/\/i0.wp.com\/blogdafeira.com.br\/home\/wp-content\/uploads\/2020\/07\/Placas-governo-do-estado.jpg?resize=350%2C200&ssl=1 1x, https:\/\/i0.wp.com\/blogdafeira.com.br\/home\/wp-content\/uploads\/2020\/07\/Placas-governo-do-estado.jpg?resize=525%2C300&ssl=1 1.5x, https:\/\/i0.wp.com\/blogdafeira.com.br\/home\/wp-content\/uploads\/2020\/07\/Placas-governo-do-estado.jpg?resize=700%2C400&ssl=1 2x, https:\/\/i0.wp.com\/blogdafeira.com.br\/home\/wp-content\/uploads\/2020\/07\/Placas-governo-do-estado.jpg?resize=1050%2C600&ssl=1 3x, https:\/\/i0.wp.com\/blogdafeira.com.br\/home\/wp-content\/uploads\/2020\/07\/Placas-governo-do-estado.jpg?resize=1400%2C800&ssl=1 4x"},"classes":[]}],"_links":{"self":[{"href":"https:\/\/blogdafeira.com.br\/home\/wp-json\/wp\/v2\/posts\/27111","targetHints":{"allow":["GET"]}}],"collection":[{"href":"https:\/\/blogdafeira.com.br\/home\/wp-json\/wp\/v2\/posts"}],"about":[{"href":"https:\/\/blogdafeira.com.br\/home\/wp-json\/wp\/v2\/types\/post"}],"author":[{"embeddable":true,"href":"https:\/\/blogdafeira.com.br\/home\/wp-json\/wp\/v2\/users\/1"}],"replies":[{"embeddable":true,"href":"https:\/\/blogdafeira.com.br\/home\/wp-json\/wp\/v2\/comments?post=27111"}],"version-history":[{"count":4,"href":"https:\/\/blogdafeira.com.br\/home\/wp-json\/wp\/v2\/posts\/27111\/revisions"}],"predecessor-version":[{"id":27117,"href":"https:\/\/blogdafeira.com.br\/home\/wp-json\/wp\/v2\/posts\/27111\/revisions\/27117"}],"wp:attachment":[{"href":"https:\/\/blogdafeira.com.br\/home\/wp-json\/wp\/v2\/media?parent=27111"}],"wp:term":[{"taxonomy":"category","embeddable":true,"href":"https:\/\/blogdafeira.com.br\/home\/wp-json\/wp\/v2\/categories?post=27111"},{"taxonomy":"post_tag","embeddable":true,"href":"https:\/\/blogdafeira.com.br\/home\/wp-json\/wp\/v2\/tags?post=27111"}],"curies":[{"name":"wp","href":"https:\/\/api.w.org\/{rel}","templated":true}]}}