{"id":27225,"date":"2017-06-26T14:31:48","date_gmt":"2017-06-26T17:31:48","guid":{"rendered":"http:\/\/blogdafeira.com.br\/home\/?p=27225"},"modified":"2017-06-26T14:31:48","modified_gmt":"2017-06-26T17:31:48","slug":"arcelormittal-apresenta-um-diagnostico-cultural-de-feira-de-santana","status":"publish","type":"post","link":"https:\/\/blogdafeira.com.br\/home\/2017\/06\/26\/arcelormittal-apresenta-um-diagnostico-cultural-de-feira-de-santana\/","title":{"rendered":"ArcelorMittal apresenta um &#8216;Diagn\u00f3stico Cultural de Feira de Santana&#8217;"},"content":{"rendered":"<p><img loading=\"lazy\" decoding=\"async\" class=\"aligncenter size-large wp-image-27224\" src=\"http:\/\/blogdafeira.com.br\/home\/wp-content\/uploads\/2017\/06\/FB_IMG_1498497900217-738x1024.jpg\" alt=\"fb_img_1498497900217\" width=\"738\" height=\"1024\" srcset=\"https:\/\/blogdafeira.com.br\/home\/wp-content\/uploads\/2017\/06\/FB_IMG_1498497900217-738x1024.jpg 738w, https:\/\/blogdafeira.com.br\/home\/wp-content\/uploads\/2017\/06\/FB_IMG_1498497900217-108x150.jpg 108w, https:\/\/blogdafeira.com.br\/home\/wp-content\/uploads\/2017\/06\/FB_IMG_1498497900217-216x300.jpg 216w, https:\/\/blogdafeira.com.br\/home\/wp-content\/uploads\/2017\/06\/FB_IMG_1498497900217-768x1065.jpg 768w, https:\/\/blogdafeira.com.br\/home\/wp-content\/uploads\/2017\/06\/FB_IMG_1498497900217.jpg 879w\" sizes=\"auto, (max-width: 738px) 100vw, 738px\" \/><\/p>\n","protected":false},"excerpt":{"rendered":"","protected":false},"author":1,"featured_media":0,"comment_status":"closed","ping_status":"closed","sticky":false,"template":"","format":"standard","meta":{"jetpack_post_was_ever_published":false,"cybocfi_hide_featured_image":"","_jetpack_newsletter_access":"","_jetpack_dont_email_post_to_subs":false,"_jetpack_newsletter_tier_id":0,"_jetpack_memberships_contains_paywalled_content":false,"_jetpack_memberships_contains_paid_content":false,"footnotes":"","jetpack_publicize_message":"","jetpack_publicize_feature_enabled":true,"jetpack_social_post_already_shared":true,"jetpack_social_options":{"image_generator_settings":{"template":"highway","default_image_id":0,"font":"","enabled":false},"version":2}},"categories":[1],"tags":[],"class_list":["post-27225","post","type-post","status-publish","format-standard","hentry","category-raiz"],"jetpack_publicize_connections":[],"jetpack_featured_media_url":"","jetpack_shortlink":"https:\/\/wp.me\/p3niVf-757","jetpack_sharing_enabled":true,"jetpack-related-posts":[{"id":48824,"url":"https:\/\/blogdafeira.com.br\/home\/2021\/11\/24\/comeca-a-mostra-cultural-da-belgo-bekaert-em-feira-toda-atraves-do-youtube\/","url_meta":{"origin":27225,"position":0},"title":"Come\u00e7a a Mostra Cultural da Belgo Bekaert em Feira: toda atrav\u00e9s do Youtube","author":"Blog da Feira","date":"24\/11\/2021","format":false,"excerpt":"A Mostra da Diversidade Cultural: Imagens da Cultura Popular em Feira de Santana foi pioneira em adaptar o edital para uma vers\u00e3o que respeitasse o momento pand\u00eamico. Neste ano, mesmo com o in\u00edcio da abertura para eventos presenciais, os organizadores mantiveram o formato, com poucas a\u00e7\u00f5es presenciais e com a\u2026","rel":"","context":"Em &quot;Cultura&quot;","block_context":{"text":"Cultura","link":"https:\/\/blogdafeira.com.br\/home\/categoria\/cultura\/"},"img":{"alt_text":"","src":"https:\/\/i0.wp.com\/blogdafeira.com.br\/home\/wp-content\/uploads\/2021\/11\/HOJE-TEM-1.png?resize=350%2C200&ssl=1","width":350,"height":200,"srcset":"https:\/\/i0.wp.com\/blogdafeira.com.br\/home\/wp-content\/uploads\/2021\/11\/HOJE-TEM-1.png?resize=350%2C200&ssl=1 1x, https:\/\/i0.wp.com\/blogdafeira.com.br\/home\/wp-content\/uploads\/2021\/11\/HOJE-TEM-1.png?resize=525%2C300&ssl=1 1.5x, https:\/\/i0.wp.com\/blogdafeira.com.br\/home\/wp-content\/uploads\/2021\/11\/HOJE-TEM-1.png?resize=700%2C400&ssl=1 2x, https:\/\/i0.wp.com\/blogdafeira.com.br\/home\/wp-content\/uploads\/2021\/11\/HOJE-TEM-1.png?resize=1050%2C600&ssl=1 3x"},"classes":[]},{"id":28634,"url":"https:\/\/blogdafeira.com.br\/home\/2017\/11\/24\/proxima-semana-no-sesi-de-feira-seminario-cultura-cidade-e-desenvolvimento\/","url_meta":{"origin":27225,"position":1},"title":"Pr\u00f3xima semana no SESI de Feira: &#8216;Semin\u00e1rio Cultura, Cidade e Desenvolvimento&#8217;","author":"Blog da Feira","date":"24\/11\/2017","format":false,"excerpt":"Profissionais de diversas \u00e1reas culturais e interessados se reunir\u00e3o nos dias 28 e 29 de novembro para fortalecer redes de desenvolvimento da cultura de Feira de Santana. Trata-se do\u00a0 'Semin\u00e1rio Cultura, Cidade e Desenvolvimento' que faz\u00a0 parte do Programa de Capacita\u00e7\u00e3o de Produtores e Gestores Culturais, realizado pelo Galp\u00e3o Cine\u2026","rel":"","context":"Em &quot;Home&quot;","block_context":{"text":"Home","link":"https:\/\/blogdafeira.com.br\/home\/categoria\/raiz\/"},"img":{"alt_text":"img-20171123-wa0069","src":"https:\/\/i0.wp.com\/blogdafeira.com.br\/home\/wp-content\/uploads\/2017\/11\/IMG-20171123-WA0069-1024x1024.jpg?resize=350%2C200","width":350,"height":200,"srcset":"https:\/\/i0.wp.com\/blogdafeira.com.br\/home\/wp-content\/uploads\/2017\/11\/IMG-20171123-WA0069-1024x1024.jpg?resize=350%2C200 1x, https:\/\/i0.wp.com\/blogdafeira.com.br\/home\/wp-content\/uploads\/2017\/11\/IMG-20171123-WA0069-1024x1024.jpg?resize=525%2C300 1.5x, https:\/\/i0.wp.com\/blogdafeira.com.br\/home\/wp-content\/uploads\/2017\/11\/IMG-20171123-WA0069-1024x1024.jpg?resize=700%2C400 2x"},"classes":[]},{"id":27305,"url":"https:\/\/blogdafeira.com.br\/home\/2017\/07\/03\/diagnostico-cultural-da-arcelor-condena-shopping-no-centro-de-abastecimento-de-feira\/","url_meta":{"origin":27225,"position":2},"title":"&#8216;Diagn\u00f3stico cultural&#8217; da Arcelor condena shopping no Centro de Abastecimento de Feira","author":"Blog da Feira","date":"03\/07\/2017","format":false,"excerpt":"O Diagn\u00f3stico Cultural de Feira de Santana elaborado para a ind\u00fastria Arcelor Mittal pelo Galp\u00e3o Cine Horto e Habitus, e levado a p\u00fablico no m\u00eas passado afirma \u00e0 p\u00e1gina 93 das \u201cConclus\u00f5es e Recomenda\u00e7\u00f5es Estrat\u00e9gicas\u201d\u00a0: \u201c\u00c9 fundamental chamar aten\u00e7\u00e3o para a situa\u00e7\u00e3o dos artes\u00e3os e do Centro de Abastecimento, pois\u2026","rel":"","context":"Em &quot;Home&quot;","block_context":{"text":"Home","link":"https:\/\/blogdafeira.com.br\/home\/categoria\/raiz\/"},"img":{"alt_text":"img_20170628_1400125284","src":"https:\/\/i0.wp.com\/blogdafeira.com.br\/home\/wp-content\/uploads\/2017\/06\/IMG_20170628_1400125284.jpg?resize=350%2C200","width":350,"height":200,"srcset":"https:\/\/i0.wp.com\/blogdafeira.com.br\/home\/wp-content\/uploads\/2017\/06\/IMG_20170628_1400125284.jpg?resize=350%2C200 1x, https:\/\/i0.wp.com\/blogdafeira.com.br\/home\/wp-content\/uploads\/2017\/06\/IMG_20170628_1400125284.jpg?resize=525%2C300 1.5x, https:\/\/i0.wp.com\/blogdafeira.com.br\/home\/wp-content\/uploads\/2017\/06\/IMG_20170628_1400125284.jpg?resize=700%2C400 2x, https:\/\/i0.wp.com\/blogdafeira.com.br\/home\/wp-content\/uploads\/2017\/06\/IMG_20170628_1400125284.jpg?resize=1050%2C600 3x, https:\/\/i0.wp.com\/blogdafeira.com.br\/home\/wp-content\/uploads\/2017\/06\/IMG_20170628_1400125284.jpg?resize=1400%2C800 4x"},"classes":[]},{"id":29718,"url":"https:\/\/blogdafeira.com.br\/home\/2018\/05\/22\/feira-de-santana-recebe-o-8-circuito-cultural-belgo-bekaert\/","url_meta":{"origin":27225,"position":3},"title":"Feira de Santana recebe o 8\u00b0 Circuito Cultural Belgo Bekaert","author":"Blog da Feira","date":"22\/05\/2018","format":false,"excerpt":"Com o cl\u00e1ssico \u201cChapeuzinho Vermelho\u201d,encenado pela companhia teatral mineira O Trem, ser\u00e1 lan\u00e7ado no s\u00e1bado, 26, em apresenta\u00e7\u00e3o aberta ao p\u00fablico, o 8\u00b0 Circuito Cultural Belgo Bekaert. O esperto comecc \u00e0s 16 horas, no Centro de Esportes e Artes Unificados (CEU), no bairro Cidade Nova, em Feira. Com atra\u00e7\u00f5es direcionadas\u2026","rel":"","context":"Em &quot;Home&quot;","block_context":{"text":"Home","link":"https:\/\/blogdafeira.com.br\/home\/categoria\/raiz\/"},"img":{"alt_text":"","src":"https:\/\/i0.wp.com\/blogdafeira.com.br\/home\/wp-content\/uploads\/2018\/05\/IMG-20180522-WA0141-1024x682.jpg?resize=350%2C200","width":350,"height":200,"srcset":"https:\/\/i0.wp.com\/blogdafeira.com.br\/home\/wp-content\/uploads\/2018\/05\/IMG-20180522-WA0141-1024x682.jpg?resize=350%2C200 1x, https:\/\/i0.wp.com\/blogdafeira.com.br\/home\/wp-content\/uploads\/2018\/05\/IMG-20180522-WA0141-1024x682.jpg?resize=525%2C300 1.5x, https:\/\/i0.wp.com\/blogdafeira.com.br\/home\/wp-content\/uploads\/2018\/05\/IMG-20180522-WA0141-1024x682.jpg?resize=700%2C400 2x"},"classes":[]},{"id":10458,"url":"https:\/\/blogdafeira.com.br\/home\/2014\/05\/13\/belgo-bekaert-e-a-unica-industria-do-cis-que-investe-em-cultura\/","url_meta":{"origin":27225,"position":4},"title":"Belgo Bekaert \u00e9 a \u00fanica ind\u00fastria do CIS que investe em cultura","author":"Blog da Feira","date":"13\/05\/2014","format":false,"excerpt":"Feira de Santana vai receber pelo quarto ano consecutivo o Circuito Cultural Belgo Bekaert que ser\u00e1 aberto no pr\u00f3ximo dia 31 de maio, com a apresenta\u00e7\u00e3o do espet\u00e1culo infantil \u201cLuiz e Nazinha\u201d, \u00e0s 16 horas, no Teatro da CDL. Promovido pela empresa Belgo Bekaert Arames (antiga Jorsan da Bahia), o\u2026","rel":"","context":"Em &quot;Home&quot;","block_context":{"text":"Home","link":"https:\/\/blogdafeira.com.br\/home\/categoria\/raiz\/"},"img":{"alt_text":"Luiz e Nazinha_foto Andrea Rocha (1)","src":"https:\/\/i0.wp.com\/blogdafeira.com.br\/home\/wp-content\/uploads\/2014\/05\/Luiz-e-Nazinha_foto-Andrea-Rocha-1-199x300.jpg?resize=350%2C200","width":350,"height":200},"classes":[]},{"id":47695,"url":"https:\/\/blogdafeira.com.br\/home\/2021\/10\/13\/show-infantil-pipoca-banana-em-feira-sabado-em-formato-drive-in\/","url_meta":{"origin":27225,"position":5},"title":"Show infantil \u201cPipoca Banana\u201d em Feira, s\u00e1bado, em formato drive-in","author":"Blog da Feira","date":"13\/10\/2021","format":false,"excerpt":"O Divers\u00e3o em Cena, maior programa de forma\u00e7\u00e3o de p\u00fablico do Brasil, retorna a Feira Santana com novo modelo de apresenta\u00e7\u00e3o para seus espet\u00e1culos. Desde o ano de 2020, em fun\u00e7\u00e3o da pandemia do covid-19, o programa vem sendo apresentado em formato virtual, sempre aos domingos \u00e0s 16h, nas plataformas\u2026","rel":"","context":"Em &quot;Cultura&quot;","block_context":{"text":"Cultura","link":"https:\/\/blogdafeira.com.br\/home\/categoria\/cultura\/"},"img":{"alt_text":"","src":"https:\/\/i0.wp.com\/blogdafeira.com.br\/home\/wp-content\/uploads\/2021\/10\/Flyer-Feira-de-Santana-scaled.jpg?resize=350%2C200&ssl=1","width":350,"height":200,"srcset":"https:\/\/i0.wp.com\/blogdafeira.com.br\/home\/wp-content\/uploads\/2021\/10\/Flyer-Feira-de-Santana-scaled.jpg?resize=350%2C200&ssl=1 1x, https:\/\/i0.wp.com\/blogdafeira.com.br\/home\/wp-content\/uploads\/2021\/10\/Flyer-Feira-de-Santana-scaled.jpg?resize=525%2C300&ssl=1 1.5x, https:\/\/i0.wp.com\/blogdafeira.com.br\/home\/wp-content\/uploads\/2021\/10\/Flyer-Feira-de-Santana-scaled.jpg?resize=700%2C400&ssl=1 2x, https:\/\/i0.wp.com\/blogdafeira.com.br\/home\/wp-content\/uploads\/2021\/10\/Flyer-Feira-de-Santana-scaled.jpg?resize=1050%2C600&ssl=1 3x, https:\/\/i0.wp.com\/blogdafeira.com.br\/home\/wp-content\/uploads\/2021\/10\/Flyer-Feira-de-Santana-scaled.jpg?resize=1400%2C800&ssl=1 4x"},"classes":[]}],"_links":{"self":[{"href":"https:\/\/blogdafeira.com.br\/home\/wp-json\/wp\/v2\/posts\/27225","targetHints":{"allow":["GET"]}}],"collection":[{"href":"https:\/\/blogdafeira.com.br\/home\/wp-json\/wp\/v2\/posts"}],"about":[{"href":"https:\/\/blogdafeira.com.br\/home\/wp-json\/wp\/v2\/types\/post"}],"author":[{"embeddable":true,"href":"https:\/\/blogdafeira.com.br\/home\/wp-json\/wp\/v2\/users\/1"}],"replies":[{"embeddable":true,"href":"https:\/\/blogdafeira.com.br\/home\/wp-json\/wp\/v2\/comments?post=27225"}],"version-history":[{"count":1,"href":"https:\/\/blogdafeira.com.br\/home\/wp-json\/wp\/v2\/posts\/27225\/revisions"}],"predecessor-version":[{"id":27226,"href":"https:\/\/blogdafeira.com.br\/home\/wp-json\/wp\/v2\/posts\/27225\/revisions\/27226"}],"wp:attachment":[{"href":"https:\/\/blogdafeira.com.br\/home\/wp-json\/wp\/v2\/media?parent=27225"}],"wp:term":[{"taxonomy":"category","embeddable":true,"href":"https:\/\/blogdafeira.com.br\/home\/wp-json\/wp\/v2\/categories?post=27225"},{"taxonomy":"post_tag","embeddable":true,"href":"https:\/\/blogdafeira.com.br\/home\/wp-json\/wp\/v2\/tags?post=27225"}],"curies":[{"name":"wp","href":"https:\/\/api.w.org\/{rel}","templated":true}]}}