{"id":27266,"date":"2017-06-30T01:34:15","date_gmt":"2017-06-30T04:34:15","guid":{"rendered":"http:\/\/blogdafeira.com.br\/home\/?p=27266"},"modified":"2017-07-01T08:56:02","modified_gmt":"2017-07-01T11:56:02","slug":"sessao-de-ferias-lota-planetario-no-museu-parque-do-saber-por-lucidalva-oliveira","status":"publish","type":"post","link":"https:\/\/blogdafeira.com.br\/home\/2017\/06\/30\/sessao-de-ferias-lota-planetario-no-museu-parque-do-saber-por-lucidalva-oliveira\/","title":{"rendered":"Sess\u00e3o de f\u00e9rias lota Planet\u00e1rio no Museu Parque do Saber"},"content":{"rendered":"<p><img loading=\"lazy\" decoding=\"async\" class=\"aligncenter size-full wp-image-27268\" src=\"http:\/\/blogdafeira.com.br\/home\/wp-content\/uploads\/2017\/06\/2962017092849.jpg\" alt=\"2962017092849\" width=\"653\" height=\"489\" srcset=\"https:\/\/blogdafeira.com.br\/home\/wp-content\/uploads\/2017\/06\/2962017092849.jpg 653w, https:\/\/blogdafeira.com.br\/home\/wp-content\/uploads\/2017\/06\/2962017092849-170x127.jpg 170w, https:\/\/blogdafeira.com.br\/home\/wp-content\/uploads\/2017\/06\/2962017092849-346x259.jpg 346w\" sizes=\"auto, (max-width: 653px) 100vw, 653px\" \/><\/p>\n<div id=\"blogd-3634915389\" class=\"blogd-fim-do-post-mobile blogd-entity-placement\" style=\"margin-left: auto;margin-right: auto;text-align: center;\"><a href=\"https:\/\/www.sefaz.feiradesantana.ba.gov.br\/\" target=\"_blank\" aria-label=\"728&#215;90 (6)\"><img loading=\"lazy\" decoding=\"async\" src=\"https:\/\/blogdafeira.com.br\/home\/wp-content\/uploads\/2026\/03\/728x90-6.gif\" alt=\"\"  class=\"no-lazyload\" width=\"728\" height=\"90\"  style=\"display: inline-block;\" \/><\/a><\/div><p>Apesar do clima frio da cidade, o p\u00fablico superou as expectativas no primeiro dia da sess\u00e3o de f\u00e9rias, realizada na quarta-feira, 28.<\/p><div id=\"blogd-791454068\" class=\"blogd-conteudo-2-mobile blogd-entity-placement\"><a href=\"https:\/\/feirenses.com.br\/\" target=\"_blank\" aria-label=\"feirenses\"><img loading=\"lazy\" decoding=\"async\" src=\"https:\/\/blogdafeira.com.br\/home\/wp-content\/uploads\/2026\/04\/feirenses.png\" alt=\"\"  srcset=\"https:\/\/blogdafeira.com.br\/home\/wp-content\/uploads\/2026\/04\/feirenses.png 300w, https:\/\/blogdafeira.com.br\/home\/wp-content\/uploads\/2026\/04\/feirenses-170x45.png 170w, https:\/\/blogdafeira.com.br\/home\/wp-content\/uploads\/2026\/04\/feirenses-280x74.png 280w\" sizes=\"(max-width: 300px) 100vw, 300px\" class=\"no-lazyload\" width=\"300\" height=\"79\"  style=\"display: inline-block;\" \/><\/a><\/div>\n<p>Foram ocupados todos os assentos e o constante interesse da comunidade em participar da sess\u00e3o foi continuo.O p\u00fablico misto, dividido entre crian\u00e7as, jovens, adultos e idosos, foram surpreendidos com a atividade. Saiam comentando e compartilhando gargalhadas, ao falar daquela novidade.<\/p>\n<p>Para muitos, n\u00e3o foi um primeiro contato com o espa\u00e7o, para outros, \u00e9 como uma paix\u00e3o \u00e0 primeira vista, como aconteceu com Lucas Alves, 7 anos, que j\u00e1 sonha em pisar na lua.<\/p>\n<p><img loading=\"lazy\" decoding=\"async\" class=\"aligncenter size-full wp-image-27267\" src=\"http:\/\/blogdafeira.com.br\/home\/wp-content\/uploads\/2017\/06\/WhatsApp-Image-2017-06-29-at-09.11.36-1.jpeg\" alt=\"whatsapp-image-2017-06-29-at-09-11-36-1\" width=\"709\" height=\"532\" srcset=\"https:\/\/blogdafeira.com.br\/home\/wp-content\/uploads\/2017\/06\/WhatsApp-Image-2017-06-29-at-09.11.36-1.jpeg 709w, https:\/\/blogdafeira.com.br\/home\/wp-content\/uploads\/2017\/06\/WhatsApp-Image-2017-06-29-at-09.11.36-1-170x128.jpeg 170w, https:\/\/blogdafeira.com.br\/home\/wp-content\/uploads\/2017\/06\/WhatsApp-Image-2017-06-29-at-09.11.36-1-346x260.jpeg 346w\" sizes=\"auto, (max-width: 709px) 100vw, 709px\" \/><\/p>\n<p>A cabeleireira, Daniela Alves, m\u00e3e do futuro astronauta, satisfeita com Museu n\u00e3o se conteve em emo\u00e7\u00e3o ao falar que tudo o que o filho mais disse durante a semana foi explicado no decorrer da sess\u00e3o programada para hoje: \u201cABC das Estrelas\u201d.<\/p>\n<p><em>\u201cGostei muito do planet\u00e1rio. Refor\u00e7a e estimula o conhecimento da crian\u00e7a. Este lugar \u00e9 fant\u00e1stico\u201d<\/em>, afirma.<\/p>\n<p>O diretor do Museu Parque do Saber, Bas\u00edlio Fernandez, refor\u00e7a o convite \u00e0 comunidade feirense e adjac\u00eancia, explicando a import\u00e2ncia deste momento de aprendizado, que apesar de ser denominada \u201cSess\u00e3o de F\u00e9rias\u201d, tr\u00e1s a expectativa e entusiasmo do visitante no saber cient\u00edfico.<\/p>\n<p>\u201c<em>A Sess\u00e3o promove uma atividade com conte\u00fado cient\u00edfico para um p\u00fablico heterog\u00eaneo que vem atr\u00e1s de entretenimento, educa\u00e7\u00e3o e conhecimento, refor\u00e7ando o interesse dos respons\u00e1veis em manter uma divers\u00e3o baseada na educa\u00e7\u00e3o\u201d<\/em>, ressalta o diretor.<\/p>\n<p>A Sess\u00e3o foi encerrada em palmas e na expectativa e curiosidade na pr\u00f3xima atividade.<\/p>\n<div id=\"blogd-1820580128\" class=\"blogd-final-post blogd-entity-placement\"><a href=\"https:\/\/www.feiradesantana.ba.leg.br\/\" target=\"_blank\" aria-label=\"BANNER-SITE-ENTREGADECHEQUE-CAMARADEFEIRA\"><img loading=\"lazy\" decoding=\"async\" src=\"https:\/\/blogdafeira.com.br\/home\/wp-content\/uploads\/2026\/03\/BANNER-SITE-ENTREGADECHEQUE-CAMARADEFEIRA.gif\" alt=\"\"  class=\"no-lazyload\" width=\"728\" height=\"90\"   \/><\/a><\/div><p><em><a href=\"http:\/\/www.feiradesantana.ba.gov.br\/noticias.asp?idn=17429&amp;materia=Sessao-de-ferias-lota-planetario-do-Museu-Parque-do-Saber.html\">Secom<\/a>\/<strong><a href=\"https:\/\/www.facebook.com\/lucidalva.oliveira.54?ref=br_rs\">Lucidalva Oliveira \u00e9 jornalista professora, assessora de comunica\u00e7\u00e3o da Funda\u00e7\u00e3o Municipal Egberto Costa<\/a><\/strong><\/em><\/p>\n","protected":false},"excerpt":{"rendered":"<p>Apesar do clima frio da cidade, o p\u00fablico superou as expectativas no primeiro dia da sess\u00e3o de f\u00e9rias, realizada na quarta-feira, 28. Foram ocupados todos os assentos e o constante interesse da comunidade em participar da sess\u00e3o foi continuo.O p\u00fablico misto, dividido entre crian\u00e7as, jovens, adultos e idosos, foram surpreendidos com a atividade. Saiam comentando<\/p>\n","protected":false},"author":1,"featured_media":0,"comment_status":"closed","ping_status":"closed","sticky":false,"template":"","format":"standard","meta":{"jetpack_post_was_ever_published":false,"cybocfi_hide_featured_image":"","_jetpack_newsletter_access":"","_jetpack_dont_email_post_to_subs":true,"_jetpack_newsletter_tier_id":0,"_jetpack_memberships_contains_paywalled_content":false,"_jetpack_memberships_contains_paid_content":false,"footnotes":"","jetpack_publicize_message":"","jetpack_publicize_feature_enabled":true,"jetpack_social_post_already_shared":true,"jetpack_social_options":{"image_generator_settings":{"template":"highway","default_image_id":0,"font":"","enabled":false},"version":2}},"categories":[1],"tags":[],"class_list":["post-27266","post","type-post","status-publish","format-standard","hentry","category-raiz"],"jetpack_publicize_connections":[],"jetpack_featured_media_url":"","jetpack_shortlink":"https:\/\/wp.me\/p3niVf-75M","jetpack_sharing_enabled":true,"jetpack-related-posts":[{"id":27205,"url":"https:\/\/blogdafeira.com.br\/home\/2017\/06\/22\/parque-do-saber-em-feira-faz-sessao-de-ferias-a-partir-do-dia-28\/","url_meta":{"origin":27266,"position":0},"title":"Parque do Saber em Feira faz &#8216;Sess\u00e3o de F\u00e9rias&#8217; a partir do dia 28","author":"Blog da Feira","date":"22\/06\/2017","format":false,"excerpt":"O Parque do Saber Dival da Silva Pitombo realiza nos dias 28, 29 e 30 de junho A Sess\u00e3o de F\u00e9rias. O evento, que ser\u00e1 iniciado \u00e0s 16h, abre as portas do Museu para a exibi\u00e7\u00e3o de trailers de filmes sobre astronomia e a realiza\u00e7\u00e3o de aulas gratuitas sobre o\u2026","rel":"","context":"Em &quot;Home&quot;","block_context":{"text":"Home","link":"https:\/\/blogdafeira.com.br\/home\/categoria\/raiz\/"},"img":{"alt_text":"parque-do-saber-foto-acm-1","src":"https:\/\/i0.wp.com\/blogdafeira.com.br\/home\/wp-content\/uploads\/2017\/06\/Parque-do-Saber-Foto-ACM-1.jpg?resize=350%2C200","width":350,"height":200,"srcset":"https:\/\/i0.wp.com\/blogdafeira.com.br\/home\/wp-content\/uploads\/2017\/06\/Parque-do-Saber-Foto-ACM-1.jpg?resize=350%2C200 1x, https:\/\/i0.wp.com\/blogdafeira.com.br\/home\/wp-content\/uploads\/2017\/06\/Parque-do-Saber-Foto-ACM-1.jpg?resize=525%2C300 1.5x, https:\/\/i0.wp.com\/blogdafeira.com.br\/home\/wp-content\/uploads\/2017\/06\/Parque-do-Saber-Foto-ACM-1.jpg?resize=700%2C400 2x"},"classes":[]},{"id":31904,"url":"https:\/\/blogdafeira.com.br\/home\/2019\/07\/05\/a-primeira-vez-com-um-negao-nao-doi-promotor-agride-defensora-publica-durante-juri-em-feira-de-santana\/","url_meta":{"origin":27266,"position":1},"title":"&#8220;A primeira vez com um neg\u00e3o n\u00e3o d\u00f3i&#8221;: promotor agride defensora p\u00fablica durante j\u00fari em Feira de Santana","author":"J\u00e2nio R\u00eago","date":"05\/07\/2019","format":false,"excerpt":"Em uma sess\u00e3o plen\u00e1ria do Tribunal do J\u00fari, ontem, em Feira de Santana, o promotor Ariomar Figueiredo da Silva dirigiu-se \u00e0 defensora p\u00fablica Fernanda Morais\u00a0 dizendo que ela ficasse calma porque \"a primeira vez com um neg\u00e3o n\u00e3o d\u00f3i\" \"A expl\u00edcita conota\u00e7\u00e3o sexual da fala do promotor n\u00e3o \u00e9 apenas\u2026","rel":"","context":"Em &quot;Home&quot;","block_context":{"text":"Home","link":"https:\/\/blogdafeira.com.br\/home\/categoria\/raiz\/"},"img":{"alt_text":"","src":"","width":0,"height":0},"classes":[]},{"id":9114,"url":"https:\/\/blogdafeira.com.br\/home\/2014\/02\/13\/deputado-colbert-filho-ausente-na-sessao-que-cassou-donadon\/","url_meta":{"origin":27266,"position":2},"title":"Deputado Colbert Filho ausente na sess\u00e3o que cassou Donadon","author":"Blog da Feira","date":"13\/02\/2014","format":false,"excerpt":"Os deputados federais M\u00e1rio Negromonte (PP) e Colbert Martins Filho (PMDB) foram os dois deputados baianos ausentes da sess\u00e3o que cassou o mandato de Natan Donadon, ontem. Donandon foi cassado na primeira sess\u00e3o com voto aberto para esse fim.O deputado de Roraima n\u00e3o obteve nenhum voto a seu favor. O\u2026","rel":"","context":"Em &quot;Home&quot;","block_context":{"text":"Home","link":"https:\/\/blogdafeira.com.br\/home\/categoria\/raiz\/"},"img":{"alt_text":"","src":"","width":0,"height":0},"classes":[]},{"id":66483,"url":"https:\/\/blogdafeira.com.br\/home\/2025\/04\/02\/soraia-nova-peca-de-geovane-mascarenhas-teve-estreia-com-zeu-brito-e-sabado-tem-apresentacao-extra\/","url_meta":{"origin":27266,"position":3},"title":"&#8216;Soraia&#8217;, nova pe\u00e7a de Geovane Mascarenhas teve estreia com Z\u00e9u Brito; s\u00e1bado tem sess\u00e3o extra","author":"Blog da Feira","date":"02\/04\/2025","format":false,"excerpt":"O jornalista Wilson M\u00e1rio e o artista Z\u00e9u Brito encontraram-se ao final da estreia da mais nova pe\u00e7a do diretor Geovane Mascarenhas, Soraia.\u00a0 \"Foi um encontro muito descontra\u00eddo\", comenta o jornalista, sugerindo a pe\u00e7a, uma divertida e inteligente\u00a0 com\u00e9dia, aos apreciadores do teatro em Feira. Cerca de 500 pessoas foram\u2026","rel":"","context":"Em &quot;Cultura&quot;","block_context":{"text":"Cultura","link":"https:\/\/blogdafeira.com.br\/home\/categoria\/cultura\/"},"img":{"alt_text":"","src":"https:\/\/i0.wp.com\/blogdafeira.com.br\/home\/wp-content\/uploads\/2025\/04\/IMG-20250402-WA00632.jpg?resize=350%2C200&ssl=1","width":350,"height":200,"srcset":"https:\/\/i0.wp.com\/blogdafeira.com.br\/home\/wp-content\/uploads\/2025\/04\/IMG-20250402-WA00632.jpg?resize=350%2C200&ssl=1 1x, https:\/\/i0.wp.com\/blogdafeira.com.br\/home\/wp-content\/uploads\/2025\/04\/IMG-20250402-WA00632.jpg?resize=525%2C300&ssl=1 1.5x, https:\/\/i0.wp.com\/blogdafeira.com.br\/home\/wp-content\/uploads\/2025\/04\/IMG-20250402-WA00632.jpg?resize=700%2C400&ssl=1 2x, https:\/\/i0.wp.com\/blogdafeira.com.br\/home\/wp-content\/uploads\/2025\/04\/IMG-20250402-WA00632.jpg?resize=1050%2C600&ssl=1 3x"},"classes":[]},{"id":45729,"url":"https:\/\/blogdafeira.com.br\/home\/2021\/06\/07\/feira-comemora-hoje-o-dia-municipal-da-literatura-de-cordel\/","url_meta":{"origin":27266,"position":4},"title":"Feira comemora hoje o Dia Municipal da Literatura de Cordel","author":"Blog da Feira","date":"07\/06\/2021","format":false,"excerpt":"Desde 2010 que Feira de Santana, atrav\u00e9s de projeto de lei do ent\u00e3o vereador e radialista Frei Cal, foi criado o Dia Municipal da Literatura de Cordel, comemorado todo dia 7 de junho, data de nascimento do cordelista Antonio Alves da Silva, \"um dos mais expressivos nomes nesta arte e\u2026","rel":"","context":"Em &quot;Cultura&quot;","block_context":{"text":"Cultura","link":"https:\/\/blogdafeira.com.br\/home\/categoria\/cultura\/"},"img":{"alt_text":"","src":"https:\/\/i0.wp.com\/blogdafeira.com.br\/home\/wp-content\/uploads\/2021\/05\/IMG_20210521_133654_674-scaled.jpg?resize=350%2C200&ssl=1","width":350,"height":200,"srcset":"https:\/\/i0.wp.com\/blogdafeira.com.br\/home\/wp-content\/uploads\/2021\/05\/IMG_20210521_133654_674-scaled.jpg?resize=350%2C200&ssl=1 1x, https:\/\/i0.wp.com\/blogdafeira.com.br\/home\/wp-content\/uploads\/2021\/05\/IMG_20210521_133654_674-scaled.jpg?resize=525%2C300&ssl=1 1.5x, https:\/\/i0.wp.com\/blogdafeira.com.br\/home\/wp-content\/uploads\/2021\/05\/IMG_20210521_133654_674-scaled.jpg?resize=700%2C400&ssl=1 2x, https:\/\/i0.wp.com\/blogdafeira.com.br\/home\/wp-content\/uploads\/2021\/05\/IMG_20210521_133654_674-scaled.jpg?resize=1050%2C600&ssl=1 3x, https:\/\/i0.wp.com\/blogdafeira.com.br\/home\/wp-content\/uploads\/2021\/05\/IMG_20210521_133654_674-scaled.jpg?resize=1400%2C800&ssl=1 4x"},"classes":[]},{"id":47500,"url":"https:\/\/blogdafeira.com.br\/home\/2021\/09\/21\/presidente-da-camara-de-feira-passa-mal-outra-vez-durante-sessao\/","url_meta":{"origin":27266,"position":5},"title":"Presidente da C\u00e2mara de Feira passa mal outra vez durante sess\u00e3o","author":"Blog da Feira","date":"21\/09\/2021","format":false,"excerpt":"Pela segunda vez, neste m\u00eas, a sess\u00e3o da C\u00e2mara de Vereadores de Feira de Santana foi suspensa em virtude de mal estar apresentado pelo Presidente da Casa, vereador Fernando Torres (PSD). A primeira indisposi\u00e7\u00e3o do Presidente aconteceu no \u00faltimo dia 8. Torres, segundo a Assessoria de Comunica\u00e7\u00e3o do Poder Legislativo\u2026","rel":"","context":"Em &quot;Home&quot;","block_context":{"text":"Home","link":"https:\/\/blogdafeira.com.br\/home\/categoria\/raiz\/"},"img":{"alt_text":"","src":"https:\/\/i0.wp.com\/blogdafeira.com.br\/home\/wp-content\/uploads\/2021\/09\/images-1.jpeg?resize=350%2C200&ssl=1","width":350,"height":200,"srcset":"https:\/\/i0.wp.com\/blogdafeira.com.br\/home\/wp-content\/uploads\/2021\/09\/images-1.jpeg?resize=350%2C200&ssl=1 1x, https:\/\/i0.wp.com\/blogdafeira.com.br\/home\/wp-content\/uploads\/2021\/09\/images-1.jpeg?resize=525%2C300&ssl=1 1.5x"},"classes":[]}],"_links":{"self":[{"href":"https:\/\/blogdafeira.com.br\/home\/wp-json\/wp\/v2\/posts\/27266","targetHints":{"allow":["GET"]}}],"collection":[{"href":"https:\/\/blogdafeira.com.br\/home\/wp-json\/wp\/v2\/posts"}],"about":[{"href":"https:\/\/blogdafeira.com.br\/home\/wp-json\/wp\/v2\/types\/post"}],"author":[{"embeddable":true,"href":"https:\/\/blogdafeira.com.br\/home\/wp-json\/wp\/v2\/users\/1"}],"replies":[{"embeddable":true,"href":"https:\/\/blogdafeira.com.br\/home\/wp-json\/wp\/v2\/comments?post=27266"}],"version-history":[{"count":6,"href":"https:\/\/blogdafeira.com.br\/home\/wp-json\/wp\/v2\/posts\/27266\/revisions"}],"predecessor-version":[{"id":27286,"href":"https:\/\/blogdafeira.com.br\/home\/wp-json\/wp\/v2\/posts\/27266\/revisions\/27286"}],"wp:attachment":[{"href":"https:\/\/blogdafeira.com.br\/home\/wp-json\/wp\/v2\/media?parent=27266"}],"wp:term":[{"taxonomy":"category","embeddable":true,"href":"https:\/\/blogdafeira.com.br\/home\/wp-json\/wp\/v2\/categories?post=27266"},{"taxonomy":"post_tag","embeddable":true,"href":"https:\/\/blogdafeira.com.br\/home\/wp-json\/wp\/v2\/tags?post=27266"}],"curies":[{"name":"wp","href":"https:\/\/api.w.org\/{rel}","templated":true}]}}