{"id":28125,"date":"2017-09-06T15:50:06","date_gmt":"2017-09-06T18:50:06","guid":{"rendered":"http:\/\/blogdafeira.com.br\/home\/?p=28125"},"modified":"2017-09-06T15:50:06","modified_gmt":"2017-09-06T18:50:06","slug":"sanfona-de-bie-e-o-simbolo-da-resistencia-cultural-no-centro-de-abastecimento-em-feira","status":"publish","type":"post","link":"https:\/\/blogdafeira.com.br\/home\/2017\/09\/06\/sanfona-de-bie-e-o-simbolo-da-resistencia-cultural-no-centro-de-abastecimento-em-feira\/","title":{"rendered":"Sanfona de Bi\u00e9 \u00e9 o s\u00edmbolo da resist\u00eancia cultural no Centro de Abastecimento em Feira"},"content":{"rendered":"<p><img loading=\"lazy\" decoding=\"async\" class=\"aligncenter size-large wp-image-28127\" src=\"http:\/\/blogdafeira.com.br\/home\/wp-content\/uploads\/2017\/09\/IMG_20170904_1526467512-576x1024.jpg\" alt=\"img_20170904_1526467512\" width=\"576\" height=\"1024\" srcset=\"https:\/\/blogdafeira.com.br\/home\/wp-content\/uploads\/2017\/09\/IMG_20170904_1526467512-576x1024.jpg 576w, https:\/\/blogdafeira.com.br\/home\/wp-content\/uploads\/2017\/09\/IMG_20170904_1526467512-84x150.jpg 84w, https:\/\/blogdafeira.com.br\/home\/wp-content\/uploads\/2017\/09\/IMG_20170904_1526467512-169x300.jpg 169w, https:\/\/blogdafeira.com.br\/home\/wp-content\/uploads\/2017\/09\/IMG_20170904_1526467512-768x1365.jpg 768w\" sizes=\"auto, (max-width: 576px) 100vw, 576px\" \/><\/p>\n<div id=\"blogd-3226172986\" class=\"blogd-fim-do-post-mobile blogd-entity-placement\" style=\"margin-left: auto;margin-right: auto;text-align: center;\"><a href=\"https:\/\/www.sefaz.feiradesantana.ba.gov.br\/\" target=\"_blank\" aria-label=\"728&#215;90 (6)\"><img loading=\"lazy\" decoding=\"async\" src=\"https:\/\/blogdafeira.com.br\/home\/wp-content\/uploads\/2026\/03\/728x90-6.gif\" alt=\"\"  class=\"no-lazyload\" width=\"728\" height=\"90\"  style=\"display: inline-block;\" \/><\/a><\/div><p>Mergulhado num vis\u00edvel processo de desmonte e exclus\u00e3o o Centro de Abastecimento de Feira de Santana \u00e9 reduto de resist\u00eancia cultural dos h\u00e1bitos e valores da feira-livre aut\u00eantica do Nordeste.<\/p><div id=\"blogd-3927025391\" class=\"blogd-conteudo-2-mobile blogd-entity-placement\"><a href=\"https:\/\/feirenses.com.br\/\" target=\"_blank\" aria-label=\"feirenses\"><img loading=\"lazy\" decoding=\"async\" src=\"https:\/\/blogdafeira.com.br\/home\/wp-content\/uploads\/2026\/04\/feirenses.png\" alt=\"\"  srcset=\"https:\/\/blogdafeira.com.br\/home\/wp-content\/uploads\/2026\/04\/feirenses.png 300w, https:\/\/blogdafeira.com.br\/home\/wp-content\/uploads\/2026\/04\/feirenses-170x45.png 170w, https:\/\/blogdafeira.com.br\/home\/wp-content\/uploads\/2026\/04\/feirenses-280x74.png 280w\" sizes=\"(max-width: 300px) 100vw, 300px\" class=\"no-lazyload\" width=\"300\" height=\"79\"  style=\"display: inline-block;\" \/><\/a><\/div>\n<p>Num cen\u00e1rio de destrui\u00e7\u00e3o dos espa\u00e7os, a sanfona, a m\u00fasica, torna-se um instrumento de resist\u00eancia.<\/p>\n<p>Sitiadas, isoladas, invadidas, as pessoas v\u00e3o se readaptando e enfrentando as adversidades.<\/p>\n<p>No galp\u00e3o mais pobre e estigmatizado do \u00a0Centro, chamado inclusive de &#8216;Pau da \u00a0Mis\u00e9ria&#8217;, \u00e9 o &#8216;Samba de Bi\u00e9&#8217; , todas as segundas-feiras, quem resgata a dignidade e a alegria extorquidos em nome do &#8216;progresso&#8217; que avan\u00e7a em forma de m\u00e1quinas e tapumes.<\/p>\n<div id=\"blogd-2767302898\" class=\"blogd-final-post blogd-entity-placement\"><a href=\"https:\/\/www.feiradesantana.ba.leg.br\/\" target=\"_blank\" aria-label=\"BANNER-SITE-ENTREGADECHEQUE-CAMARADEFEIRA\"><img loading=\"lazy\" decoding=\"async\" src=\"https:\/\/blogdafeira.com.br\/home\/wp-content\/uploads\/2026\/03\/BANNER-SITE-ENTREGADECHEQUE-CAMARADEFEIRA.gif\" alt=\"\"  class=\"no-lazyload\" width=\"728\" height=\"90\"   \/><\/a><\/div><p>A sanfona de BI\u00c9 \u00e9 um s\u00edmbolo.<\/p>\n","protected":false},"excerpt":{"rendered":"<p>Mergulhado num vis\u00edvel processo de desmonte e exclus\u00e3o o Centro de Abastecimento de Feira de Santana \u00e9 reduto de resist\u00eancia cultural dos h\u00e1bitos e valores da feira-livre aut\u00eantica do Nordeste. Num cen\u00e1rio de destrui\u00e7\u00e3o dos espa\u00e7os, a sanfona, a m\u00fasica, torna-se um instrumento de resist\u00eancia. Sitiadas, isoladas, invadidas, as pessoas v\u00e3o se readaptando e enfrentando<\/p>\n","protected":false},"author":1,"featured_media":0,"comment_status":"closed","ping_status":"closed","sticky":false,"template":"","format":"standard","meta":{"jetpack_post_was_ever_published":false,"cybocfi_hide_featured_image":"","_jetpack_newsletter_access":"","_jetpack_dont_email_post_to_subs":false,"_jetpack_newsletter_tier_id":0,"_jetpack_memberships_contains_paywalled_content":false,"_jetpack_memberships_contains_paid_content":false,"footnotes":"","jetpack_publicize_message":"","jetpack_publicize_feature_enabled":true,"jetpack_social_post_already_shared":true,"jetpack_social_options":{"image_generator_settings":{"template":"highway","default_image_id":0,"font":"","enabled":false},"version":2}},"categories":[1],"tags":[],"class_list":["post-28125","post","type-post","status-publish","format-standard","hentry","category-raiz"],"jetpack_publicize_connections":[],"jetpack_featured_media_url":"","jetpack_shortlink":"https:\/\/wp.me\/p3niVf-7jD","jetpack_sharing_enabled":true,"jetpack-related-posts":[{"id":15228,"url":"https:\/\/blogdafeira.com.br\/home\/2015\/06\/01\/governo-de-feira-silenciou-os-oito-baixos-de-bie\/","url_meta":{"origin":28125,"position":0},"title":"Governo de Feira silenciou os &#8216;oito baixos&#8217; de Bi\u00e9","author":"Blog da Feira","date":"01\/06\/2015","format":false,"excerpt":"Aconteceu o que alertamos: o governo municipal de Feira de Santana conseguiu silenciar, pelo medo, a sanfona de oito baixos de Bi\u00e9, no Centro de Abastecimento. Hoje Bi\u00e9 n\u00e3o foi ao Centro.O som da sanfoninha n\u00e3o amaciou os ouvidos da gente simples. 'Tive medo de tomarem minha sanfona, minhas caixas.Eles\u2026","rel":"","context":"Em &quot;Home&quot;","block_context":{"text":"Home","link":"https:\/\/blogdafeira.com.br\/home\/categoria\/raiz\/"},"img":{"alt_text":"BI\u00e9","src":"https:\/\/i0.wp.com\/blogdafeira.com.br\/home\/wp-content\/uploads\/2015\/06\/BI%C3%A9.jpg?resize=350%2C200","width":350,"height":200,"srcset":"https:\/\/i0.wp.com\/blogdafeira.com.br\/home\/wp-content\/uploads\/2015\/06\/BI%C3%A9.jpg?resize=350%2C200 1x, https:\/\/i0.wp.com\/blogdafeira.com.br\/home\/wp-content\/uploads\/2015\/06\/BI%C3%A9.jpg?resize=525%2C300 1.5x"},"classes":[]},{"id":47645,"url":"https:\/\/blogdafeira.com.br\/home\/2021\/10\/04\/sanfona-de-bie-dos-8-baixos-vai-a-leilao\/","url_meta":{"origin":28125,"position":1},"title":"Sanfona de Bi\u00e9 dos 8 Baixos vai a leil\u00e3o","author":"J\u00e2nio R\u00eago","date":"04\/10\/2021","format":false,"excerpt":"Uyat\u00e3 Rayra me diz que os filhos, filhas de Bi\u00e9 dos 8 Baixos v\u00e3o apurar em R$ uma das sanfonas, talvez a vermelha que parecia ser a preferida do falecido sanfoneiro de feira livre no Centro de Abastecimento de Feira de Santana. A crise agudada pela aus\u00eancia do cabe\u00e7a da\u2026","rel":"","context":"Em &quot;Colunistas&quot;","block_context":{"text":"Colunistas","link":"https:\/\/blogdafeira.com.br\/home\/categoria\/colunistas\/"},"img":{"alt_text":"","src":"https:\/\/i0.wp.com\/blogdafeira.com.br\/home\/wp-content\/uploads\/2021\/10\/Screenshot_20211004-2120142.png?resize=350%2C200&ssl=1","width":350,"height":200,"srcset":"https:\/\/i0.wp.com\/blogdafeira.com.br\/home\/wp-content\/uploads\/2021\/10\/Screenshot_20211004-2120142.png?resize=350%2C200&ssl=1 1x, https:\/\/i0.wp.com\/blogdafeira.com.br\/home\/wp-content\/uploads\/2021\/10\/Screenshot_20211004-2120142.png?resize=525%2C300&ssl=1 1.5x"},"classes":[]},{"id":37681,"url":"https:\/\/blogdafeira.com.br\/home\/2020\/05\/12\/assista-bie-dos-8-baixos-filme-disponivel-gratuitamente-no-youtube\/","url_meta":{"origin":28125,"position":2},"title":"Assista &#8216;Bi\u00e9 dos 8 Baixos&#8217;, filme completo dispon\u00edvel no Youtube","author":"Blog da Feira","date":"12\/05\/2020","format":false,"excerpt":"O document\u00e1rio \u201cBi\u00e9 dos 8 Baixos\u201d est\u00e1 dispon\u00edvel gratuitamente no Youtube. O filme narra a saga de Francisco da Silva Sena (Bi\u00e9) rumo \u00e0 realiza\u00e7\u00e3o semanal do \u201cSamba de Bi\u00e9\u201d: manifesta\u00e7\u00e3o popular que ocorria todas as segundas-feiras no Centro de Abastecimento de Feira de Santana (interior da Bahia). Proibido h\u00e1\u2026","rel":"","context":"Em &quot;Cidade&quot;","block_context":{"text":"Cidade","link":"https:\/\/blogdafeira.com.br\/home\/categoria\/cidade\/"},"img":{"alt_text":"","src":"https:\/\/i0.wp.com\/blogdafeira.com.br\/home\/wp-content\/uploads\/2016\/06\/IMG_20160619_164910147.jpg?resize=350%2C200&ssl=1","width":350,"height":200,"srcset":"https:\/\/i0.wp.com\/blogdafeira.com.br\/home\/wp-content\/uploads\/2016\/06\/IMG_20160619_164910147.jpg?resize=350%2C200&ssl=1 1x, https:\/\/i0.wp.com\/blogdafeira.com.br\/home\/wp-content\/uploads\/2016\/06\/IMG_20160619_164910147.jpg?resize=525%2C300&ssl=1 1.5x, https:\/\/i0.wp.com\/blogdafeira.com.br\/home\/wp-content\/uploads\/2016\/06\/IMG_20160619_164910147.jpg?resize=700%2C400&ssl=1 2x, https:\/\/i0.wp.com\/blogdafeira.com.br\/home\/wp-content\/uploads\/2016\/06\/IMG_20160619_164910147.jpg?resize=1050%2C600&ssl=1 3x, https:\/\/i0.wp.com\/blogdafeira.com.br\/home\/wp-content\/uploads\/2016\/06\/IMG_20160619_164910147.jpg?resize=1400%2C800&ssl=1 4x"},"classes":[]},{"id":45501,"url":"https:\/\/blogdafeira.com.br\/home\/2021\/05\/20\/o-samba-de-bie-sanfoneiros-da-feira\/","url_meta":{"origin":28125,"position":3},"title":"O Samba de Bi\u00e9  &#8211; Sanfoneiros da Feira","author":"J\u00e2nio R\u00eago","date":"20\/05\/2021","format":false,"excerpt":"O 'samba de bi\u00e9' nas segundas-feiras no centro de abastecimento sobreviveu at\u00e9 o advento do shopping. era uma jam session nordestina. Francisco de Sena, o Bi\u00e9 dos Oito Baixos (foto) era o 'dono da festa' mas tocava na sua sanfona quem chegasse. \u00e9 o caso desse v\u00eddeo : na sanfona\u2026","rel":"","context":"Em &quot;Cidade&quot;","block_context":{"text":"Cidade","link":"https:\/\/blogdafeira.com.br\/home\/categoria\/cidade\/"},"img":{"alt_text":"","src":"https:\/\/i0.wp.com\/blogdafeira.com.br\/home\/wp-content\/uploads\/2021\/05\/IMG_20160516_133121459-scaled.jpg?resize=350%2C200&ssl=1","width":350,"height":200,"srcset":"https:\/\/i0.wp.com\/blogdafeira.com.br\/home\/wp-content\/uploads\/2021\/05\/IMG_20160516_133121459-scaled.jpg?resize=350%2C200&ssl=1 1x, https:\/\/i0.wp.com\/blogdafeira.com.br\/home\/wp-content\/uploads\/2021\/05\/IMG_20160516_133121459-scaled.jpg?resize=525%2C300&ssl=1 1.5x, https:\/\/i0.wp.com\/blogdafeira.com.br\/home\/wp-content\/uploads\/2021\/05\/IMG_20160516_133121459-scaled.jpg?resize=700%2C400&ssl=1 2x, https:\/\/i0.wp.com\/blogdafeira.com.br\/home\/wp-content\/uploads\/2021\/05\/IMG_20160516_133121459-scaled.jpg?resize=1050%2C600&ssl=1 3x, https:\/\/i0.wp.com\/blogdafeira.com.br\/home\/wp-content\/uploads\/2021\/05\/IMG_20160516_133121459-scaled.jpg?resize=1400%2C800&ssl=1 4x"},"classes":[]},{"id":47827,"url":"https:\/\/blogdafeira.com.br\/home\/2021\/10\/24\/as-sanfonas-de-bie\/","url_meta":{"origin":28125,"position":4},"title":"As sanfonas de Bi\u00e9","author":"J\u00e2nio R\u00eago","date":"24\/10\/2021","format":false,"excerpt":"O sanfoneiro Francisco de Sena, o Bi\u00e9 dos 8 Baixos, tinha l\u00e1 suas vaidades al\u00e9m da eleg\u00e2ncia que cultivava no vestir e usar, roupas coloridas, chap\u00e9us de abas largas, cord\u00f5es, pulseiras,\u00a0 as m\u00e3os esparramadas de an\u00e9is brilhantes adornando os dedos \u00e1geis deslizando na sanfona. Digo, nas sanfonas. Mais de uma.\u2026","rel":"","context":"Em &quot;Colunistas&quot;","block_context":{"text":"Colunistas","link":"https:\/\/blogdafeira.com.br\/home\/categoria\/colunistas\/"},"img":{"alt_text":"","src":"https:\/\/i0.wp.com\/blogdafeira.com.br\/home\/wp-content\/uploads\/2021\/10\/Screenshot_20211024-1120332.png?resize=350%2C200&ssl=1","width":350,"height":200,"srcset":"https:\/\/i0.wp.com\/blogdafeira.com.br\/home\/wp-content\/uploads\/2021\/10\/Screenshot_20211024-1120332.png?resize=350%2C200&ssl=1 1x, https:\/\/i0.wp.com\/blogdafeira.com.br\/home\/wp-content\/uploads\/2021\/10\/Screenshot_20211024-1120332.png?resize=525%2C300&ssl=1 1.5x, https:\/\/i0.wp.com\/blogdafeira.com.br\/home\/wp-content\/uploads\/2021\/10\/Screenshot_20211024-1120332.png?resize=700%2C400&ssl=1 2x"},"classes":[]},{"id":31726,"url":"https:\/\/blogdafeira.com.br\/home\/2019\/06\/20\/filme-sobre-bie-dos-8-baixos-e-o-centro-de-abastecimento-de-feira-e-exibido-nesta-sexta-em-sao-paulo\/","url_meta":{"origin":28125,"position":5},"title":"Filme sobre Bi\u00e9 dos 8 Baixos e o Centro de Abastecimento de Feira \u00e9 exibido nesta sexta em S\u00e3o Paulo","author":"J\u00e2nio R\u00eago","date":"20\/06\/2019","format":false,"excerpt":"Nesta sexta-feira,21, \u00e0s 16 horas, no Cine Matilha, na rua R\u00eago Barros no centro de S\u00e3o Paulo, ser\u00e1 exibido o filme document\u00e1rio \"Bi\u00e9 dos 8 Baixos', como parte da programa\u00e7\u00e3o do Festival Internacional do Document\u00e1rio Musical In-Edit. O document\u00e1rio mostra o dia de segunda-feira de um sanfoneiro popular -\u00a0 Francisco\u2026","rel":"","context":"Em &quot;Home&quot;","block_context":{"text":"Home","link":"https:\/\/blogdafeira.com.br\/home\/categoria\/raiz\/"},"img":{"alt_text":"","src":"https:\/\/i0.wp.com\/blogdafeira.com.br\/home\/wp-content\/uploads\/2019\/06\/FB_IMG_1561078133807.jpg?resize=350%2C200","width":350,"height":200,"srcset":"https:\/\/i0.wp.com\/blogdafeira.com.br\/home\/wp-content\/uploads\/2019\/06\/FB_IMG_1561078133807.jpg?resize=350%2C200 1x, https:\/\/i0.wp.com\/blogdafeira.com.br\/home\/wp-content\/uploads\/2019\/06\/FB_IMG_1561078133807.jpg?resize=525%2C300 1.5x"},"classes":[]}],"_links":{"self":[{"href":"https:\/\/blogdafeira.com.br\/home\/wp-json\/wp\/v2\/posts\/28125","targetHints":{"allow":["GET"]}}],"collection":[{"href":"https:\/\/blogdafeira.com.br\/home\/wp-json\/wp\/v2\/posts"}],"about":[{"href":"https:\/\/blogdafeira.com.br\/home\/wp-json\/wp\/v2\/types\/post"}],"author":[{"embeddable":true,"href":"https:\/\/blogdafeira.com.br\/home\/wp-json\/wp\/v2\/users\/1"}],"replies":[{"embeddable":true,"href":"https:\/\/blogdafeira.com.br\/home\/wp-json\/wp\/v2\/comments?post=28125"}],"version-history":[{"count":4,"href":"https:\/\/blogdafeira.com.br\/home\/wp-json\/wp\/v2\/posts\/28125\/revisions"}],"predecessor-version":[{"id":28130,"href":"https:\/\/blogdafeira.com.br\/home\/wp-json\/wp\/v2\/posts\/28125\/revisions\/28130"}],"wp:attachment":[{"href":"https:\/\/blogdafeira.com.br\/home\/wp-json\/wp\/v2\/media?parent=28125"}],"wp:term":[{"taxonomy":"category","embeddable":true,"href":"https:\/\/blogdafeira.com.br\/home\/wp-json\/wp\/v2\/categories?post=28125"},{"taxonomy":"post_tag","embeddable":true,"href":"https:\/\/blogdafeira.com.br\/home\/wp-json\/wp\/v2\/tags?post=28125"}],"curies":[{"name":"wp","href":"https:\/\/api.w.org\/{rel}","templated":true}]}}