{"id":28402,"date":"2017-10-20T17:15:05","date_gmt":"2017-10-20T20:15:05","guid":{"rendered":"http:\/\/blogdafeira.com.br\/home\/?p=28402"},"modified":"2017-10-20T17:15:05","modified_gmt":"2017-10-20T20:15:05","slug":"evento-no-map-lembra-a-figura-historica-mais-conhecida-de-feira-de-santana-lucas-o-escravo-fugido","status":"publish","type":"post","link":"https:\/\/blogdafeira.com.br\/home\/2017\/10\/20\/evento-no-map-lembra-a-figura-historica-mais-conhecida-de-feira-de-santana-lucas-o-escravo-fugido\/","title":{"rendered":"Evento no MAP lembra a figura hist\u00f3rica mais conhecida de Feira de Santana: Lucas, o escravo fugido"},"content":{"rendered":"<p><img loading=\"lazy\" decoding=\"async\" class=\"aligncenter size-large wp-image-28403\" src=\"http:\/\/blogdafeira.com.br\/home\/wp-content\/uploads\/2017\/10\/received_1907033892646234-724x1024.png\" alt=\"received_1907033892646234\" width=\"724\" height=\"1024\" srcset=\"https:\/\/blogdafeira.com.br\/home\/wp-content\/uploads\/2017\/10\/received_1907033892646234-724x1024.png 724w, https:\/\/blogdafeira.com.br\/home\/wp-content\/uploads\/2017\/10\/received_1907033892646234-106x150.png 106w, https:\/\/blogdafeira.com.br\/home\/wp-content\/uploads\/2017\/10\/received_1907033892646234-212x300.png 212w, https:\/\/blogdafeira.com.br\/home\/wp-content\/uploads\/2017\/10\/received_1907033892646234-768x1086.png 768w, https:\/\/blogdafeira.com.br\/home\/wp-content\/uploads\/2017\/10\/received_1907033892646234.png 1240w\" sizes=\"auto, (max-width: 724px) 100vw, 724px\" \/><\/p>\n","protected":false},"excerpt":{"rendered":"","protected":false},"author":1,"featured_media":0,"comment_status":"closed","ping_status":"closed","sticky":false,"template":"","format":"standard","meta":{"jetpack_post_was_ever_published":false,"cybocfi_hide_featured_image":"","_jetpack_newsletter_access":"","_jetpack_dont_email_post_to_subs":false,"_jetpack_newsletter_tier_id":0,"_jetpack_memberships_contains_paywalled_content":false,"_jetpack_memberships_contains_paid_content":false,"footnotes":"","jetpack_publicize_message":"","jetpack_publicize_feature_enabled":true,"jetpack_social_post_already_shared":true,"jetpack_social_options":{"image_generator_settings":{"template":"highway","default_image_id":0,"font":"","enabled":false},"version":2}},"categories":[1],"tags":[],"class_list":["post-28402","post","type-post","status-publish","format-standard","hentry","category-raiz"],"jetpack_publicize_connections":[],"jetpack_featured_media_url":"","jetpack_shortlink":"https:\/\/wp.me\/p3niVf-7o6","jetpack_sharing_enabled":true,"jetpack-related-posts":[{"id":27971,"url":"https:\/\/blogdafeira.com.br\/home\/2017\/08\/28\/evento-cultural-vai-marcar-210-anos-do-nascimento-de-lucas-da-feira\/","url_meta":{"origin":28402,"position":0},"title":"Evento cultural vai marcar 210 anos do nascimento de Lucas da Feira","author":"Blog da Feira","date":"28\/08\/2017","format":false,"excerpt":"O escravo fugido Lucas Evangelista, o Lucas da Feira, \u00e9 a figura \u00a0mais famosa e marcante na hist\u00f3ria de Feira de Santana. Um grupo de artistas e intelectuais da cidade organiza um evento cultural para marcar a data do nascimento dele, h\u00e1 210 anos, no pr\u00f3ximo dia 18 de outubro.\u2026","rel":"","context":"Em &quot;Home&quot;","block_context":{"text":"Home","link":"https:\/\/blogdafeira.com.br\/home\/categoria\/raiz\/"},"img":{"alt_text":"flagelo","src":"https:\/\/i0.wp.com\/blogdafeira.com.br\/home\/wp-content\/uploads\/2017\/08\/flagelo.jpg?resize=350%2C200","width":350,"height":200},"classes":[]},{"id":23411,"url":"https:\/\/blogdafeira.com.br\/home\/2016\/09\/03\/espetaculo-aborda-a-maior-figura-historica-da-feira-o-escravo-lucas\/","url_meta":{"origin":28402,"position":1},"title":"Espet\u00e1culo aborda a maior figura hist\u00f3rica da Feira: o escravo Lucas","author":"Blog da Feira","date":"03\/09\/2016","format":false,"excerpt":"Lucas Evangelista, ou Lucas da Feira, foi um escravo fugido que tornou-se c\u00e9lebre no Brasil. Durante cerca de 40 anos permaneceu nos arredores de Feira de Santana liderando outros escravos e quilombos da regi\u00e3o. Foi preso, mutilado e enforcado em pra\u00e7a p\u00fablica, no local onde hoje \u00e9 a Pra\u00e7a do\u2026","rel":"","context":"Em &quot;Home&quot;","block_context":{"text":"Home","link":"https:\/\/blogdafeira.com.br\/home\/categoria\/raiz\/"},"img":{"alt_text":"FB_IMG_1472941796981","src":"https:\/\/i0.wp.com\/blogdafeira.com.br\/home\/wp-content\/uploads\/2016\/09\/FB_IMG_1472941796981-1024x1024.jpg?resize=350%2C200","width":350,"height":200,"srcset":"https:\/\/i0.wp.com\/blogdafeira.com.br\/home\/wp-content\/uploads\/2016\/09\/FB_IMG_1472941796981-1024x1024.jpg?resize=350%2C200 1x, https:\/\/i0.wp.com\/blogdafeira.com.br\/home\/wp-content\/uploads\/2016\/09\/FB_IMG_1472941796981-1024x1024.jpg?resize=525%2C300 1.5x, https:\/\/i0.wp.com\/blogdafeira.com.br\/home\/wp-content\/uploads\/2016\/09\/FB_IMG_1472941796981-1024x1024.jpg?resize=700%2C400 2x"},"classes":[]},{"id":29400,"url":"https:\/\/blogdafeira.com.br\/home\/2018\/04\/09\/municipios-baianos-disputam-faixa-de-terra-onde-nasceu-o-quilombola-lucas-da-feira\/","url_meta":{"origin":28402,"position":2},"title":"Munic\u00edpios baianos disputam faixa de terra onde nasceu o quilombola &#8216;Lucas da Feira&#8217;","author":"Blog da Feira","date":"09\/04\/2018","format":false,"excerpt":"Mais de 200 anos depois de morto na forca, o quilombola ou ''cangaceiro' Lucas da Feira, um escravo fugido que durante 40 anos viveu nos arredores de Feira de Santana, tem seu nome lembrado numa disputa territorial entre os munic\u00edpios de S\u00e3o Gon\u00e7alo dos Campos e Feira. O velho Domingos\u2026","rel":"","context":"Em &quot;Home&quot;","block_context":{"text":"Home","link":"https:\/\/blogdafeira.com.br\/home\/categoria\/raiz\/"},"img":{"alt_text":"","src":"https:\/\/i0.wp.com\/blogdafeira.com.br\/home\/wp-content\/uploads\/2014\/11\/lucas-da-feira.jpg?resize=350%2C200","width":350,"height":200},"classes":[]},{"id":13605,"url":"https:\/\/blogdafeira.com.br\/home\/2014\/11\/20\/lucas-da-feira-nao-e-visto-como-um-quilombola-ate-quando-2\/","url_meta":{"origin":28402,"position":3},"title":"Lucas da Feira n\u00e3o \u00e9 visto como um  &#8216;quilombola&#8217;. At\u00e9 quando?","author":"Blog da Feira","date":"20\/11\/2014","format":false,"excerpt":"Foi uma das mais famosas e primeiras soci\u00f3logas do pa\u00eds,\u00a0\u00a0Maria Isaura Pereira de Queiroz, que em um estudo sobre o Canga\u00e7o nordestino apontou \u00a0Lucas da Feira como o precursor, em 1828, deste tipo de banditismo que se estendeu pelo Nordeste at\u00e9 o s\u00e9culo passado. Esse enquadramento de Lucas Evangelista na\u2026","rel":"","context":"Em &quot;Distritos&quot;","block_context":{"text":"Distritos","link":"https:\/\/blogdafeira.com.br\/home\/categoria\/distritos\/"},"img":{"alt_text":"lucas da feira","src":"https:\/\/i0.wp.com\/blogdafeira.com.br\/home\/wp-content\/uploads\/2013\/05\/lucas-da-feira.jpg?resize=350%2C200","width":350,"height":200},"classes":[]},{"id":59707,"url":"https:\/\/blogdafeira.com.br\/home\/2023\/10\/16\/lucas-da-feira-chega-ao-feiraguay-pelo-traco-de-vivaldo-lima\/","url_meta":{"origin":28402,"position":4},"title":"Lucas da Feira chega ao Feiraguay pelo tra\u00e7o de Vivaldo Lima","author":"Blog da Feira","date":"16\/10\/2023","format":false,"excerpt":"O mais conhecido\u00a0 e controvertido personagem da hist\u00f3ria de Feira de Santana - Lucas da Feira - ganhou um registro art\u00edstico em um dos locais tamb\u00e9m mais populares e frequentados da cidade: o Feiraguay. O escravo fugido que se notabilizou pela rebeldia e transgress\u00e3o \u00e0 ordem vigente no s\u00e9culo 19,\u2026","rel":"","context":"Em &quot;Cidade&quot;","block_context":{"text":"Cidade","link":"https:\/\/blogdafeira.com.br\/home\/categoria\/cidade\/"},"img":{"alt_text":"","src":"https:\/\/i0.wp.com\/blogdafeira.com.br\/home\/wp-content\/uploads\/2023\/10\/4heano.jpg?resize=350%2C200&ssl=1","width":350,"height":200,"srcset":"https:\/\/i0.wp.com\/blogdafeira.com.br\/home\/wp-content\/uploads\/2023\/10\/4heano.jpg?resize=350%2C200&ssl=1 1x, https:\/\/i0.wp.com\/blogdafeira.com.br\/home\/wp-content\/uploads\/2023\/10\/4heano.jpg?resize=525%2C300&ssl=1 1.5x, https:\/\/i0.wp.com\/blogdafeira.com.br\/home\/wp-content\/uploads\/2023\/10\/4heano.jpg?resize=700%2C400&ssl=1 2x"},"classes":[]},{"id":32893,"url":"https:\/\/blogdafeira.com.br\/home\/2019\/09\/18\/precisamos-conhecer-a-outra-versao-da-historia-diz-ator-que-fara-papel-de-lucas-da-feira-em-juri-simulado\/","url_meta":{"origin":28402,"position":5},"title":"&#8216;Precisamos conhecer a outra vers\u00e3o da hist\u00f3ria&#8217;, diz ator que far\u00e1 papel de Lucas da Feira em J\u00fari Simulado","author":"J\u00e2nio R\u00eago","date":"18\/09\/2019","format":false,"excerpt":"No pr\u00f3xima semana a Defensoria Publica da Bahia vai realizar um J\u00fari Simulado cujo r\u00e9u \u00e9 Lucas Evangelista, o Lucas da Feira, escravo fugido que durante cerca de 40 anos viveu nos arredores de Feira de Santana aonde foi enforcado em pra\u00e7a p\u00fablica por decis\u00e3o da Justi\u00e7a da \u00e9poca. Era\u2026","rel":"","context":"Em &quot;Home&quot;","block_context":{"text":"Home","link":"https:\/\/blogdafeira.com.br\/home\/categoria\/raiz\/"},"img":{"alt_text":"","src":"https:\/\/i0.wp.com\/blogdafeira.com.br\/home\/wp-content\/uploads\/2019\/09\/IMG-20190917-WA00142-346x247.jpg?resize=350%2C200","width":350,"height":200},"classes":[]}],"_links":{"self":[{"href":"https:\/\/blogdafeira.com.br\/home\/wp-json\/wp\/v2\/posts\/28402","targetHints":{"allow":["GET"]}}],"collection":[{"href":"https:\/\/blogdafeira.com.br\/home\/wp-json\/wp\/v2\/posts"}],"about":[{"href":"https:\/\/blogdafeira.com.br\/home\/wp-json\/wp\/v2\/types\/post"}],"author":[{"embeddable":true,"href":"https:\/\/blogdafeira.com.br\/home\/wp-json\/wp\/v2\/users\/1"}],"replies":[{"embeddable":true,"href":"https:\/\/blogdafeira.com.br\/home\/wp-json\/wp\/v2\/comments?post=28402"}],"version-history":[{"count":1,"href":"https:\/\/blogdafeira.com.br\/home\/wp-json\/wp\/v2\/posts\/28402\/revisions"}],"predecessor-version":[{"id":28404,"href":"https:\/\/blogdafeira.com.br\/home\/wp-json\/wp\/v2\/posts\/28402\/revisions\/28404"}],"wp:attachment":[{"href":"https:\/\/blogdafeira.com.br\/home\/wp-json\/wp\/v2\/media?parent=28402"}],"wp:term":[{"taxonomy":"category","embeddable":true,"href":"https:\/\/blogdafeira.com.br\/home\/wp-json\/wp\/v2\/categories?post=28402"},{"taxonomy":"post_tag","embeddable":true,"href":"https:\/\/blogdafeira.com.br\/home\/wp-json\/wp\/v2\/tags?post=28402"}],"curies":[{"name":"wp","href":"https:\/\/api.w.org\/{rel}","templated":true}]}}