{"id":28875,"date":"2017-12-27T21:07:21","date_gmt":"2017-12-28T00:07:21","guid":{"rendered":"http:\/\/blogdafeira.com.br\/home\/?p=28875"},"modified":"2017-12-27T21:07:21","modified_gmt":"2017-12-28T00:07:21","slug":"ronaldo-rebate-dados-de-rui-sobre-investimentos-em-feira-e-muito-pouco-pra-grandeza-do-municipio","status":"publish","type":"post","link":"https:\/\/blogdafeira.com.br\/home\/2017\/12\/27\/ronaldo-rebate-dados-de-rui-sobre-investimentos-em-feira-e-muito-pouco-pra-grandeza-do-municipio\/","title":{"rendered":"Ronaldo rebate dados de Rui sobre investimentos em Feira: &#8220;\u00e9 muito pouco pra grandeza do Munic\u00edpio&#8221;"},"content":{"rendered":"<p><img loading=\"lazy\" decoding=\"async\" class=\"aligncenter size-full wp-image-28876\" src=\"http:\/\/blogdafeira.com.br\/home\/wp-content\/uploads\/2017\/12\/images-11.jpeg\" alt=\"images-11\" width=\"300\" height=\"200\" srcset=\"https:\/\/blogdafeira.com.br\/home\/wp-content\/uploads\/2017\/12\/images-11.jpeg 300w, https:\/\/blogdafeira.com.br\/home\/wp-content\/uploads\/2017\/12\/images-11-170x113.jpeg 170w\" sizes=\"auto, (max-width: 300px) 100vw, 300px\" \/><\/p>\n<div id=\"blogd-2230472072\" class=\"blogd-fim-do-post-mobile blogd-entity-placement\" style=\"margin-left: auto;margin-right: auto;text-align: center;\"><a href=\"https:\/\/www.sefaz.feiradesantana.ba.gov.br\/\" target=\"_blank\" aria-label=\"728&#215;90 (6)\"><img loading=\"lazy\" decoding=\"async\" src=\"https:\/\/blogdafeira.com.br\/home\/wp-content\/uploads\/2026\/03\/728x90-6.gif\" alt=\"\"  class=\"no-lazyload\" width=\"728\" height=\"90\"  style=\"display: inline-block;\" \/><\/a><\/div><p>N\u00e3o foi pequena a &#8216;correria&#8217; da Comunica\u00e7\u00e3o do Governo do Estado para tentar minimizar os estragos provocados pela frase do Prefeito de Feira de Santana, Jos\u00e9 Ronaldo (DEM), desafiando\u00a0 a imprensa a mostrar as obras do governador Rui Costa no Munic\u00edpio, durante um encontro de confraterniza\u00e7\u00e3o com rep\u00f3rteres da cidade.<\/p><div id=\"blogd-1351078508\" class=\"blogd-conteudo-2-mobile blogd-entity-placement\"><a href=\"https:\/\/feirenses.com.br\/\" target=\"_blank\" aria-label=\"feirenses\"><img loading=\"lazy\" decoding=\"async\" src=\"https:\/\/blogdafeira.com.br\/home\/wp-content\/uploads\/2026\/04\/feirenses.png\" alt=\"\"  srcset=\"https:\/\/blogdafeira.com.br\/home\/wp-content\/uploads\/2026\/04\/feirenses.png 300w, https:\/\/blogdafeira.com.br\/home\/wp-content\/uploads\/2026\/04\/feirenses-170x45.png 170w, https:\/\/blogdafeira.com.br\/home\/wp-content\/uploads\/2026\/04\/feirenses-280x74.png 280w\" sizes=\"(max-width: 300px) 100vw, 300px\" class=\"no-lazyload\" width=\"300\" height=\"79\"  style=\"display: inline-block;\" \/><\/a><\/div>\n<p>Pelo menos dois &#8216;text\u00f5es&#8217; com dados sobre os investimentos em sa\u00fade e saneamento chegaram a emails, zaps e caixas de mensagens de in\u00fameros profissionais de comunica\u00e7\u00e3o da regi\u00e3o, logo depois do feriado natalino.<\/p>\n<p>Mas &#8216;deram de cara&#8217; com um revide no mesmo tom ir\u00f4nico e sucinto da primeira frase que arranhou a imagem do governador em Feira de Santana:<\/p>\n<p>&#8211; <em>\u00c9 muito pouco para a grandeza de Feira de Santana<\/em> &#8211; devolveu Ronaldo, ap\u00f3s analisar os n\u00fameros do primeiro &#8216;text\u00e3o&#8217; veiculado pelo Governo e que fala sobre a sa\u00fade.<\/p>\n<div id=\"blogd-4079005239\" class=\"blogd-final-post blogd-entity-placement\"><a href=\"https:\/\/www.feiradesantana.ba.leg.br\/\" target=\"_blank\" aria-label=\"BANNER-SITE-ENTREGADECHEQUE-CAMARADEFEIRA\"><img loading=\"lazy\" decoding=\"async\" src=\"https:\/\/blogdafeira.com.br\/home\/wp-content\/uploads\/2026\/03\/BANNER-SITE-ENTREGADECHEQUE-CAMARADEFEIRA.gif\" alt=\"\"  class=\"no-lazyload\" width=\"728\" height=\"90\"   \/><\/a><\/div><p>\u201c<em>Lamento dizer. Para a grandeza de Feira de Santana e sua import\u00e2ncia regional, atendendo a uma popula\u00e7\u00e3o superior a um milh\u00e3o e meio de pessoas, s\u00e3o n\u00fameros muito, mas muito pequenos, bem longe do que esta cidade merece e precisa\u201d<\/em>, completou.<\/p>\n","protected":false},"excerpt":{"rendered":"<p>N\u00e3o foi pequena a &#8216;correria&#8217; da Comunica\u00e7\u00e3o do Governo do Estado para tentar minimizar os estragos provocados pela frase do Prefeito de Feira de Santana, Jos\u00e9 Ronaldo (DEM), desafiando\u00a0 a imprensa a mostrar as obras do governador Rui Costa no Munic\u00edpio, durante um encontro de confraterniza\u00e7\u00e3o com rep\u00f3rteres da cidade. Pelo menos dois &#8216;text\u00f5es&#8217; com<\/p>\n","protected":false},"author":1,"featured_media":0,"comment_status":"closed","ping_status":"closed","sticky":false,"template":"","format":"standard","meta":{"jetpack_post_was_ever_published":false,"cybocfi_hide_featured_image":"","_jetpack_newsletter_access":"","_jetpack_dont_email_post_to_subs":false,"_jetpack_newsletter_tier_id":0,"_jetpack_memberships_contains_paywalled_content":false,"_jetpack_memberships_contains_paid_content":false,"footnotes":"","jetpack_publicize_message":"","jetpack_publicize_feature_enabled":true,"jetpack_social_post_already_shared":true,"jetpack_social_options":{"image_generator_settings":{"template":"highway","default_image_id":0,"font":"","enabled":false},"version":2}},"categories":[1],"tags":[],"class_list":["post-28875","post","type-post","status-publish","format-standard","hentry","category-raiz"],"jetpack_publicize_connections":[],"jetpack_featured_media_url":"","jetpack_shortlink":"https:\/\/wp.me\/p3niVf-7vJ","jetpack_sharing_enabled":true,"jetpack-related-posts":[{"id":28856,"url":"https:\/\/blogdafeira.com.br\/home\/2017\/12\/26\/fake-news-de-ronaldo-visa-desgastar-potencial-eleitoral-de-rui-em-feira\/","url_meta":{"origin":28875,"position":0},"title":"&#8216;Fake news&#8217; de Ronaldo visa desgastar potencial eleitoral de Rui em Feira","author":"Blog da Feira","date":"26\/12\/2017","format":false,"excerpt":"Em todas as elei\u00e7\u00f5es gerais em Feira de Santana os candidatos do prefeito Jos\u00e9 Ronaldo (DEM), seja para Governo da Bahia ou\u00a0 Presid\u00eancia da Rep\u00fablica, tiveram menos votos que os do Partido dos Trabalhadores (PT). \u00c9 uma grande contradi\u00e7\u00e3o pol\u00edtica da cidade com a qual o Prefeito convive e da\u2026","rel":"","context":"Em &quot;Home&quot;","block_context":{"text":"Home","link":"https:\/\/blogdafeira.com.br\/home\/categoria\/raiz\/"},"img":{"alt_text":"images-9","src":"https:\/\/i0.wp.com\/blogdafeira.com.br\/home\/wp-content\/uploads\/2017\/12\/images-9.jpeg?resize=350%2C200","width":350,"height":200},"classes":[]},{"id":28894,"url":"https:\/\/blogdafeira.com.br\/home\/2018\/01\/03\/promessas-que-o-governador-rui-costa-nao-pagou-a-feira-de-santana\/","url_meta":{"origin":28875,"position":1},"title":"Promessas que o governador Rui Costa n\u00e3o pagou a Feira de Santana","author":"Blog da Feira","date":"03\/01\/2018","format":false,"excerpt":"A lista de promessas n\u00e3o cumpridas pelo governador Rui Costa (PT) a Feira de Santana varia de acordo com o ponto de vista, a conveni\u00eancia ou mesmo os objetivos de quem a faz. O jornalista Glauco Wanderley, por exemplo, ao analisar o exagero midi\u00e1tico da Comunica\u00e7\u00e3o do governador em rela\u00e7\u00e3o\u2026","rel":"","context":"Em &quot;Home&quot;","block_context":{"text":"Home","link":"https:\/\/blogdafeira.com.br\/home\/categoria\/raiz\/"},"img":{"alt_text":"images-14","src":"https:\/\/i0.wp.com\/blogdafeira.com.br\/home\/wp-content\/uploads\/2018\/01\/images-14.jpeg?resize=350%2C200","width":350,"height":200},"classes":[]},{"id":71425,"url":"https:\/\/blogdafeira.com.br\/home\/2026\/02\/19\/estrategista-politico-analisa-a-forca-de-ze-ronaldo-nas-eleicoes-deste-ano\/","url_meta":{"origin":28875,"position":2},"title":"Estrategista pol\u00edtico analisa a for\u00e7a de Z\u00e9 Ronaldo nas elei\u00e7\u00f5es deste ano","author":"Blog da Feira","date":"19\/02\/2026","format":false,"excerpt":"Jos\u00e9 Ronaldo foi eleito 5 vezes como prefeito de Feira de Santana, al\u00e9m de vereador, deputado estadual e federal. Feira de Santana \u00e9 o segundo maior col\u00e9gio eleitoral da Bahia, com 426.887 eleitores. Desse modo, entender o papel de Jos\u00e9 Ronaldo e os dados eleitorais do munic\u00edpio, \u00e9 essencial para\u2026","rel":"","context":"Em &quot;Colunistas&quot;","block_context":{"text":"Colunistas","link":"https:\/\/blogdafeira.com.br\/home\/categoria\/colunistas\/"},"img":{"alt_text":"","src":"https:\/\/i0.wp.com\/blogdafeira.com.br\/home\/wp-content\/uploads\/2026\/02\/Coletiva-para-anuncio-de-obras-Foto-ACM-33.jpeg?resize=350%2C200&ssl=1","width":350,"height":200},"classes":[]},{"id":14405,"url":"https:\/\/blogdafeira.com.br\/home\/2015\/04\/01\/ronaldo-foi-pedir-ajuda-ao-governo-rui-para-o-hospital-da-mulher\/","url_meta":{"origin":28875,"position":3},"title":"Ronaldo foi pedir ajuda ao Governo Rui para o Hospital da Mulher","author":"Blog da Feira","date":"01\/04\/2015","format":false,"excerpt":"Num gesto de humildade e reconhecimento p\u00fablico das dificuldades que o Munic\u00edpio de Feira de Santana enfrenta na Sa\u00fade p\u00fablica, o prefeito de Feira de Santana, Jos\u00e9 Ronaldo (DEM) foi ao Governo do Estado pedir ajuda. Na ter\u00e7a feira Ronaldo e os dirigentes da \u00e1rea foram at\u00e9 o Secret\u00e1rio de\u2026","rel":"","context":"Em &quot;Home&quot;","block_context":{"text":"Home","link":"https:\/\/blogdafeira.com.br\/home\/categoria\/raiz\/"},"img":{"alt_text":"FB_IMG_1427917343097","src":"https:\/\/i0.wp.com\/blogdafeira.com.br\/home\/wp-content\/uploads\/2015\/04\/FB_IMG_1427917343097.jpg?resize=350%2C200","width":350,"height":200,"srcset":"https:\/\/i0.wp.com\/blogdafeira.com.br\/home\/wp-content\/uploads\/2015\/04\/FB_IMG_1427917343097.jpg?resize=350%2C200 1x, https:\/\/i0.wp.com\/blogdafeira.com.br\/home\/wp-content\/uploads\/2015\/04\/FB_IMG_1427917343097.jpg?resize=525%2C300 1.5x, https:\/\/i0.wp.com\/blogdafeira.com.br\/home\/wp-content\/uploads\/2015\/04\/FB_IMG_1427917343097.jpg?resize=700%2C400 2x"},"classes":[]},{"id":21403,"url":"https:\/\/blogdafeira.com.br\/home\/2016\/05\/10\/rui-costa-veio-10-vezes-a-feira-depois-que-assumiu-o-governo-da-bahia\/","url_meta":{"origin":28875,"position":4},"title":"Rui Costa veio 10 vezes a Feira depois que assumiu o governo da Bahia","author":"Blog da Feira","date":"10\/05\/2016","format":false,"excerpt":"Em um v\u00eddeo gravado e divulgado no facebook (clique aqui), o governador da Bahia, Rui Costa, conversa com o radialista Edmundo Filho sobre os munic\u00edpios j\u00e1 visitados em quase um ano e meio de governo. Ele revela no v\u00eddeo que somente a Feira de Santana ele veio 10 vezes. O\u2026","rel":"","context":"Em &quot;Home&quot;","block_context":{"text":"Home","link":"https:\/\/blogdafeira.com.br\/home\/categoria\/raiz\/"},"img":{"alt_text":"rui otto ronaldo","src":"https:\/\/i0.wp.com\/blogdafeira.com.br\/home\/wp-content\/uploads\/2016\/05\/rui-otto-ronaldo.jpg?resize=350%2C200","width":350,"height":200,"srcset":"https:\/\/i0.wp.com\/blogdafeira.com.br\/home\/wp-content\/uploads\/2016\/05\/rui-otto-ronaldo.jpg?resize=350%2C200 1x, https:\/\/i0.wp.com\/blogdafeira.com.br\/home\/wp-content\/uploads\/2016\/05\/rui-otto-ronaldo.jpg?resize=525%2C300 1.5x, https:\/\/i0.wp.com\/blogdafeira.com.br\/home\/wp-content\/uploads\/2016\/05\/rui-otto-ronaldo.jpg?resize=700%2C400 2x"},"classes":[]},{"id":30790,"url":"https:\/\/blogdafeira.com.br\/home\/2019\/02\/19\/dinheiro-desviado-da-saude-em-feira-de-santana-daria-para-construir-um-hospital-municipal\/","url_meta":{"origin":28875,"position":5},"title":"Dinheiro desviado da sa\u00fade em Feira de Santana daria para construir um hospital municipal","author":"J\u00e2nio R\u00eago","date":"19\/02\/2019","format":false,"excerpt":"O governador Rui Costa (PT) autorizou numa manh\u00e3 de janeiro \u00faltimo, em Feira de Santana, o in\u00edcio das obras para a constru\u00e7\u00e3o do Hospital Geral Cl\u00e9riston Andrade II, um complexo que vai gerar um investimento de 50 milh\u00f5es de reais. O que o Minist\u00e9rio P\u00fablico da Bahia divulgou at\u00e9 agora\u2026","rel":"","context":"Em &quot;Home&quot;","block_context":{"text":"Home","link":"https:\/\/blogdafeira.com.br\/home\/categoria\/raiz\/"},"img":{"alt_text":"","src":"","width":0,"height":0},"classes":[]}],"_links":{"self":[{"href":"https:\/\/blogdafeira.com.br\/home\/wp-json\/wp\/v2\/posts\/28875","targetHints":{"allow":["GET"]}}],"collection":[{"href":"https:\/\/blogdafeira.com.br\/home\/wp-json\/wp\/v2\/posts"}],"about":[{"href":"https:\/\/blogdafeira.com.br\/home\/wp-json\/wp\/v2\/types\/post"}],"author":[{"embeddable":true,"href":"https:\/\/blogdafeira.com.br\/home\/wp-json\/wp\/v2\/users\/1"}],"replies":[{"embeddable":true,"href":"https:\/\/blogdafeira.com.br\/home\/wp-json\/wp\/v2\/comments?post=28875"}],"version-history":[{"count":2,"href":"https:\/\/blogdafeira.com.br\/home\/wp-json\/wp\/v2\/posts\/28875\/revisions"}],"predecessor-version":[{"id":28878,"href":"https:\/\/blogdafeira.com.br\/home\/wp-json\/wp\/v2\/posts\/28875\/revisions\/28878"}],"wp:attachment":[{"href":"https:\/\/blogdafeira.com.br\/home\/wp-json\/wp\/v2\/media?parent=28875"}],"wp:term":[{"taxonomy":"category","embeddable":true,"href":"https:\/\/blogdafeira.com.br\/home\/wp-json\/wp\/v2\/categories?post=28875"},{"taxonomy":"post_tag","embeddable":true,"href":"https:\/\/blogdafeira.com.br\/home\/wp-json\/wp\/v2\/tags?post=28875"}],"curies":[{"name":"wp","href":"https:\/\/api.w.org\/{rel}","templated":true}]}}