{"id":28938,"date":"2018-01-11T14:29:13","date_gmt":"2018-01-11T17:29:13","guid":{"rendered":"http:\/\/blogdafeira.com.br\/home\/?p=28938"},"modified":"2018-01-11T14:29:13","modified_gmt":"2018-01-11T17:29:13","slug":"coral-da-uefs-apresentacoes-gratuitas-e-para-todos-os-gostos-e-so-chamar","status":"publish","type":"post","link":"https:\/\/blogdafeira.com.br\/home\/2018\/01\/11\/coral-da-uefs-apresentacoes-gratuitas-e-para-todos-os-gostos-e-so-chamar\/","title":{"rendered":"Coral da UEFS, apresenta\u00e7\u00f5es gratuitas e para todos os gostos; \u00e9 s\u00f3 chamar"},"content":{"rendered":"<p><img loading=\"lazy\" decoding=\"async\" class=\"aligncenter size-full wp-image-28939\" src=\"http:\/\/blogdafeira.com.br\/home\/wp-content\/uploads\/2018\/01\/download-1.jpeg\" alt=\"download-1\" width=\"276\" height=\"183\" srcset=\"https:\/\/blogdafeira.com.br\/home\/wp-content\/uploads\/2018\/01\/download-1.jpeg 276w, https:\/\/blogdafeira.com.br\/home\/wp-content\/uploads\/2018\/01\/download-1-170x113.jpeg 170w\" sizes=\"auto, (max-width: 276px) 100vw, 276px\" \/><\/p>\n<div id=\"blogd-1106255501\" class=\"blogd-fim-do-post-mobile blogd-entity-placement\" style=\"margin-left: auto;margin-right: auto;text-align: center;\"><a href=\"https:\/\/www.sefaz.feiradesantana.ba.gov.br\/\" target=\"_blank\" aria-label=\"728&#215;90 (6)\"><img loading=\"lazy\" decoding=\"async\" src=\"https:\/\/blogdafeira.com.br\/home\/wp-content\/uploads\/2026\/03\/728x90-6.gif\" alt=\"\"  class=\"no-lazyload\" width=\"728\" height=\"90\"  style=\"display: inline-block;\" \/><\/a><\/div><p>Leveza, encanto e musicalidade. Esta tem sido a \u201creceita\u201d do Coral da Universidade Estadual de Feira de Santana (Uefs) que, somente nos meses de novembro e dezembro de 2017, fez cerca de 20 apresenta\u00e7\u00f5es.<\/p><div id=\"blogd-3437204074\" class=\"blogd-conteudo-2-mobile blogd-entity-placement\"><a href=\"https:\/\/feirenses.com.br\/\" target=\"_blank\" aria-label=\"feirenses\"><img loading=\"lazy\" decoding=\"async\" src=\"https:\/\/blogdafeira.com.br\/home\/wp-content\/uploads\/2026\/04\/feirenses.png\" alt=\"\"  srcset=\"https:\/\/blogdafeira.com.br\/home\/wp-content\/uploads\/2026\/04\/feirenses.png 300w, https:\/\/blogdafeira.com.br\/home\/wp-content\/uploads\/2026\/04\/feirenses-170x45.png 170w, https:\/\/blogdafeira.com.br\/home\/wp-content\/uploads\/2026\/04\/feirenses-280x74.png 280w\" sizes=\"(max-width: 300px) 100vw, 300px\" class=\"no-lazyload\" width=\"300\" height=\"79\"  style=\"display: inline-block;\" \/><\/a><\/div>\n<p>O Coral faz parte do Programa de Extens\u00e3o \u201cSons da Uefs\u201d, iniciado em 2013.<\/p>\n<p>Atualmente o Coral da Uefs conta com 56 integrantes, dentre funcion\u00e1rios, professores, estudantes e pessoas da comunidade externa, al\u00e9m de mais dois bolsistas de extens\u00e3o.<\/p>\n<p>&#8220;O Coral da Uefs encontra resson\u00e2ncia nos mais diversos ambientes e, quase sempre, o p\u00fablico acaba envolvido durante as m\u00fasicas, chegando a cantar junto com a gente\u201d, conta a professora Rosa Eug\u00eania, coordenadora do Programa.<\/p>\n<p>Nos \u00faltimos meses do ano passado, o Coral registrou uma das maiores demandas desde a sua atual forma\u00e7\u00e3o. O grupo se apresentou em espa\u00e7os diversos como no Tr\u00edduo Cultural em Tanquinho, Encontro Nacional de Coros em Santo Amaro, Anivers\u00e1rio da cidade de Santa B\u00e1rbara, encerramento do ano no Complexo Penal de Feira de Santana, apresenta\u00e7\u00f5es em todas as alas do Hospital Geral Cl\u00e9riston Andrade, inaugura\u00e7\u00e3o do Museu de Zoologia da Uefs, Cine Concerto, Projeto Vozes de Natal da TV Bahia, entre outros.<\/p>\n<div id=\"blogd-1261303994\" class=\"blogd-final-post blogd-entity-placement\"><a href=\"https:\/\/www.feiradesantana.ba.leg.br\/\" target=\"_blank\" aria-label=\"BANNER-SITE-ENTREGADECHEQUE-CAMARADEFEIRA\"><img loading=\"lazy\" decoding=\"async\" src=\"https:\/\/blogdafeira.com.br\/home\/wp-content\/uploads\/2026\/03\/BANNER-SITE-ENTREGADECHEQUE-CAMARADEFEIRA.gif\" alt=\"\"  class=\"no-lazyload\" width=\"728\" height=\"90\"   \/><\/a><\/div><p>As apresenta\u00e7\u00f5es do Coral da Uefs s\u00e3o gratuitas, o grupo solicita apenas o transporte. Mais informa\u00e7\u00f5es podem ser adquiridas pelas redes sociais do Coral (Facebook: Coral Uefs \/ Instagram: @coraluefs), atrav\u00e9s do e-mail uefscoral@gmail.com, ou pelo telefone (75) 3161-8176.<\/p>\n","protected":false},"excerpt":{"rendered":"<p>Leveza, encanto e musicalidade. Esta tem sido a \u201creceita\u201d do Coral da Universidade Estadual de Feira de Santana (Uefs) que, somente nos meses de novembro e dezembro de 2017, fez cerca de 20 apresenta\u00e7\u00f5es. O Coral faz parte do Programa de Extens\u00e3o \u201cSons da Uefs\u201d, iniciado em 2013. Atualmente o Coral da Uefs conta com<\/p>\n","protected":false},"author":1,"featured_media":0,"comment_status":"closed","ping_status":"closed","sticky":false,"template":"","format":"standard","meta":{"jetpack_post_was_ever_published":false,"cybocfi_hide_featured_image":"","_jetpack_newsletter_access":"","_jetpack_dont_email_post_to_subs":false,"_jetpack_newsletter_tier_id":0,"_jetpack_memberships_contains_paywalled_content":false,"_jetpack_memberships_contains_paid_content":false,"footnotes":"","jetpack_publicize_message":"","jetpack_publicize_feature_enabled":true,"jetpack_social_post_already_shared":true,"jetpack_social_options":{"image_generator_settings":{"template":"highway","default_image_id":0,"font":"","enabled":false},"version":2}},"categories":[1],"tags":[],"class_list":["post-28938","post","type-post","status-publish","format-standard","hentry","category-raiz"],"jetpack_publicize_connections":[],"jetpack_featured_media_url":"","jetpack_shortlink":"https:\/\/wp.me\/p3niVf-7wK","jetpack_sharing_enabled":true,"jetpack-related-posts":[{"id":12268,"url":"https:\/\/blogdafeira.com.br\/home\/2014\/09\/04\/coral-da-universidade-estadual-de-feira-vai-se-apresentar-na-expofeira\/","url_meta":{"origin":28938,"position":0},"title":"Coral da Universidade Estadual de Feira vai se apresentar na ExpoFeira","author":"Blog da Feira","date":"04\/09\/2014","format":false,"excerpt":"A Universidade Estadual de Feira de Santana (Uefs) marcar\u00e1 presen\u00e7a na 39\u00aa Exposi\u00e7\u00e3o Agropecu\u00e1ria de Feira de Santana (Expofeira), que come\u00e7a domingo (7) e prossegue at\u00e9 14 de setembro. A Universidade vai oferecer ao p\u00fablico uma programa\u00e7\u00e3o diversificada em estante montado no espa\u00e7o do Sebrae, no Parque de Exposi\u00e7\u00e3o Jo\u00e3o\u2026","rel":"","context":"Em &quot;Home&quot;","block_context":{"text":"Home","link":"https:\/\/blogdafeira.com.br\/home\/categoria\/raiz\/"},"img":{"alt_text":"","src":"","width":0,"height":0},"classes":[]},{"id":12871,"url":"https:\/\/blogdafeira.com.br\/home\/2014\/10\/13\/nesta-terca-no-teatro-do-cuca-em-feira-tem-o-13o-encontro-de-corais\/","url_meta":{"origin":28938,"position":1},"title":"Nesta ter\u00e7a no Teatro do Cuca em Feira tem o 13\u00ba Encontro de Corais","author":"Blog da Feira","date":"13\/10\/2014","format":false,"excerpt":"Nesta ter\u00e7a-feira (14), no Teatro do Centro Universit\u00e1rio de Cultura e Arte (Cuca)\u00a0a partir das 19h com entrada franca vai acontecer o 13\u00ba Encontro de Corais em Feira de Santana. O evento re\u00fane 150 coristas de sete grupos organizados \u00a0pelo Semin\u00e1rio de M\u00fasica e participam corais de Salvador, Feira de\u2026","rel":"","context":"Em &quot;Home&quot;","block_context":{"text":"Home","link":"https:\/\/blogdafeira.com.br\/home\/categoria\/raiz\/"},"img":{"alt_text":"","src":"","width":0,"height":0},"classes":[]},{"id":36272,"url":"https:\/\/blogdafeira.com.br\/home\/2020\/03\/16\/ufrb-abre-vagas-para-coralistas-no-canta-coral\/","url_meta":{"origin":28938,"position":2},"title":"UFRB abre vagas para coralistas no Canta Coral","author":"J\u00e2nio R\u00eago","date":"16\/03\/2020","format":false,"excerpt":"O Canto Coral da Universidade Federal do Rec\u00f4ncavo da Bahia (UFRB) est\u00e1 ofertando vagas para coralistas.\u00a0As inscri\u00e7\u00f5es para as audi\u00e7\u00f5es devem ser feitas exclusivamente por meio de\u00a0formul\u00e1rio online\u00a0disponibilizado no menu \u201cSele\u00e7\u00f5es\u201d do site da\u00a0Pr\u00f3-Reitoria de Extens\u00e3o\u00a0(PROEXT), at\u00e9 o dia 26 de mar\u00e7o de 2020. As audi\u00e7\u00f5es ser\u00e3o feitas no dia\u2026","rel":"","context":"Em &quot;Cidade&quot;","block_context":{"text":"Cidade","link":"https:\/\/blogdafeira.com.br\/home\/categoria\/cidade\/"},"img":{"alt_text":"","src":"https:\/\/i0.wp.com\/blogdafeira.com.br\/home\/wp-content\/uploads\/2020\/03\/cantocoral111.jpg?resize=350%2C200&ssl=1","width":350,"height":200,"srcset":"https:\/\/i0.wp.com\/blogdafeira.com.br\/home\/wp-content\/uploads\/2020\/03\/cantocoral111.jpg?resize=350%2C200&ssl=1 1x, https:\/\/i0.wp.com\/blogdafeira.com.br\/home\/wp-content\/uploads\/2020\/03\/cantocoral111.jpg?resize=525%2C300&ssl=1 1.5x, https:\/\/i0.wp.com\/blogdafeira.com.br\/home\/wp-content\/uploads\/2020\/03\/cantocoral111.jpg?resize=700%2C400&ssl=1 2x"},"classes":[]},{"id":21824,"url":"https:\/\/blogdafeira.com.br\/home\/2016\/05\/30\/sessao-da-camara-de-vereadores-de-feira-celebra-hoje-40-anos-da-uefs-2\/","url_meta":{"origin":28938,"position":3},"title":"Sess\u00e3o da C\u00e2mara de Vereadores de Feira celebra hoje 40 anos da UEFS","author":"Blog da Feira","date":"30\/05\/2016","format":false,"excerpt":"Uma sess\u00e3o solene hoje \u00e0 noite, a partir das 19:30h, na C\u00e2mara de Vereadores de Feira de Santana marca a passagem dos 40 anos de implanta\u00e7\u00e3o da Universidade Estadual de Feira de Santana. Na ter\u00e7a-feira,\u00a0\u00a0a partir das 19h30, no Audit\u00f3rio Central da Universidade Estadual de Feira de Santana (Uefs), \u00a0o\u2026","rel":"","context":"Em &quot;Home&quot;","block_context":{"text":"Home","link":"https:\/\/blogdafeira.com.br\/home\/categoria\/raiz\/"},"img":{"alt_text":"camara de feira de santanananana","src":"https:\/\/i0.wp.com\/blogdafeira.com.br\/home\/wp-content\/uploads\/2016\/05\/camara-de-feira-de-santanananana-346x230.jpg?resize=350%2C200","width":350,"height":200},"classes":[]},{"id":21858,"url":"https:\/\/blogdafeira.com.br\/home\/2016\/06\/01\/edivaldo-boaventura-fez-palestra-no-aniversario-de-40-anos-da-uefs\/","url_meta":{"origin":28938,"position":4},"title":"Edivaldo Boaventura fez palestra no anivers\u00e1rio de 40 anos da UEFS","author":"Blog da Feira","date":"01\/06\/2016","format":false,"excerpt":"Em noite festiva os 40 anos da Universidade Estadual de Feira de Santana (Uefs) foram comemorados durante uma cerim\u00f4nia realizada na noite da ter\u00e7a-feira (31), no Audit\u00f3rio Central do campus universit\u00e1rio. Entre trechos de hist\u00f3rias e de can\u00e7\u00f5es a trajet\u00f3ria de conquistas e lutas foi sendo narrada a uma plat\u00e9ia\u2026","rel":"","context":"Em &quot;Home&quot;","block_context":{"text":"Home","link":"https:\/\/blogdafeira.com.br\/home\/categoria\/raiz\/"},"img":{"alt_text":"IMG_9220","src":"https:\/\/i0.wp.com\/blogdafeira.com.br\/home\/wp-content\/uploads\/2016\/06\/IMG_9220-307x300.jpg?resize=350%2C200","width":350,"height":200},"classes":[]},{"id":7082,"url":"https:\/\/blogdafeira.com.br\/home\/2013\/12\/11\/coral-de-estudantes-se-apresenta-das-janelas-do-paco-maria-quiteria-em-feira\/","url_meta":{"origin":28938,"position":5},"title":"Coral de estudantes se apresenta das janelas do Pa\u00e7o Maria Quit\u00e9ria em Feira","author":"Blog da Feira","date":"11\/12\/2013","format":false,"excerpt":"Como parte da programa\u00e7\u00e3o do Natal Ecantado em Feira de Santana, no in\u00edcio da noite desta quarta-feira, um coral de alunos de escolas municipais cantou m\u00fasicas das sacadas do primeiro andar do pr\u00e9dio do Pa\u00e7o Municipal Maria Quit\u00e9ria, onde funciona o Gabinete do Prefeito e algumas secretarias. O prefeito de\u2026","rel":"","context":"Em &quot;Home&quot;","block_context":{"text":"Home","link":"https:\/\/blogdafeira.com.br\/home\/categoria\/raiz\/"},"img":{"alt_text":"natal2","src":"https:\/\/i0.wp.com\/blogdafeira.com.br\/home\/wp-content\/uploads\/2013\/12\/natal2.jpg?resize=350%2C200","width":350,"height":200,"srcset":"https:\/\/i0.wp.com\/blogdafeira.com.br\/home\/wp-content\/uploads\/2013\/12\/natal2.jpg?resize=350%2C200 1x, https:\/\/i0.wp.com\/blogdafeira.com.br\/home\/wp-content\/uploads\/2013\/12\/natal2.jpg?resize=525%2C300 1.5x"},"classes":[]}],"_links":{"self":[{"href":"https:\/\/blogdafeira.com.br\/home\/wp-json\/wp\/v2\/posts\/28938","targetHints":{"allow":["GET"]}}],"collection":[{"href":"https:\/\/blogdafeira.com.br\/home\/wp-json\/wp\/v2\/posts"}],"about":[{"href":"https:\/\/blogdafeira.com.br\/home\/wp-json\/wp\/v2\/types\/post"}],"author":[{"embeddable":true,"href":"https:\/\/blogdafeira.com.br\/home\/wp-json\/wp\/v2\/users\/1"}],"replies":[{"embeddable":true,"href":"https:\/\/blogdafeira.com.br\/home\/wp-json\/wp\/v2\/comments?post=28938"}],"version-history":[{"count":1,"href":"https:\/\/blogdafeira.com.br\/home\/wp-json\/wp\/v2\/posts\/28938\/revisions"}],"predecessor-version":[{"id":28940,"href":"https:\/\/blogdafeira.com.br\/home\/wp-json\/wp\/v2\/posts\/28938\/revisions\/28940"}],"wp:attachment":[{"href":"https:\/\/blogdafeira.com.br\/home\/wp-json\/wp\/v2\/media?parent=28938"}],"wp:term":[{"taxonomy":"category","embeddable":true,"href":"https:\/\/blogdafeira.com.br\/home\/wp-json\/wp\/v2\/categories?post=28938"},{"taxonomy":"post_tag","embeddable":true,"href":"https:\/\/blogdafeira.com.br\/home\/wp-json\/wp\/v2\/tags?post=28938"}],"curies":[{"name":"wp","href":"https:\/\/api.w.org\/{rel}","templated":true}]}}