{"id":28974,"date":"2018-01-17T18:26:00","date_gmt":"2018-01-17T21:26:00","guid":{"rendered":"http:\/\/blogdafeira.com.br\/home\/?p=28974"},"modified":"2018-01-17T18:26:00","modified_gmt":"2018-01-17T21:26:00","slug":"inscricoes-para-o-11-festival-de-teatro-infantil-abertas-ate-marco-em-feira-de-santana","status":"publish","type":"post","link":"https:\/\/blogdafeira.com.br\/home\/2018\/01\/17\/inscricoes-para-o-11-festival-de-teatro-infantil-abertas-ate-marco-em-feira-de-santana\/","title":{"rendered":"Inscri\u00e7\u00f5es para o 11\u00b0 Festival de Teatro Infantil abertas at\u00e9 mar\u00e7o em Feira de Santana"},"content":{"rendered":"<p><img loading=\"lazy\" decoding=\"async\" class=\"aligncenter size-full wp-image-28975\" src=\"http:\/\/blogdafeira.com.br\/home\/wp-content\/uploads\/2018\/01\/Layout-site-Abertura-das-Inscri\u00e7\u00f5es-11\u00ba-FEANTIFS.png\" alt=\"layout-site-abertura-das-inscricoes-11o-feantifs\" width=\"954\" height=\"717\" srcset=\"https:\/\/blogdafeira.com.br\/home\/wp-content\/uploads\/2018\/01\/Layout-site-Abertura-das-Inscri\u00e7\u00f5es-11\u00ba-FEANTIFS.png 954w, https:\/\/blogdafeira.com.br\/home\/wp-content\/uploads\/2018\/01\/Layout-site-Abertura-das-Inscri\u00e7\u00f5es-11\u00ba-FEANTIFS-170x128.png 170w, https:\/\/blogdafeira.com.br\/home\/wp-content\/uploads\/2018\/01\/Layout-site-Abertura-das-Inscri\u00e7\u00f5es-11\u00ba-FEANTIFS-346x260.png 346w, https:\/\/blogdafeira.com.br\/home\/wp-content\/uploads\/2018\/01\/Layout-site-Abertura-das-Inscri\u00e7\u00f5es-11\u00ba-FEANTIFS-768x577.png 768w\" sizes=\"auto, (max-width: 954px) 100vw, 954px\" \/><\/p>\n<div id=\"blogd-996730782\" class=\"blogd-fim-do-post-mobile blogd-entity-placement\" style=\"margin-left: auto;margin-right: auto;text-align: center;\"><a href=\"https:\/\/www.sefaz.feiradesantana.ba.gov.br\/\" target=\"_blank\" aria-label=\"728&#215;90 (6)\"><img loading=\"lazy\" decoding=\"async\" src=\"https:\/\/blogdafeira.com.br\/home\/wp-content\/uploads\/2026\/03\/728x90-6.gif\" alt=\"\"  class=\"no-lazyload\" width=\"728\" height=\"90\"  style=\"display: inline-block;\" \/><\/a><\/div><p>O 11\u00ba FENATIFS tem apoio financeiro do Governo do Estado, atrav\u00e9s do Fundo de Cultura, Secretaria da Fazenda e Secretaria de Cultura da Bahia, atrav\u00e9s do Edital N\u00ba 25\/2016 Eventos Culturais Calendarizado 2017-2019.<br \/>\nO festival tem como organizadora a Cooperativa de Teatro para a Inf\u00e2ncia e Juventude da Bahia &#8211; Cia. Cuca de Teatro e apoio institucional da Universidade Estadual de Feira de Santana, atrav\u00e9s do Centro Universit\u00e1rio de Cultura e Arte &#8211; CUCA.<\/p><div id=\"blogd-1128449150\" class=\"blogd-conteudo-2-mobile blogd-entity-placement\"><a href=\"https:\/\/feirenses.com.br\/\" target=\"_blank\" aria-label=\"feirenses\"><img loading=\"lazy\" decoding=\"async\" src=\"https:\/\/blogdafeira.com.br\/home\/wp-content\/uploads\/2026\/04\/feirenses.png\" alt=\"\"  srcset=\"https:\/\/blogdafeira.com.br\/home\/wp-content\/uploads\/2026\/04\/feirenses.png 300w, https:\/\/blogdafeira.com.br\/home\/wp-content\/uploads\/2026\/04\/feirenses-170x45.png 170w, https:\/\/blogdafeira.com.br\/home\/wp-content\/uploads\/2026\/04\/feirenses-280x74.png 280w\" sizes=\"(max-width: 300px) 100vw, 300px\" class=\"no-lazyload\" width=\"300\" height=\"79\"  style=\"display: inline-block;\" \/><\/a><\/div>\n<p>De car\u00e1ter n\u00e3o competitivo a 11\u00aa Edi\u00e7\u00e3o do FENATIFS compreender\u00e1 as seguintes atividades: apresenta\u00e7\u00f5es dos espet\u00e1culos da Mostra Nacional; apresenta\u00e7\u00f5es dos espet\u00e1culos da Mostra Interior do Nordeste; apresenta\u00e7\u00f5es dos espet\u00e1culos da Mostra Jovens Talentos (categoria institucional e de grupo); apresenta\u00e7\u00f5es dos espet\u00e1culos convidados e atividades paralelas que s\u00e3o constitu\u00eddas de a\u00e7\u00f5es culturais compostas de debates, avalia\u00e7\u00f5es dos espet\u00e1culos apresentados, oficinas, palestras, workshops, mesa redonda e uma Mostra de Talentos Mirins com participa\u00e7\u00e3o de grupos que encenam espet\u00e1culos feitos por crian\u00e7as na faixa et\u00e1ria de 07 at\u00e9 12 anos.<\/p>\n<div id=\"blogd-244328461\" class=\"blogd-final-post blogd-entity-placement\"><a href=\"https:\/\/www.feiradesantana.ba.leg.br\/\" target=\"_blank\" aria-label=\"BANNER-SITE-ENTREGADECHEQUE-CAMARADEFEIRA\"><img loading=\"lazy\" decoding=\"async\" src=\"https:\/\/blogdafeira.com.br\/home\/wp-content\/uploads\/2026\/03\/BANNER-SITE-ENTREGADECHEQUE-CAMARADEFEIRA.gif\" alt=\"\"  class=\"no-lazyload\" width=\"728\" height=\"90\"   \/><\/a><\/div><p>Os Editais e fichas para inscri\u00e7\u00e3o nas Mostras do 11\u00ba Fenatifs est\u00e3o dispon\u00edveis no site www.ciacucadeteatro.com.br<\/p>\n","protected":false},"excerpt":{"rendered":"<p>O 11\u00ba FENATIFS tem apoio financeiro do Governo do Estado, atrav\u00e9s do Fundo de Cultura, Secretaria da Fazenda e Secretaria de Cultura da Bahia, atrav\u00e9s do Edital N\u00ba 25\/2016 Eventos Culturais Calendarizado 2017-2019. O festival tem como organizadora a Cooperativa de Teatro para a Inf\u00e2ncia e Juventude da Bahia &#8211; Cia. Cuca de Teatro e<\/p>\n","protected":false},"author":1,"featured_media":0,"comment_status":"closed","ping_status":"closed","sticky":false,"template":"","format":"standard","meta":{"jetpack_post_was_ever_published":false,"cybocfi_hide_featured_image":"","_jetpack_newsletter_access":"","_jetpack_dont_email_post_to_subs":false,"_jetpack_newsletter_tier_id":0,"_jetpack_memberships_contains_paywalled_content":false,"_jetpack_memberships_contains_paid_content":false,"footnotes":"","jetpack_publicize_message":"","jetpack_publicize_feature_enabled":true,"jetpack_social_post_already_shared":true,"jetpack_social_options":{"image_generator_settings":{"template":"highway","default_image_id":0,"font":"","enabled":false},"version":2}},"categories":[1],"tags":[],"class_list":["post-28974","post","type-post","status-publish","format-standard","hentry","category-raiz"],"jetpack_publicize_connections":[],"jetpack_featured_media_url":"","jetpack_shortlink":"https:\/\/wp.me\/p3niVf-7xk","jetpack_sharing_enabled":true,"jetpack-related-posts":[{"id":25727,"url":"https:\/\/blogdafeira.com.br\/home\/2017\/02\/16\/inscricoes-abertas-para-o-10o-festival-nacional-de-teatro-infantil-de-feira\/","url_meta":{"origin":28974,"position":0},"title":"Inscri\u00e7\u00f5es abertas para o 10\u00ba Festival Nacional de Teatro Infantil de Feira","author":"Blog da Feira","date":"16\/02\/2017","format":false,"excerpt":"As inscri\u00e7\u00f5es para a 10\u00aa edi\u00e7\u00e3o do Festival Nacional de Teatro Infantil de Feira de Santana (Fenatifs), que tem sua data sua data marcada entre os dias 1\u00ba a 12 de outubro de 2017, ficam abertas at\u00e9 o dia 31 de mar\u00e7o de 2017 para que grupos de todo o\u2026","rel":"","context":"Em &quot;Home&quot;","block_context":{"text":"Home","link":"https:\/\/blogdafeira.com.br\/home\/categoria\/raiz\/"},"img":{"alt_text":"layout-de-divulgacao-inscricoes-10o-fenatifs-2017","src":"https:\/\/i0.wp.com\/blogdafeira.com.br\/home\/wp-content\/uploads\/2017\/02\/Layout-de-Divulga%C3%A7%C3%A3o-Inscri%C3%A7%C3%B5es-10%C2%BA-FENATIFS-2017.png?resize=350%2C200","width":350,"height":200,"srcset":"https:\/\/i0.wp.com\/blogdafeira.com.br\/home\/wp-content\/uploads\/2017\/02\/Layout-de-Divulga%C3%A7%C3%A3o-Inscri%C3%A7%C3%B5es-10%C2%BA-FENATIFS-2017.png?resize=350%2C200 1x, https:\/\/i0.wp.com\/blogdafeira.com.br\/home\/wp-content\/uploads\/2017\/02\/Layout-de-Divulga%C3%A7%C3%A3o-Inscri%C3%A7%C3%B5es-10%C2%BA-FENATIFS-2017.png?resize=525%2C300 1.5x, https:\/\/i0.wp.com\/blogdafeira.com.br\/home\/wp-content\/uploads\/2017\/02\/Layout-de-Divulga%C3%A7%C3%A3o-Inscri%C3%A7%C3%B5es-10%C2%BA-FENATIFS-2017.png?resize=700%2C400 2x"},"classes":[]},{"id":28317,"url":"https:\/\/blogdafeira.com.br\/home\/2017\/10\/04\/festival-de-teatro-leva-espetaculo-para-ao-distrito-da-matinha-em-feira-de-santana\/","url_meta":{"origin":28974,"position":1},"title":"Festival de Teatro leva espet\u00e1culo ao distrito da Matinha em Feira de Santana","author":"Blog da Feira","date":"04\/10\/2017","format":false,"excerpt":"\u00a0 O distrito da Matinha, em Feira de Santana, \u00e9 reconhecido como \u00e1rea quilombola. Hoje \u00e0s 15 horas, na sede do grupo de samba-de-roda Quixabeira da Matinha, o ator e diretor mineiro Rodrigo Roble\u00f1o apresenta o espet\u00e1culo \u201cO Viralata t\u00e1 Solto.\" Artistas de pelo menos quatro estados participam das atividades\u2026","rel":"","context":"Em &quot;Distritos&quot;","block_context":{"text":"Distritos","link":"https:\/\/blogdafeira.com.br\/home\/categoria\/distritos\/"},"img":{"alt_text":"quarta-04-10-no-fenatifs","src":"https:\/\/i0.wp.com\/blogdafeira.com.br\/home\/wp-content\/uploads\/2017\/10\/Quarta-04.10-no-Fenatifs-1024x1024.jpeg?resize=350%2C200","width":350,"height":200,"srcset":"https:\/\/i0.wp.com\/blogdafeira.com.br\/home\/wp-content\/uploads\/2017\/10\/Quarta-04.10-no-Fenatifs-1024x1024.jpeg?resize=350%2C200 1x, https:\/\/i0.wp.com\/blogdafeira.com.br\/home\/wp-content\/uploads\/2017\/10\/Quarta-04.10-no-Fenatifs-1024x1024.jpeg?resize=525%2C300 1.5x, https:\/\/i0.wp.com\/blogdafeira.com.br\/home\/wp-content\/uploads\/2017\/10\/Quarta-04.10-no-Fenatifs-1024x1024.jpeg?resize=700%2C400 2x"},"classes":[]},{"id":28348,"url":"https:\/\/blogdafeira.com.br\/home\/2017\/10\/11\/festival-leva-teatro-infantil-a-seis-lugares-de-feira-nesta-quarta-feira\/","url_meta":{"origin":28974,"position":2},"title":"Festival leva teatro infantil a seis lugares de Feira nesta quarta-feira","author":"Blog da Feira","date":"11\/10\/2017","format":false,"excerpt":"A 10\u00aa edi\u00e7\u00e3o do Festival Nacional de Teatro Infantil de Feira de Santana (Fenatifs) chega ao pen\u00faltimo dia com apresenta\u00e7\u00f5es previstas para seis espa\u00e7os diferentes da cidade. A partir das 9 horas desta quarta-feira (11), no Teatro Municipal Margarida Ribeiro, a Cia. Cuca de Teatro apresenta \u201cMaria Minhoca\u201d. Logo depois,\u2026","rel":"","context":"Em &quot;Distritos&quot;","block_context":{"text":"Distritos","link":"https:\/\/blogdafeira.com.br\/home\/categoria\/distritos\/"},"img":{"alt_text":"circo-de-doisdo-cia-pe-de-cana","src":"https:\/\/i0.wp.com\/blogdafeira.com.br\/home\/wp-content\/uploads\/2017\/10\/Circo-de-Doisdo-Cia.-P%C3%A9-de-Cana.jpg?resize=350%2C200","width":350,"height":200},"classes":[]},{"id":64199,"url":"https:\/\/blogdafeira.com.br\/home\/2024\/10\/10\/fenatifs-hoje-tem-espetaculos-da-bahia-pernambuco-paraiba-e-rio-de-janeiro\/","url_meta":{"origin":28974,"position":3},"title":"Fenatifs hoje tem espet\u00e1culos da Bahia, Pernambuco, Para\u00edba e Rio de Janeiro","author":"Blog da Feira","date":"10\/10\/2024","format":false,"excerpt":"*HOJE NO FENATIFS* \u00a0 *Bahia, Para\u00edba, Pernambuco e Rio de Janeiro representados nesta quinta no Fenatifs* \u00a0 Na reta final da 16\u00aa edi\u00e7\u00e3o do Fenatifs \u2013 Festival Nacional do Teatro Infantil de Feira de Santana voc\u00ea tem mais uma oportunidade de acompanhar grandes espet\u00e1culos de grupos de v\u00e1rias partes do\u2026","rel":"","context":"Em &quot;Cultura&quot;","block_context":{"text":"Cultura","link":"https:\/\/blogdafeira.com.br\/home\/categoria\/cultura\/"},"img":{"alt_text":"","src":"https:\/\/i0.wp.com\/blogdafeira.com.br\/home\/wp-content\/uploads\/2024\/10\/IMG-20241008-WA0012.jpg?resize=350%2C200&ssl=1","width":350,"height":200,"srcset":"https:\/\/i0.wp.com\/blogdafeira.com.br\/home\/wp-content\/uploads\/2024\/10\/IMG-20241008-WA0012.jpg?resize=350%2C200&ssl=1 1x, https:\/\/i0.wp.com\/blogdafeira.com.br\/home\/wp-content\/uploads\/2024\/10\/IMG-20241008-WA0012.jpg?resize=525%2C300&ssl=1 1.5x, https:\/\/i0.wp.com\/blogdafeira.com.br\/home\/wp-content\/uploads\/2024\/10\/IMG-20241008-WA0012.jpg?resize=700%2C400&ssl=1 2x, https:\/\/i0.wp.com\/blogdafeira.com.br\/home\/wp-content\/uploads\/2024\/10\/IMG-20241008-WA0012.jpg?resize=1050%2C600&ssl=1 3x"},"classes":[]},{"id":49146,"url":"https:\/\/blogdafeira.com.br\/home\/2021\/12\/07\/fenatifs-presencial-comeca-hoje-em-tres-horarios-no-amelio-amorim\/","url_meta":{"origin":28974,"position":4},"title":"Fenatifs presencial come\u00e7a hoje em tr\u00eas hor\u00e1rios no Am\u00e9lio Amorim","author":"Blog da Feira","date":"07\/12\/2021","format":false,"excerpt":"Nesta ter\u00e7a (07) ser\u00e3o iniciadas as apresenta\u00e7\u00f5es presenciais desta 14\u00aa edi\u00e7\u00e3o do Fenatifs \u2013 Festival Nacional do Teatro Infantil de Feira de Santana. Em tr\u00eas hor\u00e1rios, 9h30, 10h30 e 14 horas, no Teatro do Centro de Cultura Am\u00e9lio Amorim, ser\u00e1 encenado o espet\u00e1culo \"CYBERBULLYING? MISERIC\u00d3RDIA!\", da Cia. Cuca de Teatro.\u2026","rel":"","context":"Em &quot;Cultura&quot;","block_context":{"text":"Cultura","link":"https:\/\/blogdafeira.com.br\/home\/categoria\/cultura\/"},"img":{"alt_text":"","src":"https:\/\/i0.wp.com\/blogdafeira.com.br\/home\/wp-content\/uploads\/2021\/12\/Divulgacao-CYBERBULLYING-MISERICORDIA-Credito-Gueu-Ramos.jpg?resize=350%2C200&ssl=1","width":350,"height":200,"srcset":"https:\/\/i0.wp.com\/blogdafeira.com.br\/home\/wp-content\/uploads\/2021\/12\/Divulgacao-CYBERBULLYING-MISERICORDIA-Credito-Gueu-Ramos.jpg?resize=350%2C200&ssl=1 1x, https:\/\/i0.wp.com\/blogdafeira.com.br\/home\/wp-content\/uploads\/2021\/12\/Divulgacao-CYBERBULLYING-MISERICORDIA-Credito-Gueu-Ramos.jpg?resize=525%2C300&ssl=1 1.5x, https:\/\/i0.wp.com\/blogdafeira.com.br\/home\/wp-content\/uploads\/2021\/12\/Divulgacao-CYBERBULLYING-MISERICORDIA-Credito-Gueu-Ramos.jpg?resize=700%2C400&ssl=1 2x"},"classes":[]},{"id":64217,"url":"https:\/\/blogdafeira.com.br\/home\/2024\/10\/11\/grupo-feirense-apresenta-encantos-do-sertao-hoje-no-fenatifs\/","url_meta":{"origin":28974,"position":5},"title":"Grupo feirense apresenta \u201cEncantos do Sert\u00e3o\u201d , hoje no Fenatifs","author":"Blog da Feira","date":"11\/10\/2024","format":false,"excerpt":"O grupo feirense Kocca Cria\u00e7\u00f5es se apresenta em dois momentos, no Teatro Margarida Ribeiro, nesta sexta-feira (11) no pen\u00faltimo dia do 16\u00ba Fenatifs \u2013 Festival Nacional do Teatro Infantil de Feira de Santana. O espet\u00e1culo \u201cEncantos do Sert\u00e3o\u201d pode ser acompanhado \u00e0s 9h30 e tamb\u00e9m \u00e0s 14 horas. Neide Kocca\u2026","rel":"","context":"Em &quot;Cultura&quot;","block_context":{"text":"Cultura","link":"https:\/\/blogdafeira.com.br\/home\/categoria\/cultura\/"},"img":{"alt_text":"","src":"https:\/\/i0.wp.com\/blogdafeira.com.br\/home\/wp-content\/uploads\/2024\/10\/IMG-20241011-WA0003.jpg?resize=350%2C200&ssl=1","width":350,"height":200,"srcset":"https:\/\/i0.wp.com\/blogdafeira.com.br\/home\/wp-content\/uploads\/2024\/10\/IMG-20241011-WA0003.jpg?resize=350%2C200&ssl=1 1x, https:\/\/i0.wp.com\/blogdafeira.com.br\/home\/wp-content\/uploads\/2024\/10\/IMG-20241011-WA0003.jpg?resize=525%2C300&ssl=1 1.5x, https:\/\/i0.wp.com\/blogdafeira.com.br\/home\/wp-content\/uploads\/2024\/10\/IMG-20241011-WA0003.jpg?resize=700%2C400&ssl=1 2x, https:\/\/i0.wp.com\/blogdafeira.com.br\/home\/wp-content\/uploads\/2024\/10\/IMG-20241011-WA0003.jpg?resize=1050%2C600&ssl=1 3x, https:\/\/i0.wp.com\/blogdafeira.com.br\/home\/wp-content\/uploads\/2024\/10\/IMG-20241011-WA0003.jpg?resize=1400%2C800&ssl=1 4x"},"classes":[]}],"_links":{"self":[{"href":"https:\/\/blogdafeira.com.br\/home\/wp-json\/wp\/v2\/posts\/28974","targetHints":{"allow":["GET"]}}],"collection":[{"href":"https:\/\/blogdafeira.com.br\/home\/wp-json\/wp\/v2\/posts"}],"about":[{"href":"https:\/\/blogdafeira.com.br\/home\/wp-json\/wp\/v2\/types\/post"}],"author":[{"embeddable":true,"href":"https:\/\/blogdafeira.com.br\/home\/wp-json\/wp\/v2\/users\/1"}],"replies":[{"embeddable":true,"href":"https:\/\/blogdafeira.com.br\/home\/wp-json\/wp\/v2\/comments?post=28974"}],"version-history":[{"count":2,"href":"https:\/\/blogdafeira.com.br\/home\/wp-json\/wp\/v2\/posts\/28974\/revisions"}],"predecessor-version":[{"id":28977,"href":"https:\/\/blogdafeira.com.br\/home\/wp-json\/wp\/v2\/posts\/28974\/revisions\/28977"}],"wp:attachment":[{"href":"https:\/\/blogdafeira.com.br\/home\/wp-json\/wp\/v2\/media?parent=28974"}],"wp:term":[{"taxonomy":"category","embeddable":true,"href":"https:\/\/blogdafeira.com.br\/home\/wp-json\/wp\/v2\/categories?post=28974"},{"taxonomy":"post_tag","embeddable":true,"href":"https:\/\/blogdafeira.com.br\/home\/wp-json\/wp\/v2\/tags?post=28974"}],"curies":[{"name":"wp","href":"https:\/\/api.w.org\/{rel}","templated":true}]}}