{"id":29001,"date":"2018-01-23T18:03:43","date_gmt":"2018-01-23T21:03:43","guid":{"rendered":"http:\/\/blogdafeira.com.br\/home\/?p=29001"},"modified":"2018-01-23T18:09:34","modified_gmt":"2018-01-23T21:09:34","slug":"rua-do-mexicodefeitos-acontecem-em-maquinas-justifica-pinheiro-e-obra-comeca-nesta-quarta","status":"publish","type":"post","link":"https:\/\/blogdafeira.com.br\/home\/2018\/01\/23\/rua-do-mexicodefeitos-acontecem-em-maquinas-justifica-pinheiro-e-obra-comeca-nesta-quarta\/","title":{"rendered":"Rua do M\u00e9xico:&#8217;defeitos acontecem em m\u00e1quinas&#8217;, justifica Pinheiro e obra come\u00e7a nesta quarta"},"content":{"rendered":"<p><img loading=\"lazy\" decoding=\"async\" class=\"aligncenter size-full wp-image-28546\" src=\"http:\/\/blogdafeira.com.br\/home\/wp-content\/uploads\/2017\/11\/images-1-1.jpeg\" alt=\"images-1\" width=\"437\" height=\"337\" srcset=\"https:\/\/blogdafeira.com.br\/home\/wp-content\/uploads\/2017\/11\/images-1-1.jpeg 437w, https:\/\/blogdafeira.com.br\/home\/wp-content\/uploads\/2017\/11\/images-1-1-170x131.jpeg 170w, https:\/\/blogdafeira.com.br\/home\/wp-content\/uploads\/2017\/11\/images-1-1-346x267.jpeg 346w\" sizes=\"auto, (max-width: 437px) 100vw, 437px\" \/><\/p>\n<div id=\"blogd-1806041263\" class=\"blogd-fim-do-post-mobile blogd-entity-placement\" style=\"margin-left: auto;margin-right: auto;text-align: center;\"><a href=\"https:\/\/www.sefaz.feiradesantana.ba.gov.br\/\" target=\"_blank\" aria-label=\"728&#215;90 (6)\"><img loading=\"lazy\" decoding=\"async\" src=\"https:\/\/blogdafeira.com.br\/home\/wp-content\/uploads\/2026\/03\/728x90-6.gif\" alt=\"\"  class=\"no-lazyload\" width=\"728\" height=\"90\"  style=\"display: inline-block;\" \/><\/a><\/div><p>&#8220;<em>Defeitos acontecem em m\u00e1quinas&#8217;,<\/em> justificou-se o secret\u00e1rio de Desenvolvimento Urbano de Feira, Jos\u00e9 Pinheiro que junto com o prefeito interino anunciou uma nova data para a.obra na rua do M\u00e9xico no bairro do Tomba: nesta quarta-feira.<\/p><div id=\"blogd-709790891\" class=\"blogd-conteudo-2-mobile blogd-entity-placement\"><a href=\"https:\/\/feirenses.com.br\/\" target=\"_blank\" aria-label=\"feirenses\"><img loading=\"lazy\" decoding=\"async\" src=\"https:\/\/blogdafeira.com.br\/home\/wp-content\/uploads\/2026\/04\/feirenses.png\" alt=\"\"  srcset=\"https:\/\/blogdafeira.com.br\/home\/wp-content\/uploads\/2026\/04\/feirenses.png 300w, https:\/\/blogdafeira.com.br\/home\/wp-content\/uploads\/2026\/04\/feirenses-170x45.png 170w, https:\/\/blogdafeira.com.br\/home\/wp-content\/uploads\/2026\/04\/feirenses-280x74.png 280w\" sizes=\"(max-width: 300px) 100vw, 300px\" class=\"no-lazyload\" width=\"300\" height=\"79\"  style=\"display: inline-block;\" \/><\/a><\/div>\n<p>O prefeito em exerc\u00edcio\u00a0 e o secret\u00e1rio estar\u00e3o no local, \u00e0s 8h30min, autorizando o come\u00e7o dos trabalhos. A via receber\u00e1 asfalto a quente, de longa durabilidade.<\/p>\n<p>A obra foi anunciada pelo prefeito Jos\u00e9 Ronaldo quando da inaugura\u00e7\u00e3o da pavimenta\u00e7\u00e3o de dezenas de ruas naquela regi\u00e3o, na sexta-feira passada. O vice-prefeito Colbert estava presente ao ato p\u00fablico. Na ocasi\u00e3o, o titular do Poder Executivo Municipal lhe solicitou que acelerasse as provid\u00eancias, enquanto estaria fora do pa\u00eds, para que os servi\u00e7os se iniciassem o mais breve poss\u00edvel.<\/p>\n<p>O prefeito em exerc\u00edcio agendou para a ter\u00e7a-feira, o in\u00edcio da pavimenta\u00e7\u00e3o, mas problema t\u00e9cnico com a m\u00e1quina a ser utilizada no servi\u00e7o causou o adiamento. Feito o reparo no equipamento em menos de 48 horas, a nova data foi imediatamente programada.<\/p>\n<div id=\"blogd-2915188326\" class=\"blogd-final-post blogd-entity-placement\"><a href=\"https:\/\/www.feiradesantana.ba.leg.br\/\" target=\"_blank\" aria-label=\"BANNER-SITE-ENTREGADECHEQUE-CAMARADEFEIRA\"><img loading=\"lazy\" decoding=\"async\" src=\"https:\/\/blogdafeira.com.br\/home\/wp-content\/uploads\/2026\/03\/BANNER-SITE-ENTREGADECHEQUE-CAMARADEFEIRA.gif\" alt=\"\"  class=\"no-lazyload\" width=\"728\" height=\"90\"   \/><\/a><\/div><p>\u201c<em>Defeitos acontecem em m\u00e1quinas, ainda mais que estamos utilizando nossos equipamentos de forma intensa nos \u00faltimos meses, mas felizmente conseguimos o reparo muito rapidamente<\/em>\u201d, diz o secret\u00e1rio Jos\u00e9 Pinheiro.<\/p>\n","protected":false},"excerpt":{"rendered":"<p>&#8220;Defeitos acontecem em m\u00e1quinas&#8217;, justificou-se o secret\u00e1rio de Desenvolvimento Urbano de Feira, Jos\u00e9 Pinheiro que junto com o prefeito interino anunciou uma nova data para a.obra na rua do M\u00e9xico no bairro do Tomba: nesta quarta-feira. O prefeito em exerc\u00edcio\u00a0 e o secret\u00e1rio estar\u00e3o no local, \u00e0s 8h30min, autorizando o come\u00e7o dos trabalhos. A via<\/p>\n","protected":false},"author":1,"featured_media":0,"comment_status":"closed","ping_status":"closed","sticky":false,"template":"","format":"standard","meta":{"jetpack_post_was_ever_published":false,"cybocfi_hide_featured_image":"","_jetpack_newsletter_access":"","_jetpack_dont_email_post_to_subs":true,"_jetpack_newsletter_tier_id":0,"_jetpack_memberships_contains_paywalled_content":false,"_jetpack_memberships_contains_paid_content":false,"footnotes":"","jetpack_publicize_message":"","jetpack_publicize_feature_enabled":true,"jetpack_social_post_already_shared":true,"jetpack_social_options":{"image_generator_settings":{"template":"highway","default_image_id":0,"font":"","enabled":false},"version":2}},"categories":[1],"tags":[],"class_list":["post-29001","post","type-post","status-publish","format-standard","hentry","category-raiz"],"jetpack_publicize_connections":[],"jetpack_featured_media_url":"","jetpack_shortlink":"https:\/\/wp.me\/p3niVf-7xL","jetpack_sharing_enabled":true,"jetpack-related-posts":[{"id":28998,"url":"https:\/\/blogdafeira.com.br\/home\/2018\/01\/23\/obra-na-rua-do-mexico-anunciada-por-colbert-e-adiada-porque-as-maquinas-quebraram\/","url_meta":{"origin":29001,"position":0},"title":"Obra na rua do M\u00e9xico anunciada por Colbert \u00e9 adiada porque as &#8216;m\u00e1quinas  quebraram&#8217;","author":"Blog da Feira","date":"23\/01\/2018","format":false,"excerpt":"\"Em virtude de problemas t\u00e9cnicos com o maquin\u00e1rio, o in\u00edcio de obras de asfaltamento da rua M\u00e9xico, previsto para esta ter\u00e7a-feira, 23, ser\u00e1 adiado. A Secretaria de Desenvolvimento Urbano dever\u00e1 anunciar ainda essa semana a nova data para o come\u00e7o do servi\u00e7o.\" O informe acima foi divulgado horas depois do\u2026","rel":"","context":"Em &quot;Home&quot;","block_context":{"text":"Home","link":"https:\/\/blogdafeira.com.br\/home\/categoria\/raiz\/"},"img":{"alt_text":"images-3","src":"https:\/\/i0.wp.com\/blogdafeira.com.br\/home\/wp-content\/uploads\/2017\/12\/images-3.jpeg?resize=350%2C200","width":350,"height":200},"classes":[]},{"id":13488,"url":"https:\/\/blogdafeira.com.br\/home\/2014\/11\/13\/prefeito-de-feira-quer-secretarios-mais-proximos-da-comunidade\/","url_meta":{"origin":29001,"position":1},"title":"Prefeito de Feira quer secret\u00e1rios mais pr\u00f3ximos da comunidade","author":"Blog da Feira","date":"13\/11\/2014","format":false,"excerpt":"Todo o secretariado do Governo Municipal esteve em reuni\u00e3o, nesta quarta-feira, 12, durante todo o dia. O encontro, liderado pelo prefeito Jos\u00e9 Ronaldo de Carvalho, foi realizado no audit\u00f3rio de um hotel da cidade e come\u00e7ou \u00e0s 9h, sendo conclu\u00eddo por volta das 17h. O objetivo foi avaliar a administra\u00e7\u00e3o\u2026","rel":"","context":"Em &quot;Home&quot;","block_context":{"text":"Home","link":"https:\/\/blogdafeira.com.br\/home\/categoria\/raiz\/"},"img":{"alt_text":"","src":"","width":0,"height":0},"classes":[]},{"id":5494,"url":"https:\/\/blogdafeira.com.br\/home\/2013\/10\/08\/visitas-de-luciano-como-prefeito-de-feira-comecam-na-praca-paulo-souto\/","url_meta":{"origin":29001,"position":2},"title":"Visitas de Luciano como Prefeito de Feira come\u00e7am na pra\u00e7a Paulo Souto","author":"Blog da Feira","date":"08\/10\/2013","format":false,"excerpt":"A primeira visita oficial a obras do prefeito interino de Feira de Santana, Luciano Ribeiro, do PMDB, foi a uma pra\u00e7a em constru\u00e7\u00e3o que j\u00e1 tem o nome do ex-governador da Bahia, Paulo Souto (DEM). A 'agenda oficial' do Prefeito em exerc\u00edcio foi montada pelo secret\u00e1rio de Obras da Prefeitura\u2026","rel":"","context":"Em &quot;Home&quot;","block_context":{"text":"Home","link":"https:\/\/blogdafeira.com.br\/home\/categoria\/raiz\/"},"img":{"alt_text":"","src":"","width":0,"height":0},"classes":[]},{"id":3241,"url":"https:\/\/blogdafeira.com.br\/home\/2013\/07\/04\/prefeito-de-feira-esteve-presente-mas-manteve-a-discricao-e-saiu-cedo\/","url_meta":{"origin":29001,"position":3},"title":"Prefeito de Feira esteve presente mas manteve a discri\u00e7\u00e3o e saiu cedo","author":"Blog da Feira","date":"04\/07\/2013","format":false,"excerpt":"O prefeito Jos\u00e9 Ronaldo, acompanhado do secret\u00e1rio Jos\u00e9 Pinheiro, esteve presente no evento do Plano Safra do Semi\u00e1rido, nesta quinta-feira, no Centro de Conven\u00e7\u00f5es. Sentado nas \u00faltimas cadeiras do audit\u00f3rio Yemanj\u00e1, Ronaldo manteve a discri\u00e7\u00e3o, embora tenha sido cumprimentado por diversos prefeitos e pol\u00edticos do interior, al\u00e9m de deputados. O\u2026","rel":"","context":"Em &quot;Cidade&quot;","block_context":{"text":"Cidade","link":"https:\/\/blogdafeira.com.br\/home\/categoria\/cidade\/"},"img":{"alt_text":"DSC07801","src":"https:\/\/i0.wp.com\/blogdafeira.com.br\/home\/wp-content\/uploads\/2013\/07\/DSC07801-170x127.jpg?resize=350%2C200","width":350,"height":200},"classes":[]},{"id":2478,"url":"https:\/\/blogdafeira.com.br\/home\/2013\/06\/10\/governo-de-feira-comeca-construcao-de-escola-do-pacote-de-obras\/","url_meta":{"origin":29001,"position":4},"title":"Governo de Feira come\u00e7a constru\u00e7\u00e3o de escola do &#8216;pacote de obras&#8217;","author":"Blog da Feira","date":"10\/06\/2013","format":false,"excerpt":"O Governo de Feira d\u00e1 in\u00edcio \u00e0 constru\u00e7\u00e3o de escolas prometidas no an\u00fancio do 'pacote de obras' no m\u00eas passado. O prefeito de Feira de Santana, Jos\u00e9 Ronaldo e secret\u00e1rios municipais autorizam, na manh\u00e3 desta ter\u00e7a-feira, o in\u00edcio da constru\u00e7\u00e3o de uma escola no bairro da Concei\u00e7\u00e3o II. O ato\u2026","rel":"","context":"Em &quot;Cidade&quot;","block_context":{"text":"Cidade","link":"https:\/\/blogdafeira.com.br\/home\/categoria\/cidade\/"},"img":{"alt_text":"","src":"","width":0,"height":0},"classes":[]},{"id":26511,"url":"https:\/\/blogdafeira.com.br\/home\/2017\/04\/11\/jose-ronaldo-anuncia-o-primeiro-pacote-de-obras-do-quarto-mandato-de-prefeito-de-feira\/","url_meta":{"origin":29001,"position":5},"title":"Jos\u00e9 Ronaldo anuncia o primeiro &#8216;pacote-de-obras&#8217; do quarto mandato de Prefeito de Feira","author":"Blog da Feira","date":"11\/04\/2017","format":false,"excerpt":"O prefeito Jos\u00e9 Ronaldo de Carvalho (DEM), repetindo um gesto que se tornou uma marca dos seus governos (Ronaldo est\u00e1 no quarto mandato), lan\u00e7ou o primeiro pacote de obras da sua atual gest\u00e3o, uma pe\u00e7a administrativa conjuntamente elaborada, nos \u00faltimos tr\u00eas meses, entre as secretarias de Planejamento e da Fazenda.\u2026","rel":"","context":"Em &quot;Distritos&quot;","block_context":{"text":"Distritos","link":"https:\/\/blogdafeira.com.br\/home\/categoria\/distritos\/"},"img":{"alt_text":"anuncio-de-pacote-de-obras-foto-acm-4","src":"https:\/\/i0.wp.com\/blogdafeira.com.br\/home\/wp-content\/uploads\/2017\/04\/Anuncio-de-Pacote-de-Obras-Foto-ACM-4.jpg?resize=350%2C200","width":350,"height":200,"srcset":"https:\/\/i0.wp.com\/blogdafeira.com.br\/home\/wp-content\/uploads\/2017\/04\/Anuncio-de-Pacote-de-Obras-Foto-ACM-4.jpg?resize=350%2C200 1x, https:\/\/i0.wp.com\/blogdafeira.com.br\/home\/wp-content\/uploads\/2017\/04\/Anuncio-de-Pacote-de-Obras-Foto-ACM-4.jpg?resize=525%2C300 1.5x, https:\/\/i0.wp.com\/blogdafeira.com.br\/home\/wp-content\/uploads\/2017\/04\/Anuncio-de-Pacote-de-Obras-Foto-ACM-4.jpg?resize=700%2C400 2x"},"classes":[]}],"_links":{"self":[{"href":"https:\/\/blogdafeira.com.br\/home\/wp-json\/wp\/v2\/posts\/29001","targetHints":{"allow":["GET"]}}],"collection":[{"href":"https:\/\/blogdafeira.com.br\/home\/wp-json\/wp\/v2\/posts"}],"about":[{"href":"https:\/\/blogdafeira.com.br\/home\/wp-json\/wp\/v2\/types\/post"}],"author":[{"embeddable":true,"href":"https:\/\/blogdafeira.com.br\/home\/wp-json\/wp\/v2\/users\/1"}],"replies":[{"embeddable":true,"href":"https:\/\/blogdafeira.com.br\/home\/wp-json\/wp\/v2\/comments?post=29001"}],"version-history":[{"count":2,"href":"https:\/\/blogdafeira.com.br\/home\/wp-json\/wp\/v2\/posts\/29001\/revisions"}],"predecessor-version":[{"id":29003,"href":"https:\/\/blogdafeira.com.br\/home\/wp-json\/wp\/v2\/posts\/29001\/revisions\/29003"}],"wp:attachment":[{"href":"https:\/\/blogdafeira.com.br\/home\/wp-json\/wp\/v2\/media?parent=29001"}],"wp:term":[{"taxonomy":"category","embeddable":true,"href":"https:\/\/blogdafeira.com.br\/home\/wp-json\/wp\/v2\/categories?post=29001"},{"taxonomy":"post_tag","embeddable":true,"href":"https:\/\/blogdafeira.com.br\/home\/wp-json\/wp\/v2\/tags?post=29001"}],"curies":[{"name":"wp","href":"https:\/\/api.w.org\/{rel}","templated":true}]}}