{"id":29104,"date":"2018-02-19T22:22:47","date_gmt":"2018-02-20T01:22:47","guid":{"rendered":"http:\/\/blogdafeira.com.br\/home\/?p=29104"},"modified":"2022-01-05T20:59:16","modified_gmt":"2022-01-05T23:59:16","slug":"tunel-de-drenagem-do-brt-de-feira-de-santana-passa-por-baixo-do-beco-do-moco","status":"publish","type":"post","link":"https:\/\/blogdafeira.com.br\/home\/2018\/02\/19\/tunel-de-drenagem-do-brt-de-feira-de-santana-passa-por-baixo-do-beco-do-moco\/","title":{"rendered":"T\u00fanel de drenagem que passa por baixo do Beco do Moc\u00f3"},"content":{"rendered":"<p><img loading=\"lazy\" decoding=\"async\" class=\"aligncenter size-full wp-image-29105\" src=\"http:\/\/blogdafeira.com.br\/home\/wp-content\/uploads\/2018\/02\/FB_IMG_1519089653327.jpg\" alt=\"fb_img_1519089653327\" width=\"640\" height=\"480\" srcset=\"https:\/\/blogdafeira.com.br\/home\/wp-content\/uploads\/2018\/02\/FB_IMG_1519089653327.jpg 640w, https:\/\/blogdafeira.com.br\/home\/wp-content\/uploads\/2018\/02\/FB_IMG_1519089653327-170x128.jpg 170w, https:\/\/blogdafeira.com.br\/home\/wp-content\/uploads\/2018\/02\/FB_IMG_1519089653327-346x260.jpg 346w\" sizes=\"auto, (max-width: 640px) 100vw, 640px\" \/><\/p>\n<div id=\"blogd-728248488\" class=\"blogd-fim-do-post-mobile blogd-entity-placement\" style=\"margin-left: auto;margin-right: auto;text-align: center;\"><a href=\"https:\/\/www.sefaz.feiradesantana.ba.gov.br\/\" target=\"_blank\" aria-label=\"728&#215;90 (6)\"><img loading=\"lazy\" decoding=\"async\" src=\"https:\/\/blogdafeira.com.br\/home\/wp-content\/uploads\/2026\/03\/728x90-6.gif\" alt=\"\"  class=\"no-lazyload\" width=\"728\" height=\"90\"  style=\"display: inline-block;\" \/><\/a><\/div><p>As escava\u00e7\u00f5es subterr\u00e2neas do t\u00fanel\u00a0 de drenagem (tunnel liner), que faz parte das obras do BRT de Feira de Santana, j\u00e1 alcan\u00e7aram o centro da cidade, \u00e0 altura do Beco do Moc\u00f3 e rua Conselheiro Franco.<\/p><div id=\"blogd-3773036425\" class=\"blogd-conteudo-2-mobile blogd-entity-placement\"><a href=\"https:\/\/feirenses.com.br\/\" target=\"_blank\" aria-label=\"feirenses\"><img loading=\"lazy\" decoding=\"async\" src=\"https:\/\/blogdafeira.com.br\/home\/wp-content\/uploads\/2026\/04\/feirenses.png\" alt=\"\"  srcset=\"https:\/\/blogdafeira.com.br\/home\/wp-content\/uploads\/2026\/04\/feirenses.png 300w, https:\/\/blogdafeira.com.br\/home\/wp-content\/uploads\/2026\/04\/feirenses-170x45.png 170w, https:\/\/blogdafeira.com.br\/home\/wp-content\/uploads\/2026\/04\/feirenses-280x74.png 280w\" sizes=\"(max-width: 300px) 100vw, 300px\" class=\"no-lazyload\" width=\"300\" height=\"79\"  style=\"display: inline-block;\" \/><\/a><\/div>\n<p>O tr\u00e2nsito na rua Conselheiro Franco ser\u00e1 reorganizado a partir desta ter\u00e7a-feira (20) onde ser\u00e3o instalados &#8216;Pontos de Visita&#8217; do <em>tunnel liner<\/em> que\u00a0 ocupar\u00e1 cerca de 40 metros do lado direito da rua \u2013 sentido Ol\u00edmpio Vital.<\/p>\n<p>Segundo informa\u00e7\u00f5es da Via Engenharia, empresa respons\u00e1vel pela realiza\u00e7\u00e3o das obras, a interven\u00e7\u00e3o deve durar de 45 a 60 dias.<\/p>\n<div id=\"blogd-2634899531\" class=\"blogd-final-post blogd-entity-placement\"><a href=\"https:\/\/www.feiradesantana.ba.leg.br\/\" target=\"_blank\" aria-label=\"BANNER-SITE-ENTREGADECHEQUE-CAMARADEFEIRA\"><img loading=\"lazy\" decoding=\"async\" src=\"https:\/\/blogdafeira.com.br\/home\/wp-content\/uploads\/2026\/03\/BANNER-SITE-ENTREGADECHEQUE-CAMARADEFEIRA.gif\" alt=\"\"  class=\"no-lazyload\" width=\"728\" height=\"90\"   \/><\/a><\/div><p>Neste per\u00edodo, n\u00e3o ser\u00e1 permitido estacionamento de ve\u00edculos no lado esquerdo do trecho (entre o Cuca e o Bradesco) para evitar o congelamento do tr\u00e2nsito. Todo o trecho ser\u00e1 devidamente sinalizado e agentes de tr\u00e2nsito estar\u00e3o presentes para orientar e otimizar o tr\u00e2nsito.<\/p>\n","protected":false},"excerpt":{"rendered":"<p>As escava\u00e7\u00f5es subterr\u00e2neas do t\u00fanel\u00a0 de drenagem (tunnel liner), que faz parte das obras do BRT de Feira de Santana, j\u00e1 alcan\u00e7aram o centro da cidade, \u00e0 altura do Beco do Moc\u00f3 e rua Conselheiro Franco. O tr\u00e2nsito na rua Conselheiro Franco ser\u00e1 reorganizado a partir desta ter\u00e7a-feira (20) onde ser\u00e3o instalados &#8216;Pontos de Visita&#8217;<\/p>\n","protected":false},"author":1,"featured_media":0,"comment_status":"closed","ping_status":"closed","sticky":false,"template":"","format":"standard","meta":{"jetpack_post_was_ever_published":false,"cybocfi_hide_featured_image":"","_jetpack_newsletter_access":"","_jetpack_dont_email_post_to_subs":false,"_jetpack_newsletter_tier_id":0,"_jetpack_memberships_contains_paywalled_content":false,"_jetpack_memberships_contains_paid_content":false,"footnotes":"","jetpack_publicize_message":"","jetpack_publicize_feature_enabled":true,"jetpack_social_post_already_shared":true,"jetpack_social_options":{"image_generator_settings":{"template":"highway","default_image_id":0,"font":"","enabled":false},"version":2}},"categories":[1],"tags":[],"class_list":["post-29104","post","type-post","status-publish","format-standard","hentry","category-raiz"],"jetpack_publicize_connections":[],"jetpack_featured_media_url":"","jetpack_shortlink":"https:\/\/wp.me\/p3niVf-7zq","jetpack_sharing_enabled":true,"jetpack-related-posts":[{"id":19660,"url":"https:\/\/blogdafeira.com.br\/home\/2016\/02\/22\/drenagem-do-tunel-de-feira-vai-passar-por-debaixo-do-beco-do-moco\/","url_meta":{"origin":29104,"position":0},"title":"Drenagem do &#8216;t\u00fanel&#8217; de Feira vai passar por debaixo do Beco do Moc\u00f3","author":"Blog da Feira","date":"22\/02\/2016","format":false,"excerpt":"Voltaram a circular nas redes sociais documentos do projeto do BRT de Feira de Santana onde s\u00e3o mostrados gr\u00e1ficos, custos e exemplos de t\u00e9cnicas de engenharia, principalmente de drenagem, um campo que absorve a maior parte dos custos destinados \u00e0 constru\u00e7\u00e3o de um 't\u00fanel' (ou 'trincheira') no cruzamento das avenidas\u2026","rel":"","context":"Em &quot;Home&quot;","block_context":{"text":"Home","link":"https:\/\/blogdafeira.com.br\/home\/categoria\/raiz\/"},"img":{"alt_text":"drenagem de um tunel","src":"https:\/\/i0.wp.com\/blogdafeira.com.br\/home\/wp-content\/uploads\/2016\/02\/drenagem-de-um-tunel.jpg?resize=350%2C200","width":350,"height":200,"srcset":"https:\/\/i0.wp.com\/blogdafeira.com.br\/home\/wp-content\/uploads\/2016\/02\/drenagem-de-um-tunel.jpg?resize=350%2C200 1x, https:\/\/i0.wp.com\/blogdafeira.com.br\/home\/wp-content\/uploads\/2016\/02\/drenagem-de-um-tunel.jpg?resize=525%2C300 1.5x, https:\/\/i0.wp.com\/blogdafeira.com.br\/home\/wp-content\/uploads\/2016\/02\/drenagem-de-um-tunel.jpg?resize=700%2C400 2x"},"classes":[]},{"id":29662,"url":"https:\/\/blogdafeira.com.br\/home\/2018\/05\/15\/operarios-trabalham-a-12-metros-de-profundidade-cavando-tunnel-liner-do-brt-de-feira\/","url_meta":{"origin":29104,"position":1},"title":"Oper\u00e1rios trabalham a 12 metros de profundidade cavando &#8216;tunnel liner&#8217; do BRT de Feira","author":"Blog da Feira","date":"15\/05\/2018","format":false,"excerpt":"A constru\u00e7\u00e3o do t\u00fanel subterr\u00e2neo de drenagem \u00e9 a obra mais cara e trabalhosa do projeto de implanta\u00e7\u00e3o do BRT de Feira de Santana que envolve cerca de 100 milh\u00f5es de reais. Chamado tecnicamente de\u00a0 'tunnel liner' , ele ter\u00e1 mais de 2 quil\u00f4metros de extens\u00e3o e est\u00e1 sendo escavado\u2026","rel":"","context":"Em &quot;Home&quot;","block_context":{"text":"Home","link":"https:\/\/blogdafeira.com.br\/home\/categoria\/raiz\/"},"img":{"alt_text":"","src":"https:\/\/i0.wp.com\/blogdafeira.com.br\/home\/wp-content\/uploads\/2018\/05\/IMG_20180515_1110311942-1024x1012.jpg?resize=350%2C200","width":350,"height":200,"srcset":"https:\/\/i0.wp.com\/blogdafeira.com.br\/home\/wp-content\/uploads\/2018\/05\/IMG_20180515_1110311942-1024x1012.jpg?resize=350%2C200 1x, https:\/\/i0.wp.com\/blogdafeira.com.br\/home\/wp-content\/uploads\/2018\/05\/IMG_20180515_1110311942-1024x1012.jpg?resize=525%2C300 1.5x, https:\/\/i0.wp.com\/blogdafeira.com.br\/home\/wp-content\/uploads\/2018\/05\/IMG_20180515_1110311942-1024x1012.jpg?resize=700%2C400 2x"},"classes":[]},{"id":58822,"url":"https:\/\/blogdafeira.com.br\/home\/2023\/07\/31\/beco-da-energia-e-a-lei-paulo-gustavo-em-feira\/","url_meta":{"origin":29104,"position":2},"title":"Beco da Energia com piso novo e a Lei Paulo Gustavo em Feira","author":"Blog da Feira","date":"31\/07\/2023","format":false,"excerpt":"O famoso Beco da Energia, no centro antigo de Feira de Santana est\u00e1 com o piso novo, adequado ao Projeto Centro que pavimentou e drenou grande parte do n\u00facleo comercial da cidade, inclusive a rua Marechal ao qual os Becos do Moc\u00f3 e da Energia est\u00e3o diretamente ligados. O principal\u00a0\u2026","rel":"","context":"Em &quot;Cidade&quot;","block_context":{"text":"Cidade","link":"https:\/\/blogdafeira.com.br\/home\/categoria\/cidade\/"},"img":{"alt_text":"","src":"https:\/\/i0.wp.com\/blogdafeira.com.br\/home\/wp-content\/uploads\/2023\/07\/IMG_20230729_161340561_HDR-scaled.jpg?resize=350%2C200&ssl=1","width":350,"height":200,"srcset":"https:\/\/i0.wp.com\/blogdafeira.com.br\/home\/wp-content\/uploads\/2023\/07\/IMG_20230729_161340561_HDR-scaled.jpg?resize=350%2C200&ssl=1 1x, https:\/\/i0.wp.com\/blogdafeira.com.br\/home\/wp-content\/uploads\/2023\/07\/IMG_20230729_161340561_HDR-scaled.jpg?resize=525%2C300&ssl=1 1.5x, https:\/\/i0.wp.com\/blogdafeira.com.br\/home\/wp-content\/uploads\/2023\/07\/IMG_20230729_161340561_HDR-scaled.jpg?resize=700%2C400&ssl=1 2x, https:\/\/i0.wp.com\/blogdafeira.com.br\/home\/wp-content\/uploads\/2023\/07\/IMG_20230729_161340561_HDR-scaled.jpg?resize=1050%2C600&ssl=1 3x, https:\/\/i0.wp.com\/blogdafeira.com.br\/home\/wp-content\/uploads\/2023\/07\/IMG_20230729_161340561_HDR-scaled.jpg?resize=1400%2C800&ssl=1 4x"},"classes":[]},{"id":23994,"url":"https:\/\/blogdafeira.com.br\/home\/2016\/10\/25\/prefeitura-de-feira-mostra-aduelas-para-tunel-de-drenagem-das-trincheiras-do-brt\/","url_meta":{"origin":29104,"position":3},"title":"Prefeitura de Feira mostra &#8216;aduelas&#8217; para t\u00fanel de drenagem das trincheiras do BRT","author":"Blog da Feira","date":"25\/10\/2016","format":false,"excerpt":"A Prefeitura de Feira de Santana informou hoje atrav\u00e9s de material enviado pela Secretaria de Comunica\u00e7\u00e3o Social que o 'tunnel liner'\u00a0para a drenagem das \u00e1guas da trincheira da Maria Quit\u00e9ria \u00a0e da Jo\u00e3o Durval (em constru\u00e7\u00e3o) come\u00e7ou a ser constru\u00eddo com a coloca\u00e7\u00e3o da primeiras aduelas\u00a0na rua S\u00e3o Luiz, no\u2026","rel":"","context":"Em &quot;Home&quot;","block_context":{"text":"Home","link":"https:\/\/blogdafeira.com.br\/home\/categoria\/raiz\/"},"img":{"alt_text":"brt-nas-ruas-farmac_utico-jos_-alves-e-s_o-luiz-vinicius-gomes-6","src":"https:\/\/i0.wp.com\/blogdafeira.com.br\/home\/wp-content\/uploads\/2016\/10\/BRT-nas-ruas-Farmac_utico-Jos_-Alves-e-S_o-Luiz-Vinicius-Gomes-6.jpg?resize=350%2C200","width":350,"height":200,"srcset":"https:\/\/i0.wp.com\/blogdafeira.com.br\/home\/wp-content\/uploads\/2016\/10\/BRT-nas-ruas-Farmac_utico-Jos_-Alves-e-S_o-Luiz-Vinicius-Gomes-6.jpg?resize=350%2C200 1x, https:\/\/i0.wp.com\/blogdafeira.com.br\/home\/wp-content\/uploads\/2016\/10\/BRT-nas-ruas-Farmac_utico-Jos_-Alves-e-S_o-Luiz-Vinicius-Gomes-6.jpg?resize=525%2C300 1.5x, https:\/\/i0.wp.com\/blogdafeira.com.br\/home\/wp-content\/uploads\/2016\/10\/BRT-nas-ruas-Farmac_utico-Jos_-Alves-e-S_o-Luiz-Vinicius-Gomes-6.jpg?resize=700%2C400 2x"},"classes":[]},{"id":39711,"url":"https:\/\/blogdafeira.com.br\/home\/2020\/08\/20\/centro-de-feira-em-obras-transito-interditado-na-marechal\/","url_meta":{"origin":29104,"position":4},"title":"Centro de Feira em obras; tr\u00e2nsito interditado na Marechal","author":"Blog da Feira","date":"20\/08\/2020","format":false,"excerpt":"A rua Marechal Deodoro, uma das mais movimentadas do centro comercial de Feira de Santana, est\u00e1 parcialmente interditada ao tr\u00e2nsito desde a manh\u00e3 desta quinta-feira, 20. Nas pr\u00f3ximas semanas a rua vai ficar temporariamente fechada para a circula\u00e7\u00e3o de carros e motocicletas devido \u00e0 instala\u00e7\u00e3o da rede de drenagem pluvial,\u2026","rel":"","context":"Em &quot;Cidade&quot;","block_context":{"text":"Cidade","link":"https:\/\/blogdafeira.com.br\/home\/categoria\/cidade\/"},"img":{"alt_text":"","src":"https:\/\/i0.wp.com\/blogdafeira.com.br\/home\/wp-content\/uploads\/2020\/08\/marechal-fsfsf.jpg?resize=350%2C200&ssl=1","width":350,"height":200,"srcset":"https:\/\/i0.wp.com\/blogdafeira.com.br\/home\/wp-content\/uploads\/2020\/08\/marechal-fsfsf.jpg?resize=350%2C200&ssl=1 1x, https:\/\/i0.wp.com\/blogdafeira.com.br\/home\/wp-content\/uploads\/2020\/08\/marechal-fsfsf.jpg?resize=525%2C300&ssl=1 1.5x, https:\/\/i0.wp.com\/blogdafeira.com.br\/home\/wp-content\/uploads\/2020\/08\/marechal-fsfsf.jpg?resize=700%2C400&ssl=1 2x, https:\/\/i0.wp.com\/blogdafeira.com.br\/home\/wp-content\/uploads\/2020\/08\/marechal-fsfsf.jpg?resize=1050%2C600&ssl=1 3x"},"classes":[]},{"id":39453,"url":"https:\/\/blogdafeira.com.br\/home\/2020\/08\/10\/obras-da-prefeitura-provocam-mudancas-em-transito-no-centro-de-feira\/","url_meta":{"origin":29104,"position":5},"title":"Obras da Prefeitura provocam mudan\u00e7as em tr\u00e2nsito no centro de Feira","author":"Blog da Feira","date":"10\/08\/2020","format":false,"excerpt":"Com\u00a0 obras\u00a0 intensificadas, a circula\u00e7\u00e3o de ve\u00edculos e pessoas no centro de Feira de Santana sofreram algumas mudan\u00e7as nos \u00faltimos dias. Na Pra\u00e7a Dom Pedro II, conhecida como Pra\u00e7a do Nordestino, por exemplo, o ponto de t\u00e1xi, situado no local, saiu de um lado da via para o outro -\u2026","rel":"","context":"Em &quot;Cidade&quot;","block_context":{"text":"Cidade","link":"https:\/\/blogdafeira.com.br\/home\/categoria\/cidade\/"},"img":{"alt_text":"","src":"https:\/\/i0.wp.com\/blogdafeira.com.br\/home\/wp-content\/uploads\/2020\/08\/abababab.jpg?resize=350%2C200&ssl=1","width":350,"height":200,"srcset":"https:\/\/i0.wp.com\/blogdafeira.com.br\/home\/wp-content\/uploads\/2020\/08\/abababab.jpg?resize=350%2C200&ssl=1 1x, https:\/\/i0.wp.com\/blogdafeira.com.br\/home\/wp-content\/uploads\/2020\/08\/abababab.jpg?resize=525%2C300&ssl=1 1.5x, https:\/\/i0.wp.com\/blogdafeira.com.br\/home\/wp-content\/uploads\/2020\/08\/abababab.jpg?resize=700%2C400&ssl=1 2x, https:\/\/i0.wp.com\/blogdafeira.com.br\/home\/wp-content\/uploads\/2020\/08\/abababab.jpg?resize=1050%2C600&ssl=1 3x"},"classes":[]}],"_links":{"self":[{"href":"https:\/\/blogdafeira.com.br\/home\/wp-json\/wp\/v2\/posts\/29104","targetHints":{"allow":["GET"]}}],"collection":[{"href":"https:\/\/blogdafeira.com.br\/home\/wp-json\/wp\/v2\/posts"}],"about":[{"href":"https:\/\/blogdafeira.com.br\/home\/wp-json\/wp\/v2\/types\/post"}],"author":[{"embeddable":true,"href":"https:\/\/blogdafeira.com.br\/home\/wp-json\/wp\/v2\/users\/1"}],"replies":[{"embeddable":true,"href":"https:\/\/blogdafeira.com.br\/home\/wp-json\/wp\/v2\/comments?post=29104"}],"version-history":[{"count":2,"href":"https:\/\/blogdafeira.com.br\/home\/wp-json\/wp\/v2\/posts\/29104\/revisions"}],"predecessor-version":[{"id":49884,"href":"https:\/\/blogdafeira.com.br\/home\/wp-json\/wp\/v2\/posts\/29104\/revisions\/49884"}],"wp:attachment":[{"href":"https:\/\/blogdafeira.com.br\/home\/wp-json\/wp\/v2\/media?parent=29104"}],"wp:term":[{"taxonomy":"category","embeddable":true,"href":"https:\/\/blogdafeira.com.br\/home\/wp-json\/wp\/v2\/categories?post=29104"},{"taxonomy":"post_tag","embeddable":true,"href":"https:\/\/blogdafeira.com.br\/home\/wp-json\/wp\/v2\/tags?post=29104"}],"curies":[{"name":"wp","href":"https:\/\/api.w.org\/{rel}","templated":true}]}}