{"id":29777,"date":"2018-06-06T11:48:22","date_gmt":"2018-06-06T14:48:22","guid":{"rendered":"http:\/\/blogdafeira.com.br\/home\/?p=29777"},"modified":"2018-06-06T11:48:22","modified_gmt":"2018-06-06T14:48:22","slug":"guilherme-boulos-em-feira-anima-a-militancia-em-encontro-na-uefs","status":"publish","type":"post","link":"https:\/\/blogdafeira.com.br\/home\/2018\/06\/06\/guilherme-boulos-em-feira-anima-a-militancia-em-encontro-na-uefs\/","title":{"rendered":"Guilherme Boulos em Feira anima a milit\u00e2ncia em encontro na UEFS"},"content":{"rendered":"<div id=\"blogd-1717268692\" class=\"blogd-fim-do-post-mobile blogd-entity-placement\" style=\"margin-left: auto;margin-right: auto;text-align: center;\"><a href=\"https:\/\/www.sefaz.feiradesantana.ba.gov.br\/\" target=\"_blank\" aria-label=\"728&#215;90 (6)\"><img loading=\"lazy\" decoding=\"async\" src=\"https:\/\/blogdafeira.com.br\/home\/wp-content\/uploads\/2026\/03\/728x90-6.gif\" alt=\"\"  class=\"no-lazyload\" width=\"728\" height=\"90\"  style=\"display: inline-block;\" \/><\/a><\/div><p style=\"text-align: center;\"><img loading=\"lazy\" decoding=\"async\" class=\"alignnone size-medium wp-image-29778\" src=\"http:\/\/blogdafeira.com.br\/home\/wp-content\/uploads\/2018\/06\/FB_IMG_1528296432380-346x230.jpg\" alt=\"\" width=\"346\" height=\"230\" srcset=\"https:\/\/blogdafeira.com.br\/home\/wp-content\/uploads\/2018\/06\/FB_IMG_1528296432380-346x230.jpg 346w, https:\/\/blogdafeira.com.br\/home\/wp-content\/uploads\/2018\/06\/FB_IMG_1528296432380-170x113.jpg 170w, https:\/\/blogdafeira.com.br\/home\/wp-content\/uploads\/2018\/06\/FB_IMG_1528296432380.jpg 720w\" sizes=\"auto, (max-width: 346px) 100vw, 346px\" \/>Com Guilherme Boulos ontem no campus da UEFS, para um primeiro encontro dele com a comunidade em Feira de Santana, lhe presenteei com um exemplar do livro &#8216;Feira&#8217;.<\/p><div id=\"blogd-940420452\" class=\"blogd-conteudo-2-mobile blogd-entity-placement\"><a href=\"https:\/\/feirenses.com.br\/\" target=\"_blank\" aria-label=\"feirenses\"><img loading=\"lazy\" decoding=\"async\" src=\"https:\/\/blogdafeira.com.br\/home\/wp-content\/uploads\/2026\/04\/feirenses.png\" alt=\"\"  srcset=\"https:\/\/blogdafeira.com.br\/home\/wp-content\/uploads\/2026\/04\/feirenses.png 300w, https:\/\/blogdafeira.com.br\/home\/wp-content\/uploads\/2026\/04\/feirenses-170x45.png 170w, https:\/\/blogdafeira.com.br\/home\/wp-content\/uploads\/2026\/04\/feirenses-280x74.png 280w\" sizes=\"(max-width: 300px) 100vw, 300px\" class=\"no-lazyload\" width=\"300\" height=\"79\"  style=\"display: inline-block;\" \/><\/a><\/div>\n<p>A foto foi uma gentileza de Gian, da M\u00eddia Ninja que acompanha a pr\u00e9 candidadtura\u00a0 de\u00a0 Boulos a Presidente da Rep\u00fablica pelo PSOL.<\/p>\n<p>A chuva,o tr\u00e2nsito, atrasaram a chegada mas o anfiteatro do m\u00f3dulo II ficou lotado, esperando para ouvir o pre ca didato.<\/p>\n<p>Boulos estava num ambiente onde o discurso e as propostas dele s\u00e3o facilmente entendidas e talvez por isso ele fez um pedido especial \u00e0 milit\u00e2ncia do PSOL, tipo, vamos ouvir mais e vamos falar uma linguagem que o povo entenda.<\/p>\n<p>Cutucou o marketing pol\u00edtico tamb\u00e9m. Disse que n\u00e3o \u00e9 candidato para dizer s\u00f3 o que vai agradar e a mando de marqueteiro.<\/p>\n<p>O encontro foi uma inje\u00e7\u00e3o de \u00e2nimo na milit\u00e2ncia do PSOL\u00a0 aiano. Essa campanha nao tem prazo de validade pra terminar em outubro,disse. \u00e9 constru\u00e7\u00e3o de futuro.<\/p>\n<p>Um jogral com um poema de uma militante local homenageou Mariele.<\/p>\n<div id=\"blogd-2485978531\" class=\"blogd-final-post blogd-entity-placement\"><a href=\"https:\/\/www.feiradesantana.ba.leg.br\/\" target=\"_blank\" aria-label=\"BANNER-SITE-ENTREGADECHEQUE-CAMARADEFEIRA\"><img loading=\"lazy\" decoding=\"async\" src=\"https:\/\/blogdafeira.com.br\/home\/wp-content\/uploads\/2026\/03\/BANNER-SITE-ENTREGADECHEQUE-CAMARADEFEIRA.gif\" alt=\"\"  class=\"no-lazyload\" width=\"728\" height=\"90\"   \/><\/a><\/div><p>E antecipou a fala de Boulos o pre candidato a deputado estadual pelo PSOl de Feira, Jhonatas Monteiro.Os dois se conhecem h\u00e1 anos de movimentos conjuntos da esquerda nacional.<\/p>\n","protected":false},"excerpt":{"rendered":"<p>Com Guilherme Boulos ontem no campus da UEFS, para um primeiro encontro dele com a comunidade em Feira de Santana, lhe presenteei com um exemplar do livro &#8216;Feira&#8217;. A foto foi uma gentileza de Gian, da M\u00eddia Ninja que acompanha a pr\u00e9 candidadtura\u00a0 de\u00a0 Boulos a Presidente da Rep\u00fablica pelo PSOL. A chuva,o tr\u00e2nsito, atrasaram<\/p>\n","protected":false},"author":8,"featured_media":0,"comment_status":"closed","ping_status":"closed","sticky":false,"template":"","format":"standard","meta":{"jetpack_post_was_ever_published":false,"cybocfi_hide_featured_image":"","_jetpack_newsletter_access":"","_jetpack_dont_email_post_to_subs":false,"_jetpack_newsletter_tier_id":0,"_jetpack_memberships_contains_paywalled_content":false,"_jetpack_memberships_contains_paid_content":false,"footnotes":"","jetpack_publicize_message":"","jetpack_publicize_feature_enabled":true,"jetpack_social_post_already_shared":true,"jetpack_social_options":{"image_generator_settings":{"template":"highway","default_image_id":0,"font":"","enabled":false},"version":2}},"categories":[1],"tags":[],"class_list":["post-29777","post","type-post","status-publish","format-standard","hentry","category-raiz"],"jetpack_publicize_connections":[],"jetpack_featured_media_url":"","jetpack_shortlink":"https:\/\/wp.me\/p3niVf-7Kh","jetpack_sharing_enabled":true,"jetpack-related-posts":[{"id":29891,"url":"https:\/\/blogdafeira.com.br\/home\/2018\/07\/01\/boulos-participa-do-2-de-julho-e-lanca-pre-candidatos-do-psol-ao-senado-e-governo-da-bahia\/","url_meta":{"origin":29777,"position":0},"title":"Boulos participa do 2 de Julho e lan\u00e7a pr\u00e9 candidatos do PSOL ao Senado e Governo da Bahia","author":"J\u00e2nio R\u00eago","date":"01\/07\/2018","format":false,"excerpt":"O pr\u00e9 candidato a presidente da Rep\u00fablica pelo PSOL, Guilherme Boulos est\u00e1 em Salvador nesta segunda-feira, 2\u00a0 para participar dos festejos pela independ\u00eancia da Bahia e lan\u00e7amento da chapa majorit\u00e1ria do partido no estado. Os pr\u00e9-candidatos na Bahia s\u00e3o: Marcos Mendes (governador), Dona Mira (co-governadora), F\u00e1bio Nogueira (senador), Bernadete Ferreira\u2026","rel":"","context":"Em &quot;Home&quot;","block_context":{"text":"Home","link":"https:\/\/blogdafeira.com.br\/home\/categoria\/raiz\/"},"img":{"alt_text":"","src":"https:\/\/i0.wp.com\/blogdafeira.com.br\/home\/wp-content\/uploads\/2018\/07\/foto.jpeg?resize=350%2C200","width":350,"height":200},"classes":[]},{"id":29773,"url":"https:\/\/blogdafeira.com.br\/home\/2018\/06\/04\/guilherme-boulos-do-psol-nesta-terca-feira-na-uefs-por-andre-pomponet\/","url_meta":{"origin":29777,"position":1},"title":"Guilherme Boulos do PSOL nesta ter\u00e7a-feira na UEFS, por Andr\u00e9 Pomponet","author":"Andr\u00e9 Pomponet","date":"04\/06\/2018","format":false,"excerpt":"Nesta ter\u00e7a-feira, 5,\u00a0\u00a0o primeiro pr\u00e9-candidato \u00e0 presid\u00eancia da Rep\u00fablica, Guilherme\u00a0Boulos\u00a0(PSOL), visita a Feira de Santana.Vai \u00e0\u00a0Uefs, fazer uma palestra a partir das 18h30, no audit\u00f3rio tr\u00eas, no m\u00f3dulo quatro.\u00a0O convite circula pelas redes sociais. O evento deve atrair p\u00fablico expressivo: \u00e9 no meio acad\u00eamico, entre jovens \u00f3rf\u00e3os de lideran\u00e7as pol\u00edticas\u2026","rel":"","context":"Em &quot;Colunistas&quot;","block_context":{"text":"Colunistas","link":"https:\/\/blogdafeira.com.br\/home\/categoria\/colunistas\/"},"img":{"alt_text":"","src":"https:\/\/i0.wp.com\/blogdafeira.com.br\/home\/wp-content\/uploads\/2018\/06\/FB_IMG_1528165734217-346x180.jpg?resize=350%2C200","width":350,"height":200},"classes":[]},{"id":29684,"url":"https:\/\/blogdafeira.com.br\/home\/2018\/05\/18\/candidato-do-psol-a-presidencia-guilherme-boulos-vem-a-feira-de-santana-no-dia-5-de-junho\/","url_meta":{"origin":29777,"position":2},"title":"Candidato do PSOL \u00e0 Presid\u00eancia, Guilherme Boulos vem a Feira de Santana no dia 5 de junho","author":"Blog da Feira","date":"18\/05\/2018","format":false,"excerpt":"O professor Jhonatas Monteiro j\u00e1 definiu com Guilherme Boulos a data para a vinda a Feira de Santana do candidato \u00e0 Presid\u00eancia da Rep\u00fablica pelo PSOL: pr\u00f3ximo dia 5 de junho. Guilherme Boulos passa mais dois dias na Bahia. O local e hor\u00e1rio onde Boulos vai se encontrar com militantes,\u2026","rel":"","context":"Em &quot;Home&quot;","block_context":{"text":"Home","link":"https:\/\/blogdafeira.com.br\/home\/categoria\/raiz\/"},"img":{"alt_text":"","src":"https:\/\/i0.wp.com\/blogdafeira.com.br\/home\/wp-content\/uploads\/2018\/03\/IMG_20180309_202230-1024x1024.jpg?resize=350%2C200","width":350,"height":200,"srcset":"https:\/\/i0.wp.com\/blogdafeira.com.br\/home\/wp-content\/uploads\/2018\/03\/IMG_20180309_202230-1024x1024.jpg?resize=350%2C200 1x, https:\/\/i0.wp.com\/blogdafeira.com.br\/home\/wp-content\/uploads\/2018\/03\/IMG_20180309_202230-1024x1024.jpg?resize=525%2C300 1.5x, https:\/\/i0.wp.com\/blogdafeira.com.br\/home\/wp-content\/uploads\/2018\/03\/IMG_20180309_202230-1024x1024.jpg?resize=700%2C400 2x"},"classes":[]},{"id":30064,"url":"https:\/\/blogdafeira.com.br\/home\/2018\/08\/14\/jhonatas-participa-de-evento-com-guilherme-boulos-em-sao-paulo\/","url_meta":{"origin":29777,"position":3},"title":"Jhonatas participa de evento com Guilherme Boulos em S\u00e3o Paulo","author":"J\u00e2nio R\u00eago","date":"14\/08\/2018","format":false,"excerpt":"\"Estamos aqui no espa\u00e7o do Outras Palavras participando do debate: Os Desafios das Novas Esquerdas na Am\u00e9rica Latina Com Guilherme Boulos presidenci\u00e1vel pelo PSOL, Alberto Castilla - PDA\/ Senador da Col\u00f4mbia pelo Polo Democr\u00e1tico, Doriz Gonzal\u00e9z (UKAMAU \/ Frente Amplio), Esteban marcioni (FPDS\/Pueblo en Marcha) lideran\u00e7as latinas. #Jhonatas2018 #BoulosESonia #Psol50\u2026","rel":"","context":"Em &quot;Home&quot;","block_context":{"text":"Home","link":"https:\/\/blogdafeira.com.br\/home\/categoria\/raiz\/"},"img":{"alt_text":"","src":"https:\/\/i0.wp.com\/blogdafeira.com.br\/home\/wp-content\/uploads\/2018\/08\/FB_IMG_1534246882137.jpg?resize=350%2C200","width":350,"height":200,"srcset":"https:\/\/i0.wp.com\/blogdafeira.com.br\/home\/wp-content\/uploads\/2018\/08\/FB_IMG_1534246882137.jpg?resize=350%2C200 1x, https:\/\/i0.wp.com\/blogdafeira.com.br\/home\/wp-content\/uploads\/2018\/08\/FB_IMG_1534246882137.jpg?resize=525%2C300 1.5x, https:\/\/i0.wp.com\/blogdafeira.com.br\/home\/wp-content\/uploads\/2018\/08\/FB_IMG_1534246882137.jpg?resize=700%2C400 2x"},"classes":[]},{"id":29603,"url":"https:\/\/blogdafeira.com.br\/home\/2018\/05\/08\/jhonatas-monteiro-a-bahia-precisa-de-um-mandato-combativo-na-assembleia\/","url_meta":{"origin":29777,"position":4},"title":"Jhonatas Monteiro: \u201ca Bahia precisa de um mandato combativo na Assembleia&#8221;","author":"Blog da Feira","date":"08\/05\/2018","format":false,"excerpt":"Em uma entrevista ao rep\u00f3rter Taiuri Reis, da R\u00e1dio Princesa FM de Feira de Santana, o pr\u00e9 candidato a deputado estadual pelo PSOL, Jhonatas Monteiro, conhecido tamb\u00e9m como \"Rasta do PSOL',\u00a0 explicou que a candidatura de Guilherme Boulos e S\u00f4nia Guajajara \u00e0 Presid\u00eancia da Rep\u00fablica \u00e9 do partido e dos\u2026","rel":"","context":"Em &quot;Home&quot;","block_context":{"text":"Home","link":"https:\/\/blogdafeira.com.br\/home\/categoria\/raiz\/"},"img":{"alt_text":"","src":"https:\/\/i0.wp.com\/blogdafeira.com.br\/home\/wp-content\/uploads\/2018\/05\/images-26.jpeg?resize=350%2C200","width":350,"height":200},"classes":[]},{"id":29253,"url":"https:\/\/blogdafeira.com.br\/home\/2018\/03\/15\/participantes-do-forum-social-mundial-em-salvador-protestam-pelo-assassinato-da-vereadora-do-psol\/","url_meta":{"origin":29777,"position":5},"title":"Participantes do F\u00f3rum Social Mundial em Salvador protestam pelo assassinato da vereadora do PSOL","author":"Blog da Feira","date":"15\/03\/2018","format":false,"excerpt":"Uma marcha de protesto pelo assassinato da vereadora do PSOL do Rio de Janeiro, Mirelle Franco, saiu do campus da UFBA onde acontece o F\u00f3rum Social Mundial e foi at\u00e9 o largo de Ondina,hoje pela manh\u00e3, interrompendo as atividades que aconteciam a ''Tenda dos Povos Sem Medo', instalada no estacionamento\u2026","rel":"","context":"Em &quot;Home&quot;","block_context":{"text":"Home","link":"https:\/\/blogdafeira.com.br\/home\/categoria\/raiz\/"},"img":{"alt_text":"","src":"https:\/\/i0.wp.com\/blogdafeira.com.br\/home\/wp-content\/uploads\/2018\/03\/IMG_20180315_112215824-1024x576.jpg?resize=350%2C200","width":350,"height":200,"srcset":"https:\/\/i0.wp.com\/blogdafeira.com.br\/home\/wp-content\/uploads\/2018\/03\/IMG_20180315_112215824-1024x576.jpg?resize=350%2C200 1x, https:\/\/i0.wp.com\/blogdafeira.com.br\/home\/wp-content\/uploads\/2018\/03\/IMG_20180315_112215824-1024x576.jpg?resize=525%2C300 1.5x, https:\/\/i0.wp.com\/blogdafeira.com.br\/home\/wp-content\/uploads\/2018\/03\/IMG_20180315_112215824-1024x576.jpg?resize=700%2C400 2x"},"classes":[]}],"_links":{"self":[{"href":"https:\/\/blogdafeira.com.br\/home\/wp-json\/wp\/v2\/posts\/29777","targetHints":{"allow":["GET"]}}],"collection":[{"href":"https:\/\/blogdafeira.com.br\/home\/wp-json\/wp\/v2\/posts"}],"about":[{"href":"https:\/\/blogdafeira.com.br\/home\/wp-json\/wp\/v2\/types\/post"}],"author":[{"embeddable":true,"href":"https:\/\/blogdafeira.com.br\/home\/wp-json\/wp\/v2\/users\/8"}],"replies":[{"embeddable":true,"href":"https:\/\/blogdafeira.com.br\/home\/wp-json\/wp\/v2\/comments?post=29777"}],"version-history":[{"count":1,"href":"https:\/\/blogdafeira.com.br\/home\/wp-json\/wp\/v2\/posts\/29777\/revisions"}],"predecessor-version":[{"id":29779,"href":"https:\/\/blogdafeira.com.br\/home\/wp-json\/wp\/v2\/posts\/29777\/revisions\/29779"}],"wp:attachment":[{"href":"https:\/\/blogdafeira.com.br\/home\/wp-json\/wp\/v2\/media?parent=29777"}],"wp:term":[{"taxonomy":"category","embeddable":true,"href":"https:\/\/blogdafeira.com.br\/home\/wp-json\/wp\/v2\/categories?post=29777"},{"taxonomy":"post_tag","embeddable":true,"href":"https:\/\/blogdafeira.com.br\/home\/wp-json\/wp\/v2\/tags?post=29777"}],"curies":[{"name":"wp","href":"https:\/\/api.w.org\/{rel}","templated":true}]}}