{"id":29803,"date":"2018-06-09T10:52:48","date_gmt":"2018-06-09T13:52:48","guid":{"rendered":"http:\/\/blogdafeira.com.br\/home\/?p=29803"},"modified":"2020-02-26T14:47:52","modified_gmt":"2020-02-26T17:47:52","slug":"jornalista-juarez-bahia-segue-esquecido-em-feira-por-andre-pomponet","status":"publish","type":"post","link":"https:\/\/blogdafeira.com.br\/home\/2018\/06\/09\/jornalista-juarez-bahia-segue-esquecido-em-feira-por-andre-pomponet\/","title":{"rendered":"Jornalista Juarez Bahia segue esquecido em Feira, por Andr\u00e9 Pomponet"},"content":{"rendered":"<p><img loading=\"lazy\" decoding=\"async\" class=\"aligncenter size-medium wp-image-29804\" src=\"http:\/\/blogdafeira.com.br\/home\/wp-content\/uploads\/2018\/06\/setembro-na-feira-juarez-bahia-9906-MLB20023086407_122013-F-213x300.jpg\" alt=\"\" width=\"213\" height=\"300\" srcset=\"https:\/\/blogdafeira.com.br\/home\/wp-content\/uploads\/2018\/06\/setembro-na-feira-juarez-bahia-9906-MLB20023086407_122013-F.jpg 213w, https:\/\/blogdafeira.com.br\/home\/wp-content\/uploads\/2018\/06\/setembro-na-feira-juarez-bahia-9906-MLB20023086407_122013-F-107x150.jpg 107w\" sizes=\"auto, (max-width: 213px) 100vw, 213px\" \/><\/p>\n<div id=\"blogd-262263752\" class=\"blogd-fim-do-post-mobile blogd-entity-placement\" style=\"margin-left: auto;margin-right: auto;text-align: center;\"><a href=\"https:\/\/www.sefaz.feiradesantana.ba.gov.br\/\" target=\"_blank\" aria-label=\"728&#215;90 (6)\"><img loading=\"lazy\" decoding=\"async\" src=\"https:\/\/blogdafeira.com.br\/home\/wp-content\/uploads\/2026\/03\/728x90-6.gif\" alt=\"\"  class=\"no-lazyload\" width=\"728\" height=\"90\"  style=\"display: inline-block;\" \/><\/a><\/div><p>Infelizmente n\u00e3o conheci Juarez Bahia. Quando comecei a labutar na imprensa feirense, em meados dos anos 1990, no extinto jornal Feira Hoje, o reconhecido jornalista j\u00e1 n\u00e3o residia na cidade havia d\u00e9cadas. Ele faleceu pouco tempo depois, em janeiro de 1998. L\u00e1 se v\u00e3o mais de 20 anos e, pelo que se percebe, n\u00e3o houve a preocupa\u00e7\u00e3o de homenagear a um dos mais importantes profissionais da imprensa surgidos aqui na Feira de Santana.<\/p><div id=\"blogd-2069313347\" class=\"blogd-conteudo-2-mobile blogd-entity-placement\"><a href=\"https:\/\/feirenses.com.br\/\" target=\"_blank\" aria-label=\"feirenses\"><img loading=\"lazy\" decoding=\"async\" src=\"https:\/\/blogdafeira.com.br\/home\/wp-content\/uploads\/2026\/04\/feirenses.png\" alt=\"\"  srcset=\"https:\/\/blogdafeira.com.br\/home\/wp-content\/uploads\/2026\/04\/feirenses.png 300w, https:\/\/blogdafeira.com.br\/home\/wp-content\/uploads\/2026\/04\/feirenses-170x45.png 170w, https:\/\/blogdafeira.com.br\/home\/wp-content\/uploads\/2026\/04\/feirenses-280x74.png 280w\" sizes=\"(max-width: 300px) 100vw, 300px\" class=\"no-lazyload\" width=\"300\" height=\"79\"  style=\"display: inline-block;\" \/><\/a><\/div>\n<p>Juarez Bahia nasceu na vizinha Cachoeira, palco pujante da cultura baiana e ber\u00e7o de muita gente c\u00e9lebre. Foi em 18 de outubro de 1930.<\/p>\n<p>Pesquisando pela internet, descubro que, ainda crian\u00e7a, depois de uma primeira temporada em Santos-SP, Juarez Bahia retornou \u00e0 Bahia e \u00e0 Feira de Santana. Aqui come\u00e7ou a trabalhar com o advogado Arnold Ferreira da Silva. Aos 15 anos j\u00e1 atuava como jornalista na \u201cFolha do Norte\u201d, mais longevo jornal da cidade.<\/p>\n<p>L\u00e1 adiante, decidiu tentar a sorte novamente em Santos: foi estivador no porto, tip\u00f3grafo na \u201cTribuna de Santos\u201d e, tempos depois, engrenou no jornalismo por l\u00e1 tamb\u00e9m, na reda\u00e7\u00e3o de \u201cA Tribuna\u201d. Estudou Comunica\u00e7\u00e3o na faculdade que foi embri\u00e3o da Universidade Cat\u00f3lica de Santos tornando-se, posteriormente, professor da pr\u00f3pria institui\u00e7\u00e3o.<\/p>\n<p>Na d\u00e9cada de 1960 j\u00e1 se tornava te\u00f3rico do jornalismo, lan\u00e7ando \u201cTr\u00eas fases da imprensa brasileira\u201d, \u201cJornal, Hist\u00f3ria e T\u00e9cnica\u201d e, por fim, \u201cJornalismo, Informa\u00e7\u00e3o e Comunica\u00e7\u00e3o\u201d.<\/p>\n<p>Em 1964, se tornou uma das v\u00edtimas do golpe militar, sendo detido pela repress\u00e3o durante nove dias. Pouco depois ganhou a liberdade e voltou \u00e0 imprensa de Santos.<\/p>\n<p>\u00c0 \u00e9poca, j\u00e1 era considerado um dos principais jornalistas da regi\u00e3o, ocupando posi\u00e7\u00e3o de destaque em publica\u00e7\u00f5es locais. Juarez Bahia era visto como um profissional audacioso, que adotou ousadas inova\u00e7\u00f5es editoriais. Em Santos, tornou-se reconhecido por revelar os jovens talentos jornal\u00edsticos egressos da faculdade local.<\/p>\n<p>Mas a cidade praiana se tornou pequena para Juarez Bahia: nos anos seguintes, come\u00e7ou a atuar em \u00f3rg\u00e3os como \u201cO Estado de S\u00e3o Paulo\u201d, \u201cFolha de S\u00e3o Paulo\u201d e \u201cJornal do Brasil\u201d. Redigiu editoriais \u2013 atribui\u00e7\u00e3o das mais nobres numa reda\u00e7\u00e3o \u2013 e atuou correspondente em Portugal e na \u00c1frica.<\/p>\n<p>Morreu em 1998, de embolia pulmonar, com apenas 67 anos. Ao longo dessa trajet\u00f3ria, se tornou tamb\u00e9m um reconhecido jornalista de pol\u00edtica.<\/p>\n<p><strong>\u201cSetembro na Feira\u201d<\/strong><\/p>\n<p>A dist\u00e2ncia da Feira de Santana n\u00e3o impediu Juarez Bahia de lan\u00e7ar um dos principais romances ambientados no munic\u00edpio: \u201cSetembro na Feira\u201d, obra lan\u00e7ada em 1986 e que traz n\u00edtidos tra\u00e7os autobiogr\u00e1ficos. Na obra, o autor desnuda a Feira de Santana da d\u00e9cada de 1940, \u00e9poca dos grandes avan\u00e7os rodovi\u00e1rios, o que incluiu a inaugura\u00e7\u00e3o da BR 116, a m\u00edtica Rio-Bahia.<\/p>\n<p>O romance traz, tamb\u00e9m, uma buc\u00f3lica vis\u00e3o da Queimadinha, o bairro aonde o escritor morou. Seu vivo talento liter\u00e1rio leva o leitor feirense a imaginar aquelas cercanias desabitadas, pontuadas pelas lagoas e olhos d\u2019\u00e1gua, com a vegeta\u00e7\u00e3o pujante limitando a cidade.<\/p>\n<p>Estradas empoeiradas, sem pavimenta\u00e7\u00e3o \u2013 hoje art\u00e9rias urbanas asfaltadas, ca\u00f3ticas com o ir e vir dos autom\u00f3veis \u2013, ligavam a distante Queimadinha e a popula\u00e7\u00e3o pacata ao Campo do Gado de ent\u00e3o, ao acanhado centro da cidade.<\/p>\n<p>Aquela Feira de Santana de Juarez Bahia era uma cidade tipicamente interiorana: as intermin\u00e1veis conversas masculinas que se estendiam noite afora nas quitandas da Queimadinha, o c\u00e9u v\u00edvido de estrelas que ofuscavam a parca ilumina\u00e7\u00e3o el\u00e9trica, o peso da religi\u00e3o ditando os costumes, a pobreza perif\u00e9rica de quem vivia apartando do circuito pujante dos comerciantes e pecuaristas.<\/p>\n<p>O autor \u00e9 feliz tamb\u00e9m no contundente retrato da elite feirense, aristocr\u00e1tica e rural. Sobretudo em rela\u00e7\u00e3o aos coron\u00e9is, senhores da vida local \u2013 na economia, na pol\u00edtica, nos costumes \u2013 e objeto do amb\u00edguo sentimento que mesclava o amor, \u00f3dio e, principalmente, o temor. Essas personagens s\u00e3o o que h\u00e1 de mais desconcertante em \u201cSetembro na Feira\u201d.<\/p>\n<p>S\u00e3o marcantes os tra\u00e7os biogr\u00e1ficos de Juarez Bahia. Quem l\u00ea o romance observa-o ali, se movimentando, examinando os ambientes com o olhar do rep\u00f3rter precoce, fixando as personalidades e o teatro da vida feirense que se desnuda aos olhos de adolescente acanhado.<\/p>\n<p>Juarez Bahia era negro, de origem modesta e jovem quando deixou a Feira de Santana em busca de melhores condi\u00e7\u00f5es de vida l\u00e1 em S\u00e3o Paulo.<\/p>\n<p>Evoluiu profissionalmente, galgou posi\u00e7\u00f5es de destaque na imprensa brasileira, mas jamais esqueceu a cidade aonde deu os primeiros passos em sua trajet\u00f3ria profissional. \u00c9 o que \u201cSetembro na Feira\u201d demonstra. Sendo assim, o autor merecia mais lembran\u00e7as e homenagens que perenizassem sua contribui\u00e7\u00e3o ao jornalismo.<\/p>\n<div id=\"blogd-2037259612\" class=\"blogd-final-post blogd-entity-placement\"><a href=\"https:\/\/www.feiradesantana.ba.leg.br\/\" target=\"_blank\" aria-label=\"BANNER-SITE-ENTREGADECHEQUE-CAMARADEFEIRA\"><img loading=\"lazy\" decoding=\"async\" src=\"https:\/\/blogdafeira.com.br\/home\/wp-content\/uploads\/2026\/03\/BANNER-SITE-ENTREGADECHEQUE-CAMARADEFEIRA.gif\" alt=\"\"  class=\"no-lazyload\" width=\"728\" height=\"90\"   \/><\/a><\/div><p><strong>Andr\u00e9 Pomponet \u00e9 jornalista e economista especialista em Pol\u00edtica P\u00fablica e Gest\u00e3o Governamental<\/strong><\/p>\n","protected":false},"excerpt":{"rendered":"<p>Infelizmente n\u00e3o conheci Juarez Bahia. Quando comecei a labutar na imprensa feirense, em meados dos anos 1990, no extinto jornal Feira Hoje, o reconhecido jornalista j\u00e1 n\u00e3o residia na cidade havia d\u00e9cadas. Ele faleceu pouco tempo depois, em janeiro de 1998. L\u00e1 se v\u00e3o mais de 20 anos e, pelo que se percebe, n\u00e3o houve<\/p>\n","protected":false},"author":13,"featured_media":0,"comment_status":"closed","ping_status":"closed","sticky":false,"template":"","format":"standard","meta":{"jetpack_post_was_ever_published":false,"cybocfi_hide_featured_image":"","_jetpack_newsletter_access":"","_jetpack_dont_email_post_to_subs":false,"_jetpack_newsletter_tier_id":0,"_jetpack_memberships_contains_paywalled_content":false,"_jetpack_memberships_contains_paid_content":false,"footnotes":"","jetpack_publicize_message":"","jetpack_publicize_feature_enabled":true,"jetpack_social_post_already_shared":true,"jetpack_social_options":{"image_generator_settings":{"template":"highway","default_image_id":0,"font":"","enabled":false},"version":2}},"categories":[592,1],"tags":[],"class_list":["post-29803","post","type-post","status-publish","format-standard","hentry","category-colunistas","category-raiz"],"jetpack_publicize_connections":[],"jetpack_featured_media_url":"","jetpack_shortlink":"https:\/\/wp.me\/p3niVf-7KH","jetpack_sharing_enabled":true,"jetpack-related-posts":[{"id":48745,"url":"https:\/\/blogdafeira.com.br\/home\/2021\/11\/22\/um-pouco-da-queimadinha-de-juarez-bahia\/","url_meta":{"origin":29803,"position":0},"title":"Um pouco da Queimadinha de Juarez Bahia","author":"Andr\u00e9 Pomponet","date":"22\/11\/2021","format":false,"excerpt":"\u201cMal-encarada, fama de valentias, de pouco se abrir, de pouco se dar, Queimadinha. Inesperadamente, um gesto, uma aproxima\u00e7\u00e3o, um sorriso, um mugir, um sinal de vida, uma concess\u00e3o. (...) Conheceis o boi, assim \u00e9 a Queimadinha, esmorecida, ruminante, pr\u00f3diga \u00e0s vezes, desconfiada quase sempre, calada\u201d. A ardente descri\u00e7\u00e3o da Queimadinha\u2026","rel":"","context":"Em &quot;Cidade&quot;","block_context":{"text":"Cidade","link":"https:\/\/blogdafeira.com.br\/home\/categoria\/cidade\/"},"img":{"alt_text":"","src":"https:\/\/i0.wp.com\/blogdafeira.com.br\/home\/wp-content\/uploads\/2021\/11\/setembro-na-feira-juarez-bahia.jpg?resize=350%2C200&ssl=1","width":350,"height":200,"srcset":"https:\/\/i0.wp.com\/blogdafeira.com.br\/home\/wp-content\/uploads\/2021\/11\/setembro-na-feira-juarez-bahia.jpg?resize=350%2C200&ssl=1 1x, https:\/\/i0.wp.com\/blogdafeira.com.br\/home\/wp-content\/uploads\/2021\/11\/setembro-na-feira-juarez-bahia.jpg?resize=525%2C300&ssl=1 1.5x"},"classes":[]},{"id":61182,"url":"https:\/\/blogdafeira.com.br\/home\/2024\/02\/19\/a-dedicatoria-em-setembro-na-feira\/","url_meta":{"origin":29803,"position":1},"title":"A dedicat\u00f3ria em \u201cSetembro na Feira\u201d","author":"Andr\u00e9 Pomponet","date":"19\/02\/2024","format":false,"excerpt":"\u201cAo querido Walter Fontoura, na esperan\u00e7a de que a leitura resgate lembran\u00e7as da adolesc\u00eancia no interior do Brasil. Rio, agosto 86\u201d. A dedicat\u00f3ria est\u00e1 no exemplar de \u201cSetembro na Feira\u201d, livro lan\u00e7ado pelo jornalista baiano Juarez Bahia. A obra \u00e9 ambientada na Feira de Santana e a personagem principal \u2013\u2026","rel":"","context":"Em &quot;Colunistas&quot;","block_context":{"text":"Colunistas","link":"https:\/\/blogdafeira.com.br\/home\/categoria\/colunistas\/"},"img":{"alt_text":"","src":"https:\/\/i0.wp.com\/blogdafeira.com.br\/home\/wp-content\/uploads\/2024\/02\/Screenshot_20240220-115051.png?resize=350%2C200&ssl=1","width":350,"height":200,"srcset":"https:\/\/i0.wp.com\/blogdafeira.com.br\/home\/wp-content\/uploads\/2024\/02\/Screenshot_20240220-115051.png?resize=350%2C200&ssl=1 1x, https:\/\/i0.wp.com\/blogdafeira.com.br\/home\/wp-content\/uploads\/2024\/02\/Screenshot_20240220-115051.png?resize=525%2C300&ssl=1 1.5x, https:\/\/i0.wp.com\/blogdafeira.com.br\/home\/wp-content\/uploads\/2024\/02\/Screenshot_20240220-115051.png?resize=700%2C400&ssl=1 2x"},"classes":[]},{"id":26337,"url":"https:\/\/blogdafeira.com.br\/home\/2017\/03\/30\/tabuleiro-da-maria-livro-da-jornalista-madalena-de-jesus-lancado-hoje-no-cuca\/","url_meta":{"origin":29803,"position":2},"title":"&#8220;Tabuleiro da Maria&#8221;, livro da jornalista Madalena de Jesus lan\u00e7ado hoje no Cuca","author":"Blog da Feira","date":"30\/03\/2017","format":false,"excerpt":"\u201cCr\u00f4nicas s\u00e3o sobre fatos do cotidiano, mas estas falam sobre a alma humana\u201d. Esta \u00e9 a defini\u00e7\u00e3o do livro Tabuleiro da Maria, para o jornalista e escritor Marcondes Ara\u00fajo que aceitou a irrecus\u00e1vel tarefa de selecionar 50 textos tecidos com o talento de quem possui hist\u00f3rias no olhar. O t\u00edtulo\u2026","rel":"","context":"Em &quot;Home&quot;","block_context":{"text":"Home","link":"https:\/\/blogdafeira.com.br\/home\/categoria\/raiz\/"},"img":{"alt_text":"madalena-de-jesus-autora-tabuleiro-da-maria","src":"https:\/\/i0.wp.com\/blogdafeira.com.br\/home\/wp-content\/uploads\/2017\/03\/MADALENA-DE-JESUS-AUTORA-TABULEIRO-DA-MARIA-177x300.jpg?resize=350%2C200","width":350,"height":200},"classes":[]},{"id":41212,"url":"https:\/\/blogdafeira.com.br\/home\/2020\/10\/18\/juarez-voce-conhece-e-feira\/","url_meta":{"origin":29803,"position":3},"title":"Juarez voc\u00ea conhece; \u00e9 Feira","author":"J\u00e2nio R\u00eago","date":"18\/10\/2020","format":false,"excerpt":"meu amigo juarez! se vc mora em feira de santana vc conhece, j\u00e1 viu. no mercado de arte popular, na rua nova, no centro da velha e boa cidade... patrim\u00f4nio, exemplo e diversidade, arte radical andante...um ser humano incr\u00edvel! gente da feira.","rel":"","context":"Em &quot;Cidade&quot;","block_context":{"text":"Cidade","link":"https:\/\/blogdafeira.com.br\/home\/categoria\/cidade\/"},"img":{"alt_text":"","src":"https:\/\/i0.wp.com\/blogdafeira.com.br\/home\/wp-content\/uploads\/2020\/10\/IMG_20201017_134449_724-scaled.jpg?resize=350%2C200&ssl=1","width":350,"height":200,"srcset":"https:\/\/i0.wp.com\/blogdafeira.com.br\/home\/wp-content\/uploads\/2020\/10\/IMG_20201017_134449_724-scaled.jpg?resize=350%2C200&ssl=1 1x, https:\/\/i0.wp.com\/blogdafeira.com.br\/home\/wp-content\/uploads\/2020\/10\/IMG_20201017_134449_724-scaled.jpg?resize=525%2C300&ssl=1 1.5x, https:\/\/i0.wp.com\/blogdafeira.com.br\/home\/wp-content\/uploads\/2020\/10\/IMG_20201017_134449_724-scaled.jpg?resize=700%2C400&ssl=1 2x, https:\/\/i0.wp.com\/blogdafeira.com.br\/home\/wp-content\/uploads\/2020\/10\/IMG_20201017_134449_724-scaled.jpg?resize=1050%2C600&ssl=1 3x, https:\/\/i0.wp.com\/blogdafeira.com.br\/home\/wp-content\/uploads\/2020\/10\/IMG_20201017_134449_724-scaled.jpg?resize=1400%2C800&ssl=1 4x"},"classes":[]},{"id":59865,"url":"https:\/\/blogdafeira.com.br\/home\/2023\/10\/28\/andre-curvello-adotei-feira-como-minha-cidade-desde-que-aqui-cheguei\/","url_meta":{"origin":29803,"position":4},"title":"Andr\u00e9 Curvello: &#8220;Adotei Feira como minha cidade, desde que aqui cheguei&#8221;","author":"Blog da Feira","date":"28\/10\/2023","format":false,"excerpt":"Adotei Feira de Santana, como minha cidade, desde que aqui cheguei\", disse o jornalista Andr\u00e9 Curvello, secret\u00e1rio estadual de Comunca\u00e7\u00e3o, que na noite desta sexta (27) recebeu da C\u00e2mara Municipal o t\u00edtulo de Cidad\u00e3o Feirense. A homenagem ao soteropolitano, iniciativa do vereador Paul\u00e3o do Caldeir\u00e3o (PSC), reuniu dezenas de jornalistas\u2026","rel":"","context":"Em &quot;Cidade&quot;","block_context":{"text":"Cidade","link":"https:\/\/blogdafeira.com.br\/home\/categoria\/cidade\/"},"img":{"alt_text":"","src":"https:\/\/i0.wp.com\/blogdafeira.com.br\/home\/wp-content\/uploads\/2023\/10\/653c573bdd803.jpg?resize=350%2C200&ssl=1","width":350,"height":200,"srcset":"https:\/\/i0.wp.com\/blogdafeira.com.br\/home\/wp-content\/uploads\/2023\/10\/653c573bdd803.jpg?resize=350%2C200&ssl=1 1x, https:\/\/i0.wp.com\/blogdafeira.com.br\/home\/wp-content\/uploads\/2023\/10\/653c573bdd803.jpg?resize=525%2C300&ssl=1 1.5x, https:\/\/i0.wp.com\/blogdafeira.com.br\/home\/wp-content\/uploads\/2023\/10\/653c573bdd803.jpg?resize=700%2C400&ssl=1 2x"},"classes":[]},{"id":25645,"url":"https:\/\/blogdafeira.com.br\/home\/2017\/02\/12\/juarez-figura-popular-da-feira-foto-de-beto-souza-no-beco-da-energia\/","url_meta":{"origin":29803,"position":5},"title":"Juarez, figura popular da Feira, foto de Beto Souza no Beco da Energia","author":"Blog da Feira","date":"12\/02\/2017","format":false,"excerpt":"","rel":"","context":"Em &quot;Home&quot;","block_context":{"text":"Home","link":"https:\/\/blogdafeira.com.br\/home\/categoria\/raiz\/"},"img":{"alt_text":"beto-souza-juarez","src":"https:\/\/i0.wp.com\/blogdafeira.com.br\/home\/wp-content\/uploads\/2017\/02\/BETO-SOUZA-JUAREZ.jpg?resize=350%2C200","width":350,"height":200,"srcset":"https:\/\/i0.wp.com\/blogdafeira.com.br\/home\/wp-content\/uploads\/2017\/02\/BETO-SOUZA-JUAREZ.jpg?resize=350%2C200 1x, https:\/\/i0.wp.com\/blogdafeira.com.br\/home\/wp-content\/uploads\/2017\/02\/BETO-SOUZA-JUAREZ.jpg?resize=525%2C300 1.5x, https:\/\/i0.wp.com\/blogdafeira.com.br\/home\/wp-content\/uploads\/2017\/02\/BETO-SOUZA-JUAREZ.jpg?resize=700%2C400 2x"},"classes":[]}],"_links":{"self":[{"href":"https:\/\/blogdafeira.com.br\/home\/wp-json\/wp\/v2\/posts\/29803","targetHints":{"allow":["GET"]}}],"collection":[{"href":"https:\/\/blogdafeira.com.br\/home\/wp-json\/wp\/v2\/posts"}],"about":[{"href":"https:\/\/blogdafeira.com.br\/home\/wp-json\/wp\/v2\/types\/post"}],"author":[{"embeddable":true,"href":"https:\/\/blogdafeira.com.br\/home\/wp-json\/wp\/v2\/users\/13"}],"replies":[{"embeddable":true,"href":"https:\/\/blogdafeira.com.br\/home\/wp-json\/wp\/v2\/comments?post=29803"}],"version-history":[{"count":1,"href":"https:\/\/blogdafeira.com.br\/home\/wp-json\/wp\/v2\/posts\/29803\/revisions"}],"predecessor-version":[{"id":29805,"href":"https:\/\/blogdafeira.com.br\/home\/wp-json\/wp\/v2\/posts\/29803\/revisions\/29805"}],"wp:attachment":[{"href":"https:\/\/blogdafeira.com.br\/home\/wp-json\/wp\/v2\/media?parent=29803"}],"wp:term":[{"taxonomy":"category","embeddable":true,"href":"https:\/\/blogdafeira.com.br\/home\/wp-json\/wp\/v2\/categories?post=29803"},{"taxonomy":"post_tag","embeddable":true,"href":"https:\/\/blogdafeira.com.br\/home\/wp-json\/wp\/v2\/tags?post=29803"}],"curies":[{"name":"wp","href":"https:\/\/api.w.org\/{rel}","templated":true}]}}