{"id":3111,"date":"2013-06-28T18:16:48","date_gmt":"2013-06-28T21:16:48","guid":{"rendered":"http:\/\/blogdafeira.com.br\/home\/?p=3111"},"modified":"2013-06-28T18:18:37","modified_gmt":"2013-06-28T21:18:37","slug":"sao-pedro-de-humildes-pablo-no-sabado-e-flavio-jose-domingo","status":"publish","type":"post","link":"https:\/\/blogdafeira.com.br\/home\/2013\/06\/28\/sao-pedro-de-humildes-pablo-no-sabado-e-flavio-jose-domingo\/","title":{"rendered":"S\u00e3o Pedro de Humildes: Pablo no s\u00e1bado e Fl\u00e1vio Jos\u00e9 domingo"},"content":{"rendered":"<div id=\"blogd-3834271095\" class=\"blogd-fim-do-post-mobile blogd-entity-placement\" style=\"margin-left: auto;margin-right: auto;text-align: center;\"><a href=\"https:\/\/www.sefaz.feiradesantana.ba.gov.br\/\" target=\"_blank\" aria-label=\"728&#215;90 (6)\"><img loading=\"lazy\" decoding=\"async\" src=\"https:\/\/blogdafeira.com.br\/home\/wp-content\/uploads\/2026\/03\/728x90-6.gif\" alt=\"\"  class=\"no-lazyload\" width=\"728\" height=\"90\"  style=\"display: inline-block;\" \/><\/a><\/div><p>Neste s\u00e1bado, 29, a expectativa \u00e9 de um p\u00fablico recorde para o show do cantor de arrocha Pablo, considerado o principal fen\u00f4meno do g\u00eanero.<\/p><div id=\"blogd-3578772153\" class=\"blogd-conteudo-2-mobile blogd-entity-placement\"><a href=\"https:\/\/feirenses.com.br\/\" target=\"_blank\" aria-label=\"feirenses\"><img loading=\"lazy\" decoding=\"async\" src=\"https:\/\/blogdafeira.com.br\/home\/wp-content\/uploads\/2026\/04\/feirenses.png\" alt=\"\"  srcset=\"https:\/\/blogdafeira.com.br\/home\/wp-content\/uploads\/2026\/04\/feirenses.png 300w, https:\/\/blogdafeira.com.br\/home\/wp-content\/uploads\/2026\/04\/feirenses-170x45.png 170w, https:\/\/blogdafeira.com.br\/home\/wp-content\/uploads\/2026\/04\/feirenses-280x74.png 280w\" sizes=\"(max-width: 300px) 100vw, 300px\" class=\"no-lazyload\" width=\"300\" height=\"79\"  style=\"display: inline-block;\" \/><\/a><\/div>\n<p>A noite ser\u00e1 aberta com show do Forr\u00f3 Os Moleques &amp; Cia, em seguida Sandro de Castro, M\u00e1rcia Porto e o forrozeiro Dr. Edy.<\/p>\n<div id=\"blogd-3467988875\" class=\"blogd-final-post blogd-entity-placement\"><a href=\"https:\/\/www.feiradesantana.ba.leg.br\/\" target=\"_blank\" aria-label=\"BANNER-SITE-ENTREGADECHEQUE-CAMARADEFEIRA\"><img loading=\"lazy\" decoding=\"async\" src=\"https:\/\/blogdafeira.com.br\/home\/wp-content\/uploads\/2026\/03\/BANNER-SITE-ENTREGADECHEQUE-CAMARADEFEIRA.gif\" alt=\"\"  class=\"no-lazyload\" width=\"728\" height=\"90\"   \/><\/a><\/div><p>No \u00faltimo dia de festa em Humildes, no domingo, 30, o forr\u00f3 aut\u00eantico de Fl\u00e1vio Jos\u00e9 promete ser o ponto alto. O p\u00fablico ainda contar\u00e1 com shows de J. Sobrinho, Capim Molhado, Timba\u00faba e Del\u00edrios do Olhar.<\/p>\n","protected":false},"excerpt":{"rendered":"<p>Neste s\u00e1bado, 29, a expectativa \u00e9 de um p\u00fablico recorde para o show do cantor de arrocha Pablo, considerado o principal fen\u00f4meno do g\u00eanero. A noite ser\u00e1 aberta com show do Forr\u00f3 Os Moleques &amp; Cia, em seguida Sandro de Castro, M\u00e1rcia Porto e o forrozeiro Dr. Edy. No \u00faltimo dia de festa em Humildes,<\/p>\n","protected":false},"author":1,"featured_media":0,"comment_status":"closed","ping_status":"closed","sticky":false,"template":"","format":"standard","meta":{"jetpack_post_was_ever_published":false,"cybocfi_hide_featured_image":"","_jetpack_newsletter_access":"","_jetpack_dont_email_post_to_subs":false,"_jetpack_newsletter_tier_id":0,"_jetpack_memberships_contains_paywalled_content":false,"_jetpack_memberships_contains_paid_content":false,"footnotes":"","jetpack_publicize_message":"","jetpack_publicize_feature_enabled":true,"jetpack_social_post_already_shared":true,"jetpack_social_options":{"image_generator_settings":{"template":"highway","default_image_id":0,"font":"","enabled":false},"version":2}},"categories":[4],"tags":[361,278,18,8,137,34,47,360],"class_list":["post-3111","post","type-post","status-publish","format-standard","hentry","category-cultura","tag-arrocha","tag-arte-sacra","tag-bahia","tag-feira-de-santana","tag-forro","tag-musica","tag-nordeste","tag-sao-pedro-de-humildes"],"jetpack_publicize_connections":[],"jetpack_featured_media_url":"","jetpack_shortlink":"https:\/\/wp.me\/p3niVf-Ob","jetpack_sharing_enabled":true,"jetpack-related-posts":[{"id":3011,"url":"https:\/\/blogdafeira.com.br\/home\/2013\/06\/27\/sao-pedro-todos-os-caminhos-levam-a-humildes-jaiba-e-bonfim\/","url_meta":{"origin":3111,"position":0},"title":"S\u00e3o Pedro: todos os caminhos levam a Humildes, Ja\u00edba e Bonfim","author":"Blog da Feira","date":"27\/06\/2013","format":false,"excerpt":"Todos os caminhos levam \u00e0 zona rural de Feira de Santana, durante os festejos de S\u00e3o Pedro. Desta \u00a0sexta-feira, 28, a domingo, 30, \u00a0quem curte o arrasta-p\u00e9 ter\u00e1 este ano mais de 60 horas de shows de forr\u00f3 com grandes atra\u00e7\u00f5es nos distritos de Humildes, Bonfim de Feira e Ja\u00edba.\u2026","rel":"","context":"Em &quot;Cultura&quot;","block_context":{"text":"Cultura","link":"https:\/\/blogdafeira.com.br\/home\/categoria\/cultura\/"},"img":{"alt_text":"","src":"","width":0,"height":0},"classes":[]},{"id":3110,"url":"https:\/\/blogdafeira.com.br\/home\/2013\/06\/28\/sao-pedro-de-humildes-comecou-a-fartura-de-forro-e-arrocha\/","url_meta":{"origin":3111,"position":1},"title":"S\u00e3o Pedro de Humildes: come\u00e7ou a fartura de forr\u00f3 e arrocha","author":"Blog da Feira","date":"28\/06\/2013","format":false,"excerpt":"O distrito de Humildes, em Feira de Santana, \u00a0ser\u00e1 palco de tr\u00eas dias de festa em comemora\u00e7\u00e3o ao S\u00e3o Pedro. A programa\u00e7\u00e3o ser\u00e1 aberta nesta sexta-feira, 28, e segue at\u00e9 domingo, 30. Nesta primeira noite a atra\u00e7\u00e3o mais esperada \u00e9 a banda Kart Love, pioneira no estilo \"arrocha universit\u00e1rio\" na\u2026","rel":"","context":"Em &quot;Cultura&quot;","block_context":{"text":"Cultura","link":"https:\/\/blogdafeira.com.br\/home\/categoria\/cultura\/"},"img":{"alt_text":"","src":"","width":0,"height":0},"classes":[]},{"id":3134,"url":"https:\/\/blogdafeira.com.br\/home\/2013\/06\/30\/jovem-de-17-anos-e-assassinada-na-festa-de-sao-pedro-de-humildes\/","url_meta":{"origin":3111,"position":2},"title":"Jovem de 17 anos assassinada na festa de S\u00e3o Pedro de Humildes","author":"Blog da Feira","date":"30\/06\/2013","format":false,"excerpt":"Uma jovem morreu ap\u00f3s ser baleada\u00a0\u00a0na\u00a0madrugada deste domingo (30)\u00a0durante os festejos juninos do distrito de Humildes em Feira de Santana (BA). Segundo \u00a0informa\u00e7\u00f5es do site BK2, \u00a0Tain\u00e1 Cordeiro Servo, 17, se divertia na festa quando por volta de 2h\u00a0um homem se aproximou dela armado e deflagrou v\u00e1rios tiros. Tr\u00eas dos\u2026","rel":"","context":"Em &quot;Home&quot;","block_context":{"text":"Home","link":"https:\/\/blogdafeira.com.br\/home\/categoria\/raiz\/"},"img":{"alt_text":"HUMILDES","src":"https:\/\/i0.wp.com\/blogdafeira.com.br\/home\/wp-content\/uploads\/2013\/06\/HUMILDES-170x128.jpg?resize=350%2C200","width":350,"height":200},"classes":[]},{"id":1798,"url":"https:\/\/blogdafeira.com.br\/home\/2013\/05\/22\/pablo-e-flavio-jose-estao-contratados-para-o-sao-pedro-de-humildes\/","url_meta":{"origin":3111,"position":3},"title":"Pablo e Fl\u00e1vio Jos\u00e9 est\u00e3o contratados para o S\u00e3o Pedro de Humildes","author":"Blog da Feira","date":"22\/05\/2013","format":false,"excerpt":"O sucesso empolgante do cantor Pablo na Micareta de Feira de Santana j\u00e1 lhe garantiu um contrato com a Prefeitura \u00a0para animar o S\u00e3o Pedro de Humildes, uma das festas tradicionais da cidade. A outra grande atra\u00e7\u00e3o da festa \u00e9 o veterano forrozeiro Fl\u00e1vio Jos\u00e9. O S\u00e3o Pedro de Humildes\u2026","rel":"","context":"Em &quot;Home&quot;","block_context":{"text":"Home","link":"https:\/\/blogdafeira.com.br\/home\/categoria\/raiz\/"},"img":{"alt_text":"","src":"","width":0,"height":0},"classes":[]},{"id":4761,"url":"https:\/\/blogdafeira.com.br\/home\/2013\/09\/04\/arrocha-de-pablo-e-a-grande-atracao-desta-quarta-na-expofeira\/","url_meta":{"origin":3111,"position":4},"title":"&#8216;Arrocha&#8217; de Pablo \u00e9 a grande atra\u00e7\u00e3o desta quarta na ExpoFeira","author":"Blog da Feira","date":"04\/09\/2013","format":false,"excerpt":"A expectativa \u00e9 de que o Parque de Exposi\u00e7\u00e3o Jo\u00e3o Martins da Silva, em Feira de Santana, receba \u00a0um grande p\u00fablico para acompanhar o show do \"fen\u00f4meno do arrocha\", o cantor Pablo, nesta quarta-feira \u00e0 noite. O show de Pablo ser\u00e1 antecipado por \u00a0Cleiton, A Voz de Ouro, e ainda\u2026","rel":"","context":"Em &quot;Home&quot;","block_context":{"text":"Home","link":"https:\/\/blogdafeira.com.br\/home\/categoria\/raiz\/"},"img":{"alt_text":"","src":"","width":0,"height":0},"classes":[]},{"id":68018,"url":"https:\/\/blogdafeira.com.br\/home\/2025\/06\/29\/o-poeta-do-forro-mostra-em-humildes-porque-e-um-dos-melhores\/","url_meta":{"origin":3111,"position":5},"title":"O &#8216;Poeta do Forr\u00f3&#8217; mostra em Humildes porque \u00e9 um dos melhores","author":"Blog da Feira","date":"29\/06\/2025","format":false,"excerpt":"J\u00e1 passava das 21h desta sexta-feira, 27, quando Dorgival Dantas subiu ao palco principal do S\u00e3o Pedro de Humildes, em Feira de Santana, logo ap\u00f3s a abertura oficial da festa, sem muito luxo, vestindo uma camisa de manga xadrez escura, cal\u00e7a de sarja bege com as bordas dobradas, chinelo de\u2026","rel":"","context":"Em &quot;Cultura&quot;","block_context":{"text":"Cultura","link":"https:\/\/blogdafeira.com.br\/home\/categoria\/cultura\/"},"img":{"alt_text":"","src":"https:\/\/i0.wp.com\/blogdafeira.com.br\/home\/wp-content\/uploads\/2025\/06\/Screenshot_20250629-1935292.png?resize=350%2C200&ssl=1","width":350,"height":200,"srcset":"https:\/\/i0.wp.com\/blogdafeira.com.br\/home\/wp-content\/uploads\/2025\/06\/Screenshot_20250629-1935292.png?resize=350%2C200&ssl=1 1x, https:\/\/i0.wp.com\/blogdafeira.com.br\/home\/wp-content\/uploads\/2025\/06\/Screenshot_20250629-1935292.png?resize=525%2C300&ssl=1 1.5x, https:\/\/i0.wp.com\/blogdafeira.com.br\/home\/wp-content\/uploads\/2025\/06\/Screenshot_20250629-1935292.png?resize=700%2C400&ssl=1 2x, https:\/\/i0.wp.com\/blogdafeira.com.br\/home\/wp-content\/uploads\/2025\/06\/Screenshot_20250629-1935292.png?resize=1050%2C600&ssl=1 3x"},"classes":[]}],"_links":{"self":[{"href":"https:\/\/blogdafeira.com.br\/home\/wp-json\/wp\/v2\/posts\/3111","targetHints":{"allow":["GET"]}}],"collection":[{"href":"https:\/\/blogdafeira.com.br\/home\/wp-json\/wp\/v2\/posts"}],"about":[{"href":"https:\/\/blogdafeira.com.br\/home\/wp-json\/wp\/v2\/types\/post"}],"author":[{"embeddable":true,"href":"https:\/\/blogdafeira.com.br\/home\/wp-json\/wp\/v2\/users\/1"}],"replies":[{"embeddable":true,"href":"https:\/\/blogdafeira.com.br\/home\/wp-json\/wp\/v2\/comments?post=3111"}],"version-history":[{"count":3,"href":"https:\/\/blogdafeira.com.br\/home\/wp-json\/wp\/v2\/posts\/3111\/revisions"}],"predecessor-version":[{"id":3115,"href":"https:\/\/blogdafeira.com.br\/home\/wp-json\/wp\/v2\/posts\/3111\/revisions\/3115"}],"wp:attachment":[{"href":"https:\/\/blogdafeira.com.br\/home\/wp-json\/wp\/v2\/media?parent=3111"}],"wp:term":[{"taxonomy":"category","embeddable":true,"href":"https:\/\/blogdafeira.com.br\/home\/wp-json\/wp\/v2\/categories?post=3111"},{"taxonomy":"post_tag","embeddable":true,"href":"https:\/\/blogdafeira.com.br\/home\/wp-json\/wp\/v2\/tags?post=3111"}],"curies":[{"name":"wp","href":"https:\/\/api.w.org\/{rel}","templated":true}]}}