{"id":31599,"date":"2019-06-06T09:40:38","date_gmt":"2019-06-06T12:40:38","guid":{"rendered":"http:\/\/blogdafeira.com.br\/home\/?p=31599"},"modified":"2020-09-02T23:45:46","modified_gmt":"2020-09-03T02:45:46","slug":"rainha-do-sao-joao-de-sao-jose-em-feira-sera-escolhida-neste-sabado","status":"publish","type":"post","link":"https:\/\/blogdafeira.com.br\/home\/2019\/06\/06\/rainha-do-sao-joao-de-sao-jose-em-feira-sera-escolhida-neste-sabado\/","title":{"rendered":"Rainha do S\u00e3o Jo\u00e3o de S\u00e3o Jos\u00e9, em Feira, ser\u00e1 escolhida neste s\u00e1bado"},"content":{"rendered":"<div id=\"blogd-2616948119\" class=\"blogd-fim-do-post-mobile blogd-entity-placement\" style=\"margin-left: auto;margin-right: auto;text-align: center;\"><a href=\"https:\/\/www.sefaz.feiradesantana.ba.gov.br\/\" target=\"_blank\" aria-label=\"728&#215;90 (6)\"><img loading=\"lazy\" decoding=\"async\" src=\"https:\/\/blogdafeira.com.br\/home\/wp-content\/uploads\/2026\/03\/728x90-6.gif\" alt=\"\"  class=\"no-lazyload\" width=\"728\" height=\"90\"  style=\"display: inline-block;\" \/><\/a><\/div><p><img loading=\"lazy\" decoding=\"async\" class=\"aligncenter size-full wp-image-31600\" src=\"http:\/\/blogdafeira.com.br\/home\/wp-content\/uploads\/2019\/06\/concurso-da-rainha-do-sao-joao-de-sao-jose-sera-dia-8-de-junho.jpg\" alt=\"\" width=\"653\" height=\"435\" srcset=\"https:\/\/blogdafeira.com.br\/home\/wp-content\/uploads\/2019\/06\/concurso-da-rainha-do-sao-joao-de-sao-jose-sera-dia-8-de-junho.jpg 653w, https:\/\/blogdafeira.com.br\/home\/wp-content\/uploads\/2019\/06\/concurso-da-rainha-do-sao-joao-de-sao-jose-sera-dia-8-de-junho-170x113.jpg 170w, https:\/\/blogdafeira.com.br\/home\/wp-content\/uploads\/2019\/06\/concurso-da-rainha-do-sao-joao-de-sao-jose-sera-dia-8-de-junho-346x230.jpg 346w\" sizes=\"auto, (max-width: 653px) 100vw, 653px\" \/>Doze candidatas est\u00e3o na disputa para majestades do S\u00e3o Jo\u00e3o de S\u00e3o Jos\u00e9, no distrito de Maria Quit\u00e9ria. Elas j\u00e1 passaram pela pr\u00e9-sele\u00e7\u00e3o e no pr\u00f3ximo s\u00e1bado, 8, ser\u00e3o escolhidas a rainha e as princesas da festa.<\/p><div id=\"blogd-3652928418\" class=\"blogd-conteudo-2-mobile blogd-entity-placement\"><a href=\"https:\/\/feirenses.com.br\/\" target=\"_blank\" aria-label=\"feirenses\"><img loading=\"lazy\" decoding=\"async\" src=\"https:\/\/blogdafeira.com.br\/home\/wp-content\/uploads\/2026\/04\/feirenses.png\" alt=\"\"  srcset=\"https:\/\/blogdafeira.com.br\/home\/wp-content\/uploads\/2026\/04\/feirenses.png 300w, https:\/\/blogdafeira.com.br\/home\/wp-content\/uploads\/2026\/04\/feirenses-170x45.png 170w, https:\/\/blogdafeira.com.br\/home\/wp-content\/uploads\/2026\/04\/feirenses-280x74.png 280w\" sizes=\"(max-width: 300px) 100vw, 300px\" class=\"no-lazyload\" width=\"300\" height=\"79\"  style=\"display: inline-block;\" \/><\/a><\/div>\n<p>O concurso ser\u00e1 realizado no Espa\u00e7o Cultural de Eventos Ray e Lay, a partir das 20h.<\/p>\n<p>O coordenador d\u00e1 a dica para as candidatas: \u201ctem que ter carisma, postura, desenvoltura e muito forr\u00f3 no p\u00e9\u201d. Segundo ele, o jurado ser\u00e1 composto por pessoas que entendem o que \u00e9 um concurso junino. \u201cN\u00e3o ser\u00e1 escolhida s\u00f3 pela beleza, mas, pelos requisitos solicitados\u201d.<\/p>\n<p>Quem vai abrir o desfile ser\u00e1 a rainha da Micareta 2019, Laryssa Karolynna Valad\u00e3o. Haver\u00e1 apresenta\u00e7\u00e3o de dan\u00e7a com o grupo Swing Dance. O embalo ficar\u00e1 por conta das bandas Doce Mel e Regisouza.<\/p>\n<p>Renato Silva, lembrou que o tema do concurso deste ano \u00e9 a lambada, ritmo que ressurgiu com muita for\u00e7a em 2019 e \u00e9 inspirado na novela global Ver\u00e3o 90. A entrada ser\u00e1 gratuita e os organizadores do evento sugerem que as pessoas compare\u00e7am com trajes juninos.<\/p>\n<p>O concurso \u00e9 um esquenta para o Arrai\u00e1 de Feira, que ser\u00e1 realizado no distrito de Maria Quit\u00e9ria nos dias 22 e 23 de junho. Dentre as atra\u00e7\u00f5es est\u00e3o Luan Estilizado, Seu Maxixe, Genival Lacerda, Beto Pitombo e muitos outros.<\/p>\n<div id=\"blogd-805318780\" class=\"blogd-final-post blogd-entity-placement\"><a href=\"https:\/\/www.feiradesantana.ba.leg.br\/\" target=\"_blank\" aria-label=\"BANNER-SITE-ENTREGADECHEQUE-CAMARADEFEIRA\"><img loading=\"lazy\" decoding=\"async\" src=\"https:\/\/blogdafeira.com.br\/home\/wp-content\/uploads\/2026\/03\/BANNER-SITE-ENTREGADECHEQUE-CAMARADEFEIRA.gif\" alt=\"\"  class=\"no-lazyload\" width=\"728\" height=\"90\"   \/><\/a><\/div><p>Antes do concurso, a imprensa e personalidades da regi\u00e3o ir\u00e3o conhecer as candidatas. A promo\u00e7\u00e3o do evento preparou um coquetel de apresenta\u00e7\u00e3o das candidatas nesta quinta-feira, 6. O Coquetel ser\u00e1 na casa do coordenador do evento, Renato Silva.<\/p>\n","protected":false},"excerpt":{"rendered":"<p>Doze candidatas est\u00e3o na disputa para majestades do S\u00e3o Jo\u00e3o de S\u00e3o Jos\u00e9, no distrito de Maria Quit\u00e9ria. Elas j\u00e1 passaram pela pr\u00e9-sele\u00e7\u00e3o e no pr\u00f3ximo s\u00e1bado, 8, ser\u00e3o escolhidas a rainha e as princesas da festa. O concurso ser\u00e1 realizado no Espa\u00e7o Cultural de Eventos Ray e Lay, a partir das 20h. O coordenador<\/p>\n","protected":false},"author":8,"featured_media":0,"comment_status":"closed","ping_status":"closed","sticky":false,"template":"","format":"standard","meta":{"jetpack_post_was_ever_published":false,"cybocfi_hide_featured_image":"","_jetpack_newsletter_access":"","_jetpack_dont_email_post_to_subs":false,"_jetpack_newsletter_tier_id":0,"_jetpack_memberships_contains_paywalled_content":false,"_jetpack_memberships_contains_paid_content":false,"footnotes":"","jetpack_publicize_message":"","jetpack_publicize_feature_enabled":true,"jetpack_social_post_already_shared":true,"jetpack_social_options":{"image_generator_settings":{"template":"highway","default_image_id":0,"font":"","enabled":false},"version":2}},"categories":[748,1],"tags":[368],"class_list":["post-31599","post","type-post","status-publish","format-standard","hentry","category-distritos","category-raiz","tag-distritos"],"jetpack_publicize_connections":[],"jetpack_featured_media_url":"","jetpack_shortlink":"https:\/\/wp.me\/p3niVf-8dF","jetpack_sharing_enabled":true,"jetpack-related-posts":[{"id":67754,"url":"https:\/\/blogdafeira.com.br\/home\/2025\/06\/10\/inscricoes-ate-hoje-para-rainha-do-sao-pedro-de-humildes\/","url_meta":{"origin":31599,"position":0},"title":"Inscri\u00e7\u00f5es at\u00e9 hoje para Rainha do S\u00e3o Pedro de Humildes","author":"Blog da Feira","date":"10\/06\/2025","format":false,"excerpt":"Est\u00e3o abertas as inscri\u00e7\u00f5es para o concurso de majestades da festa de S\u00e3o Pedro no distrito de Humildes. Ser\u00e3o eleitas uma rainha e duas princesas que v\u00e3o representar a comunidade durante o per\u00edodo festivo. A inscri\u00e7\u00e3o que teve in\u00edcio nessa quinta-feira (5) e segue at\u00e9 a pr\u00f3xima ter\u00e7a-feira (10), pode\u2026","rel":"","context":"Em &quot;Distritos&quot;","block_context":{"text":"Distritos","link":"https:\/\/blogdafeira.com.br\/home\/categoria\/distritos\/"},"img":{"alt_text":"","src":"https:\/\/i0.wp.com\/blogdafeira.com.br\/home\/wp-content\/uploads\/2025\/06\/09062025165325-1.jpg?resize=350%2C200&ssl=1","width":350,"height":200,"srcset":"https:\/\/i0.wp.com\/blogdafeira.com.br\/home\/wp-content\/uploads\/2025\/06\/09062025165325-1.jpg?resize=350%2C200&ssl=1 1x, https:\/\/i0.wp.com\/blogdafeira.com.br\/home\/wp-content\/uploads\/2025\/06\/09062025165325-1.jpg?resize=525%2C300&ssl=1 1.5x, https:\/\/i0.wp.com\/blogdafeira.com.br\/home\/wp-content\/uploads\/2025\/06\/09062025165325-1.jpg?resize=700%2C400&ssl=1 2x, https:\/\/i0.wp.com\/blogdafeira.com.br\/home\/wp-content\/uploads\/2025\/06\/09062025165325-1.jpg?resize=1050%2C600&ssl=1 3x"},"classes":[]},{"id":14250,"url":"https:\/\/blogdafeira.com.br\/home\/2015\/03\/23\/micareta-de-feira-das-40-candidatas-10-irao-para-a-final-do-concurso-de-rainha\/","url_meta":{"origin":31599,"position":1},"title":"MICARETA DE FEIRA: das 40 candidatas, 10 ir\u00e3o para a final do concurso de Rainha","author":"Blog da Feira","date":"23\/03\/2015","format":false,"excerpt":"O concurso para Rainha da Micareta, festa que acontece entre os dias 23 e 26 de abril, tem 40 candidatas inscritas. Nesta ter\u00e7a-feira, dia 24, \u00e0s 16h, no p\u00e1tio da Secretaria de Cultura, Esporte e Lazer (Secel), haver\u00e1 uma pr\u00e9-sele\u00e7\u00e3o quando ser\u00e3o escolhidas as 10 finalistas que disputar\u00e3o o t\u00edtulo\u2026","rel":"","context":"Em &quot;Home&quot;","block_context":{"text":"Home","link":"https:\/\/blogdafeira.com.br\/home\/categoria\/raiz\/"},"img":{"alt_text":"mulhers","src":"https:\/\/i0.wp.com\/blogdafeira.com.br\/home\/wp-content\/uploads\/2015\/03\/mulhers.jpg?resize=350%2C200","width":350,"height":200,"srcset":"https:\/\/i0.wp.com\/blogdafeira.com.br\/home\/wp-content\/uploads\/2015\/03\/mulhers.jpg?resize=350%2C200 1x, https:\/\/i0.wp.com\/blogdafeira.com.br\/home\/wp-content\/uploads\/2015\/03\/mulhers.jpg?resize=525%2C300 1.5x"},"classes":[]},{"id":20612,"url":"https:\/\/blogdafeira.com.br\/home\/2016\/04\/05\/rei-e-rainha-da-micareta-de-feira-serao-escolhidos-no-dia-do-esquenta\/","url_meta":{"origin":31599,"position":2},"title":"Rei e Rainha da Micareta de Feira ser\u00e3o escolhidos no dia do &#8216;Esquenta&#8217;","author":"Blog da Feira","date":"05\/04\/2016","format":false,"excerpt":"Principal evento p\u00fablico pr\u00e9-micaretesco, o Esquenta, que acontece h\u00e1\u00a0cinco\u00a0anos, vai ser realizado no dia 17, na rua S\u00e3o Domingos, nos Capuchinhos e nesse\u00a0\u00a0dia ser\u00e3o escolhidos o rei momo e a rainha e princesas da Micareta, que acontece de 28 de abril a 1\u00ba de maio. O evento, que vai ser\u2026","rel":"","context":"Em &quot;Home&quot;","block_context":{"text":"Home","link":"https:\/\/blogdafeira.com.br\/home\/categoria\/raiz\/"},"img":{"alt_text":"mica","src":"https:\/\/i0.wp.com\/blogdafeira.com.br\/home\/wp-content\/uploads\/2016\/04\/mica-323x300.jpg?resize=350%2C200","width":350,"height":200},"classes":[]},{"id":29855,"url":"https:\/\/blogdafeira.com.br\/home\/2018\/06\/21\/alcymar-monteiro-abre-hoje-o-sao-joao-de-sao-jose-em-feira-de-santana\/","url_meta":{"origin":31599,"position":3},"title":"Alcymar Monteiro abre hoje o S\u00e3o Jo\u00e3o de S\u00e3o Jos\u00e9 em Feira de Santana","author":"J\u00e2nio R\u00eago","date":"21\/06\/2018","format":false,"excerpt":"O Arrai\u00e1 de Feira come\u00e7a nesta quinta-feira, 21, com o S\u00e3o Jo\u00e3o de S\u00e3o Jos\u00e9, em Maria Quit\u00e9ria. Na localidade ser\u00e3o tr\u00eas dias de muito arrasta-p\u00e9, quadrilhas juninas, fogueiras, bandeirolas, comidas e bebidas t\u00edpicas. E \u00e9 claro: muita anima\u00e7\u00e3o pra esquentar o frio. Na noite de abertura, logo ap\u00f3s a\u2026","rel":"","context":"Em &quot;Distritos&quot;","block_context":{"text":"Distritos","link":"https:\/\/blogdafeira.com.br\/home\/categoria\/distritos\/"},"img":{"alt_text":"","src":"https:\/\/i0.wp.com\/blogdafeira.com.br\/home\/wp-content\/uploads\/2018\/06\/araria-266x300.jpg?resize=350%2C200","width":350,"height":200},"classes":[]},{"id":14419,"url":"https:\/\/blogdafeira.com.br\/home\/2015\/04\/02\/micareta-de-feira-escolha-da-rainha-e-princesas-sera-na-proxima-semana\/","url_meta":{"origin":31599,"position":4},"title":"MICARETA DE FEIRA &#8211; escolha da Rainha e Princesas ser\u00e1 na pr\u00f3xima semana","author":"Blog da Feira","date":"02\/04\/2015","format":false,"excerpt":"","rel":"","context":"Em &quot;Home&quot;","block_context":{"text":"Home","link":"https:\/\/blogdafeira.com.br\/home\/categoria\/raiz\/"},"img":{"alt_text":"CONVITE CONCURSO REI MOMO-01","src":"https:\/\/i0.wp.com\/blogdafeira.com.br\/home\/wp-content\/uploads\/2015\/04\/CONVITE-CONCURSO-REI-MOMO-01-724x1024.jpg?resize=350%2C200","width":350,"height":200,"srcset":"https:\/\/i0.wp.com\/blogdafeira.com.br\/home\/wp-content\/uploads\/2015\/04\/CONVITE-CONCURSO-REI-MOMO-01-724x1024.jpg?resize=350%2C200 1x, https:\/\/i0.wp.com\/blogdafeira.com.br\/home\/wp-content\/uploads\/2015\/04\/CONVITE-CONCURSO-REI-MOMO-01-724x1024.jpg?resize=525%2C300 1.5x"},"classes":[]},{"id":26760,"url":"https:\/\/blogdafeira.com.br\/home\/2017\/05\/02\/vote-agora-no-rei-momo-e-rainha-da-micareta-de-feira-de-santana\/","url_meta":{"origin":31599,"position":5},"title":"Vote agora no Rei Momo e Rainha da Micareta de Feira de Santana","author":"Blog da Feira","date":"02\/05\/2017","format":false,"excerpt":"Vote aqui (clique aqui) na Rainha e Rei Momo da Micareta de Feira de Santana deste ano. \u00a0O site para a vota\u00e7\u00e3o \u00a0est\u00e1 no ar, desde as primeiras horas desta ter\u00e7a-feira, 2.\u00a0Na quinta-feira, 5, a vota\u00e7\u00e3o ser\u00e1 encerrada A vota\u00e7\u00e3o \u00e9 simples: o internauta vai escolher os seus candidatos preferidos\u2026","rel":"","context":"Em &quot;Home&quot;","block_context":{"text":"Home","link":"https:\/\/blogdafeira.com.br\/home\/categoria\/raiz\/"},"img":{"alt_text":"micarats","src":"https:\/\/i0.wp.com\/blogdafeira.com.br\/home\/wp-content\/uploads\/2017\/05\/MICARATS.jpg?resize=350%2C200","width":350,"height":200,"srcset":"https:\/\/i0.wp.com\/blogdafeira.com.br\/home\/wp-content\/uploads\/2017\/05\/MICARATS.jpg?resize=350%2C200 1x, https:\/\/i0.wp.com\/blogdafeira.com.br\/home\/wp-content\/uploads\/2017\/05\/MICARATS.jpg?resize=525%2C300 1.5x"},"classes":[]}],"_links":{"self":[{"href":"https:\/\/blogdafeira.com.br\/home\/wp-json\/wp\/v2\/posts\/31599","targetHints":{"allow":["GET"]}}],"collection":[{"href":"https:\/\/blogdafeira.com.br\/home\/wp-json\/wp\/v2\/posts"}],"about":[{"href":"https:\/\/blogdafeira.com.br\/home\/wp-json\/wp\/v2\/types\/post"}],"author":[{"embeddable":true,"href":"https:\/\/blogdafeira.com.br\/home\/wp-json\/wp\/v2\/users\/8"}],"replies":[{"embeddable":true,"href":"https:\/\/blogdafeira.com.br\/home\/wp-json\/wp\/v2\/comments?post=31599"}],"version-history":[{"count":1,"href":"https:\/\/blogdafeira.com.br\/home\/wp-json\/wp\/v2\/posts\/31599\/revisions"}],"predecessor-version":[{"id":31601,"href":"https:\/\/blogdafeira.com.br\/home\/wp-json\/wp\/v2\/posts\/31599\/revisions\/31601"}],"wp:attachment":[{"href":"https:\/\/blogdafeira.com.br\/home\/wp-json\/wp\/v2\/media?parent=31599"}],"wp:term":[{"taxonomy":"category","embeddable":true,"href":"https:\/\/blogdafeira.com.br\/home\/wp-json\/wp\/v2\/categories?post=31599"},{"taxonomy":"post_tag","embeddable":true,"href":"https:\/\/blogdafeira.com.br\/home\/wp-json\/wp\/v2\/tags?post=31599"}],"curies":[{"name":"wp","href":"https:\/\/api.w.org\/{rel}","templated":true}]}}