{"id":32379,"date":"2019-08-14T10:47:22","date_gmt":"2019-08-14T13:47:22","guid":{"rendered":"http:\/\/blogdafeira.com.br\/home\/?p=32379"},"modified":"2019-08-14T10:47:55","modified_gmt":"2019-08-14T13:47:55","slug":"capoeirista-e-historiador-bel-pires-e-mais-um-colunista-do-blog-da-feira","status":"publish","type":"post","link":"https:\/\/blogdafeira.com.br\/home\/2019\/08\/14\/capoeirista-e-historiador-bel-pires-e-mais-um-colunista-do-blog-da-feira\/","title":{"rendered":"Capoeirista e historiador Bel Pires \u00e9 mais um colunista do Blog da Feira"},"content":{"rendered":"<p><strong><img loading=\"lazy\" decoding=\"async\" class=\"aligncenter size-medium wp-image-32380\" src=\"http:\/\/blogdafeira.com.br\/home\/wp-content\/uploads\/2019\/08\/IMG-20190814-WA0007-346x260.jpg\" alt=\"\" width=\"346\" height=\"260\" srcset=\"https:\/\/blogdafeira.com.br\/home\/wp-content\/uploads\/2019\/08\/IMG-20190814-WA0007-346x260.jpg 346w, https:\/\/blogdafeira.com.br\/home\/wp-content\/uploads\/2019\/08\/IMG-20190814-WA0007-170x128.jpg 170w, https:\/\/blogdafeira.com.br\/home\/wp-content\/uploads\/2019\/08\/IMG-20190814-WA0007-768x576.jpg 768w, https:\/\/blogdafeira.com.br\/home\/wp-content\/uploads\/2019\/08\/IMG-20190814-WA0007-1024x768.jpg 1024w, https:\/\/blogdafeira.com.br\/home\/wp-content\/uploads\/2019\/08\/IMG-20190814-WA0007.jpg 1280w\" sizes=\"auto, (max-width: 346px) 100vw, 346px\" \/><\/strong><\/p>\n<div id=\"blogd-3879990531\" class=\"blogd-fim-do-post-mobile blogd-entity-placement\" style=\"margin-left: auto;margin-right: auto;text-align: center;\"><a href=\"https:\/\/www.sefaz.feiradesantana.ba.gov.br\/\" target=\"_blank\" aria-label=\"728&#215;90 (6)\"><img loading=\"lazy\" decoding=\"async\" src=\"https:\/\/blogdafeira.com.br\/home\/wp-content\/uploads\/2026\/03\/728x90-6.gif\" alt=\"\"  class=\"no-lazyload\" width=\"728\" height=\"90\"  style=\"display: inline-block;\" \/><\/a><\/div><p><strong>Bel Pires<\/strong><\/p><div id=\"blogd-3798203251\" class=\"blogd-conteudo-2-mobile blogd-entity-placement\"><a href=\"https:\/\/feirenses.com.br\/\" target=\"_blank\" aria-label=\"feirenses\"><img loading=\"lazy\" decoding=\"async\" src=\"https:\/\/blogdafeira.com.br\/home\/wp-content\/uploads\/2026\/04\/feirenses.png\" alt=\"\"  srcset=\"https:\/\/blogdafeira.com.br\/home\/wp-content\/uploads\/2026\/04\/feirenses.png 300w, https:\/\/blogdafeira.com.br\/home\/wp-content\/uploads\/2026\/04\/feirenses-170x45.png 170w, https:\/\/blogdafeira.com.br\/home\/wp-content\/uploads\/2026\/04\/feirenses-280x74.png 280w\" sizes=\"(max-width: 300px) 100vw, 300px\" class=\"no-lazyload\" width=\"300\" height=\"79\"  style=\"display: inline-block;\" \/><\/a><\/div>\n<div id=\"blogd-1876351939\" class=\"blogd-final-post blogd-entity-placement\"><a href=\"https:\/\/www.feiradesantana.ba.leg.br\/\" target=\"_blank\" aria-label=\"BANNER-SITE-ENTREGADECHEQUE-CAMARADEFEIRA\"><img loading=\"lazy\" decoding=\"async\" src=\"https:\/\/blogdafeira.com.br\/home\/wp-content\/uploads\/2026\/03\/BANNER-SITE-ENTREGADECHEQUE-CAMARADEFEIRA.gif\" alt=\"\"  class=\"no-lazyload\" width=\"728\" height=\"90\"   \/><\/a><\/div><p>Natural de Central, cidade da Chapada Diamantina, vive em Feira de Santana desde os primeiros anos de vida. Pai de Kissa, Maisha e Mosi. Graduado em Historia pela UEFS, mestre e doutor pela UFBA. Mestre de capoeira, coordena o Malungo Centro de Capoeira Angola, entidade cultural que desenvolve trabalhos de capoeira na Bahia e Par\u00e1. Professor de Historia da \u00c1frica da UNEB, tem se dedicado aos estudos sobre popula\u00e7\u00f5es negras, com v\u00e1rios livros e artigos publicados sobre hist\u00f3ria social da cultura. Membro de redes de pesquisadores de diferentes universidades brasileiras. Seu livro mais recente foi publicado pela Editora Mondrongo, em 2019, sob o t\u00edtulo &#8220;O urucungo de Cassange: um ensaio sobre o arco musical no universo Atl\u00e2ntico&#8221;.<\/p>\n","protected":false},"excerpt":{"rendered":"<p>Bel Pires Natural de Central, cidade da Chapada Diamantina, vive em Feira de Santana desde os primeiros anos de vida. Pai de Kissa, Maisha e Mosi. Graduado em Historia pela UEFS, mestre e doutor pela UFBA. Mestre de capoeira, coordena o Malungo Centro de Capoeira Angola, entidade cultural que desenvolve trabalhos de capoeira na Bahia<\/p>\n","protected":false},"author":8,"featured_media":0,"comment_status":"closed","ping_status":"closed","sticky":false,"template":"","format":"standard","meta":{"jetpack_post_was_ever_published":false,"cybocfi_hide_featured_image":"","_jetpack_newsletter_access":"","_jetpack_dont_email_post_to_subs":false,"_jetpack_newsletter_tier_id":0,"_jetpack_memberships_contains_paywalled_content":false,"_jetpack_memberships_contains_paid_content":false,"footnotes":"","jetpack_publicize_message":"","jetpack_publicize_feature_enabled":true,"jetpack_social_post_already_shared":true,"jetpack_social_options":{"image_generator_settings":{"template":"highway","default_image_id":0,"font":"","enabled":false},"version":2}},"categories":[1],"tags":[],"class_list":["post-32379","post","type-post","status-publish","format-standard","hentry","category-raiz"],"jetpack_publicize_connections":[],"jetpack_featured_media_url":"","jetpack_shortlink":"https:\/\/wp.me\/p3niVf-8qf","jetpack_sharing_enabled":true,"jetpack-related-posts":[{"id":63904,"url":"https:\/\/blogdafeira.com.br\/home\/2024\/09\/20\/mestre-itapoan-entrega-premio-ginga-capoeira-literaria-ao-feirense-bel-pires\/","url_meta":{"origin":32379,"position":0},"title":"Mestre Itapoan entrega pr\u00eamio &#8220;Ginga Capoeira Liter\u00e1ria&#8221; ao feirense Bel Pires","author":"Blog da Feira","date":"20\/09\/2024","format":false,"excerpt":"O Mestre Bel Pires, de Feira de Santana (Bahia)\u00a0 e o Contramestre Augusto Leal, do Par\u00e1, coordenadores do Malungo Centro de Capoeira Angola, est\u00e3o na lista dos contemplados com o Pr\u00eamio Ginga Capoeira Liter\u00e1ria que ser\u00e1 entregue neste s\u00e1bado (21), em Salvador, no Museu Eug\u00eanio Teixeira Leal no Pelourinho, a\u2026","rel":"","context":"Em &quot;Cultura&quot;","block_context":{"text":"Cultura","link":"https:\/\/blogdafeira.com.br\/home\/categoria\/cultura\/"},"img":{"alt_text":"","src":"https:\/\/i0.wp.com\/blogdafeira.com.br\/home\/wp-content\/uploads\/2024\/09\/IMG-20240920-WA01122.jpg?resize=350%2C200&ssl=1","width":350,"height":200},"classes":[]},{"id":33157,"url":"https:\/\/blogdafeira.com.br\/home\/2019\/10\/04\/mestre-bel-pires-lanca-livro-sobre-capoeira-hoje-na-grecia\/","url_meta":{"origin":32379,"position":1},"title":"Mestre Bel Pires lan\u00e7a livro sobre capoeira hoje na Gr\u00e9cia","author":"J\u00e2nio R\u00eago","date":"04\/10\/2019","format":false,"excerpt":"O professor, mestre de Capoeira Angola e historiador Bel Pires est\u00e1 na Europa e lan\u00e7a o livro \u201cUrucungo de Cassange \u2013 Um Ensaio sobre o Arco Musical no Espa\u00e7o Atl\u00e2ntico\u201d nesta sexta-feira (4), \u00e0s 20 horas (14 horas pelo hor\u00e1rio de Bras\u00edlia), em Atenas, na Gr\u00e9cia. Bel participa desde o\u2026","rel":"","context":"Em &quot;Home&quot;","block_context":{"text":"Home","link":"https:\/\/blogdafeira.com.br\/home\/categoria\/raiz\/"},"img":{"alt_text":"","src":"https:\/\/i0.wp.com\/blogdafeira.com.br\/home\/wp-content\/uploads\/2019\/10\/IMG-20191004-WA0011-271x300.jpg?resize=350%2C200","width":350,"height":200},"classes":[]},{"id":2499,"url":"https:\/\/blogdafeira.com.br\/home\/2013\/06\/11\/livro-de-bel-pires-entre-os-mais-vendidos-de-2012\/","url_meta":{"origin":32379,"position":2},"title":"Livro de Bel Pires entre os mais vendidos de 2012","author":"Blog da Feira","date":"11\/06\/2013","format":false,"excerpt":"O livro \u201cPopula\u00e7\u00f5es Negras na Bahia \u2013 Ensaios de Hist\u00f3ria Social\u201d, de autoria do professor doutor Josivaldo Pires de Oliveira (Bel Pires), lan\u00e7ado em abril de 2012, atingiu expressiva aceita\u00e7\u00e3o entre os t\u00edtulos publicados pela Editora Appris, no \u00faltimo ano, estando entre os mais procurados e vendidos.\u00a0 Para chegar a\u2026","rel":"","context":"Em &quot;Cultura&quot;","block_context":{"text":"Cultura","link":"https:\/\/blogdafeira.com.br\/home\/categoria\/cultura\/"},"img":{"alt_text":"Bel 01","src":"https:\/\/i0.wp.com\/blogdafeira.com.br\/home\/wp-content\/uploads\/2013\/06\/Bel-01-309x300.jpg?resize=350%2C200","width":350,"height":200},"classes":[]},{"id":23864,"url":"https:\/\/blogdafeira.com.br\/home\/2016\/10\/14\/brinquedos-de-angola-evento-nacional-de-capoeira-acontece-em-feira-ate-sabado\/","url_meta":{"origin":32379,"position":3},"title":"&#8216;Brinquedos de Angola&#8217;, evento nacional de Capoeira, acontece em Feira at\u00e9 s\u00e1bado","author":"Blog da Feira","date":"14\/10\/2016","format":false,"excerpt":"O Brinquedo dos Angolas \u00e9 um Encontro realizado anualmente pelo Malungo Centro de Capoeira Angola, localizado em Feira de Santana, \u00a0o qual re\u00fane capoeiristas de v\u00e1rias partes da Bahia e de outros Estados brasileiros, a exemplo do Par\u00e1 e Rio de Janeiro. Sua primeira edi\u00e7\u00e3o ocorreu em Feira de Santana,\u2026","rel":"","context":"Em &quot;Home&quot;","block_context":{"text":"Home","link":"https:\/\/blogdafeira.com.br\/home\/categoria\/raiz\/"},"img":{"alt_text":"fb_img_1476461037819","src":"https:\/\/i0.wp.com\/blogdafeira.com.br\/home\/wp-content\/uploads\/2016\/10\/FB_IMG_1476461037819.jpg?resize=350%2C200","width":350,"height":200,"srcset":"https:\/\/i0.wp.com\/blogdafeira.com.br\/home\/wp-content\/uploads\/2016\/10\/FB_IMG_1476461037819.jpg?resize=350%2C200 1x, https:\/\/i0.wp.com\/blogdafeira.com.br\/home\/wp-content\/uploads\/2016\/10\/FB_IMG_1476461037819.jpg?resize=525%2C300 1.5x"},"classes":[]},{"id":22443,"url":"https:\/\/blogdafeira.com.br\/home\/2016\/07\/12\/casa-de-malungo-promove-evento-de-capoeira-angola-em-feira-de-santana\/","url_meta":{"origin":32379,"position":4},"title":"Casa de Malungo promove evento de capoeira angola em Feira de Santana","author":"Blog da Feira","date":"12\/07\/2016","format":false,"excerpt":"Mestre na capoeira e doutor na academia universit\u00e1ria,o professor \u00a0Bel Pires \u00e9 quem organiza este evento (foto) de capoeira angola em Feira de Santana, em outubro. Professor da Universidade Estadual da Bahia (Uneb) e graduado pela UEFS, Bel montou\u00a0o Centro de Capoeira Angola e Casa de Cultura \"Malungo\" h\u00e1 alguns\u2026","rel":"","context":"Em &quot;Home&quot;","block_context":{"text":"Home","link":"https:\/\/blogdafeira.com.br\/home\/categoria\/raiz\/"},"img":{"alt_text":"malungo","src":"https:\/\/i0.wp.com\/blogdafeira.com.br\/home\/wp-content\/uploads\/2016\/07\/malungo.jpg?resize=350%2C200","width":350,"height":200,"srcset":"https:\/\/i0.wp.com\/blogdafeira.com.br\/home\/wp-content\/uploads\/2016\/07\/malungo.jpg?resize=350%2C200 1x, https:\/\/i0.wp.com\/blogdafeira.com.br\/home\/wp-content\/uploads\/2016\/07\/malungo.jpg?resize=525%2C300 1.5x"},"classes":[]},{"id":29145,"url":"https:\/\/blogdafeira.com.br\/home\/2018\/03\/04\/capoeira-samba-de-roda-e-sertao-no-cenario-urbano-e-cultural-de-feira-de-santana\/","url_meta":{"origin":32379,"position":5},"title":"Capoeira, samba-de-roda e sert\u00e3o no cen\u00e1rio urbano e cultural de Feira de Santana","author":"Blog da Feira","date":"04\/03\/2018","format":false,"excerpt":"Quando se fala em capoeira l\u00e1 fora, e mesmo aqui na Bahia, \u00e9 comum as pessoas tomarem como refer\u00eancia a cidade de Salvador, imortalizada atrav\u00e9s da arte, da literatura e da publicidade como o ber\u00e7o da cultura afro do Brasil. Mas capoeira tamb\u00e9m \u00e9 'coisa' de sert\u00e3o e em Feira\u2026","rel":"","context":"Em &quot;Home&quot;","block_context":{"text":"Home","link":"https:\/\/blogdafeira.com.br\/home\/categoria\/raiz\/"},"img":{"alt_text":"","src":"https:\/\/i0.wp.com\/blogdafeira.com.br\/home\/wp-content\/uploads\/2018\/03\/IMG_20180303_122824016_BURST000_COVER_TOP-2-1024x768.jpg?resize=350%2C200","width":350,"height":200,"srcset":"https:\/\/i0.wp.com\/blogdafeira.com.br\/home\/wp-content\/uploads\/2018\/03\/IMG_20180303_122824016_BURST000_COVER_TOP-2-1024x768.jpg?resize=350%2C200 1x, https:\/\/i0.wp.com\/blogdafeira.com.br\/home\/wp-content\/uploads\/2018\/03\/IMG_20180303_122824016_BURST000_COVER_TOP-2-1024x768.jpg?resize=525%2C300 1.5x, https:\/\/i0.wp.com\/blogdafeira.com.br\/home\/wp-content\/uploads\/2018\/03\/IMG_20180303_122824016_BURST000_COVER_TOP-2-1024x768.jpg?resize=700%2C400 2x"},"classes":[]}],"_links":{"self":[{"href":"https:\/\/blogdafeira.com.br\/home\/wp-json\/wp\/v2\/posts\/32379","targetHints":{"allow":["GET"]}}],"collection":[{"href":"https:\/\/blogdafeira.com.br\/home\/wp-json\/wp\/v2\/posts"}],"about":[{"href":"https:\/\/blogdafeira.com.br\/home\/wp-json\/wp\/v2\/types\/post"}],"author":[{"embeddable":true,"href":"https:\/\/blogdafeira.com.br\/home\/wp-json\/wp\/v2\/users\/8"}],"replies":[{"embeddable":true,"href":"https:\/\/blogdafeira.com.br\/home\/wp-json\/wp\/v2\/comments?post=32379"}],"version-history":[{"count":2,"href":"https:\/\/blogdafeira.com.br\/home\/wp-json\/wp\/v2\/posts\/32379\/revisions"}],"predecessor-version":[{"id":32382,"href":"https:\/\/blogdafeira.com.br\/home\/wp-json\/wp\/v2\/posts\/32379\/revisions\/32382"}],"wp:attachment":[{"href":"https:\/\/blogdafeira.com.br\/home\/wp-json\/wp\/v2\/media?parent=32379"}],"wp:term":[{"taxonomy":"category","embeddable":true,"href":"https:\/\/blogdafeira.com.br\/home\/wp-json\/wp\/v2\/categories?post=32379"},{"taxonomy":"post_tag","embeddable":true,"href":"https:\/\/blogdafeira.com.br\/home\/wp-json\/wp\/v2\/tags?post=32379"}],"curies":[{"name":"wp","href":"https:\/\/api.w.org\/{rel}","templated":true}]}}