{"id":32811,"date":"2019-09-09T23:50:07","date_gmt":"2019-09-10T02:50:07","guid":{"rendered":"http:\/\/blogdafeira.com.br\/home\/?p=32811"},"modified":"2019-09-09T23:50:07","modified_gmt":"2019-09-10T02:50:07","slug":"vai-ter-feira-noise","status":"publish","type":"post","link":"https:\/\/blogdafeira.com.br\/home\/2019\/09\/09\/vai-ter-feira-noise\/","title":{"rendered":"Vai ter Feira Noise"},"content":{"rendered":"<div id=\"blogd-2503522071\" class=\"blogd-fim-do-post-mobile blogd-entity-placement\" style=\"margin-left: auto;margin-right: auto;text-align: center;\"><a href=\"https:\/\/www.sefaz.feiradesantana.ba.gov.br\/\" target=\"_blank\" aria-label=\"728&#215;90 (6)\"><img loading=\"lazy\" decoding=\"async\" src=\"https:\/\/blogdafeira.com.br\/home\/wp-content\/uploads\/2026\/03\/728x90-6.gif\" alt=\"\"  class=\"no-lazyload\" width=\"728\" height=\"90\"  style=\"display: inline-block;\" \/><\/a><\/div><p><img loading=\"lazy\" decoding=\"async\" class=\"size-medium wp-image-32812 aligncenter\" src=\"http:\/\/blogdafeira.com.br\/home\/wp-content\/uploads\/2019\/09\/46520141_2253999024866300_8517843677605789696_n-346x231.jpg\" alt=\"\" width=\"346\" height=\"231\" srcset=\"https:\/\/blogdafeira.com.br\/home\/wp-content\/uploads\/2019\/09\/46520141_2253999024866300_8517843677605789696_n-346x231.jpg 346w, https:\/\/blogdafeira.com.br\/home\/wp-content\/uploads\/2019\/09\/46520141_2253999024866300_8517843677605789696_n-170x113.jpg 170w, https:\/\/blogdafeira.com.br\/home\/wp-content\/uploads\/2019\/09\/46520141_2253999024866300_8517843677605789696_n-768x512.jpg 768w, https:\/\/blogdafeira.com.br\/home\/wp-content\/uploads\/2019\/09\/46520141_2253999024866300_8517843677605789696_n.jpg 960w\" sizes=\"auto, (max-width: 346px) 100vw, 346px\" \/><br \/>\nDepois de muita expectativa e v\u00e1rias especula\u00e7\u00f5es, o Feira Coletivo Cultural publicou nesta segunda-feira (9) um v\u00eddeo que confirma a realiza\u00e7\u00e3o da edi\u00e7\u00e3o 2019 do Festival Feira Noise, o maior evento do g\u00eanero no estado da Bahia e um dos maiores do Nordeste e do Brasil.<\/p><div id=\"blogd-4119585165\" class=\"blogd-conteudo-2-mobile blogd-entity-placement\"><a href=\"https:\/\/feirenses.com.br\/\" target=\"_blank\" aria-label=\"feirenses\"><img loading=\"lazy\" decoding=\"async\" src=\"https:\/\/blogdafeira.com.br\/home\/wp-content\/uploads\/2026\/04\/feirenses.png\" alt=\"\"  srcset=\"https:\/\/blogdafeira.com.br\/home\/wp-content\/uploads\/2026\/04\/feirenses.png 300w, https:\/\/blogdafeira.com.br\/home\/wp-content\/uploads\/2026\/04\/feirenses-170x45.png 170w, https:\/\/blogdafeira.com.br\/home\/wp-content\/uploads\/2026\/04\/feirenses-280x74.png 280w\" sizes=\"(max-width: 300px) 100vw, 300px\" class=\"no-lazyload\" width=\"300\" height=\"79\"  style=\"display: inline-block;\" \/><\/a><\/div>\n<p>As atra\u00e7\u00f5es ainda n\u00e3o foram divulgadas, mas o simples lan\u00e7amento do v\u00eddeo e a mudan\u00e7a da cor da marca do festival na p\u00e1gina do Facebook e no perfil no Instagram foram suficientes para provocar in\u00fameras rea\u00e7\u00f5es das pessoas que curtem o Feira Noise, sugerem nomes para compor a line up e divulgam esta grandiosa festa da m\u00fasica independente.<\/p>\n<p>O local do evento, a data exata (ser\u00e1 em novembro) e outros detalhes do Feira Noise, que celebra os 10 anos de cria\u00e7\u00e3o do Feira Coletivo, devem ser apresentados ao longo das pr\u00f3ximas semanas. Mas, pelo menos uma informa\u00e7\u00e3o j\u00e1 pode ser dada ao p\u00fablico, mais uma vez teremos artistas da cidade e nomes de destaque do cen\u00e1rio independente nacional.<\/p>\n<p>Ao longo dos \u00faltimos anos, o Festival conquistou enorme respeitabilidade entre artistas, produtores e f\u00e3s da m\u00fasica que n\u00e3o ocupa o chamado grande mercado brasileiro. A lista de nomes que j\u00e1 se apresentaram no Feira Noise \u00e9 imensa, com destaques para M\u00f3veis Coloniais de Acaju, Dead Fish, Maglore, Vivendo do \u00d3cio, Larissa Luz, Duda Beat, Letrux, Cascadura, Retrofoguetes, Scalene, Vespas Mandarinas, entre outras.<\/p>\n<p>Historicamente o Feira Noise tamb\u00e9m se consolidou como um espa\u00e7o privilegiado para artistas locais e regionais, para promo\u00e7\u00e3o de outras linguagens, como a dan\u00e7a e as artes visuais e tamb\u00e9m como ambiente de valoriza\u00e7\u00e3o dos debates sobre fomento e incentivo \u00e0s artes e forma\u00e7\u00e3o dos agentes culturais e ativistas.<\/p>\n<p><strong>\u00c2nima Trio: 10 anos <\/strong><\/p>\n<p>O bel\u00edssimo disco \u201c\u00c2nima Trio &#8211; M\u00fasica Progressiva Brasileira\u201d, de Tito Pereira, Flaviano Gallo e Sergio Canhoto completou uma d\u00e9cada de lan\u00e7ado e ser\u00e1 celebrado em um show, cuja data ainda n\u00e3o est\u00e1 confirmada, mas ser\u00e1 entre outubro e novembro de 2019.<\/p>\n<p>Gravado no est\u00fadio \u201cNa Beira\u201d, do cantor e compositor Marcel Torres, o \u00e1lbum \u00e9 composto por nove can\u00e7\u00f5es, em sua maioria assinadas pelo catarinense M\u00e1rcio Pazin e pelo poeta feirense, por ado\u00e7\u00e3o, Roberval Pereyr, pai de Tito.<\/p>\n<p>No CD tamb\u00e9m existem releituras de can\u00e7\u00f5es de Luiz Gonzaga e Guio de Moraes (Pau de Arara) e Egberto Gismonti (Janela de ouro). Vale destaque tamb\u00e9m a precisa e leve interpreta\u00e7\u00e3o do baterista Flaviano Gallo para m\u00fasica Soneto.<\/p>\n<p><strong>Movimento autoral em Feira <\/strong><\/p>\n<p>Dia desses ouvi uma entrevista do cantor e compositor Roberto Kuelho ao programa Bom Dia Feira, da Princesa FM, em que ele destacava o interesse cada vez mais crescente dos artistas de Feira de Santana pela produ\u00e7\u00e3o autoral. Esse \u00e9 realmente, para nossa satisfa\u00e7\u00e3o, um movimento muito evidente.<\/p>\n<p>O pr\u00f3prio Kuelho, que recentemente apresentou ao p\u00fablico a m\u00fasica \u201cAmor Delivery\u201d, continua produzindo de forma intensa e por certo, tem incentivado muitos outros a enveredar por esse caminho, a partir deste exemplo. Ainda estamos muito longe da devida valoriza\u00e7\u00e3o a este conte\u00fado, mas fazer, gravar e mostrar \u00e9 a melhor forma de come\u00e7ar.<\/p>\n<p>Numa r\u00e1pida tacada, sou capaz de citar 10 figuras e bandas que lan\u00e7aram trabalhos pr\u00f3prios (\u00e1lbuns, EP\u2019s ou singles) recentemente: Juli, Kareen Mendes, Isa, Sons de Merc\u00fario, Sofie Jell, Iorigun, Ro\u00e7a Sound, Don Guto, Tito Pereira e Bel da Bonita, sem falar no pr\u00f3prio Kuelho.<\/p>\n<div id=\"blogd-3574013164\" class=\"blogd-final-post blogd-entity-placement\"><a href=\"https:\/\/www.feiradesantana.ba.leg.br\/\" target=\"_blank\" aria-label=\"BANNER-SITE-ENTREGADECHEQUE-CAMARADEFEIRA\"><img loading=\"lazy\" decoding=\"async\" src=\"https:\/\/blogdafeira.com.br\/home\/wp-content\/uploads\/2026\/03\/BANNER-SITE-ENTREGADECHEQUE-CAMARADEFEIRA.gif\" alt=\"\"  class=\"no-lazyload\" width=\"728\" height=\"90\"   \/><\/a><\/div><p><strong>Elsimar Pond\u00e9 \u00e9 radialista, jornalista e ativista cultural<\/strong><\/p>\n","protected":false},"excerpt":{"rendered":"<p>Depois de muita expectativa e v\u00e1rias especula\u00e7\u00f5es, o Feira Coletivo Cultural publicou nesta segunda-feira (9) um v\u00eddeo que confirma a realiza\u00e7\u00e3o da edi\u00e7\u00e3o 2019 do Festival Feira Noise, o maior evento do g\u00eanero no estado da Bahia e um dos maiores do Nordeste e do Brasil. As atra\u00e7\u00f5es ainda n\u00e3o foram divulgadas, mas o simples<\/p>\n","protected":false},"author":9,"featured_media":0,"comment_status":"closed","ping_status":"closed","sticky":false,"template":"","format":"standard","meta":{"jetpack_post_was_ever_published":false,"cybocfi_hide_featured_image":"","_jetpack_newsletter_access":"","_jetpack_dont_email_post_to_subs":false,"_jetpack_newsletter_tier_id":0,"_jetpack_memberships_contains_paywalled_content":false,"_jetpack_memberships_contains_paid_content":false,"footnotes":"","jetpack_publicize_message":"","jetpack_publicize_feature_enabled":true,"jetpack_social_post_already_shared":true,"jetpack_social_options":{"image_generator_settings":{"template":"highway","default_image_id":0,"font":"","enabled":false},"version":2}},"categories":[1],"tags":[],"class_list":["post-32811","post","type-post","status-publish","format-standard","hentry","category-raiz"],"jetpack_publicize_connections":[],"jetpack_featured_media_url":"","jetpack_shortlink":"https:\/\/wp.me\/p3niVf-8xd","jetpack_sharing_enabled":true,"jetpack-related-posts":[{"id":17951,"url":"https:\/\/blogdafeira.com.br\/home\/2015\/11\/25\/quase-30-shows-marcam-encerramento-do-festival-feira-noise\/","url_meta":{"origin":32811,"position":0},"title":"Quase 30 shows marcam encerramento do\u00a0 Festival Feira Noise","author":"Blog da Feira","date":"25\/11\/2015","format":false,"excerpt":"A etapa final do Festival Feira Noise 2015 ser\u00e1 realizada neste final de semana com quase 30 shows musicais e mais de 20 apresenta\u00e7\u00f5es de dan\u00e7a, al\u00e9m de outras atra\u00e7\u00f5es que v\u00e3o ocupar o Centro de Cultura Am\u00e9lio Amorim, em Feira de Santana. Realizada pelo Feira Coletivo Cultural, a sexta\u2026","rel":"","context":"Em &quot;Home&quot;","block_context":{"text":"Home","link":"https:\/\/blogdafeira.com.br\/home\/categoria\/raiz\/"},"img":{"alt_text":"Feira Noise Banner","src":"https:\/\/i0.wp.com\/blogdafeira.com.br\/home\/wp-content\/uploads\/2015\/11\/Feira-Noise-Banner.png?resize=350%2C200","width":350,"height":200,"srcset":"https:\/\/i0.wp.com\/blogdafeira.com.br\/home\/wp-content\/uploads\/2015\/11\/Feira-Noise-Banner.png?resize=350%2C200 1x, https:\/\/i0.wp.com\/blogdafeira.com.br\/home\/wp-content\/uploads\/2015\/11\/Feira-Noise-Banner.png?resize=525%2C300 1.5x"},"classes":[]},{"id":47074,"url":"https:\/\/blogdafeira.com.br\/home\/2021\/08\/19\/festival-feira-noise-vai-ate-domingo-22\/","url_meta":{"origin":32811,"position":1},"title":"Festival Feira Noise vai at\u00e9 domingo, 22","author":"Uyat\u00e3 Rayra","date":"19\/08\/2021","format":false,"excerpt":"A mesa de abertura do Festival Feira Noise ontem foi muito importante e EMOCIONANTE. Pra quem n\u00e3o assistiu, foi um evento, muito norteador sobre pol\u00edtica cultural endere\u00e7ada para o interior da Bahia. Tiveram falas muito fortes. Destaque para Joilson Santos (Coordenador do Festival Feira Noise). O Feira Noise ontem pautou\u2026","rel":"","context":"Em &quot;Cultura&quot;","block_context":{"text":"Cultura","link":"https:\/\/blogdafeira.com.br\/home\/categoria\/cultura\/"},"img":{"alt_text":"","src":"https:\/\/i0.wp.com\/blogdafeira.com.br\/home\/wp-content\/uploads\/2021\/08\/Screenshot_20210819-1251002.png?resize=350%2C200&ssl=1","width":350,"height":200},"classes":[]},{"id":17635,"url":"https:\/\/blogdafeira.com.br\/home\/2015\/11\/10\/feiranoise2015-acontece-em-salvador-no-buteco-do-gaucho-dia-29\/","url_meta":{"origin":32811,"position":2},"title":"#FeiraNoise2015 acontece em Salvador no Buteco do Ga\u00facho dia 29","author":"Blog da Feira","date":"10\/11\/2015","format":false,"excerpt":"Prosseguindo com o conceito de\u00a0?#?FeiraMundo, o\u00a0?#?FeiraNoise2015, que chega em sua sexta edi\u00e7\u00e3o se firmando como o maior Festival de Artes Integradas da Bahia, estende suas atividades viajando de Feira de Santana por mais duas cidades da Bahia. E uma dessas cidades ser\u00e1 Salvador, no dia 29 de novembro, a partir\u2026","rel":"","context":"Em &quot;Home&quot;","block_context":{"text":"Home","link":"https:\/\/blogdafeira.com.br\/home\/categoria\/raiz\/"},"img":{"alt_text":"salvador noise","src":"https:\/\/i0.wp.com\/blogdafeira.com.br\/home\/wp-content\/uploads\/2015\/11\/salvador-noise.jpg?resize=350%2C200","width":350,"height":200,"srcset":"https:\/\/i0.wp.com\/blogdafeira.com.br\/home\/wp-content\/uploads\/2015\/11\/salvador-noise.jpg?resize=350%2C200 1x, https:\/\/i0.wp.com\/blogdafeira.com.br\/home\/wp-content\/uploads\/2015\/11\/salvador-noise.jpg?resize=525%2C300 1.5x"},"classes":[]},{"id":33164,"url":"https:\/\/blogdafeira.com.br\/home\/2019\/10\/06\/feira-noise-apresenta-primeiras-atracoes-para-edicao-de-10-anos\/","url_meta":{"origin":32811,"position":3},"title":"Feira Noise apresenta primeiras atra\u00e7\u00f5es para edi\u00e7\u00e3o de 10 anos","author":"Elismar Pond\u00e9","date":"06\/10\/2019","format":false,"excerpt":"A produ\u00e7\u00e3o do Feira Noise anunciou as primeiras atra\u00e7\u00f5es da edi\u00e7\u00e3o que marca os 10 anos de hist\u00f3ria do Festival, o maior da Bahia entre os independentes e que tamb\u00e9m tem destaque e reconhecimento em \u00e2mbito nacional. O evento ser\u00e1 realizado nos dias 23 e 34 de novembro no \u00c1ria\u2026","rel":"","context":"Em &quot;Home&quot;","block_context":{"text":"Home","link":"https:\/\/blogdafeira.com.br\/home\/categoria\/raiz\/"},"img":{"alt_text":"","src":"https:\/\/i0.wp.com\/blogdafeira.com.br\/home\/wp-content\/uploads\/2019\/10\/WhatsApp-Image-2019-10-06-at-23.12.23-300x300.jpeg?resize=350%2C200","width":350,"height":200},"classes":[]},{"id":16481,"url":"https:\/\/blogdafeira.com.br\/home\/2015\/09\/03\/feira-noise-6a-edicao-acontece-no-final-de-novembro-na-feira\/","url_meta":{"origin":32811,"position":4},"title":"Feira Noise, 6\u00aa edi\u00e7\u00e3o, acontece no final de novembro na Feira","author":"Blog da Feira","date":"03\/09\/2015","format":false,"excerpt":"Quer tocar na 6\u00aa edi\u00e7\u00e3o do Feira Noise Festival ? As inscri\u00e7\u00f5es j\u00e1 est\u00e3o abertas na plataforma TNB Toque No Brasil! S\u00e3o 2 vagas dispon\u00edveis! Qualquer banda ou artista solo com trabalho autoral podem participar! Este ano o Feira Noise acontece de 21 a 29 de Novembro, com shows nos\u2026","rel":"","context":"Em &quot;Home&quot;","block_context":{"text":"Home","link":"https:\/\/blogdafeira.com.br\/home\/categoria\/raiz\/"},"img":{"alt_text":"feira noise","src":"https:\/\/i0.wp.com\/blogdafeira.com.br\/home\/wp-content\/uploads\/2015\/09\/feira-noise.jpg?resize=350%2C200","width":350,"height":200},"classes":[]},{"id":33563,"url":"https:\/\/blogdafeira.com.br\/home\/2019\/10\/28\/coletiva-de-imprensa-do-feira-noise-com-show-da-banda-a-cor\/","url_meta":{"origin":32811,"position":5},"title":"Coletiva de Imprensa do Feira Noise com show da banda A Cor","author":"Elismar Pond\u00e9","date":"28\/10\/2019","format":false,"excerpt":"O Feira Coletivo Cultural promove uma coletiva de imprensa nesta quarta-feira (30), a partir das 19h30, na Cervejaria Sert\u00f5es, no Container Mall, na Avenida Maria Quit\u00e9ria em Feira de Santana. Durante o encontro ser\u00e3o apresentados detalhes da edi\u00e7\u00e3o que marca os 10 anos de exist\u00eancia do Feira Noise, maior festival\u2026","rel":"","context":"Em &quot;Home&quot;","block_context":{"text":"Home","link":"https:\/\/blogdafeira.com.br\/home\/categoria\/raiz\/"},"img":{"alt_text":"","src":"https:\/\/i0.wp.com\/blogdafeira.com.br\/home\/wp-content\/uploads\/2019\/10\/A-COR-346x231.jpg?resize=350%2C200","width":350,"height":200},"classes":[]}],"_links":{"self":[{"href":"https:\/\/blogdafeira.com.br\/home\/wp-json\/wp\/v2\/posts\/32811","targetHints":{"allow":["GET"]}}],"collection":[{"href":"https:\/\/blogdafeira.com.br\/home\/wp-json\/wp\/v2\/posts"}],"about":[{"href":"https:\/\/blogdafeira.com.br\/home\/wp-json\/wp\/v2\/types\/post"}],"author":[{"embeddable":true,"href":"https:\/\/blogdafeira.com.br\/home\/wp-json\/wp\/v2\/users\/9"}],"replies":[{"embeddable":true,"href":"https:\/\/blogdafeira.com.br\/home\/wp-json\/wp\/v2\/comments?post=32811"}],"version-history":[{"count":1,"href":"https:\/\/blogdafeira.com.br\/home\/wp-json\/wp\/v2\/posts\/32811\/revisions"}],"predecessor-version":[{"id":32813,"href":"https:\/\/blogdafeira.com.br\/home\/wp-json\/wp\/v2\/posts\/32811\/revisions\/32813"}],"wp:attachment":[{"href":"https:\/\/blogdafeira.com.br\/home\/wp-json\/wp\/v2\/media?parent=32811"}],"wp:term":[{"taxonomy":"category","embeddable":true,"href":"https:\/\/blogdafeira.com.br\/home\/wp-json\/wp\/v2\/categories?post=32811"},{"taxonomy":"post_tag","embeddable":true,"href":"https:\/\/blogdafeira.com.br\/home\/wp-json\/wp\/v2\/tags?post=32811"}],"curies":[{"name":"wp","href":"https:\/\/api.w.org\/{rel}","templated":true}]}}