{"id":32982,"date":"2019-09-26T20:19:12","date_gmt":"2019-09-26T23:19:12","guid":{"rendered":"http:\/\/blogdafeira.com.br\/home\/?p=32982"},"modified":"2020-04-08T13:04:39","modified_gmt":"2020-04-08T16:04:39","slug":"uma-fragil-vitoria-da-democracia-por-jolivaldo-freitas","status":"publish","type":"post","link":"https:\/\/blogdafeira.com.br\/home\/2019\/09\/26\/uma-fragil-vitoria-da-democracia-por-jolivaldo-freitas\/","title":{"rendered":"&#8220;Uma fr\u00e1gil vit\u00f3ria da democracia&#8221;, por Jolivaldo Freitas"},"content":{"rendered":"<p><span style=\"font-weight: 400;\"><a href=\"http:\/\/blogdafeira.com.br\/home\/wp-content\/uploads\/2019\/06\/Foto-Jolivaldo-coluna.jpg\"><img loading=\"lazy\" decoding=\"async\" class=\"aligncenter size-medium wp-image-31755\" src=\"http:\/\/blogdafeira.com.br\/home\/wp-content\/uploads\/2019\/06\/Foto-Jolivaldo-coluna-222x300.jpg\" alt=\"\" width=\"222\" height=\"300\" srcset=\"https:\/\/blogdafeira.com.br\/home\/wp-content\/uploads\/2019\/06\/Foto-Jolivaldo-coluna-222x300.jpg 222w, https:\/\/blogdafeira.com.br\/home\/wp-content\/uploads\/2019\/06\/Foto-Jolivaldo-coluna-111x150.jpg 111w, https:\/\/blogdafeira.com.br\/home\/wp-content\/uploads\/2019\/06\/Foto-Jolivaldo-coluna-768x1036.jpg 768w, https:\/\/blogdafeira.com.br\/home\/wp-content\/uploads\/2019\/06\/Foto-Jolivaldo-coluna-759x1024.jpg 759w, https:\/\/blogdafeira.com.br\/home\/wp-content\/uploads\/2019\/06\/Foto-Jolivaldo-coluna.jpg 1200w\" sizes=\"auto, (max-width: 222px) 100vw, 222px\" \/><\/a><\/span><\/p>\n<div id=\"blogd-1840511706\" class=\"blogd-fim-do-post-mobile blogd-entity-placement\" style=\"margin-left: auto;margin-right: auto;text-align: center;\"><a href=\"https:\/\/www.sefaz.feiradesantana.ba.gov.br\/\" target=\"_blank\" aria-label=\"728&#215;90 (6)\"><img loading=\"lazy\" decoding=\"async\" src=\"https:\/\/blogdafeira.com.br\/home\/wp-content\/uploads\/2026\/03\/728x90-6.gif\" alt=\"\"  class=\"no-lazyload\" width=\"728\" height=\"90\"  style=\"display: inline-block;\" \/><\/a><\/div><p><span style=\"font-weight: 400;\">O povo de Hong Kong tem tudo para comemorar uma vit\u00f3ria que pode ser da democracia, da liberdade de express\u00e3o, da liberdade face \u00e0 autocracia. Com o comunicado da chefe de governo de Carrie Lam, de cancelar de vez a lei da extradi\u00e7\u00e3o que nos \u00faltimos meses foi motivo de manifesta\u00e7\u00f5es e confrontos entre a popula\u00e7\u00e3o e as for\u00e7as policiais, entra-se num processo novo, mas tem de tomar cuidado, ficar atento e forte: o governo chin\u00eas, com certeza, n\u00e3o vai deixar passar batido. O que est\u00e1 por vir n\u00e3o se sabe, mas que vem coisa, isso vem.\u00a0<\/span><\/p><div id=\"blogd-2879690510\" class=\"blogd-conteudo-2-mobile blogd-entity-placement\"><a href=\"https:\/\/feirenses.com.br\/\" target=\"_blank\" aria-label=\"feirenses\"><img loading=\"lazy\" decoding=\"async\" src=\"https:\/\/blogdafeira.com.br\/home\/wp-content\/uploads\/2026\/04\/feirenses.png\" alt=\"\"  srcset=\"https:\/\/blogdafeira.com.br\/home\/wp-content\/uploads\/2026\/04\/feirenses.png 300w, https:\/\/blogdafeira.com.br\/home\/wp-content\/uploads\/2026\/04\/feirenses-170x45.png 170w, https:\/\/blogdafeira.com.br\/home\/wp-content\/uploads\/2026\/04\/feirenses-280x74.png 280w\" sizes=\"(max-width: 300px) 100vw, 300px\" class=\"no-lazyload\" width=\"300\" height=\"79\"  style=\"display: inline-block;\" \/><\/a><\/div>\n<p><span style=\"font-weight: 400;\">Lam garante que o governo vai retirar formalmente o projeto de lei de modo a afastar totalmente as preocupa\u00e7\u00f5es do p\u00fablico. Tanto que informou que o secret\u00e1rio de Seguran\u00e7a apresentar\u00e1 uma mo\u00e7\u00e3o de acordo com as regras, quando o conselho legislativo se voltar a reunir em alguns dias. \u00c9 uma nova situa\u00e7\u00e3o. Ela pretende a partir deste setembro, buscar empatia com a comunidade da ilha, visando buscar um di\u00e1logo que seja maia direto e dentro das aspira\u00e7\u00f5es reveladas pelos manifestantes e ativistas da democracia, liberdade e autonomia. Ela j\u00e1 fez at\u00e9 convite para que pessoas de todas as camadas da sociedade, mesmo com diferentes cren\u00e7as e origens, venham a participar do di\u00e1logo e partilhar pontos de vistas e notadamente as queixas, como forma de encontrar um jeito para resolver o amplo descontentamento da sociedade e procurar solu\u00e7\u00f5es. E Hong Kong mostrou sua insatisfa\u00e7\u00e3o frente aos administradores da ilha e aos l\u00edderes de Pequim, que queriam uma brecha para punir quem fosse cativo em fun\u00e7\u00e3o de atividades consideradas \u201ccriminosas\u201d.<\/span><\/p>\n<p><span style=\"font-weight: 400;\">Lembrando que a lei em quest\u00e3o permitiria a extradi\u00e7\u00e3o de suspeitos de crimes para a China continental, onde os tribunais s\u00e3o controlados pelo Partido Comunista. O que se espera agora que o governo atente para a rela\u00e7\u00e3o de reivindica\u00e7\u00f5es dos protestadores, a exemplo da liberta\u00e7\u00e3o dos manifestantes. Tamb\u00e9m \u00e9 requerido que as a\u00e7\u00f5es dos protestos n\u00e3o sejam identificadas como motins e pede-se um inqu\u00e9rito para apurar a viol\u00eancia policial. Com certeza que os manifestantes n\u00e3o estar\u00e3o satisfeitos enquanto n\u00e3o ocorrer a demiss\u00e3o da chefe de governo, embora Carrie Lam se recuse \u00e0 cria\u00e7\u00e3o de uma comiss\u00e3o de inqu\u00e9rito independente e a anistia aos manifestantes detidos. Ela rejeita. Vai dar problema.<\/span><\/p>\n<p><span style=\"font-weight: 400;\">Com certeza Lam tem medo, tanto que vem sustentando o conceito de que a discuss\u00e3o sobre o sufr\u00e1gio universal para o cargo de chefe de governo e para o parlamento de Hong Kong, itens que os revoltosos vinham pedindo desde o in\u00edcio dos conflitos, s\u00f3 deve se realizar num ambiente favor\u00e1vel e n\u00e3o polarizado. S\u00f3 n\u00e3o disse favor\u00e1vel a quem. Ela vai desenvolver estudos para que sejam determinados os motivos que levaram \u00e0 insatisfa\u00e7\u00e3o popular, fazendo de conta que n\u00e3o sabe. Como se esquecesse que os protestos, iniciados na ex-col\u00f4nia brit\u00e2nica em maior, foram originalmente motivados pela lei da extradi\u00e7\u00e3o, mas que acabaram por evoluir para uma campanha pela democracia.<\/span><\/p>\n<p><span style=\"font-weight: 400;\">Na realidade sofrendo press\u00e3o Lam havia suspendido a proposta desde meados de junho, mas os manifestantes querem mesmo \u00e9 que pe\u00e7a para sair. Ela tenta resistir, mas com certeza sua atua\u00e7\u00e3o n\u00e3o deve estar gradando \u00e0 c\u00fapula chinesa que n\u00e3o teve coragem de mandar seu ex\u00e9rcito invadir a ilha. Deve ter lembrado que milhares de empresas com sede no ocidente t\u00eam representa\u00e7\u00e3o na ilha. \u00c9 bom lembrar que desde 2016 uma nova for\u00e7a vem se impondo em Hong Kong. Uma nova gera\u00e7\u00e3o de jovens pr\u00f3-independ\u00eancia que com apoio popular conquistou lugar no Conselho Legislativo (Parlamento). Os representantes da democracia conseguiram quase metade dos assentos. Hoje j\u00e1 se fala em separar Hong Gong da China. Muita \u00e1gua ainda vai rolar nessa ilha.<\/span><\/p>\n<p>&nbsp;<\/p>\n<div id=\"blogd-1194500065\" class=\"blogd-final-post blogd-entity-placement\"><a href=\"https:\/\/www.feiradesantana.ba.leg.br\/\" target=\"_blank\" aria-label=\"BANNER-SITE-ENTREGADECHEQUE-CAMARADEFEIRA\"><img loading=\"lazy\" decoding=\"async\" src=\"https:\/\/blogdafeira.com.br\/home\/wp-content\/uploads\/2026\/03\/BANNER-SITE-ENTREGADECHEQUE-CAMARADEFEIRA.gif\" alt=\"\"  class=\"no-lazyload\" width=\"728\" height=\"90\"   \/><\/a><\/div><p><em><span style=\"font-weight: 400;\">Escritor e jornalista. Email: Jolivaldo. freitas@yahoo.com.br<\/span><\/em><\/p>\n","protected":false},"excerpt":{"rendered":"<p>O povo de Hong Kong tem tudo para comemorar uma vit\u00f3ria que pode ser da democracia, da liberdade de express\u00e3o, da liberdade face \u00e0 autocracia. Com o comunicado da chefe de governo de Carrie Lam, de cancelar de vez a lei da extradi\u00e7\u00e3o que nos \u00faltimos meses foi motivo de manifesta\u00e7\u00f5es e confrontos entre a<\/p>\n","protected":false},"author":23,"featured_media":0,"comment_status":"closed","ping_status":"closed","sticky":false,"template":"","format":"standard","meta":{"jetpack_post_was_ever_published":false,"cybocfi_hide_featured_image":"","_jetpack_newsletter_access":"","_jetpack_dont_email_post_to_subs":false,"_jetpack_newsletter_tier_id":0,"_jetpack_memberships_contains_paywalled_content":false,"_jetpack_memberships_contains_paid_content":false,"footnotes":"","jetpack_publicize_message":"","jetpack_publicize_feature_enabled":true,"jetpack_social_post_already_shared":true,"jetpack_social_options":{"image_generator_settings":{"template":"highway","default_image_id":0,"font":"","enabled":false},"version":2}},"categories":[592,1],"tags":[],"class_list":["post-32982","post","type-post","status-publish","format-standard","hentry","category-colunistas","category-raiz"],"jetpack_publicize_connections":[],"jetpack_featured_media_url":"","jetpack_shortlink":"https:\/\/wp.me\/p3niVf-8zY","jetpack_sharing_enabled":true,"jetpack-related-posts":[{"id":20393,"url":"https:\/\/blogdafeira.com.br\/home\/2016\/03\/28\/dom-zanoni-em-feira-a-luta-pela-consolidacao-da-democracia-continua\/","url_meta":{"origin":32982,"position":0},"title":"Dom Zanoni em Feira: &#8216;A luta pela consolida\u00e7\u00e3o da Democracia continua&#8217;","author":"Blog da Feira","date":"28\/03\/2016","format":false,"excerpt":"Partilho o artigo que escrevi h\u00e1 dois anos sobre o dia 31 de mar\u00e7o de 1964: 50 anos de luta pela democracia: Neste ano de 2014 somos chamados a fazer a mem\u00f3ria das nossas alegrias e esperan\u00e7as, das nossas tristezas e dores. Neste momento, lembramos, sobretudo, os 50 anos da\u2026","rel":"","context":"Em &quot;Home&quot;","block_context":{"text":"Home","link":"https:\/\/blogdafeira.com.br\/home\/categoria\/raiz\/"},"img":{"alt_text":"zanoniiiiii","src":"https:\/\/i0.wp.com\/blogdafeira.com.br\/home\/wp-content\/uploads\/2016\/03\/zanoniiiiii.jpg?resize=350%2C200","width":350,"height":200},"classes":[]},{"id":43904,"url":"https:\/\/blogdafeira.com.br\/home\/2021\/03\/08\/caso-lula-governador-da-bahia-diz-que-foi-vitoria-da-democracia\/","url_meta":{"origin":32982,"position":1},"title":"Caso Lula: Governador da Bahia diz que foi &#8220;vit\u00f3ria da democracia&#8221;","author":"Blog da Feira","date":"08\/03\/2021","format":false,"excerpt":"O governador da Bahia, Rui Costa (PT) escreveu que \u00e9 uma \"vit\u00f3ria da democracia\" a anula\u00e7\u00e3o das a\u00e7\u00f5es contra o ex-presidente Lula. \"A verdade come\u00e7a a ser restabelecida com a decis\u00e3o do ministro Fachin de anular todas as condena\u00e7\u00f5es do ex-presidente Lula pela Justi\u00e7a Federal no Paran\u00e1 relacionadas \u00e0s investiga\u00e7\u00f5es\u2026","rel":"","context":"Em &quot;Home&quot;","block_context":{"text":"Home","link":"https:\/\/blogdafeira.com.br\/home\/categoria\/raiz\/"},"img":{"alt_text":"","src":"https:\/\/i0.wp.com\/blogdafeira.com.br\/home\/wp-content\/uploads\/2021\/03\/Screenshot_20210308-1804492.png?resize=350%2C200&ssl=1","width":350,"height":200,"srcset":"https:\/\/i0.wp.com\/blogdafeira.com.br\/home\/wp-content\/uploads\/2021\/03\/Screenshot_20210308-1804492.png?resize=350%2C200&ssl=1 1x, https:\/\/i0.wp.com\/blogdafeira.com.br\/home\/wp-content\/uploads\/2021\/03\/Screenshot_20210308-1804492.png?resize=525%2C300&ssl=1 1.5x, https:\/\/i0.wp.com\/blogdafeira.com.br\/home\/wp-content\/uploads\/2021\/03\/Screenshot_20210308-1804492.png?resize=700%2C400&ssl=1 2x"},"classes":[]},{"id":32344,"url":"https:\/\/blogdafeira.com.br\/home\/2019\/08\/12\/a-rebeliao-sempre-cabera-aos-jovens-por-jolivaldo-freitas\/","url_meta":{"origin":32982,"position":2},"title":"&#8216;A Rebeli\u00e3o Sempre Caber\u00e1 Aos Jovens&#8217;, por Jolivaldo Freitas","author":"Jolivaldo Freitas","date":"12\/08\/2019","format":false,"excerpt":"Seria uma trag\u00e9dia sem par, no Brasil, caso algum governante com matizes ditatoriais de esquerda ou de direita almejasse transformar a fr\u00e1gil democracia num absolutismo, mesmo que fosse uma ditadura militar. O Brasil atual n\u00e3o \u00e9 mais aquela rep\u00fablica de bananas. Quando da ditadura empreendida por Get\u00falio Vargas o pa\u00eds\u2026","rel":"","context":"Em &quot;Colunistas&quot;","block_context":{"text":"Colunistas","link":"https:\/\/blogdafeira.com.br\/home\/categoria\/colunistas\/"},"img":{"alt_text":"","src":"https:\/\/i0.wp.com\/blogdafeira.com.br\/home\/wp-content\/uploads\/2019\/06\/Foto-Jolivaldo-coluna-111x150.jpg?resize=350%2C200","width":350,"height":200},"classes":[]},{"id":16381,"url":"https:\/\/blogdafeira.com.br\/home\/2015\/08\/29\/monumento-em-salvador-marca-os-36-anos-da-lei-de-anistia-no-brasil\/","url_meta":{"origin":32982,"position":3},"title":"Monumento em Salvador marca os 36 anos da Lei de Anistia no Brasil","author":"Blog da Feira","date":"29\/08\/2015","format":false,"excerpt":"Quem passa pela Pra\u00e7a do Campo da P\u00f3lvora em dire\u00e7\u00e3o ao F\u00f3rum Ruy Barbosa, \u00a0ou \u00e0 esta\u00e7\u00e3o do metr\u00f4, em Salvador, a partir de agora encontra um marco que preserva a mem\u00f3ria dos\u00a0baianos e brasileiros que tombaram na luta por liberdade entre 1964 e 1985.:foi inaugurado, nesta sexta-feira (28), o\u00a0Monumento\u2026","rel":"","context":"Em &quot;Home&quot;","block_context":{"text":"Home","link":"https:\/\/blogdafeira.com.br\/home\/categoria\/raiz\/"},"img":{"alt_text":"anistia","src":"https:\/\/i0.wp.com\/blogdafeira.com.br\/home\/wp-content\/uploads\/2015\/08\/anistia.jpg?resize=350%2C200","width":350,"height":200,"srcset":"https:\/\/i0.wp.com\/blogdafeira.com.br\/home\/wp-content\/uploads\/2015\/08\/anistia.jpg?resize=350%2C200 1x, https:\/\/i0.wp.com\/blogdafeira.com.br\/home\/wp-content\/uploads\/2015\/08\/anistia.jpg?resize=525%2C300 1.5x, https:\/\/i0.wp.com\/blogdafeira.com.br\/home\/wp-content\/uploads\/2015\/08\/anistia.jpg?resize=700%2C400 2x"},"classes":[]},{"id":38170,"url":"https:\/\/blogdafeira.com.br\/home\/2020\/06\/01\/a-primeira-licao-sobre-a-democracia\/","url_meta":{"origin":32982,"position":4},"title":"A primeira li\u00e7\u00e3o sobre a democracia","author":"Andr\u00e9 Pomponet","date":"01\/06\/2020","format":false,"excerpt":"Nunca esqueci a forma como fui apresentado ao que \u00e9 uma ditadura. Era por volta de 1981, no m\u00e1ximo 1982. Menino, eu aprendia a desenhar usando caneta esferogr\u00e1fica e papel pardo, de embrulhar p\u00e3o. Foi na rua da Palma, l\u00e1 no Sobradinho. Meu pai desenhava uns cavalos que me encantavam,\u2026","rel":"","context":"Em &quot;Colunistas&quot;","block_context":{"text":"Colunistas","link":"https:\/\/blogdafeira.com.br\/home\/categoria\/colunistas\/"},"img":{"alt_text":"","src":"https:\/\/i0.wp.com\/blogdafeira.com.br\/home\/wp-content\/uploads\/2020\/06\/ditadura-militar.jpg?resize=350%2C200&ssl=1","width":350,"height":200,"srcset":"https:\/\/i0.wp.com\/blogdafeira.com.br\/home\/wp-content\/uploads\/2020\/06\/ditadura-militar.jpg?resize=350%2C200&ssl=1 1x, https:\/\/i0.wp.com\/blogdafeira.com.br\/home\/wp-content\/uploads\/2020\/06\/ditadura-militar.jpg?resize=525%2C300&ssl=1 1.5x, https:\/\/i0.wp.com\/blogdafeira.com.br\/home\/wp-content\/uploads\/2020\/06\/ditadura-militar.jpg?resize=700%2C400&ssl=1 2x"},"classes":[]},{"id":45283,"url":"https:\/\/blogdafeira.com.br\/home\/2021\/05\/05\/abuso-judicial-contra-jornalistas-amicus-curiae-em-acao-da-abi\/","url_meta":{"origin":32982,"position":5},"title":"&#8216;Abuso judicial&#8217; contra jornalistas; Amicus Curiae em a\u00e7\u00e3o da ABI","author":"Blog da Feira","date":"05\/05\/2021","format":false,"excerpt":"Associa\u00e7\u00e3o Brasileira de Juristas pela Democracia (ABJD), a Associa\u00e7\u00e3o Advogadas e Advogados P\u00fablicos para a Democracia (APD) e o Coletivo por um Minist\u00e9rio P\u00fablico Transformador (Transforma MP) ingressaram na ter\u00e7a-feira, 4, com um pedido de Amicus Curiae (Amigos da Corte) no Supremo Tribunal Federal (STF), para contribuir com o debate\u2026","rel":"","context":"Em &quot;Geral&quot;","block_context":{"text":"Geral","link":"https:\/\/blogdafeira.com.br\/home\/categoria\/geral\/"},"img":{"alt_text":"","src":"https:\/\/i0.wp.com\/blogdafeira.com.br\/home\/wp-content\/uploads\/2021\/05\/images-2.jpeg?resize=350%2C200&ssl=1","width":350,"height":200,"srcset":"https:\/\/i0.wp.com\/blogdafeira.com.br\/home\/wp-content\/uploads\/2021\/05\/images-2.jpeg?resize=350%2C200&ssl=1 1x, https:\/\/i0.wp.com\/blogdafeira.com.br\/home\/wp-content\/uploads\/2021\/05\/images-2.jpeg?resize=525%2C300&ssl=1 1.5x"},"classes":[]}],"_links":{"self":[{"href":"https:\/\/blogdafeira.com.br\/home\/wp-json\/wp\/v2\/posts\/32982","targetHints":{"allow":["GET"]}}],"collection":[{"href":"https:\/\/blogdafeira.com.br\/home\/wp-json\/wp\/v2\/posts"}],"about":[{"href":"https:\/\/blogdafeira.com.br\/home\/wp-json\/wp\/v2\/types\/post"}],"author":[{"embeddable":true,"href":"https:\/\/blogdafeira.com.br\/home\/wp-json\/wp\/v2\/users\/23"}],"replies":[{"embeddable":true,"href":"https:\/\/blogdafeira.com.br\/home\/wp-json\/wp\/v2\/comments?post=32982"}],"version-history":[{"count":1,"href":"https:\/\/blogdafeira.com.br\/home\/wp-json\/wp\/v2\/posts\/32982\/revisions"}],"predecessor-version":[{"id":32984,"href":"https:\/\/blogdafeira.com.br\/home\/wp-json\/wp\/v2\/posts\/32982\/revisions\/32984"}],"wp:attachment":[{"href":"https:\/\/blogdafeira.com.br\/home\/wp-json\/wp\/v2\/media?parent=32982"}],"wp:term":[{"taxonomy":"category","embeddable":true,"href":"https:\/\/blogdafeira.com.br\/home\/wp-json\/wp\/v2\/categories?post=32982"},{"taxonomy":"post_tag","embeddable":true,"href":"https:\/\/blogdafeira.com.br\/home\/wp-json\/wp\/v2\/tags?post=32982"}],"curies":[{"name":"wp","href":"https:\/\/api.w.org\/{rel}","templated":true}]}}