{"id":35055,"date":"2020-02-03T11:25:35","date_gmt":"2020-02-03T14:25:35","guid":{"rendered":"http:\/\/blogdafeira.com.br\/home\/?p=35055"},"modified":"2020-02-26T14:44:40","modified_gmt":"2020-02-26T17:44:40","slug":"um-dois-mil-apocalipses-por-andre-pomponet","status":"publish","type":"post","link":"https:\/\/blogdafeira.com.br\/home\/2020\/02\/03\/um-dois-mil-apocalipses-por-andre-pomponet\/","title":{"rendered":"Um, dois, mil apocalipses&#8230;, por Andr\u00e9 Pomponet"},"content":{"rendered":"<p><img loading=\"lazy\" decoding=\"async\" class=\"alignnone size-medium wp-image-35057\" src=\"http:\/\/blogdafeira.com.br\/home\/wp-content\/uploads\/2020\/02\/download-15-346x230.jpeg\" alt=\"\" width=\"346\" height=\"230\" srcset=\"https:\/\/blogdafeira.com.br\/home\/wp-content\/uploads\/2020\/02\/download-15-346x230.jpeg 346w, https:\/\/blogdafeira.com.br\/home\/wp-content\/uploads\/2020\/02\/download-15-170x113.jpeg 170w, https:\/\/blogdafeira.com.br\/home\/wp-content\/uploads\/2020\/02\/download-15-280x187.jpeg 280w, https:\/\/blogdafeira.com.br\/home\/wp-content\/uploads\/2020\/02\/download-15.jpeg 474w\" sizes=\"auto, (max-width: 346px) 100vw, 346px\" \/><\/p>\n<div id=\"blogd-841846611\" class=\"blogd-fim-do-post-mobile blogd-entity-placement\" style=\"margin-left: auto;margin-right: auto;text-align: center;\"><a href=\"https:\/\/www.sefaz.feiradesantana.ba.gov.br\/\" target=\"_blank\" aria-label=\"728&#215;90 (6)\"><img loading=\"lazy\" decoding=\"async\" src=\"https:\/\/blogdafeira.com.br\/home\/wp-content\/uploads\/2026\/03\/728x90-6.gif\" alt=\"\"  class=\"no-lazyload\" width=\"728\" height=\"90\"  style=\"display: inline-block;\" \/><\/a><\/div><p><i><span style=\"font-weight: 400;\">por Andr\u00e9 Pomponet*<\/span><\/i><\/p><div id=\"blogd-756049566\" class=\"blogd-conteudo-2-mobile blogd-entity-placement\"><a href=\"https:\/\/feirenses.com.br\/\" target=\"_blank\" aria-label=\"feirenses\"><img loading=\"lazy\" decoding=\"async\" src=\"https:\/\/blogdafeira.com.br\/home\/wp-content\/uploads\/2026\/04\/feirenses.png\" alt=\"\"  srcset=\"https:\/\/blogdafeira.com.br\/home\/wp-content\/uploads\/2026\/04\/feirenses.png 300w, https:\/\/blogdafeira.com.br\/home\/wp-content\/uploads\/2026\/04\/feirenses-170x45.png 170w, https:\/\/blogdafeira.com.br\/home\/wp-content\/uploads\/2026\/04\/feirenses-280x74.png 280w\" sizes=\"(max-width: 300px) 100vw, 300px\" class=\"no-lazyload\" width=\"300\" height=\"79\"  style=\"display: inline-block;\" \/><\/a><\/div>\n<p><span style=\"font-weight: 400;\">\u2013 O sistema \u00e9 Deus, o sistema \u00e9 n\u00e3o matar, o sistema \u00e9 n\u00e3o roubar, o sistema \u00e9 n\u00e3o adulterar&#8230;<\/span><\/p>\n<p><span style=\"font-weight: 400;\">As p\u00e1ginas da B\u00edblia, amareladas pelo manuseio, agitavam-se sacudidas pelos dedos nervosos. O incessante movimento dos bra\u00e7os entufava o palet\u00f3 preto, pu\u00eddo, sob os sovacos e nos ombros. Ningu\u00e9m escutava aquela fervorosa prega\u00e7\u00e3o: s\u00f3 os pardais piavam pios festivos nos galhos dos oitis. Mais adiante, pombos \u00e1vidos \u2013 brancos, pretos, encardidos \u2013 marchavam e contramarchavam, impacientes, \u00e0 espera das sobras dos almo\u00e7os servidos no bar do coreto.<\/span><\/p>\n<p><span style=\"font-weight: 400;\">Na pra\u00e7a vazia, a pouca gente dedicava-se a outros afazeres: um mo\u00eda cana para o caldo-de-cana do cliente; um motoboy, entediado, catava novidades examinando a tela luminosa do celular; comerci\u00e1rios proseavam, despreocupados, naquela manh\u00e3 do final de janeiro com freguesia escassa. Mais al\u00e9m cobradores anunciavam, aos berros, os distantes destinos do transporte alternativo.<\/span><\/p>\n<p><span style=\"font-weight: 400;\">\u2013 O Reino de Deus est\u00e1 pr\u00f3ximo! Se arrependa dos seus pecados!<\/span><\/p>\n<p><span style=\"font-weight: 400;\">Aquele pregava com equipamento do som. Na art\u00e9ria agitada \u2013 uma ladeira suave \u2013 o tr\u00e2nsito de \u00f4nibus, de carros, de utilit\u00e1rios, de motos, de motonetas, de bicicletas, era incessante. Ali perto, no banco do abrigo de \u00f4nibus, a \u00fanica ovelha potencial estava indiferente. Era um morador de rua, andrajoso, muito sujo, imerso naquele limbo comum a quem perdeu totalmente a sanidade. Sequer notava o ardoroso pregador.<\/span><\/p>\n<p><span style=\"font-weight: 400;\">O equipamento de som, a solenidade do sapato lustroso, do chap\u00e9u e do palet\u00f3 e, sobretudo, as palavras candentes, exigiam plateia. O pregador arremessou, ent\u00e3o, um olhar aflito em volta: s\u00f3 um transeunte ia subindo, arfando de cansa\u00e7o, depauperado pelo calor abafado da manh\u00e3 de segunda-feira. Encarou-o, s\u00faplice: o sujeito desviou o olhar \u00famido de suor e esbo\u00e7ou um sorriso de esc\u00e1rnio. No come\u00e7o o pregador se desconcertou. Mas voltou \u00e0 carga:<\/span><\/p>\n<p><span style=\"font-weight: 400;\">\u2013 &#8230; As chamas do inferno acolher\u00e3o os descrentes, os que n\u00e3o aceitam o Evangelho, os ap\u00f3statas&#8230;<\/span><\/p>\n<p><span style=\"font-weight: 400;\">O pregador pregava com voz rascante. E o equipamento de som emitia um som surdo, abafado, desagrad\u00e1vel, que distorcia as palavras. Aquilo foi acompanhando o transeunte mesmo quando ele dobrou a esquina seguinte, deixando atr\u00e1s de si as maldi\u00e7\u00f5es sobre os incr\u00e9us, as labaredas e o Apocalipse&#8230;<\/span><\/p>\n<div id=\"blogd-3377660580\" class=\"blogd-final-post blogd-entity-placement\"><a href=\"https:\/\/www.feiradesantana.ba.leg.br\/\" target=\"_blank\" aria-label=\"BANNER-SITE-ENTREGADECHEQUE-CAMARADEFEIRA\"><img loading=\"lazy\" decoding=\"async\" src=\"https:\/\/blogdafeira.com.br\/home\/wp-content\/uploads\/2026\/03\/BANNER-SITE-ENTREGADECHEQUE-CAMARADEFEIRA.gif\" alt=\"\"  class=\"no-lazyload\" width=\"728\" height=\"90\"   \/><\/a><\/div><p><em><strong>Andr\u00e9 Pomponet \u00e9 jornalista<\/strong><\/em><\/p>\n","protected":false},"excerpt":{"rendered":"<p>por Andr\u00e9 Pomponet* \u2013 O sistema \u00e9 Deus, o sistema \u00e9 n\u00e3o matar, o sistema \u00e9 n\u00e3o roubar, o sistema \u00e9 n\u00e3o adulterar&#8230; As p\u00e1ginas da B\u00edblia, amareladas pelo manuseio, agitavam-se sacudidas pelos dedos nervosos. O incessante movimento dos bra\u00e7os entufava o palet\u00f3 preto, pu\u00eddo, sob os sovacos e nos ombros. Ningu\u00e9m escutava aquela fervorosa<\/p>\n","protected":false},"author":13,"featured_media":0,"comment_status":"closed","ping_status":"closed","sticky":false,"template":"","format":"standard","meta":{"jetpack_post_was_ever_published":false,"cybocfi_hide_featured_image":"","_jetpack_newsletter_access":"","_jetpack_dont_email_post_to_subs":false,"_jetpack_newsletter_tier_id":0,"_jetpack_memberships_contains_paywalled_content":false,"_jetpack_memberships_contains_paid_content":false,"footnotes":"","jetpack_publicize_message":"","jetpack_publicize_feature_enabled":true,"jetpack_social_post_already_shared":true,"jetpack_social_options":{"image_generator_settings":{"template":"highway","default_image_id":0,"font":"","enabled":false},"version":2}},"categories":[592,1],"tags":[],"class_list":["post-35055","post","type-post","status-publish","format-standard","hentry","category-colunistas","category-raiz"],"jetpack_publicize_connections":[],"jetpack_featured_media_url":"","jetpack_shortlink":"https:\/\/wp.me\/p3niVf-97p","jetpack_sharing_enabled":true,"jetpack-related-posts":[{"id":34078,"url":"https:\/\/blogdafeira.com.br\/home\/2019\/11\/20\/a-peleja-da-imprensa-em-cachoeira-pela-abolicao-da-escravidao-por-andre-pomponet\/","url_meta":{"origin":35055,"position":0},"title":"A peleja da imprensa em Cachoeira pela aboli\u00e7\u00e3o da escravid\u00e3o, por Andr\u00e9 Pomponet","author":"Andr\u00e9 Pomponet","date":"20\/11\/2019","format":false,"excerpt":"por\u00a0Andr\u00e9 Pomponet* \u201cJos\u00e9 Theodoro Pamponet offerece seus servi\u00e7os ao abolicionismo d\u2019esta comarca. Os \u2018escravisados\u2019 que se julgarem com direito \u00e0 sua liberdade, quer por effeito da lei de 7 de novembro de 1831, quer por outra lei, podem procur\u00e1-lo n\u2019esta cidade, no escriptorio\u00a0d\u2019este Jornal\u201d.\u00a0\u00a0 A oferta est\u00e1 nas p\u00e1ginas d\u2019O\u00a0Aster\u00f3ide,\u2026","rel":"","context":"Em &quot;Colunistas&quot;","block_context":{"text":"Colunistas","link":"https:\/\/blogdafeira.com.br\/home\/categoria\/colunistas\/"},"img":{"alt_text":"","src":"https:\/\/i0.wp.com\/blogdafeira.com.br\/home\/wp-content\/uploads\/2019\/11\/O-ASTER%C3%93IDE-1024x373.jpg?resize=350%2C200","width":350,"height":200,"srcset":"https:\/\/i0.wp.com\/blogdafeira.com.br\/home\/wp-content\/uploads\/2019\/11\/O-ASTER%C3%93IDE-1024x373.jpg?resize=350%2C200 1x, https:\/\/i0.wp.com\/blogdafeira.com.br\/home\/wp-content\/uploads\/2019\/11\/O-ASTER%C3%93IDE-1024x373.jpg?resize=525%2C300 1.5x, https:\/\/i0.wp.com\/blogdafeira.com.br\/home\/wp-content\/uploads\/2019\/11\/O-ASTER%C3%93IDE-1024x373.jpg?resize=700%2C400 2x"},"classes":[]},{"id":26979,"url":"https:\/\/blogdafeira.com.br\/home\/2017\/05\/29\/alem-do-%c2%93episodio-do-po%c2%94camara-de-feira-pouco-tem-o-que-mostrar-por-andre-pomponet\/","url_meta":{"origin":35055,"position":1},"title":"Al\u00e9m do &#8216;epis\u00f3dio do p\u00f3&#8217;,C\u00e2mara de Feira pouco tem o que mostrar, por Andr\u00e9 Pomponet","author":"Andr\u00e9 Pomponet","date":"29\/05\/2017","format":false,"excerpt":"O brasileiro corre o risco de ver, nos pr\u00f3ximos dias, um Congresso Nacional pejado de acusados de in\u00fameros crimes \u2013\u00a0sobretudo corrup\u00e7\u00e3o \u2013 eleger, de maneira indireta, o presidente da Rep\u00fablica que vai arrastar o pa\u00eds at\u00e9 as elei\u00e7\u00f5es de 2018.\u00a0\u00c9 o que est\u00e1 previsto na Constitui\u00e7\u00e3o, dizem os doutos, os\u2026","rel":"","context":"Em &quot;Colunistas&quot;","block_context":{"text":"Colunistas","link":"https:\/\/blogdafeira.com.br\/home\/categoria\/colunistas\/"},"img":{"alt_text":"DSC07567","src":"https:\/\/i0.wp.com\/blogdafeira.com.br\/home\/wp-content\/uploads\/2013\/06\/DSC07567.jpg?resize=350%2C200","width":350,"height":200,"srcset":"https:\/\/i0.wp.com\/blogdafeira.com.br\/home\/wp-content\/uploads\/2013\/06\/DSC07567.jpg?resize=350%2C200 1x, https:\/\/i0.wp.com\/blogdafeira.com.br\/home\/wp-content\/uploads\/2013\/06\/DSC07567.jpg?resize=525%2C300 1.5x"},"classes":[]},{"id":59625,"url":"https:\/\/blogdafeira.com.br\/home\/2023\/10\/03\/transporte-coletivo-volta-a-cena\/","url_meta":{"origin":35055,"position":2},"title":"Transporte coletivo volta \u00e0 cena","author":"Andr\u00e9 Pomponet","date":"03\/10\/2023","format":false,"excerpt":"Populares bloquearam o acesso ao Terminal Central na manh\u00e3 de ontem (02) aqui na Feira de Santana. O notici\u00e1rio indica que reivindicavam redu\u00e7\u00e3o no valor da tarifa, aumento da frota e ve\u00edculos em melhores condi\u00e7\u00f5es de circula\u00e7\u00e3o. As reivindica\u00e7\u00f5es s\u00e3o justas: quem viaja pelo Brasil sabe que, para cidades do\u2026","rel":"","context":"Em &quot;Cidade&quot;","block_context":{"text":"Cidade","link":"https:\/\/blogdafeira.com.br\/home\/categoria\/cidade\/"},"img":{"alt_text":"","src":"https:\/\/i0.wp.com\/blogdafeira.com.br\/home\/wp-content\/uploads\/2020\/10\/onibus-brt.jpg?resize=350%2C200&ssl=1","width":350,"height":200,"srcset":"https:\/\/i0.wp.com\/blogdafeira.com.br\/home\/wp-content\/uploads\/2020\/10\/onibus-brt.jpg?resize=350%2C200&ssl=1 1x, https:\/\/i0.wp.com\/blogdafeira.com.br\/home\/wp-content\/uploads\/2020\/10\/onibus-brt.jpg?resize=525%2C300&ssl=1 1.5x, https:\/\/i0.wp.com\/blogdafeira.com.br\/home\/wp-content\/uploads\/2020\/10\/onibus-brt.jpg?resize=700%2C400&ssl=1 2x, https:\/\/i0.wp.com\/blogdafeira.com.br\/home\/wp-content\/uploads\/2020\/10\/onibus-brt.jpg?resize=1050%2C600&ssl=1 3x"},"classes":[]},{"id":21713,"url":"https:\/\/blogdafeira.com.br\/home\/2016\/05\/23\/tunel-do-brt-de-feira-ja-atingiu-o-lencol-freatico-na-av-maria-quiteria\/","url_meta":{"origin":35055,"position":3},"title":"T\u00fanel do BRT de Feira j\u00e1 atingiu o len\u00e7ol fre\u00e1tico na Av. Maria Quit\u00e9ria","author":"Blog da Feira","date":"23\/05\/2016","format":false,"excerpt":"O vereador Beldes Ramos (PT) mostrou em um v\u00eddeo (clique aqui)\u00a0divulgado no final de semana que o len\u00e7ol fre\u00e1tico j\u00e1 foi atingido pela obra de constru\u00e7\u00e3o do t\u00fanel do BRT de Feira de Santana no cruzamento da avenida Maria Quit\u00e9ria com a Get\u00falio Vargas. Acompanhado do engenheiro Bruno Sodr\u00e9, um\u2026","rel":"","context":"Em &quot;Home&quot;","block_context":{"text":"Home","link":"https:\/\/blogdafeira.com.br\/home\/categoria\/raiz\/"},"img":{"alt_text":"andre lacerdfa fotos maria","src":"https:\/\/i0.wp.com\/blogdafeira.com.br\/home\/wp-content\/uploads\/2016\/05\/andre-lacerdfa-fotos-maria.jpg?resize=350%2C200","width":350,"height":200},"classes":[]},{"id":71437,"url":"https:\/\/blogdafeira.com.br\/home\/2026\/02\/20\/o-quiproquo-bancario-e-seus-desdobramentos\/","url_meta":{"origin":35055,"position":4},"title":"O quiproqu\u00f3 banc\u00e1rio e seus desdobramentos","author":"Andr\u00e9 Pomponet","date":"20\/02\/2026","format":false,"excerpt":"No que \u00e9 que vai dar o monumental quiproqu\u00f3 banc\u00e1rio que assola o Brasil desde meados do ano passado? Ningu\u00e9m arrisca uma resposta incisiva. Primeiro, porque ningu\u00e9m, at\u00e9 aqui, \u00e9 capaz de dimensionar a amplitude do estrago; segundo porque, ao que parece, muita gente gra\u00fada est\u00e1 envolvida na fraude que\u2026","rel":"","context":"Em &quot;Colunistas&quot;","block_context":{"text":"Colunistas","link":"https:\/\/blogdafeira.com.br\/home\/categoria\/colunistas\/"},"img":{"alt_text":"","src":"https:\/\/i0.wp.com\/blogdafeira.com.br\/home\/wp-content\/uploads\/2026\/02\/o-quiproquo-bancario-e-seus-desdobramentos_1771589893_20022026091813.jpg?resize=350%2C200&ssl=1","width":350,"height":200,"srcset":"https:\/\/i0.wp.com\/blogdafeira.com.br\/home\/wp-content\/uploads\/2026\/02\/o-quiproquo-bancario-e-seus-desdobramentos_1771589893_20022026091813.jpg?resize=350%2C200&ssl=1 1x, https:\/\/i0.wp.com\/blogdafeira.com.br\/home\/wp-content\/uploads\/2026\/02\/o-quiproquo-bancario-e-seus-desdobramentos_1771589893_20022026091813.jpg?resize=525%2C300&ssl=1 1.5x, https:\/\/i0.wp.com\/blogdafeira.com.br\/home\/wp-content\/uploads\/2026\/02\/o-quiproquo-bancario-e-seus-desdobramentos_1771589893_20022026091813.jpg?resize=700%2C400&ssl=1 2x"},"classes":[]},{"id":63353,"url":"https:\/\/blogdafeira.com.br\/home\/2024\/08\/21\/o-que-mudara-no-transporte-publico-em-feira\/","url_meta":{"origin":35055,"position":5},"title":"O que mudar\u00e1 no transporte p\u00fablico em Feira?","author":"Andr\u00e9 Pomponet","date":"21\/08\/2024","format":false,"excerpt":"Em Salvador, alguns candidatos a prefeito resolveram enveredar por um debate canhestro, prometendo restabelecer antigas linhas de \u00f4nibus de roteiros longos, intermin\u00e1veis, que a partir das periferias remotas engarrafavam a capital baiana. Pelo jeito, falta criatividade e boas ideias para o enfrentamento contra Bruno Reis (Uni\u00e3o), candidato \u00e0 reelei\u00e7\u00e3o. Parece\u2026","rel":"","context":"Em &quot;Colunistas&quot;","block_context":{"text":"Colunistas","link":"https:\/\/blogdafeira.com.br\/home\/categoria\/colunistas\/"},"img":{"alt_text":"","src":"https:\/\/i0.wp.com\/blogdafeira.com.br\/home\/wp-content\/uploads\/2019\/07\/121315-3.jpg?resize=350%2C200&ssl=1","width":350,"height":200,"srcset":"https:\/\/i0.wp.com\/blogdafeira.com.br\/home\/wp-content\/uploads\/2019\/07\/121315-3.jpg?resize=350%2C200&ssl=1 1x, https:\/\/i0.wp.com\/blogdafeira.com.br\/home\/wp-content\/uploads\/2019\/07\/121315-3.jpg?resize=525%2C300&ssl=1 1.5x"},"classes":[]}],"_links":{"self":[{"href":"https:\/\/blogdafeira.com.br\/home\/wp-json\/wp\/v2\/posts\/35055","targetHints":{"allow":["GET"]}}],"collection":[{"href":"https:\/\/blogdafeira.com.br\/home\/wp-json\/wp\/v2\/posts"}],"about":[{"href":"https:\/\/blogdafeira.com.br\/home\/wp-json\/wp\/v2\/types\/post"}],"author":[{"embeddable":true,"href":"https:\/\/blogdafeira.com.br\/home\/wp-json\/wp\/v2\/users\/13"}],"replies":[{"embeddable":true,"href":"https:\/\/blogdafeira.com.br\/home\/wp-json\/wp\/v2\/comments?post=35055"}],"version-history":[{"count":1,"href":"https:\/\/blogdafeira.com.br\/home\/wp-json\/wp\/v2\/posts\/35055\/revisions"}],"predecessor-version":[{"id":35058,"href":"https:\/\/blogdafeira.com.br\/home\/wp-json\/wp\/v2\/posts\/35055\/revisions\/35058"}],"wp:attachment":[{"href":"https:\/\/blogdafeira.com.br\/home\/wp-json\/wp\/v2\/media?parent=35055"}],"wp:term":[{"taxonomy":"category","embeddable":true,"href":"https:\/\/blogdafeira.com.br\/home\/wp-json\/wp\/v2\/categories?post=35055"},{"taxonomy":"post_tag","embeddable":true,"href":"https:\/\/blogdafeira.com.br\/home\/wp-json\/wp\/v2\/tags?post=35055"}],"curies":[{"name":"wp","href":"https:\/\/api.w.org\/{rel}","templated":true}]}}