{"id":3514,"date":"2013-07-14T21:34:21","date_gmt":"2013-07-15T00:34:21","guid":{"rendered":"http:\/\/blogdafeira.com.br\/home\/?p=3514"},"modified":"2013-07-14T21:39:35","modified_gmt":"2013-07-15T00:39:35","slug":"riachuelo-vence-o-campeonato-feirense-festa-ficou-pela-metade","status":"publish","type":"post","link":"https:\/\/blogdafeira.com.br\/home\/2013\/07\/14\/riachuelo-vence-o-campeonato-feirense-festa-ficou-pela-metade\/","title":{"rendered":"Riachuelo vence o Campeonato Feirense, mas festa ficou pela metade"},"content":{"rendered":"<div id=\"blogd-158603231\" class=\"blogd-fim-do-post-mobile blogd-entity-placement\" style=\"margin-left: auto;margin-right: auto;text-align: center;\"><a href=\"https:\/\/www.sefaz.feiradesantana.ba.gov.br\/\" target=\"_blank\" aria-label=\"728&#215;90 (6)\"><img loading=\"lazy\" decoding=\"async\" src=\"https:\/\/blogdafeira.com.br\/home\/wp-content\/uploads\/2026\/03\/728x90-6.gif\" alt=\"\"  class=\"no-lazyload\" width=\"728\" height=\"90\"  style=\"display: inline-block;\" \/><\/a><\/div><p>O Riachuelo conquistou neste domingo (14), o Campeonato Feirense de Amadores 2013. A equipe do bairro da Bara\u00fana bateu o 2 de Julho do Tomba por 1 a 0, gol marcado pelo jogador Fal, ainda no primeiro tempo.\u00a0<img loading=\"lazy\" decoding=\"async\" class=\"alignright size-medium wp-image-3517\" alt=\"Geilson_CampeonatoFeirensedeFutebolAmador (11)\" src=\"http:\/\/blogdafeira.com.br\/home\/wp-content\/uploads\/2013\/07\/Geilson_CampeonatoFeirensedeFutebolAmador-11-346x221.jpg\" width=\"346\" height=\"221\" srcset=\"https:\/\/blogdafeira.com.br\/home\/wp-content\/uploads\/2013\/07\/Geilson_CampeonatoFeirensedeFutebolAmador-11-346x221.jpg 346w, https:\/\/blogdafeira.com.br\/home\/wp-content\/uploads\/2013\/07\/Geilson_CampeonatoFeirensedeFutebolAmador-11-170x108.jpg 170w, https:\/\/blogdafeira.com.br\/home\/wp-content\/uploads\/2013\/07\/Geilson_CampeonatoFeirensedeFutebolAmador-11.jpg 640w\" sizes=\"auto, (max-width: 346px) 100vw, 346px\" \/><\/p><div id=\"blogd-110194915\" class=\"blogd-conteudo-2-mobile blogd-entity-placement\"><a href=\"https:\/\/feirenses.com.br\/\" target=\"_blank\" aria-label=\"feirenses\"><img loading=\"lazy\" decoding=\"async\" src=\"https:\/\/blogdafeira.com.br\/home\/wp-content\/uploads\/2026\/04\/feirenses.png\" alt=\"\"  srcset=\"https:\/\/blogdafeira.com.br\/home\/wp-content\/uploads\/2026\/04\/feirenses.png 300w, https:\/\/blogdafeira.com.br\/home\/wp-content\/uploads\/2026\/04\/feirenses-170x45.png 170w, https:\/\/blogdafeira.com.br\/home\/wp-content\/uploads\/2026\/04\/feirenses-280x74.png 280w\" sizes=\"(max-width: 300px) 100vw, 300px\" class=\"no-lazyload\" width=\"300\" height=\"79\"  style=\"display: inline-block;\" \/><\/a><\/div>\n<p>A partida, realizada na Vila Ol\u00edmpica dos Amadores Edval Souza, contou com a presen\u00e7a de um grande p\u00fablico, composto principalmente por torcedores dos dois times, que est\u00e3o entre os mais tradicionais da cidade.<\/p>\n<p>O encerramento do torneio perdeu um pouco do brilho e espontaneidade por conta de uma \u201csugest\u00e3o\u201d do prefeito Jos\u00e9 Ronaldo de Carvalho, que provavelmente, preocupado com outros compromissos que ainda tinha, prop\u00f4s que os discursos n\u00e3o fossem \u00a0realizados, nem pelos respons\u00e1veis pela entrega dos trof\u00e9us, nem t\u00e3o pouco pelos premiados.<\/p>\n<p>Para n\u00e3o provocar um constrangimento, o cerimonial e a dire\u00e7\u00e3o da Liga Feirense de Desportos (LFD) prosseguiram com a premia\u00e7\u00e3o, acatando o modelo \u201csugerido\u201d pelo prefeito. Dessa forma, nem mesmo os campe\u00f5es tiveram a oportunidade de agradecer aos organizadores do evento, a torcida e aos demais presentes.<\/p>\n<p>\u00c9 v\u00e1lido pontuar que estava prevista a entrega de muitos pr\u00eamios, no entanto, como um evento com aquele perfil ocorre apenas uma vez por ano, nada mais justo do que realiz\u00e1-lo plenamente, dando voz aos seus participantes.<\/p>\n<div id=\"blogd-4207446161\" class=\"blogd-final-post blogd-entity-placement\"><a href=\"https:\/\/www.feiradesantana.ba.leg.br\/\" target=\"_blank\" aria-label=\"BANNER-SITE-ENTREGADECHEQUE-CAMARADEFEIRA\"><img loading=\"lazy\" decoding=\"async\" src=\"https:\/\/blogdafeira.com.br\/home\/wp-content\/uploads\/2026\/03\/BANNER-SITE-ENTREGADECHEQUE-CAMARADEFEIRA.gif\" alt=\"\"  class=\"no-lazyload\" width=\"728\" height=\"90\"   \/><\/a><\/div><p><strong>Elsimar Pond\u00e9<br \/>\n<\/strong><a href=\"mailto:elsimarponde@blogdafeira.com.br\">elsimarponde@blogdafeira.com.br<\/a><\/p>\n<p>&nbsp;<\/p>\n<p>&nbsp;<\/p>\n","protected":false},"excerpt":{"rendered":"<p>O Riachuelo conquistou neste domingo (14), o Campeonato Feirense de Amadores 2013. A equipe do bairro da Bara\u00fana bateu o 2 de Julho do Tomba por 1 a 0, gol marcado pelo jogador Fal, ainda no primeiro tempo.\u00a0 A partida, realizada na Vila Ol\u00edmpica dos Amadores Edval Souza, contou com a presen\u00e7a de um grande<\/p>\n","protected":false},"author":1,"featured_media":0,"comment_status":"closed","ping_status":"closed","sticky":false,"template":"","format":"standard","meta":{"jetpack_post_was_ever_published":false,"cybocfi_hide_featured_image":"","_jetpack_newsletter_access":"","_jetpack_dont_email_post_to_subs":false,"_jetpack_newsletter_tier_id":0,"_jetpack_memberships_contains_paywalled_content":false,"_jetpack_memberships_contains_paid_content":false,"footnotes":"","jetpack_publicize_message":"","jetpack_publicize_feature_enabled":true,"jetpack_social_post_already_shared":true,"jetpack_social_options":{"image_generator_settings":{"template":"highway","default_image_id":0,"font":"","enabled":false},"version":2}},"categories":[1],"tags":[],"class_list":["post-3514","post","type-post","status-publish","format-standard","hentry","category-raiz"],"jetpack_publicize_connections":[],"jetpack_featured_media_url":"","jetpack_shortlink":"https:\/\/wp.me\/p3niVf-UG","jetpack_sharing_enabled":true,"jetpack-related-posts":[{"id":3520,"url":"https:\/\/blogdafeira.com.br\/home\/2013\/07\/14\/profissionais-de-imprensa-foram-homenageados-na-final-do-campeonato-da-liga-feirense\/","url_meta":{"origin":3514,"position":0},"title":"Profissionais de imprensa foram homenageados na final do campeonato da Liga Feirense","author":"Blog da Feira","date":"14\/07\/2013","format":false,"excerpt":"Depois de 12 anos, o Riachuelo, da Bara\u00fana, voltou a conquista o Campeonato da Liga Feirense de Amadores (LFD). Esta foi a terceira vez que a equipe, que possui as mesmas cores da bandeira de Feira de Santana, levantou o torneio. Tamb\u00e9m foram premiados o time vice-campe\u00e3o, 2 de Julho,\u2026","rel":"","context":"Em &quot;Home&quot;","block_context":{"text":"Home","link":"https:\/\/blogdafeira.com.br\/home\/categoria\/raiz\/"},"img":{"alt_text":"","src":"","width":0,"height":0},"classes":[]},{"id":22002,"url":"https:\/\/blogdafeira.com.br\/home\/2016\/06\/15\/futebol-amador-em-feira-esta-de-parabens-a-lfd-completa-74-anos\/","url_meta":{"origin":3514,"position":1},"title":"Futebol amador em Feira est\u00e1 de parab\u00e9ns: a LFD completa 74 anos","author":"Blog da Feira","date":"15\/06\/2016","format":false,"excerpt":"A Liga Feirense de Desportos, entidade do futebol amador em Feira de Santana, \u00a0completa 74 anos de exist\u00eancia no pr\u00f3ximo dia 17,sexta-feira. A LFD viveu a \u00e9poca gloriosa do futebol\u00a0amador\u00a0em Feira de Santana quando foi inaugurado o Est\u00e1dio Almachio Boaventura em 1953 e o Fluminense sagrava-se Tricampe\u00e3o Feirense.Ap\u00f3s inaugura\u00e7\u00e3o do\u2026","rel":"","context":"Em &quot;Home&quot;","block_context":{"text":"Home","link":"https:\/\/blogdafeira.com.br\/home\/categoria\/raiz\/"},"img":{"alt_text":"iram\u00e1","src":"https:\/\/i0.wp.com\/blogdafeira.com.br\/home\/wp-content\/uploads\/2016\/06\/iram%C3%A1.jpg?resize=350%2C200","width":350,"height":200},"classes":[]},{"id":69957,"url":"https:\/\/blogdafeira.com.br\/home\/2025\/10\/27\/juventude-ganha-campeonato-de-futebol-amador-do-distrito-da-matinha\/","url_meta":{"origin":3514,"position":2},"title":"Juventude ganha campeonato de futebol amador do distrito da Matinha","author":"Blog da Feira","date":"27\/10\/2025","format":false,"excerpt":"As torcidas dos times Juventude, do povoado Candeal II, e Desmantelo, da Moita da On\u00e7a, lotaram, neste domingo, a Arena Matinha \u2014 nome popular do Est\u00e1dio Severino Ferreira \u2014 para assistir \u00e0 partida final do Campeonato da Matinha. O campe\u00e3o foi o Juventude O certame, realizado pela 20\u00aa vez, contou\u2026","rel":"","context":"Em &quot;Esporte&quot;","block_context":{"text":"Esporte","link":"https:\/\/blogdafeira.com.br\/home\/categoria\/esporte\/"},"img":{"alt_text":"","src":"https:\/\/i0.wp.com\/blogdafeira.com.br\/home\/wp-content\/uploads\/2025\/10\/FINAL-CAMPEONATO-DA-MATINHA-FOTO-VALDENIR-LIMA-136.jpeg?resize=350%2C200&ssl=1","width":350,"height":200,"srcset":"https:\/\/i0.wp.com\/blogdafeira.com.br\/home\/wp-content\/uploads\/2025\/10\/FINAL-CAMPEONATO-DA-MATINHA-FOTO-VALDENIR-LIMA-136.jpeg?resize=350%2C200&ssl=1 1x, https:\/\/i0.wp.com\/blogdafeira.com.br\/home\/wp-content\/uploads\/2025\/10\/FINAL-CAMPEONATO-DA-MATINHA-FOTO-VALDENIR-LIMA-136.jpeg?resize=525%2C300&ssl=1 1.5x, https:\/\/i0.wp.com\/blogdafeira.com.br\/home\/wp-content\/uploads\/2025\/10\/FINAL-CAMPEONATO-DA-MATINHA-FOTO-VALDENIR-LIMA-136.jpeg?resize=700%2C400&ssl=1 2x, https:\/\/i0.wp.com\/blogdafeira.com.br\/home\/wp-content\/uploads\/2025\/10\/FINAL-CAMPEONATO-DA-MATINHA-FOTO-VALDENIR-LIMA-136.jpeg?resize=1050%2C600&ssl=1 3x"},"classes":[]},{"id":29189,"url":"https:\/\/blogdafeira.com.br\/home\/2018\/03\/08\/loja-riachuelo-foi-alvo-de-protesto-das-mulheres-em-passeata-pelo-centro-de-feira-de-santana\/","url_meta":{"origin":3514,"position":3},"title":"Loja Riachuelo foi alvo de protesto das mulheres em passeata pelo centro de Feira de Santana","author":"Blog da Feira","date":"08\/03\/2018","format":false,"excerpt":"A loja Riachuelo foi alvo de protesto das mulheres que participavam da passeata do dia 8 de Mar\u00e7o, o Dia Internacional da Mulher, na avenida Senhor dos Passos no centro de Feira de Santana. Aos gritos de ''machista' e 'golpista', a passeata parou alguns instantes defronte \u00e0 loja dessa rede\u2026","rel":"","context":"Em &quot;Home&quot;","block_context":{"text":"Home","link":"https:\/\/blogdafeira.com.br\/home\/categoria\/raiz\/"},"img":{"alt_text":"","src":"https:\/\/i0.wp.com\/blogdafeira.com.br\/home\/wp-content\/uploads\/2018\/03\/IMG_20180308_114649074-1024x768.jpg?resize=350%2C200","width":350,"height":200,"srcset":"https:\/\/i0.wp.com\/blogdafeira.com.br\/home\/wp-content\/uploads\/2018\/03\/IMG_20180308_114649074-1024x768.jpg?resize=350%2C200 1x, https:\/\/i0.wp.com\/blogdafeira.com.br\/home\/wp-content\/uploads\/2018\/03\/IMG_20180308_114649074-1024x768.jpg?resize=525%2C300 1.5x, https:\/\/i0.wp.com\/blogdafeira.com.br\/home\/wp-content\/uploads\/2018\/03\/IMG_20180308_114649074-1024x768.jpg?resize=700%2C400 2x"},"classes":[]},{"id":63141,"url":"https:\/\/blogdafeira.com.br\/home\/2024\/08\/07\/prra-de-olimpiada-ou-desventuras-do-futebol-feirense\/","url_meta":{"origin":3514,"position":4},"title":"\u201cP*rra de Olimp\u00edada\u201d ou desventuras do futebol feirense","author":"Andr\u00e9 Pomponet","date":"07\/08\/2024","format":false,"excerpt":"- P*rra de Olimp\u00edada! P*rra de Olimp\u00edada! O sujeito encrespou, visivelmente chateado. Parece que fazia hora ali no Largo S\u00e3o Francisco, sob as esguias \u00e1rvores catingueiras. Os galhos t\u00eanues das copas filtravam a luz morna do inverno. Bermuda estampada, camiseta reluzente do Fluminense de Feira. \u201cMas tor\u00e7o sobretudo pelo futebol\u2026","rel":"","context":"Post similar","block_context":{"text":"Post similar","link":""},"img":{"alt_text":"","src":"https:\/\/i0.wp.com\/blogdafeira.com.br\/home\/wp-content\/uploads\/2024\/08\/camisa-wa-sport-fluminense-de-feira-ii-2018-44630-4-20210806214808.jpg.jpeg?resize=350%2C200&ssl=1","width":350,"height":200,"srcset":"https:\/\/i0.wp.com\/blogdafeira.com.br\/home\/wp-content\/uploads\/2024\/08\/camisa-wa-sport-fluminense-de-feira-ii-2018-44630-4-20210806214808.jpg.jpeg?resize=350%2C200&ssl=1 1x, https:\/\/i0.wp.com\/blogdafeira.com.br\/home\/wp-content\/uploads\/2024\/08\/camisa-wa-sport-fluminense-de-feira-ii-2018-44630-4-20210806214808.jpg.jpeg?resize=525%2C300&ssl=1 1.5x, https:\/\/i0.wp.com\/blogdafeira.com.br\/home\/wp-content\/uploads\/2024\/08\/camisa-wa-sport-fluminense-de-feira-ii-2018-44630-4-20210806214808.jpg.jpeg?resize=700%2C400&ssl=1 2x"},"classes":[]},{"id":58205,"url":"https:\/\/blogdafeira.com.br\/home\/2023\/06\/16\/deputado-registra-os-81-anos-da-liga-feirense-de-desportos\/","url_meta":{"origin":3514,"position":5},"title":"Deputado registra os 81 anos da Liga Feirense de Desportos","author":"Blog da Feira","date":"16\/06\/2023","format":false,"excerpt":"Sempre envolvido no esporte amador, o deputado estadual Binho Galinha (Patriota \u2013 foto ilustra\u00e7\u00e3o) apresentou Mo\u00e7\u00e3o de Parab\u00e9ns na Assembleia Legislativa da Bahia (AL-BA), fazendo o registro da Liga Feirense de Desportos (LFD) que hoje (16) completa 81 anos de funda\u00e7\u00e3o. \u201cConsiderada como uma das mais importantes e antigas associa\u00e7\u00f5es\u2026","rel":"","context":"Em &quot;Home&quot;","block_context":{"text":"Home","link":"https:\/\/blogdafeira.com.br\/home\/categoria\/raiz\/"},"img":{"alt_text":"","src":"https:\/\/i0.wp.com\/blogdafeira.com.br\/home\/wp-content\/uploads\/2023\/06\/IMG-20230616-WA0050-678x381-1.jpg?resize=350%2C200&ssl=1","width":350,"height":200,"srcset":"https:\/\/i0.wp.com\/blogdafeira.com.br\/home\/wp-content\/uploads\/2023\/06\/IMG-20230616-WA0050-678x381-1.jpg?resize=350%2C200&ssl=1 1x, https:\/\/i0.wp.com\/blogdafeira.com.br\/home\/wp-content\/uploads\/2023\/06\/IMG-20230616-WA0050-678x381-1.jpg?resize=525%2C300&ssl=1 1.5x"},"classes":[]}],"_links":{"self":[{"href":"https:\/\/blogdafeira.com.br\/home\/wp-json\/wp\/v2\/posts\/3514","targetHints":{"allow":["GET"]}}],"collection":[{"href":"https:\/\/blogdafeira.com.br\/home\/wp-json\/wp\/v2\/posts"}],"about":[{"href":"https:\/\/blogdafeira.com.br\/home\/wp-json\/wp\/v2\/types\/post"}],"author":[{"embeddable":true,"href":"https:\/\/blogdafeira.com.br\/home\/wp-json\/wp\/v2\/users\/1"}],"replies":[{"embeddable":true,"href":"https:\/\/blogdafeira.com.br\/home\/wp-json\/wp\/v2\/comments?post=3514"}],"version-history":[{"count":4,"href":"https:\/\/blogdafeira.com.br\/home\/wp-json\/wp\/v2\/posts\/3514\/revisions"}],"predecessor-version":[{"id":3516,"href":"https:\/\/blogdafeira.com.br\/home\/wp-json\/wp\/v2\/posts\/3514\/revisions\/3516"}],"wp:attachment":[{"href":"https:\/\/blogdafeira.com.br\/home\/wp-json\/wp\/v2\/media?parent=3514"}],"wp:term":[{"taxonomy":"category","embeddable":true,"href":"https:\/\/blogdafeira.com.br\/home\/wp-json\/wp\/v2\/categories?post=3514"},{"taxonomy":"post_tag","embeddable":true,"href":"https:\/\/blogdafeira.com.br\/home\/wp-json\/wp\/v2\/tags?post=3514"}],"curies":[{"name":"wp","href":"https:\/\/api.w.org\/{rel}","templated":true}]}}