{"id":3546,"date":"2013-07-15T18:39:14","date_gmt":"2013-07-15T21:39:14","guid":{"rendered":"http:\/\/blogdafeira.com.br\/home\/?p=3546"},"modified":"2013-07-15T18:44:16","modified_gmt":"2013-07-15T21:44:16","slug":"fabrica-de-laticinios-nestle-ficara-em-area-de-humildes","status":"publish","type":"post","link":"https:\/\/blogdafeira.com.br\/home\/2013\/07\/15\/fabrica-de-laticinios-nestle-ficara-em-area-de-humildes\/","title":{"rendered":"F\u00e1brica de latic\u00ednios Nestl\u00e9 ficar\u00e1 em \u00e1rea de Humildes"},"content":{"rendered":"<div id=\"blogd-4032305697\" class=\"blogd-fim-do-post-mobile blogd-entity-placement\" style=\"margin-left: auto;margin-right: auto;text-align: center;\"><a href=\"https:\/\/expofeira.ba.gov.br\/\" target=_blank><picture>\r\n  <source media=\"(min-width: 768px)\" srcset=\"https:\/\/blogdafeira.com.br\/home\/wp-content\/uploads\/2026\/08\/980x1503.gif\">\r\n  \r\n  <img decoding=\"async\" src=\"https:\/\/blogdafeira.com.br\/home\/wp-content\/uploads\/2026\/08\/350x2005.gif\" alt=\"Publicidade\" style=\"width: 100%; max-width: 100%; height: auto; display: block; margin: 0 auto;\">\r\n\t<\/picture><\/a><\/div><p><img loading=\"lazy\" decoding=\"async\" class=\"aligncenter size-full wp-image-3558\" alt=\"Feira-de-Santana-Nestl\u00e9-18\" src=\"http:\/\/blogdafeira.com.br\/home\/wp-content\/uploads\/2013\/07\/Feira-de-Santana-Nestl\u00e9-181.jpg\" width=\"640\" height=\"371\" srcset=\"https:\/\/blogdafeira.com.br\/home\/wp-content\/uploads\/2013\/07\/Feira-de-Santana-Nestl\u00e9-181.jpg 640w, https:\/\/blogdafeira.com.br\/home\/wp-content\/uploads\/2013\/07\/Feira-de-Santana-Nestl\u00e9-181-170x98.jpg 170w, https:\/\/blogdafeira.com.br\/home\/wp-content\/uploads\/2013\/07\/Feira-de-Santana-Nestl\u00e9-181-346x200.jpg 346w\" sizes=\"auto, (max-width: 640px) 100vw, 640px\" \/>A f\u00e1brica de latic\u00ednios Nestl\u00e9 e diversas outras ind\u00fastrias localizadas nas proximidades ou \u00e0 margem da BR-324 ser\u00e3o incorporadas ao territ\u00f3rio de Humildes caso o distrito venha a se emancipar de Feira de Santana.<\/p>\n<p>Mas o presidente da Comiss\u00e3o de Humildes, Jos\u00e9 Nery, alerta que as perdas de Feira de Santana ser\u00e3o muito poucas, tendo em vista que a grande receita tribut\u00e1ria do munic\u00edpio feirense vem do ICMS.<\/p>\n<div id=\"blogd-1747334257\" class=\"blogd-final-post blogd-entity-placement\"><a href=\"https:\/\/www.feiradesantana.ba.leg.br\/\" target=\"_blank\" aria-label=\"BANNER-SITE_CA\u0302MARA_AGOSTO_728x90px\"><img loading=\"lazy\" decoding=\"async\" src=\"https:\/\/blogdafeira.com.br\/home\/wp-content\/uploads\/2026\/03\/BANNER-SITE_CAMARA_AGOSTO_728x90px.gif\" alt=\"\"  class=\"no-lazyload\" width=\"728\" height=\"90\"   \/><\/a><\/div><p>Nery tamb\u00e9m comenta sobre o Fundo de Participa\u00e7\u00e3o dos Munic\u00edpios: como a popula\u00e7\u00e3o do novo munic\u00edpio no m\u00e1ximo atualmente alcan\u00e7ar\u00e1 30 mil habitantes, a perda nessa receita de Feira ser\u00e1 m\u00ednima. (<strong>JR)<\/strong><\/p>\n","protected":false},"excerpt":{"rendered":"<p>A f\u00e1brica de latic\u00ednios Nestl\u00e9 e diversas outras ind\u00fastrias localizadas nas proximidades ou \u00e0 margem da BR-324 ser\u00e3o incorporadas ao territ\u00f3rio de Humildes caso o distrito venha a se emancipar de Feira de Santana. Mas o presidente da Comiss\u00e3o de Humildes, Jos\u00e9 Nery, alerta que as perdas de Feira de Santana ser\u00e3o muito poucas, tendo<\/p>\n","protected":false},"author":1,"featured_media":0,"comment_status":"closed","ping_status":"closed","sticky":false,"template":"","format":"standard","meta":{"cybocfi_hide_featured_image":"","_jetpack_newsletter_access":"","_jetpack_dont_email_post_to_subs":false,"_jetpack_newsletter_tier_id":0,"_jetpack_memberships_contains_paywalled_content":false,"_jetpack_memberships_contains_paid_content":false,"footnotes":"","jetpack_publicize_message":"","jetpack_publicize_feature_enabled":true,"jetpack_social_post_already_shared":true,"jetpack_social_options":{"image_generator_settings":{"template":"highway","default_image_id":0,"font":"","enabled":false},"version":2},"jetpack_post_was_ever_published":false},"categories":[1],"tags":[],"class_list":["post-3546","post","type-post","status-publish","format-standard","hentry","category-raiz"],"jetpack_publicize_connections":[],"jetpack_featured_media_url":"","jetpack_shortlink":"https:\/\/wp.me\/p3niVf-Vc","jetpack_sharing_enabled":true,"jetpack-related-posts":[{"id":58641,"url":"https:\/\/blogdafeira.com.br\/home\/2023\/07\/13\/humildes-comemorou-164-anos\/","url_meta":{"origin":3546,"position":0},"title":"Humildes comemora 164 anos de exist\u00eancia","author":"Blog da Feira","date":"13\/07\/2023","format":false,"excerpt":"O distrito de Humildes comemorou hoje (quinta-feira ,13) 164 anos. Humildes \u00e9 um distrito do munic\u00edpio baiano de Feira de Santana, o \u00fanico dos oito existe tes no munic\u00edpio que se localiza fora do pol\u00edgono das secas, e conta com uma popula\u00e7\u00e3o de quase 35 mil habitantes. Uma missa presidida\u2026","rel":"","context":"Em &quot;Distritos&quot;","block_context":{"text":"Distritos","link":"https:\/\/blogdafeira.com.br\/home\/categoria\/distritos\/"},"img":{"alt_text":"","src":"https:\/\/i0.wp.com\/blogdafeira.com.br\/home\/wp-content\/uploads\/2023\/07\/Missa-pelos-164-anos-de-Humildes-Foto-ACM-1.jpg?resize=350%2C200&ssl=1","width":350,"height":200,"srcset":"https:\/\/i0.wp.com\/blogdafeira.com.br\/home\/wp-content\/uploads\/2023\/07\/Missa-pelos-164-anos-de-Humildes-Foto-ACM-1.jpg?resize=350%2C200&ssl=1 1x, https:\/\/i0.wp.com\/blogdafeira.com.br\/home\/wp-content\/uploads\/2023\/07\/Missa-pelos-164-anos-de-Humildes-Foto-ACM-1.jpg?resize=525%2C300&ssl=1 1.5x, https:\/\/i0.wp.com\/blogdafeira.com.br\/home\/wp-content\/uploads\/2023\/07\/Missa-pelos-164-anos-de-Humildes-Foto-ACM-1.jpg?resize=700%2C400&ssl=1 2x, https:\/\/i0.wp.com\/blogdafeira.com.br\/home\/wp-content\/uploads\/2023\/07\/Missa-pelos-164-anos-de-Humildes-Foto-ACM-1.jpg?resize=1050%2C600&ssl=1 3x"},"classes":[]},{"id":5771,"url":"https:\/\/blogdafeira.com.br\/home\/2013\/10\/28\/luta-pela-emancipacao-de-humildes-continua-diz-nery\/","url_meta":{"origin":3546,"position":1},"title":"Luta pela emancipa\u00e7\u00e3o de Humildes continua, diz Nery","author":"Blog da Feira","date":"28\/10\/2013","format":false,"excerpt":"A luta para tornar o distrito de Humildes em um munic\u00edpio continua, disse um dos l\u00edderes do movimento emancipat\u00f3rio, o ex-vereador Jos\u00e9 Nery. Nery disse que o Movimento agora aguarda a lei complementar do Estado da Bahia que ir\u00e1 definir as regras para a cria\u00e7\u00e3o de novos munic\u00edpios. O ex-vereador\u2026","rel":"","context":"Em &quot;Home&quot;","block_context":{"text":"Home","link":"https:\/\/blogdafeira.com.br\/home\/categoria\/raiz\/"},"img":{"alt_text":"","src":"","width":0,"height":0},"classes":[]},{"id":2451,"url":"https:\/\/blogdafeira.com.br\/home\/2013\/06\/10\/jose-nery-preside-a-comissao-pela-emancipacao-do-distrito-de-humildes\/","url_meta":{"origin":3546,"position":2},"title":"Jos\u00e9 Nery preside a comiss\u00e3o pela emancipa\u00e7\u00e3o do distrito de Humildes","author":"Blog da Feira","date":"10\/06\/2013","format":false,"excerpt":"Uma reuni\u00e3o na sede da associa\u00e7\u00e3o Uni\u00e3o e Defesa dos moradores de Humildes, elegeu a comiss\u00e3o pr\u00f3-emancipa\u00e7\u00e3o deste distrito rural de Feira de Santana. A Comiss\u00e3o \u00e9 formada por:\u00a0Presidente - Jose Ferreira Nery;Vice-presidente - Ubaldo Oliveira;\u00a01\u00aa Secretaria- Lucia Elizabeth;\u00a02\u00aa Secretaria - Lilia Pimenta;\u00a01\u00ba Tesoureiro - Jo\u00e3o Batista;\u00a02\u00ba Tesoureiro - Eponina\u2026","rel":"","context":"Em &quot;Cidade&quot;","block_context":{"text":"Cidade","link":"https:\/\/blogdafeira.com.br\/home\/categoria\/cidade\/"},"img":{"alt_text":"z nery","src":"https:\/\/i0.wp.com\/blogdafeira.com.br\/home\/wp-content\/uploads\/2013\/06\/z-nery-170x127.jpg?resize=350%2C200","width":350,"height":200},"classes":[]},{"id":73373,"url":"https:\/\/blogdafeira.com.br\/home\/2026\/07\/27\/fabrica-da-nestle-em-feira-implanta-plataforma-de-treinamento-com-inteligencia-artificial\/","url_meta":{"origin":3546,"position":3},"title":"F\u00e1brica da Nestl\u00e9 em Feira implanta plataforma de treinamento com Intelig\u00eancia artificial","author":"Blog da Feira","date":"27\/07\/2026","format":false,"excerpt":"Para ampliar o engajamento e a capacita\u00e7\u00e3o dos colaboradores na f\u00e1brica de Feira de Santana, a Nestl\u00e9 leva para a unidade sua primeira plataforma de treinamento que integra realidade virtual e intelig\u00eancia artificial. Batizada de Nesverso, a ferramenta complementa o modelo tradicional de treinamentos presenciais e oferece uma experi\u00eancia imersiva\u2026","rel":"","context":"Em &quot;Destaques&quot;","block_context":{"text":"Destaques","link":"https:\/\/blogdafeira.com.br\/home\/categoria\/destaques\/"},"img":{"alt_text":"","src":"https:\/\/i0.wp.com\/blogdafeira.com.br\/home\/wp-content\/uploads\/2026\/07\/54b587c425861c9f86c3e7829dcfb2ef.jpg?resize=350%2C200&ssl=1","width":350,"height":200,"srcset":"https:\/\/i0.wp.com\/blogdafeira.com.br\/home\/wp-content\/uploads\/2026\/07\/54b587c425861c9f86c3e7829dcfb2ef.jpg?resize=350%2C200&ssl=1 1x, https:\/\/i0.wp.com\/blogdafeira.com.br\/home\/wp-content\/uploads\/2026\/07\/54b587c425861c9f86c3e7829dcfb2ef.jpg?resize=525%2C300&ssl=1 1.5x, https:\/\/i0.wp.com\/blogdafeira.com.br\/home\/wp-content\/uploads\/2026\/07\/54b587c425861c9f86c3e7829dcfb2ef.jpg?resize=700%2C400&ssl=1 2x"},"classes":[]},{"id":5607,"url":"https:\/\/blogdafeira.com.br\/home\/2013\/10\/17\/lei-aprovada-no-senado-facilita-a-emancipacao-do-distrito-de-humildes-de-feira\/","url_meta":{"origin":3546,"position":4},"title":"Lei aprovada no Senado facilita a emancipa\u00e7\u00e3o do distrito de Humildes de Feira","author":"Blog da Feira","date":"17\/10\/2013","format":false,"excerpt":"A emancipa\u00e7\u00e3o do distrito de Humildes do munic\u00edpio de Feira de Santana agora est\u00e1 mais f\u00e1cil. Ontem uma Lei aprovada no Senado vai permitir a cria\u00e7\u00e3o de novos munic\u00edpios, entre os quais Humildes. A movimenta\u00e7\u00e3o pela emancipa\u00e7\u00e3o de Humildes est\u00e1 sendo liderada por Jos\u00e9 Nery e diversas reuni\u00f5es da comiss\u00e3o\u2026","rel":"","context":"Em &quot;Home&quot;","block_context":{"text":"Home","link":"https:\/\/blogdafeira.com.br\/home\/categoria\/raiz\/"},"img":{"alt_text":"","src":"","width":0,"height":0},"classes":[]},{"id":4406,"url":"https:\/\/blogdafeira.com.br\/home\/2013\/08\/19\/seminario-fortalece-movimento-pela-emancipacao-de-humildes\/","url_meta":{"origin":3546,"position":5},"title":"Semin\u00e1rio fortalece movimento pela emancipa\u00e7\u00e3o de Humildes","author":"Blog da Feira","date":"19\/08\/2013","format":false,"excerpt":"A realiza\u00e7\u00e3o do Semin\u00e1rio Regional de Emancipa\u00e7\u00e3o na Bahia, neste domingo, no distrito de Humildes, em Feira de Santana, fortaleceu o movimento de emancipa\u00e7\u00e3o do distrito feirense. Diversas autoridades pol\u00edticas, lideran\u00e7as pol\u00edticas e comunit\u00e1rias, representantes religiosos, comiss\u00f5es locais e de munic\u00edpios adjacentes, bem como grupos culturais e grande parte da\u2026","rel":"","context":"Em &quot;Home&quot;","block_context":{"text":"Home","link":"https:\/\/blogdafeira.com.br\/home\/categoria\/raiz\/"},"img":{"alt_text":"BLOG 12","src":"https:\/\/i0.wp.com\/blogdafeira.com.br\/home\/wp-content\/uploads\/2013\/08\/BLOG-12.jpg?resize=350%2C200","width":350,"height":200,"srcset":"https:\/\/i0.wp.com\/blogdafeira.com.br\/home\/wp-content\/uploads\/2013\/08\/BLOG-12.jpg?resize=350%2C200 1x, https:\/\/i0.wp.com\/blogdafeira.com.br\/home\/wp-content\/uploads\/2013\/08\/BLOG-12.jpg?resize=525%2C300 1.5x, https:\/\/i0.wp.com\/blogdafeira.com.br\/home\/wp-content\/uploads\/2013\/08\/BLOG-12.jpg?resize=700%2C400 2x"},"classes":[]}],"_links":{"self":[{"href":"https:\/\/blogdafeira.com.br\/home\/wp-json\/wp\/v2\/posts\/3546","targetHints":{"allow":["GET"]}}],"collection":[{"href":"https:\/\/blogdafeira.com.br\/home\/wp-json\/wp\/v2\/posts"}],"about":[{"href":"https:\/\/blogdafeira.com.br\/home\/wp-json\/wp\/v2\/types\/post"}],"author":[{"embeddable":true,"href":"https:\/\/blogdafeira.com.br\/home\/wp-json\/wp\/v2\/users\/1"}],"replies":[{"embeddable":true,"href":"https:\/\/blogdafeira.com.br\/home\/wp-json\/wp\/v2\/comments?post=3546"}],"version-history":[{"count":4,"href":"https:\/\/blogdafeira.com.br\/home\/wp-json\/wp\/v2\/posts\/3546\/revisions"}],"predecessor-version":[{"id":3556,"href":"https:\/\/blogdafeira.com.br\/home\/wp-json\/wp\/v2\/posts\/3546\/revisions\/3556"}],"wp:attachment":[{"href":"https:\/\/blogdafeira.com.br\/home\/wp-json\/wp\/v2\/media?parent=3546"}],"wp:term":[{"taxonomy":"category","embeddable":true,"href":"https:\/\/blogdafeira.com.br\/home\/wp-json\/wp\/v2\/categories?post=3546"},{"taxonomy":"post_tag","embeddable":true,"href":"https:\/\/blogdafeira.com.br\/home\/wp-json\/wp\/v2\/tags?post=3546"}],"curies":[{"name":"wp","href":"https:\/\/api.w.org\/{rel}","templated":true}]}}