{"id":35535,"date":"2020-02-19T06:57:54","date_gmt":"2020-02-19T09:57:54","guid":{"rendered":"https:\/\/blogdafeira.com.br\/home\/?p=35535"},"modified":"2020-04-22T13:41:48","modified_gmt":"2020-04-22T16:41:48","slug":"o-que-vem-pela-frente-e-uma-crise-sem-precedentes","status":"publish","type":"post","link":"https:\/\/blogdafeira.com.br\/home\/2020\/02\/19\/o-que-vem-pela-frente-e-uma-crise-sem-precedentes\/","title":{"rendered":"O que vem pela frente \u00e9 uma crise sem precedentes"},"content":{"rendered":"<div id=\"blogd-1051610831\" class=\"blogd-fim-do-post-mobile blogd-entity-placement\" style=\"margin-left: auto;margin-right: auto;text-align: center;\"><a href=\"https:\/\/www.sefaz.feiradesantana.ba.gov.br\/\" target=\"_blank\" aria-label=\"728&#215;90 (6)\"><img loading=\"lazy\" decoding=\"async\" src=\"https:\/\/blogdafeira.com.br\/home\/wp-content\/uploads\/2026\/03\/728x90-6.gif\" alt=\"\"  class=\"no-lazyload\" width=\"728\" height=\"90\"  style=\"display: inline-block;\" \/><\/a><\/div><p><em>por\u00a0 Ant\u00f4nio Rosevaldo<\/em><\/p><div id=\"blogd-181175709\" class=\"blogd-conteudo-2-mobile blogd-entity-placement\"><a href=\"https:\/\/feirenses.com.br\/\" target=\"_blank\" aria-label=\"feirenses\"><img loading=\"lazy\" decoding=\"async\" src=\"https:\/\/blogdafeira.com.br\/home\/wp-content\/uploads\/2026\/04\/feirenses.png\" alt=\"\"  srcset=\"https:\/\/blogdafeira.com.br\/home\/wp-content\/uploads\/2026\/04\/feirenses.png 300w, https:\/\/blogdafeira.com.br\/home\/wp-content\/uploads\/2026\/04\/feirenses-170x45.png 170w, https:\/\/blogdafeira.com.br\/home\/wp-content\/uploads\/2026\/04\/feirenses-280x74.png 280w\" sizes=\"(max-width: 300px) 100vw, 300px\" class=\"no-lazyload\" width=\"300\" height=\"79\"  style=\"display: inline-block;\" \/><\/a><\/div>\n<p>N\u00e3o adianta algu\u00e9m se indignar com o xingamento e machismo do cara na presid\u00eancia. N\u00e3o vou aqui chamar de presidente, afinal ele \u00e9 muito fraco, posso at\u00e9 afirmar que ele ser\u00e1 considerado o pior presidente da hist\u00f3ria do Brasil . Mas n\u00e3o ser\u00e1 pelos atos indecorosos, afinal tem quem goste, basta ver os imbecis que riem e aplaudem suas grosserias matinais.<\/p>\n<p>Mas o que vem pela frente \u00e9 uma crise sem precedentes.O d\u00f3lar bateu R$4,36 e a\u00ed reside o trof\u00e9u abacaxi do cara que ocupa a presid\u00eancia.<\/p>\n<p>Com uma popula\u00e7\u00e3o de 40 milh\u00f5es de desempregados, subutilizados, desalentados,subocupados ou sem condi\u00e7\u00f5es f\u00edsicas de trabalhar e sem renda, o d\u00f3lar elevado pressiona a infla\u00e7\u00e3o de custos das empresas que dependem de importa\u00e7\u00f5es, e com a for\u00e7a de trabalho precarizada e a iminente chegada da infla\u00e7\u00e3o,a merda vai bater na canela da classe m\u00e9dia j\u00e1 envergonhada por ter batido panela,ir as ruas vestindo a camisa da corrupta CBF.<\/p>\n<p>E nem venham me falar em retomada do mercado de trabalho , pois a quase totalidade dos empregos gerados ano passado, foi na faixa de at\u00e9 1,5 sal\u00e1rio m\u00ednimo.<\/p>\n<p>E tamb\u00e9m n\u00e3o me venha dizer que &#8220;agora vai&#8221;, pois n\u00e3o vai nem com reza liberal, afinal um PIB de 0,89 %, bem menor que o 1,3% de Temer mostra que a desaleracao do \u00faltimo trimestre de 2019 vai nos jogar na crise e o cara que ocupa a presid\u00eancia na latrina da hist\u00f3ria .<\/p>\n<p>E, por fim, a ironia das ironias, quem est\u00e1 ainda segurando a chegada deste cen\u00e1rio rocambolesco, pasmem, s\u00e3o as reservas que est\u00e3o sendo queimadas, dia ap\u00f3s dia, sem conseguir segurar o c\u00e2mbio inclemente. Justamente as reservas deixadas por &#8220;tia Dilma&#8221;. E aqueles que diziam que o PT quebrou o Brasil , est\u00e3o usando e abusando da poupan\u00e7a da era petista.<\/p>\n<p>Melhor ir encontrar a solu\u00e7\u00e3o urgente num posto Ipiranga de verdade.<\/p>\n<div id=\"blogd-1924041852\" class=\"blogd-final-post blogd-entity-placement\"><a href=\"https:\/\/www.feiradesantana.ba.leg.br\/\" target=\"_blank\" aria-label=\"BANNER-SITE-ENTREGADECHEQUE-CAMARADEFEIRA\"><img loading=\"lazy\" decoding=\"async\" src=\"https:\/\/blogdafeira.com.br\/home\/wp-content\/uploads\/2026\/03\/BANNER-SITE-ENTREGADECHEQUE-CAMARADEFEIRA.gif\" alt=\"\"  class=\"no-lazyload\" width=\"728\" height=\"90\"   \/><\/a><\/div><p><strong>Antonio Rosevaldo Ferreira \u00e9 economista e professor universit\u00e1rio<\/strong><\/p>\n","protected":false},"excerpt":{"rendered":"<p>por\u00a0 Ant\u00f4nio Rosevaldo N\u00e3o adianta algu\u00e9m se indignar com o xingamento e machismo do cara na presid\u00eancia. N\u00e3o vou aqui chamar de presidente, afinal ele \u00e9 muito fraco, posso at\u00e9 afirmar que ele ser\u00e1 considerado o pior presidente da hist\u00f3ria do Brasil . Mas n\u00e3o ser\u00e1 pelos atos indecorosos, afinal tem quem goste, basta ver<\/p>\n","protected":false},"author":14,"featured_media":35545,"comment_status":"closed","ping_status":"closed","sticky":false,"template":"","format":"standard","meta":{"jetpack_post_was_ever_published":false,"cybocfi_hide_featured_image":"","_jetpack_newsletter_access":"","_jetpack_dont_email_post_to_subs":false,"_jetpack_newsletter_tier_id":0,"_jetpack_memberships_contains_paywalled_content":false,"_jetpack_memberships_contains_paid_content":false,"footnotes":"","jetpack_publicize_message":"","jetpack_publicize_feature_enabled":true,"jetpack_social_post_already_shared":true,"jetpack_social_options":{"image_generator_settings":{"template":"highway","default_image_id":0,"font":"","enabled":false},"version":2}},"categories":[592],"tags":[],"class_list":["post-35535","post","type-post","status-publish","format-standard","has-post-thumbnail","hentry","category-colunistas"],"jetpack_publicize_connections":[],"jetpack_featured_media_url":"https:\/\/blogdafeira.com.br\/home\/wp-content\/uploads\/2020\/02\/download-26.jpeg","jetpack_shortlink":"https:\/\/wp.me\/p3niVf-9f9","jetpack_sharing_enabled":true,"jetpack-related-posts":[{"id":51055,"url":"https:\/\/blogdafeira.com.br\/home\/2022\/03\/02\/marco-comeca-com-botijao-de-gas-mais-caro-na-bahia\/","url_meta":{"origin":35535,"position":0},"title":"Mar\u00e7o come\u00e7a com botij\u00e3o de g\u00e1s mais caro na Bahia","author":"Andr\u00e9 Pomponet","date":"02\/03\/2022","format":false,"excerpt":"A Quarta-Feira de Cinzas come\u00e7ou com a not\u00edcia de que o g\u00e1s de cozinha vai subir mais uma vez na Bahia. \u00c9 o segundo reajuste em menos de um m\u00eas. Com o aumento, o botij\u00e3o de 13 quilos vai passar dos R$ 120 em Salvador. Aqui na Feira de Santana,\u2026","rel":"","context":"Em &quot;Bahia&quot;","block_context":{"text":"Bahia","link":"https:\/\/blogdafeira.com.br\/home\/categoria\/bahia\/"},"img":{"alt_text":"","src":"https:\/\/i0.wp.com\/blogdafeira.com.br\/home\/wp-content\/uploads\/2021\/10\/images-8.jpeg?resize=350%2C200&ssl=1","width":350,"height":200},"classes":[]},{"id":16134,"url":"https:\/\/blogdafeira.com.br\/home\/2015\/08\/14\/dilma-diz-a-empresarios-que-inflacao-vai-baixar-e-pais-voltara-a-crescer\/","url_meta":{"origin":35535,"position":1},"title":"Dilma diz a empres\u00e1rios que infla\u00e7\u00e3o vai baixar e pa\u00eds voltar\u00e1 a crescer","author":"Blog da Feira","date":"14\/08\/2015","format":false,"excerpt":"Depois de participar da entrega de 1.480 unidades do programa Minha Casa Minha Vida, em Juazeiro, na Bahia,\u00a0 a presidenta Dilma Rousseff, ao lado do governador Rui Costa e do secret\u00e1rio de Desenvolvimento Econ\u00f4mico, Jorge Hereda, participou nesta sexta-feira (14.08) de\u00a0 um evento com 55 empres\u00e1rios em Salvador,\u00a0 no SENAI-Cimatec,\u2026","rel":"","context":"Em &quot;Home&quot;","block_context":{"text":"Home","link":"https:\/\/blogdafeira.com.br\/home\/categoria\/raiz\/"},"img":{"alt_text":"14082015-_T3A3409-Editar","src":"https:\/\/i0.wp.com\/blogdafeira.com.br\/home\/wp-content\/uploads\/2015\/08\/14082015-_T3A3409-Editar.jpg?resize=350%2C200","width":350,"height":200,"srcset":"https:\/\/i0.wp.com\/blogdafeira.com.br\/home\/wp-content\/uploads\/2015\/08\/14082015-_T3A3409-Editar.jpg?resize=350%2C200 1x, https:\/\/i0.wp.com\/blogdafeira.com.br\/home\/wp-content\/uploads\/2015\/08\/14082015-_T3A3409-Editar.jpg?resize=525%2C300 1.5x, https:\/\/i0.wp.com\/blogdafeira.com.br\/home\/wp-content\/uploads\/2015\/08\/14082015-_T3A3409-Editar.jpg?resize=700%2C400 2x"},"classes":[]},{"id":53166,"url":"https:\/\/blogdafeira.com.br\/home\/2022\/07\/05\/breve-analise-da-pec-kamikase\/","url_meta":{"origin":35535,"position":2},"title":"Breve an\u00e1lise da &#8216;Pec Kamikase&#8217;","author":"Antonio Rosevaldo","date":"05\/07\/2022","format":false,"excerpt":"Quando chegou o final da segunda guerra mundial, alguns pilotos japoneses, carregavam seus avi\u00f5es de explosivos e se atiravam em cima dos navios aliados tentando explodir os mesmos, era uma desesperada tentativa de reverter a derrota iminente. O suic\u00eddio daqueles jovens pilotos foi em v\u00e3o. Desde ent\u00e3o sempre que se\u2026","rel":"","context":"Em &quot;Colunistas&quot;","block_context":{"text":"Colunistas","link":"https:\/\/blogdafeira.com.br\/home\/categoria\/colunistas\/"},"img":{"alt_text":"","src":"https:\/\/i0.wp.com\/blogdafeira.com.br\/home\/wp-content\/uploads\/2022\/07\/IMG_20220528_181929_4712.jpg?resize=350%2C200&ssl=1","width":350,"height":200,"srcset":"https:\/\/i0.wp.com\/blogdafeira.com.br\/home\/wp-content\/uploads\/2022\/07\/IMG_20220528_181929_4712.jpg?resize=350%2C200&ssl=1 1x, https:\/\/i0.wp.com\/blogdafeira.com.br\/home\/wp-content\/uploads\/2022\/07\/IMG_20220528_181929_4712.jpg?resize=525%2C300&ssl=1 1.5x, https:\/\/i0.wp.com\/blogdafeira.com.br\/home\/wp-content\/uploads\/2022\/07\/IMG_20220528_181929_4712.jpg?resize=700%2C400&ssl=1 2x, https:\/\/i0.wp.com\/blogdafeira.com.br\/home\/wp-content\/uploads\/2022\/07\/IMG_20220528_181929_4712.jpg?resize=1050%2C600&ssl=1 3x"},"classes":[]},{"id":65636,"url":"https:\/\/blogdafeira.com.br\/home\/2025\/02\/12\/uma-consumista-manha-de-sabado\/","url_meta":{"origin":35535,"position":3},"title":"Uma consumista manh\u00e3 de s\u00e1bado","author":"Andr\u00e9 Pomponet","date":"12\/02\/2025","format":false,"excerpt":"S\u00e1bado foi dia agitado no centro da Feira de Santana. A Avenida Senhor dos Passos estava tomada de consumidores \u2013 havia at\u00e9 aglomera\u00e7\u00e3o na cal\u00e7ada em frente a uma loja de material escolar \u2013 e o ir-e-vir era trabalhoso, muita gente circulava com embrulhos e sacolas. Na Sales Barbosa, na\u2026","rel":"","context":"Em &quot;Colunistas&quot;","block_context":{"text":"Colunistas","link":"https:\/\/blogdafeira.com.br\/home\/categoria\/colunistas\/"},"img":{"alt_text":"","src":"https:\/\/i0.wp.com\/blogdafeira.com.br\/home\/wp-content\/uploads\/2025\/02\/20191015_130416_HDR2.jpg?resize=350%2C200&ssl=1","width":350,"height":200,"srcset":"https:\/\/i0.wp.com\/blogdafeira.com.br\/home\/wp-content\/uploads\/2025\/02\/20191015_130416_HDR2.jpg?resize=350%2C200&ssl=1 1x, https:\/\/i0.wp.com\/blogdafeira.com.br\/home\/wp-content\/uploads\/2025\/02\/20191015_130416_HDR2.jpg?resize=525%2C300&ssl=1 1.5x, https:\/\/i0.wp.com\/blogdafeira.com.br\/home\/wp-content\/uploads\/2025\/02\/20191015_130416_HDR2.jpg?resize=700%2C400&ssl=1 2x, https:\/\/i0.wp.com\/blogdafeira.com.br\/home\/wp-content\/uploads\/2025\/02\/20191015_130416_HDR2.jpg?resize=1050%2C600&ssl=1 3x, https:\/\/i0.wp.com\/blogdafeira.com.br\/home\/wp-content\/uploads\/2025\/02\/20191015_130416_HDR2.jpg?resize=1400%2C800&ssl=1 4x"},"classes":[]},{"id":50257,"url":"https:\/\/blogdafeira.com.br\/home\/2022\/01\/22\/beto-tourinho-substitui-angelo-almeida-na-presidencia-do-psb-de-feira\/","url_meta":{"origin":35535,"position":4},"title":"Beto Tourinho substitui \u00c2ngelo Almeida na presid\u00eancia do PSB de Feira","author":"Blog da Feira","date":"22\/01\/2022","format":false,"excerpt":"O ex-vereador Roberto (Beto) Tourinho \u00e9 o novo presidente da Executiva do Partido Socialista Brasileiro (PSB) em Feira de Santana. O congresso do partido foi realizado neste s\u00e1bado,22, e apenas uma chapa foi inscrita e eleita por aclama\u00e7\u00e3o. Foram definidos tamb\u00e9m os membros do Diret\u00f3rio Municipal, do Conselho de \u00c9tica\u2026","rel":"","context":"Em &quot;Home&quot;","block_context":{"text":"Home","link":"https:\/\/blogdafeira.com.br\/home\/categoria\/raiz\/"},"img":{"alt_text":"","src":"https:\/\/i0.wp.com\/blogdafeira.com.br\/home\/wp-content\/uploads\/2022\/01\/divulgacao-2.jpg?resize=350%2C200&ssl=1","width":350,"height":200,"srcset":"https:\/\/i0.wp.com\/blogdafeira.com.br\/home\/wp-content\/uploads\/2022\/01\/divulgacao-2.jpg?resize=350%2C200&ssl=1 1x, https:\/\/i0.wp.com\/blogdafeira.com.br\/home\/wp-content\/uploads\/2022\/01\/divulgacao-2.jpg?resize=525%2C300&ssl=1 1.5x, https:\/\/i0.wp.com\/blogdafeira.com.br\/home\/wp-content\/uploads\/2022\/01\/divulgacao-2.jpg?resize=700%2C400&ssl=1 2x, https:\/\/i0.wp.com\/blogdafeira.com.br\/home\/wp-content\/uploads\/2022\/01\/divulgacao-2.jpg?resize=1050%2C600&ssl=1 3x"},"classes":[]},{"id":36985,"url":"https:\/\/blogdafeira.com.br\/home\/2020\/04\/08\/mandetta-e-a-esquerda-maneta\/","url_meta":{"origin":35535,"position":5},"title":"Mandetta e a esquerda maneta","author":"Jolivaldo Freitas","date":"08\/04\/2020","format":false,"excerpt":"O Partido dos Trabalhadores est\u00e1 paralisado. O PCdoB idem. As lideran\u00e7as esquerdistas num v\u00e1cuum perp\u00e9tuum. Cad\u00ea Marina? Cad\u00ea Ciro? Lula ficou quieto. Cad\u00ea os partidos de centro. Mesmo ACM Neto que atua forte em Salvador, como presidente do DEM n\u00e3o se posicionou em nome do partido. At\u00e9 Rui Costa que\u2026","rel":"","context":"Em &quot;Colunistas&quot;","block_context":{"text":"Colunistas","link":"https:\/\/blogdafeira.com.br\/home\/categoria\/colunistas\/"},"img":{"alt_text":"","src":"https:\/\/i0.wp.com\/blogdafeira.com.br\/home\/wp-content\/uploads\/2020\/04\/coletiva_saude_mandetta_0406201692.jpg?resize=350%2C200&ssl=1","width":350,"height":200,"srcset":"https:\/\/i0.wp.com\/blogdafeira.com.br\/home\/wp-content\/uploads\/2020\/04\/coletiva_saude_mandetta_0406201692.jpg?resize=350%2C200&ssl=1 1x, https:\/\/i0.wp.com\/blogdafeira.com.br\/home\/wp-content\/uploads\/2020\/04\/coletiva_saude_mandetta_0406201692.jpg?resize=525%2C300&ssl=1 1.5x, https:\/\/i0.wp.com\/blogdafeira.com.br\/home\/wp-content\/uploads\/2020\/04\/coletiva_saude_mandetta_0406201692.jpg?resize=700%2C400&ssl=1 2x"},"classes":[]}],"_links":{"self":[{"href":"https:\/\/blogdafeira.com.br\/home\/wp-json\/wp\/v2\/posts\/35535","targetHints":{"allow":["GET"]}}],"collection":[{"href":"https:\/\/blogdafeira.com.br\/home\/wp-json\/wp\/v2\/posts"}],"about":[{"href":"https:\/\/blogdafeira.com.br\/home\/wp-json\/wp\/v2\/types\/post"}],"author":[{"embeddable":true,"href":"https:\/\/blogdafeira.com.br\/home\/wp-json\/wp\/v2\/users\/14"}],"replies":[{"embeddable":true,"href":"https:\/\/blogdafeira.com.br\/home\/wp-json\/wp\/v2\/comments?post=35535"}],"version-history":[{"count":2,"href":"https:\/\/blogdafeira.com.br\/home\/wp-json\/wp\/v2\/posts\/35535\/revisions"}],"predecessor-version":[{"id":35537,"href":"https:\/\/blogdafeira.com.br\/home\/wp-json\/wp\/v2\/posts\/35535\/revisions\/35537"}],"wp:featuredmedia":[{"embeddable":true,"href":"https:\/\/blogdafeira.com.br\/home\/wp-json\/wp\/v2\/media\/35545"}],"wp:attachment":[{"href":"https:\/\/blogdafeira.com.br\/home\/wp-json\/wp\/v2\/media?parent=35535"}],"wp:term":[{"taxonomy":"category","embeddable":true,"href":"https:\/\/blogdafeira.com.br\/home\/wp-json\/wp\/v2\/categories?post=35535"},{"taxonomy":"post_tag","embeddable":true,"href":"https:\/\/blogdafeira.com.br\/home\/wp-json\/wp\/v2\/tags?post=35535"}],"curies":[{"name":"wp","href":"https:\/\/api.w.org\/{rel}","templated":true}]}}